{"id":22,"date":"2011-01-23T16:43:04","date_gmt":"2011-01-23T16:43:04","guid":{"rendered":"http:\/\/localhost\/rs\/fr\/2011\/01\/23\/dialogue-entre-un-musulman-et-un-chretien\/"},"modified":"2011-01-23T16:43:04","modified_gmt":"2011-01-23T16:43:04","slug":"dialogue-entre-un-musulman-et-un-chretien","status":"publish","type":"post","link":"https:\/\/r-islam.com\/fr\/dialogue-entre-un-musulman-et-un-chretien\/","title":{"rendered":"Dialogue entre un musulman et un chr\u00e9tien"},"content":{"rendered":"<p style=\"TEXT-ALIGN: center\"><span style=\"font-size: medium;\"><span style=\"font-family: times new roman,times;\"><strong><span style=\"color: #ff0000;\"><span style=\"font-size: large;\">Extrait du livre<\/span><\/span><\/strong><\/span><\/span><\/p>\n<p style=\"TEXT-ALIGN: center\"><span style=\"font-size: medium;\"><span style=\"font-family: times new roman,times;\"><strong><span style=\"color: #ff0000;\"><span style=\"font-size: large;\">J\u00e9sus a-t-il \u00e9t\u00e9 crucifi\u00e9 ?\u00a0<\/span><\/span><\/strong><\/span><\/span><\/p>\n<p style=\"text-align: justify;\"><span style=\"font-size: medium;\"><span style=\"font-family: times new roman,times;\"><img loading=\"lazy\" decoding=\"async\" class=\" alignleft size-full wp-image-21\" src=\"http:\/\/localhost\/rs\/fr\/wp-content\/uploads\/sites\/5\/2011\/01\/dialogue.jpg\" border=\"0\" width=\"284\" height=\"387\" style=\"float: left; margin-left: 10px; margin-right: 10px;\" \/>\u00a0<\/span><\/span><span style=\"font-size: medium;\"><span style=\"font-family: times new roman,times;\">M : Le Saint Coran mentionne dans la sourate les femmes (verset 157) que J\u00e9sus n&rsquo;a pas \u00e9t\u00e9 crucifi\u00e9 :<\/span><\/span><\/p>\n<p style=\"text-align: justify;\"><span style=\"font-size: medium;\"><span style=\"font-family: times new roman,times;\">\u00ab Et \u00e0 cause de leur parole [celle des juifs] :Nous avons vraiment tu\u00e9 le Christ, J\u00e9sus, fils de Marie, le Messager de Dieu&#8230; Or, ils [les Juifs] ne l\u2019ont ni tu\u00e9, ni crucifi\u00e9&#8230;.\u00bb<\/span><\/span><\/p>\n<p style=\"text-align: justify;\"><span style=\"font-size: medium;\"><span style=\"font-family: times new roman,times;\">\u00a0<\/span><\/span><span style=\"font-size: medium;\"><span style=\"font-family: times new roman,times;\">\u00a0 Croyez-vous toujours qu&rsquo;il est mort sur la croix ?<\/span><\/span><\/p>\n<p style=\"text-align: justify;\"><span style=\"font-size: medium;\"><span style=\"font-family: times new roman,times;\">\u00a0<\/span><\/span><\/p>\n<p style=\"text-align: justify;\"><span style=\"font-size: medium;\"><span style=\"font-family: times new roman,times;\">C : Oui, il est d\u00e9c\u00e9d\u00e9 et ensuite il a \u00e9t\u00e9 ressuscit\u00e9.<\/span><\/span><\/p>\n<p style=\"text-align: justify;\"><span style=\"font-size: medium;\"><span style=\"font-family: times new roman,times;\">\u00a0<\/span><\/span><\/p>\n<p style=\"text-align: justify;\"><span style=\"font-size: medium;\"><span style=\"font-family: times new roman,times;\">M : Nous sommes tous d\u2019accord que personne n\u2019a vu le moment de sa r\u00e9surrection. Ils ont trouv\u00e9 le s\u00e9pulcre o\u00f9 on a d\u00e9pos\u00e9 J\u00e9sus vide et on en a conclu qu&rsquo;il f\u00fbt ressuscit\u00e9 parce que les disciples et d&rsquo;autres t\u00e9moins l&rsquo;ont vu en vie apr\u00e8s sa pr\u00e9tendue crucifixion. Ne pourrait-il pas \u00eatre possible qu&rsquo;il ne soit pas mort sur la croix, comme il est mentionn\u00e9 dans le Coran.<\/span><\/span><\/p>\n<p style=\"text-align: justify;\"><span style=\"font-size: medium;\"><span style=\"font-family: times new roman,times;\">\u00a0<\/span><\/span><\/p>\n<p style=\"text-align: justify;\"><span style=\"font-size: medium;\"><span style=\"font-family: times new roman,times;\">C : Comment pouvez-vous prouver cela ?<\/span><\/span><\/p>\n<p style=\"text-align: justify;\"><span style=\"font-size: medium;\"><span style=\"font-family: times new roman,times;\">\u00a0<\/span><\/span><\/p>\n<p style=\"text-align: justify;\"><span style=\"font-size: medium;\"><span style=\"font-family: times new roman,times;\">M : Regardons les passages dans la Bible qui soutiennent mes propos. Est-ce que vous attachez plus d&rsquo;importance \u00e0 ce qu&rsquo;a dit J\u00e9sus ou aux oui-dire des disciples, ap\u00f4tres et autres t\u00e9moins.<\/span><\/span><\/p>\n<p style=\"text-align: justify;\"><span style=\"font-size: medium;\"><span style=\"font-family: times new roman,times;\">\u00a0<\/span><\/span><\/p>\n<p style=\"text-align: justify;\"><span style=\"font-size: medium;\"><span style=\"font-family: times new roman,times;\">C : Aux paroles de J\u00e9sus bien entendu.<\/span><\/span><\/p>\n<p style=\"text-align: justify;\"><span style=\"font-size: medium;\"><span style=\"font-family: times new roman,times;\">\u00a0<\/span><\/span><\/p>\n<p style=\"text-align: justify;\"><span style=\"font-size: medium;\"><span style=\"font-family: times new roman,times;\">M : C&rsquo;est en concordance avec ce que dit J\u00e9sus (Matthieu, 10:24) :<\/span><\/span><\/p>\n<p style=\"text-align: justify;\"><span style=\"font-size: medium;\"><span style=\"font-family: times new roman,times;\">\u00abLe disciple n&rsquo;est pas plus que le ma\u00eetre, ni le serviteur plus que son seigneur.\u00bb<\/span><\/span><\/p>\n<p style=\"text-align: justify;\"><span style=\"font-size: medium;\"><span style=\"font-family: times new roman,times;\">\u00a0<\/span><\/span><\/p>\n<p style=\"text-align: justify;\"><span style=\"font-size: medium;\"><span style=\"font-family: times new roman,times;\">C : Mais J\u00e9sus lui-m\u00eame a dit qu\u2019il ressusciterait des morts (Luc, 24 :46) : \u00ab Et il leur dit : Ainsi il est \u00e9crit que le Christ souffrirait, et qu&rsquo;il ressusciterait des morts le troisi\u00e8me jour.\u00bb<\/span><\/span><\/p>\n<p style=\"text-align: justify;\"><span style=\"font-size: medium;\"><span style=\"font-family: times new roman,times;\">\u00a0<\/span><\/span><\/p>\n<p style=\"text-align: justify;\"><span style=\"font-size: medium;\"><span style=\"font-family: times new roman,times;\">M : Le terme souffrir est souvent exag\u00e9r\u00e9 dans la Bible et d\u00e9fini comme \u00abmort\u00bb comme Paul l&rsquo;a dit (1 Corinthiens, 15:31) : \u00ab Chaque jour je suis expos\u00e9 \u00e0 la mort \u00bb (c&rsquo;est \u00e0 dire je souffre chaque jour). Voici quelques preuves :<\/span><\/span><\/p>\n<p style=\"text-align: justify;\"><span style=\"font-size: medium;\"><span style=\"font-family: times new roman,times;\">\u00a0<\/span><\/span><span style=\"font-size: medium;\"><span style=\"font-family: times new roman,times;\">1. Sur la croix, J\u00e9sus implorait l&rsquo;aide de Dieu (Matthieu, 27:46): \u00abMon Dieu, mon Dieu, pourquoi m&rsquo;as-tu abandonn\u00e9?\u00bb et dans Luc,\u00bb (22:42): \u00ab Disant: P\u00e8re, si tu voulais \u00e9loigner de moi cette coupe! Toutefois, que ma volont\u00e9 ne se fasse pas, mais la tienne.\u00bb (Cette coupe est la coupe de la mort).<\/span><\/span><\/p>\n<p style=\"text-align: justify;\"><span style=\"font-size: medium;\"><span style=\"font-family: times new roman,times;\">\u00a0<\/span><\/span><span style=\"font-size: medium;\"><span style=\"font-family: times new roman,times;\">2. La pri\u00e8re de J\u00e9sus pour ne pas mourir sur la croix fut exauc\u00e9e par Dieu, selon Luc, H\u00e9breux et Jaques. Alors comment aurait-il pu mourir sur la croix? (Luc, 22:43) : \u00ab Alors un ange lui apparut du ciel pour le fortifier.\u00bb C\u2019est donc l&rsquo;Ange qui est venu pour lui assurer que Dieu ne le laisserait pas dans l&rsquo;abandon. H\u00e9breux (5:7) : \u00ab C&rsquo;est lui [J\u00e9sus] qui, dans les jours de sa chair, pr\u00e9senta \u00e0 grands cris et avec larmes, des pri\u00e8res et des supplications \u00e0 celui qui pouvait le sauver de la mort et qui fut exauc\u00e9 \u00e0 cause de sa pi\u00e9t\u00e9.\u00bb<\/span><\/span><\/p>\n<p style=\"text-align: justify;\"><span style=\"font-size: medium;\"><span style=\"font-family: times new roman,times;\">\u00a0<\/span><\/span><span style=\"font-size: medium;\"><span style=\"font-family: times new roman,times;\">\u00a0\u00a0\u00a0\u00a0\u00a0\u00a0\u00a0\u00a0\u00a0 Les pri\u00e8res de J\u00e9sus furent exauc\u00e9es, ce qui veut dire que Dieu y a r\u00e9pondu favorablement.<\/span><\/span><\/p>\n<p style=\"text-align: justify;\"><span style=\"font-size: medium;\"><span style=\"font-family: times new roman,times;\">\u00a0<\/span><\/span><span style=\"font-size: medium;\"><span style=\"font-family: times new roman,times;\">\u00a0\u00a0\u00a0\u00a0\u00a0\u00a0\u00a0\u00a0 Jaques (5:16): \u00ab&#8230;La pri\u00e8re fervente du juste a une grande efficacit\u00e9.\u00bb J\u00e9sus a dit (Matthieu, 7:7-10); \u00ab Demandez, et l&rsquo;on vous donnera; cherchez, et vous trouverez; frappez, et l&rsquo;on vous ouvrira. Car quiconque demande re\u00e7oit, celui qui cherche trouve, et l&rsquo;on ouvre \u00e0 celui qui frappe. Lequel de vous donnera une Pierre \u00e0 son fils, s&rsquo;il lui demande du pain? Ou, s&rsquo;il demande un poisson, lui donnera-t-il un serpent?.\u00bb Si toutes les pri\u00e8res de J\u00e9sus furent accept\u00e9es par Dieu, y compris Celle de ne pas mourir sur la croix. Alors comment aurait-il pu mourir sur la croix?<\/span><\/span><\/p>\n<p style=\"text-align: justify;\"><span style=\"font-size: medium;\"><span style=\"font-family: times new roman,times;\">\u00a0<\/span><\/span><span style=\"font-size: medium;\"><span style=\"font-family: times new roman,times;\">3. Ses jambes n&rsquo;ont pas \u00e9t\u00e9 bris\u00e9es par les soldats romains (Jean, 19:32-33) : \u00abLes soldats vinrent donc, et ils rompirent les jambes au premier, puis \u00e0 l&rsquo;autre qui avait \u00e9t\u00e9 crucifi\u00e9 avec lui. S&rsquo;\u00e9tant approch\u00e9s de J\u00e9sus, et le voyant d\u00e9j\u00e0 mort, ils ne lui rompirent pas les jambes.\u00bb Pouvez-vous vous fier \u00e0 ces soldats pour pouvoir prononcer la mort de J\u00e9sus ou voulaient-ils le sauver parce qu&rsquo;ils savaient qu&rsquo;il \u00e9tait innocent ?<\/span><\/span><\/p>\n<p style=\"text-align: justify;\"><span style=\"font-size: medium;\"><span style=\"font-family: times new roman,times;\">\u00a0<\/span><\/span><span style=\"font-size: medium;\"><span style=\"font-family: times new roman,times;\">4. Si J\u00e9sus est mort sur la croix, son sang aurait du coaguler et il ne devrait pas y avoir de sang jaillissant de son corps lorsqu&rsquo;on l&rsquo;avait perc\u00e9 le c\u00f4t\u00e9. Mais l&rsquo;\u00c9vangile mentionne du sang et de l&rsquo;eau sortir du c\u00f4t\u00e9: (Jean, 19:34): \u00abMais un des soldats lui per\u00e7a le c\u00f4t\u00e9 avec une lance, et aussit\u00f4t il sortit du sang et de l&rsquo;eau.\u00bb<\/span><\/span><\/p>\n<p style=\"text-align: justify;\"><span style=\"font-size: medium;\"><span style=\"font-family: times new roman,times;\">\u00a0<\/span><\/span><\/p>\n<p style=\"text-align: justify;\"><span style=\"font-size: medium;\"><span style=\"font-family: times new roman,times;\">5. Lorsque les pharisiens demand\u00e8rent \u00e0 J\u00e9sus un miracle de sa vrai mission, il r\u00e9pondit (Matthieu, 12:40): \u00ab Car, de m\u00eame que Jonas fut trois jours et trois nuits dans le ventre d&rsquo;un grand poisson, de m\u00eame le Fils de l&rsquo;homme sera trois jours et trois nuits dans le sein de la terre.\u00bb N\u00e9gligez maintenant le facteur du temps, qui n&rsquo;est d&rsquo;ailleurs pas trois jours et trois nuits mais un seul jour (samedi, en journ\u00e9e seulement) et deux nuits (la nuit du vendredi et celle du samedi).<\/span><\/span><\/p>\n<p style=\"text-align: justify;\"><span style=\"font-size: medium;\"><span style=\"font-family: times new roman,times;\">\u00a0<\/span><\/span><span style=\"font-size: medium;\"><span style=\"font-family: times new roman,times;\">\u00a0 Jonas, \u00e9tait-il vivant dans le ventre de la baleine ?<\/span><\/span><\/p>\n<p style=\"text-align: justify;\"><span style=\"font-size: medium;\"><span style=\"font-family: times new roman,times;\">\u00a0<\/span><\/span><span style=\"font-size: medium;\"><span style=\"font-family: times new roman,times;\">C : Oui.<\/span><\/span><\/p>\n<p style=\"text-align: justify;\"><span style=\"font-size: medium;\"><span style=\"font-family: times new roman,times;\">\u00a0<\/span><\/span><span style=\"font-size: medium;\"><span style=\"font-family: times new roman,times;\">M : Jonas, \u00e9tait-il encore vivant lorsque la baleine l\u2019avait vomi ?<\/span><\/span><\/p>\n<p style=\"text-align: justify;\"><span style=\"font-size: medium;\"><span style=\"font-family: times new roman,times;\">\u00a0<\/span><\/span><span style=\"font-size: medium;\"><span style=\"font-family: times new roman,times;\">C : Oui.<\/span><\/span><\/p>\n<p style=\"text-align: justify;\"><span style=\"font-size: medium;\"><span style=\"font-family: times new roman,times;\">\u00a0<\/span><\/span><span style=\"font-size: medium;\"><span style=\"font-family: times new roman,times;\">M : Alors J\u00e9sus \u00e9tait bien vivant comme il l&rsquo;avait, pr\u00e9dit.<\/span><\/span><\/p>\n<p style=\"text-align: justify;\"><span style=\"font-size: medium;\"><span style=\"font-family: times new roman,times;\">\u00a0<\/span><\/span><span style=\"font-size: medium;\"><span style=\"font-family: times new roman,times;\">6. J\u00e9sus a dit lui-m\u00eame qu&rsquo;il n&rsquo;est pas d\u00e9c\u00e9d\u00e9 sur la croix. Tr\u00e8s t\u00f4t dimanche matin. Marie de Magdala se rendit au s\u00e9pulcre qui \u00e9tait vide. Elle vit quelqu&rsquo;un debout qui ressemblait \u00e0 un jardinier. Apr\u00e8s avoir parl\u00e9 avec lui, elle se rendit compte que l&rsquo;homme en question \u00e9tait J\u00e9sus et voulut le toucher. J\u00e9sus dit (Jean, 20:17) \u00ab J\u00e9sus lui dit: Ne me touche pas car je ne suis pas encore mont\u00e9 vers mon P\u00e8re&#8230;.\u00bb \u00ab Ne me touche pas\u00bb, peut-\u00eatre parce que sa blessure lui faisait du mal. \u00ab Je ne suis pas encore mont\u00e9 vers mon P\u00e8re\u00bb veut dire qu&rsquo;il \u00e9tait toujours vivant, pas encore mort, car si quelqu&rsquo;un meurt, il retourne au Cr\u00e9ateur. Ceci est la preuve la plus forte admise\u00bb par J\u00e9sus lui-m\u00eame.<\/span><\/span><\/p>\n<p style=\"text-align: justify;\"><span style=\"font-size: medium;\"><span style=\"font-family: times new roman,times;\">\u00a0<\/span><\/span><span style=\"font-size: medium;\"><span style=\"font-family: times new roman,times;\">7. Apr\u00e8s la pr\u00e9tendue crucifixion, les disciples croyaient qu&rsquo;il ne s&rsquo;agissait pas du m\u00eame J\u00e9sus mais d&rsquo;un J\u00e9sus spiritualis\u00e9 parce que les corps ressuscit\u00e9s sont spiritualis\u00e9s.<\/span><\/span><\/p>\n<p style=\"text-align: justify;\"><span style=\"font-size: medium;\"><span style=\"font-family: times new roman,times;\">\u00a0<\/span><\/span><\/p>\n<p style=\"text-align: justify;\"><span style=\"font-size: medium;\"><span style=\"font-family: times new roman,times;\">C : Interruption. Comment pouvez-vous \u00eatre s\u00fbr que les corps ressuscit\u00e9s sont spiritualis\u00e9s ?<\/span><\/span><\/p>\n<p style=\"text-align: justify;\"><span style=\"font-size: medium;\"><span style=\"font-family: times new roman,times;\">\u00a0<\/span><\/span><span style=\"font-size: medium;\"><span style=\"font-family: times new roman,times;\">M : C&rsquo;est ce que dit J\u00e9sus lui-m\u00eame dans la Bible, il dit ils sont semblables aux Anges.<\/span><\/span><\/p>\n<p style=\"text-align: justify;\"><span style=\"font-size: medium;\"><span style=\"font-family: times new roman,times;\">\u00a0<\/span><\/span><span style=\"font-size: medium;\"><span style=\"font-family: times new roman,times;\">C : O\u00f9 dans la Bible ?<\/span><\/span><\/p>\n<p style=\"text-align: justify;\"><span style=\"font-size: medium;\"><span style=\"font-family: times new roman,times;\">\u00a0<\/span><\/span><span style=\"font-size: medium;\"><span style=\"font-family: times new roman,times;\">M : Dans Luc (20 :34-36) :<\/span><\/span><\/p>\n<p style=\"text-align: justify;\"><span style=\"font-size: medium;\"><span style=\"font-family: times new roman,times;\">\u00a0<\/span><\/span><span style=\"font-size: medium;\"><span style=\"font-family: times new roman,times;\">\u00a0 J\u00e9sus leur r\u00e9pondit : Les enfants de ce si\u00e8cle prennent des femmes et des maris; mais ceux qui seront trouv\u00e9s dignes d&rsquo;avoir part au si\u00e8cle \u00e0 venir et \u00e0 la r\u00e9surrection des morts ne prendront ni femmes ni maris. Car ils ne pourront plus mourir, parce qu&rsquo;ils seront semblables aux Anges, et qu&rsquo;ils seront fils de Dieu, \u00e9tant fils de la r\u00e9surrection.\u00bb<\/span><\/span><\/p>\n<p style=\"text-align: justify;\"><span style=\"font-size: medium;\"><span style=\"font-family: times new roman,times;\">\u00a0<\/span><\/span><span style=\"font-size: medium;\"><span style=\"font-family: times new roman,times;\">\u00a0\u00a0\u00a0\u00a0\u00a0\u00a0\u00a0\u00a0 Apr\u00e8s J\u00e9sus les a convaincus qu&rsquo;il \u00e9tait la m\u00eame personne en leur faisant toucher ses mains et ses pieds. Lorsqu&rsquo;ils ne le croyaient toujours pas, il leur a demand\u00e9 de la viande pour leur montrer qu&rsquo;il mangeait toujours comme tout \u00eatre humain. Lisez Luc (24:36-43)<\/span><\/span><\/p>\n<p style=\"text-align: justify;\"><span style=\"font-size: medium;\"><span style=\"font-family: times new roman,times;\">\u00ab Tandis qu&rsquo;ils [les disciples] parlaient de la sorte, lui-m\u00eame se pr\u00e9senta au milieu d&rsquo;eux, et leur dit : \u00ab La paix soit avec vous !\u00bb<\/span><\/span><\/p>\n<p style=\"text-align: justify;\"><span style=\"font-size: medium;\"><span style=\"font-family: times new roman,times;\">\u00a0<\/span><\/span><span style=\"font-size: medium;\"><span style=\"font-family: times new roman,times;\">\u00a0\u00a0\u00a0\u00a0\u00a0\u00a0\u00a0\u00a0 Saisis de frayeur et d&rsquo;\u00e9pouvante, ils croyaient voir un esprit. Mais il leur dit : \u00ab\u00a0Pourquoi \u00eates-vous troubl\u00e9s, et pourquoi pareilles pens\u00e9es s&rsquo;\u00e9l\u00e8vent-elles dans vos c\u0153urs ? Voyez mes mains et mes pieds, c&rsquo;est bien moi. Touchez-moi et voyez: un esprit n&rsquo;a ni chair ni os, comme vous voyez que j&rsquo;ai\u00a0\u00bb. Et en disant cela, il leur montra ses mains et ses pieds. Comme, dans leur joie, ils ne croyaient point encore et qu&rsquo;ils \u00e9taient dans l&rsquo;\u00e9tonnement, il leur dit : \u00ab\u00a0Avez-vous ici quelque chose \u00e0 manger ? Ils lui pr\u00e9sent\u00e8rent du poisson r\u00f4ti et un rayon de miel. Il en prit, et il mangea devant eux.\u00bb<\/span><\/span><\/p>\n<p style=\"text-align: justify;\"><span style=\"font-size: medium;\"><span style=\"font-family: times new roman,times;\">\u00a0<\/span><\/span><span style=\"font-size: medium;\"><span style=\"font-family: times new roman,times;\">8. Si vous croyez toujours qu&rsquo;il est mort sur la croix, alors il \u00e9tait un faux Proph\u00e8te et maudit par Dieu selon ces passages (Deut\u00e9ronome, 13:5) : \u00ab Ce Proph\u00e8te ou ce songeur sera puni de mort&#8230;\u00bb; Deut\u00e9ronome (21:22-23) : \u00abSi l&rsquo;on fait mourir un homme qui a commis un crime digne de mort, et que tu l&rsquo;aies pendu \u00e0 un bois, son cadavre ne passera point la nuit sur le bois; mais tu l&rsquo;enterreras le jour m\u00eame, car celui qui est pendu est un objet de mal\u00e9diction aupr\u00e8s de Dieu, et tu ne souilleras point le pays que l&rsquo;\u00c9ternel, ton Dieu, te donne pour h\u00e9ritage.\u00bb<\/span><\/span><\/p>\n<p style=\"text-align: justify;\"><span style=\"font-size: medium;\"><span style=\"font-family: times new roman,times;\">\u00a0<\/span><\/span><span style=\"font-size: medium;\"><span style=\"font-family: times new roman,times;\">\u00a0\u00a0\u00a0\u00a0\u00a0\u00a0\u00a0\u00a0 Croire \u00e0 sa mort sur la croix, c&rsquo;est le discr\u00e9diter en tant Proph\u00e8te. Les juifs ont pr\u00e9tendu avoir tu\u00e9 J\u00e9sus sur la croix et ils ont, en cons\u00e9quence, repr\u00e9sent\u00e9 son all\u00e9gation de Proph\u00e8te comme fausse.<\/span><\/span><\/p>\n<p style=\"text-align: justify;\"><span style=\"font-size: medium;\"><span style=\"font-family: times new roman,times;\">\u00a0<\/span><\/span><span style=\"font-size: medium;\"><span style=\"font-family: times new roman,times;\">\u00a0\u00a0\u00a0\u00a0\u00a0\u00a0\u00a0\u00a0 Les chr\u00e9tiens croient que la crucifixion est n\u00e9cessaire pour leur r\u00e9mission des p\u00e9ch\u00e9s et ils doivent, par cons\u00e9quent, aussi accepter la mal\u00e9diction de J\u00e9sus. Cette croyance chr\u00e9tienne s&rsquo;oppose \u00e0 l&rsquo;enseignement de la Bible dans Os\u00e9e (6:6) : \u00ab Car j&rsquo;aime la pi\u00e9t\u00e9 et non les sacrifices. Et la connaissance de Dieu plus que les holocaustes.\u00bb C&rsquo;est aussi en opposition avec ce qu\u2019\u00e0 enseign\u00e9 J\u00e9sus (Matthieu, 9:13): \u00abAllez, et apprenez ce que signifie: Je prends plaisir \u00e0 la mis\u00e9ricorde, et non aux sacrifices&#8230;.\u00bb A nouveau J\u00e9sus dit (Matthieu, 12:7) : \u00ab Si vous saviez ce que signifie: Je prends plaisir \u00e0 la mis\u00e9ricorde, et non aux sacrifices, vous n&rsquo;auriez pas condamn\u00e9 des innocents.\u00bb<\/span><\/span><\/p>\n<p style=\"text-align: justify;\"><span style=\"font-size: medium;\"><span style=\"font-family: times new roman,times;\">\u00a0<\/span><\/span><span style=\"font-size: medium;\"><span style=\"font-family: times new roman,times;\">C : Pourquoi est-ce que les gens croient alors \u00e0 la r\u00e9surrection ?<\/span><\/span><\/p>\n<p style=\"text-align: justify;\"><span style=\"font-size: medium;\"><span style=\"font-family: times new roman,times;\">\u00a0<\/span><\/span><span style=\"font-size: medium;\"><span style=\"font-family: times new roman,times;\">M : C&rsquo;est Paul qui a enseign\u00e9 la r\u00e9surrection (Actes, 8):<\/span><\/span><\/p>\n<p style=\"text-align: justify;\"><span style=\"font-size: medium;\"><span style=\"font-family: times new roman,times;\">&#8230;Et les uns [juifs] disaient: Que veut dire ce discoureur? D&rsquo;autres, l&rsquo;entendant [Paul] annoncer J\u00e9sus et la r\u00e9surrection, disaient : II semble qu&rsquo;il annonce des divinit\u00e9s \u00e9trang\u00e8res.\u00bb<\/span><\/span><\/p>\n<p style=\"text-align: justify;\"><span style=\"font-size: medium;\"><span style=\"font-family: times new roman,times;\">\u00a0<\/span><\/span><span style=\"font-size: medium;\"><span style=\"font-family: times new roman,times;\">\u00a0\u00a0\u00a0\u00a0\u00a0\u00a0\u00a0\u00a0 Paul, qui n&rsquo;a jamais vu J\u00e9sus a d&rsquo;ailleurs admit que la r\u00e9surrection \u00e9tait dans son \u00e9vangile (II Timoth\u00e9e, 2:8) :<\/span><\/span><\/p>\n<p style=\"text-align: justify;\"><span style=\"font-size: medium;\"><span style=\"font-family: times new roman,times;\">\u00ab Souviens-toi de J\u00e9sus-Christ, issu de la post\u00e9rit\u00e9 de David, ressuscit\u00e9 des morts, selon mon \u00c9vangile.\u00bb<\/span><\/span><\/p>\n<p style=\"text-align: justify;\"><span style=\"font-size: medium;\"><span style=\"font-family: times new roman,times;\">\u00a0<\/span><\/span><span style=\"font-size: medium;\"><span style=\"font-family: times new roman,times;\">\u00a0\u00a0\u00a0\u00a0\u00a0\u00a0\u00a0\u00a0 Il fut aussi le premier \u00e0 proclamer J\u00e9sus fils de Dieu (Actes, 9:20) :<\/span><\/span><\/p>\n<p style=\"text-align: justify;\"><span style=\"font-size: medium;\"><span style=\"font-family: times new roman,times;\">\u00ab Et aussit\u00f4t il pr\u00eacha dans les synagogues que J\u00e9sus est le Fils de Dieu.\u00bb<\/span><\/span><\/p>\n<p style=\"text-align: justify;\"><span style=\"font-size: medium;\"><span style=\"font-family: times new roman,times;\">\u00a0<\/span><\/span><span style=\"font-size: medium;\"><span style=\"font-family: times new roman,times;\">\u00a0\u00a0\u00a0\u00a0\u00a0\u00a0\u00a0\u00a0 Le christianisme n&rsquo;est donc pas l&rsquo;enseignement de J\u00e9sus mais celui de Paul.<\/span><\/span><\/p>\n<p style=\"text-align: justify;\"><span style=\"font-size: medium;\"><span style=\"font-family: times new roman,times;\">\u00a0<\/span><\/span><span style=\"font-size: medium;\"><span style=\"font-family: times new roman,times;\">C : Mais Marc (16:19) mentionne que J\u00e9sus fut enlev\u00e9 au ciel et qu&rsquo;il s&rsquo;assit \u00e0 la droite de Dieu: \u00abLe Seigneur, apr\u00e8s leur avoir parl\u00e9, il\u00a0 fut enlev\u00e9 au ciel, et s&rsquo;assit \u00e0 la droite de Dieu.\u00bb<\/span><\/span><\/p>\n<p style=\"text-align: justify;\"><span style=\"font-size: medium;\"><span style=\"font-family: times new roman,times;\">\u00a0<\/span><\/span><span style=\"font-size: medium;\"><span style=\"font-family: times new roman,times;\">M : Comme je vous l&rsquo;ai dit lors de la discussion sur la Sainte Bible, la partie Marc 16, versets 9-20, a \u00e9t\u00e9 supprim\u00e9 dans certaines bibles. Voir la note en bas de page dans La Version Standard R\u00e9vis\u00e9e (The Revised Standard Version), la Nouvelle Bible Standard Am\u00e9ricaine (The New American Standard Bible) et la Nouvelle Traduction Mondiale des Saintes \u00c9critures (The New World Translation of the Holy Scriptures).<\/span><\/span><\/p>\n<p style=\"text-align: justify;\"><span style=\"font-size: medium;\"><span style=\"font-family: times new roman,times;\">\u00a0<\/span><\/span><span style=\"font-size: medium;\"><span style=\"font-family: times new roman,times;\">\u00a0\u00a0\u00a0\u00a0\u00a0\u00a0\u00a0\u00a0 Si vous croyez toujours que J\u00e9sus est divin parce qu&rsquo;il fut enlev\u00e9 au ciel, alors pourquoi n&rsquo;acceptez-vous pas la divinit\u00e9 d&rsquo;autres Proph\u00e8tes qui furent aussi enlev\u00e9s au ciel ?<\/span><\/span><\/p>\n<p style=\"text-align: justify;\"><span style=\"font-size: medium;\"><span style=\"font-family: times new roman,times;\">\u00a0<\/span><\/span><span style=\"font-size: medium;\"><span style=\"font-family: times new roman,times;\">C : Qui sont-ils ?<\/span><\/span><\/p>\n<p style=\"text-align: justify;\"><span style=\"font-size: medium;\"><span style=\"font-family: times new roman,times;\">\u00a0<\/span><\/span><span style=\"font-size: medium;\"><span style=\"font-family: times new roman,times;\">M : Elie (II Rois, 2 :11-12) : \u00ab&#8230;et \u00c9lie monta au ciel dans un tourbillon. Elis\u00e9e regardait et criait&#8230; Et il ne le vit plus&#8230;.\u00bb H\u00e9noch aussi fut enlev\u00e9 au ciel par Dieu (Gen\u00e8se, 5:24) : \u00ab H\u00e9noch marcha avec Dieu; puis il ne fut plus, parce que Dieu le prit.\u00bb Ceci fut aussi r\u00e9p\u00e9t\u00e9 dans H\u00e9breux (11:5) : \u00ab C&rsquo;est par la foi qu&rsquo;Enoch fut enlev\u00e9 pour qu&rsquo;il ne v\u00eet point la mort, et qu&rsquo;il ne parut plus parce Dieu l&rsquo;avait enlev\u00e9; car, avant son enl\u00e8vement, il avait re\u00e7u le t\u00e9moignage qu&rsquo;il \u00e9tait agr\u00e9\u00e9 de Dieu.\u00bb<\/span><\/span><\/p>\n<div style=\"text-align: justify;\"><span style=\"font-size: medium;\"><span style=\"font-family: times new roman,times;\">Ecrit par : <\/span><\/span><a href=\"http:\/\/www.islamhouse.com\/ip\/202876\" title=\"-\"><span style=\"font-size: medium;\"><span style=\"font-family: times new roman,times;\">Hassan Mouhammed Ba Aqil<\/span><\/span><\/a><\/div>\n","protected":false},"excerpt":{"rendered":"<p>Extrait du livre J\u00e9sus a-t-il \u00e9t\u00e9 crucifi\u00e9 ?\u00a0 \u00a0M : Le Saint Coran mentionne dans la sourate les femmes (verset 157) que J\u00e9sus n&rsquo;a pas \u00e9t\u00e9 crucifi\u00e9 : \u00ab Et \u00e0 cause de leur parole [celle des juifs] :Nous avons vraiment tu\u00e9 le Christ, J\u00e9sus, fils de Marie, le Messager de Dieu&#8230; Or, ils [les &hellip;<\/p>\n","protected":false},"author":7,"featured_media":21,"comment_status":"open","ping_status":"open","sticky":false,"template":"","format":"standard","meta":{"_monsterinsights_skip_tracking":false,"_monsterinsights_sitenote_active":false,"_monsterinsights_sitenote_note":"","_monsterinsights_sitenote_category":0,"footnotes":""},"categories":[7],"tags":[],"class_list":["post-22","post","type-post","status-publish","format-standard","has-post-thumbnail","hentry","category-jesus"],"yoast_head":"<!-- This site is optimized with the Yoast SEO plugin v27.5 - https:\/\/yoast.com\/product\/yoast-seo-wordpress\/ -->\n<title>Dialogue entre un musulman et un chr\u00e9tien - L&#039;islam est la verit\u00e9<\/title>\n<meta name=\"robots\" content=\"index, follow, max-snippet:-1, max-image-preview:large, max-video-preview:-1\" \/>\n<link rel=\"canonical\" href=\"https:\/\/r-islam.com\/fr\/dialogue-entre-un-musulman-et-un-chretien\/\" \/>\n<meta property=\"og:locale\" content=\"fr_FR\" \/>\n<meta property=\"og:type\" content=\"article\" \/>\n<meta property=\"og:title\" content=\"Dialogue entre un musulman et un chr\u00e9tien - L&#039;islam est la verit\u00e9\" \/>\n<meta property=\"og:description\" content=\"Extrait du livre J\u00e9sus a-t-il \u00e9t\u00e9 crucifi\u00e9 ?\u00a0 \u00a0M : Le Saint Coran mentionne dans la sourate les femmes (verset 157) que J\u00e9sus n&rsquo;a pas \u00e9t\u00e9 crucifi\u00e9 : \u00ab Et \u00e0 cause de leur parole [celle des juifs] :Nous avons vraiment tu\u00e9 le Christ, J\u00e9sus, fils de Marie, le Messager de Dieu&#8230; Or, ils [les &hellip;\" \/>\n<meta property=\"og:url\" content=\"https:\/\/r-islam.com\/fr\/dialogue-entre-un-musulman-et-un-chretien\/\" \/>\n<meta property=\"og:site_name\" content=\"L&#039;islam est la verit\u00e9\" \/>\n<meta property=\"article:published_time\" content=\"2011-01-23T16:43:04+00:00\" \/>\n<meta property=\"og:image\" content=\"https:\/\/r-islam.com\/fr\/wp-content\/uploads\/sites\/5\/2011\/01\/dialogue.jpg\" \/>\n\t<meta property=\"og:image:width\" content=\"400\" \/>\n\t<meta property=\"og:image:height\" content=\"549\" \/>\n\t<meta property=\"og:image:type\" content=\"image\/jpeg\" \/>\n<meta name=\"author\" content=\"Ahmed Abdallah\" \/>\n<meta name=\"twitter:card\" content=\"summary_large_image\" \/>\n<meta name=\"twitter:label1\" content=\"\u00c9crit par\" \/>\n\t<meta name=\"twitter:data1\" content=\"Ahmed Abdallah\" \/>\n\t<meta name=\"twitter:label2\" content=\"Dur\u00e9e de lecture estim\u00e9e\" \/>\n\t<meta name=\"twitter:data2\" content=\"10 minutes\" \/>\n<script type=\"application\/ld+json\" class=\"yoast-schema-graph\">{\"@context\":\"https:\\\/\\\/schema.org\",\"@graph\":[{\"@type\":\"Article\",\"@id\":\"https:\\\/\\\/r-islam.com\\\/fr\\\/dialogue-entre-un-musulman-et-un-chretien\\\/#article\",\"isPartOf\":{\"@id\":\"https:\\\/\\\/r-islam.com\\\/fr\\\/dialogue-entre-un-musulman-et-un-chretien\\\/\"},\"author\":{\"name\":\"Ahmed Abdallah\",\"@id\":\"https:\\\/\\\/r-islam.com\\\/fr\\\/#\\\/schema\\\/person\\\/50843a866a13df1a858ff77dda9b0e24\"},\"headline\":\"Dialogue entre un musulman et un chr\u00e9tien\",\"datePublished\":\"2011-01-23T16:43:04+00:00\",\"mainEntityOfPage\":{\"@id\":\"https:\\\/\\\/r-islam.com\\\/fr\\\/dialogue-entre-un-musulman-et-un-chretien\\\/\"},\"wordCount\":1964,\"commentCount\":0,\"image\":{\"@id\":\"https:\\\/\\\/r-islam.com\\\/fr\\\/dialogue-entre-un-musulman-et-un-chretien\\\/#primaryimage\"},\"thumbnailUrl\":\"https:\\\/\\\/r-islam.com\\\/fr\\\/wp-content\\\/uploads\\\/sites\\\/5\\\/2011\\\/01\\\/dialogue.jpg\",\"articleSection\":[\"Christ\"],\"inLanguage\":\"fr-FR\",\"potentialAction\":[{\"@type\":\"CommentAction\",\"name\":\"Comment\",\"target\":[\"https:\\\/\\\/r-islam.com\\\/fr\\\/dialogue-entre-un-musulman-et-un-chretien\\\/#respond\"]}]},{\"@type\":\"WebPage\",\"@id\":\"https:\\\/\\\/r-islam.com\\\/fr\\\/dialogue-entre-un-musulman-et-un-chretien\\\/\",\"url\":\"https:\\\/\\\/r-islam.com\\\/fr\\\/dialogue-entre-un-musulman-et-un-chretien\\\/\",\"name\":\"Dialogue entre un musulman et un chr\u00e9tien - L'islam est la verit\u00e9\",\"isPartOf\":{\"@id\":\"https:\\\/\\\/r-islam.com\\\/fr\\\/#website\"},\"primaryImageOfPage\":{\"@id\":\"https:\\\/\\\/r-islam.com\\\/fr\\\/dialogue-entre-un-musulman-et-un-chretien\\\/#primaryimage\"},\"image\":{\"@id\":\"https:\\\/\\\/r-islam.com\\\/fr\\\/dialogue-entre-un-musulman-et-un-chretien\\\/#primaryimage\"},\"thumbnailUrl\":\"https:\\\/\\\/r-islam.com\\\/fr\\\/wp-content\\\/uploads\\\/sites\\\/5\\\/2011\\\/01\\\/dialogue.jpg\",\"datePublished\":\"2011-01-23T16:43:04+00:00\",\"author\":{\"@id\":\"https:\\\/\\\/r-islam.com\\\/fr\\\/#\\\/schema\\\/person\\\/50843a866a13df1a858ff77dda9b0e24\"},\"breadcrumb\":{\"@id\":\"https:\\\/\\\/r-islam.com\\\/fr\\\/dialogue-entre-un-musulman-et-un-chretien\\\/#breadcrumb\"},\"inLanguage\":\"fr-FR\",\"potentialAction\":[{\"@type\":\"ReadAction\",\"target\":[\"https:\\\/\\\/r-islam.com\\\/fr\\\/dialogue-entre-un-musulman-et-un-chretien\\\/\"]}]},{\"@type\":\"ImageObject\",\"inLanguage\":\"fr-FR\",\"@id\":\"https:\\\/\\\/r-islam.com\\\/fr\\\/dialogue-entre-un-musulman-et-un-chretien\\\/#primaryimage\",\"url\":\"https:\\\/\\\/r-islam.com\\\/fr\\\/wp-content\\\/uploads\\\/sites\\\/5\\\/2011\\\/01\\\/dialogue.jpg\",\"contentUrl\":\"https:\\\/\\\/r-islam.com\\\/fr\\\/wp-content\\\/uploads\\\/sites\\\/5\\\/2011\\\/01\\\/dialogue.jpg\",\"width\":400,\"height\":549},{\"@type\":\"BreadcrumbList\",\"@id\":\"https:\\\/\\\/r-islam.com\\\/fr\\\/dialogue-entre-un-musulman-et-un-chretien\\\/#breadcrumb\",\"itemListElement\":[{\"@type\":\"ListItem\",\"position\":1,\"name\":\"Home\",\"item\":\"https:\\\/\\\/r-islam.com\\\/fr\\\/\"},{\"@type\":\"ListItem\",\"position\":2,\"name\":\"Dialogue entre un musulman et un chr\u00e9tien\"}]},{\"@type\":\"WebSite\",\"@id\":\"https:\\\/\\\/r-islam.com\\\/fr\\\/#website\",\"url\":\"https:\\\/\\\/r-islam.com\\\/fr\\\/\",\"name\":\"L'islam est la verit\u00e9\",\"description\":\"\",\"potentialAction\":[{\"@type\":\"SearchAction\",\"target\":{\"@type\":\"EntryPoint\",\"urlTemplate\":\"https:\\\/\\\/r-islam.com\\\/fr\\\/?s={search_term_string}\"},\"query-input\":{\"@type\":\"PropertyValueSpecification\",\"valueRequired\":true,\"valueName\":\"search_term_string\"}}],\"inLanguage\":\"fr-FR\"},{\"@type\":\"Person\",\"@id\":\"https:\\\/\\\/r-islam.com\\\/fr\\\/#\\\/schema\\\/person\\\/50843a866a13df1a858ff77dda9b0e24\",\"name\":\"Ahmed Abdallah\",\"url\":\"https:\\\/\\\/r-islam.com\\\/fr\\\/author\\\/ahmed-abdallah\\\/\"}]}<\/script>\n<!-- \/ Yoast SEO plugin. -->","yoast_head_json":{"title":"Dialogue entre un musulman et un chr\u00e9tien - L'islam est la verit\u00e9","robots":{"index":"index","follow":"follow","max-snippet":"max-snippet:-1","max-image-preview":"max-image-preview:large","max-video-preview":"max-video-preview:-1"},"canonical":"https:\/\/r-islam.com\/fr\/dialogue-entre-un-musulman-et-un-chretien\/","og_locale":"fr_FR","og_type":"article","og_title":"Dialogue entre un musulman et un chr\u00e9tien - L'islam est la verit\u00e9","og_description":"Extrait du livre J\u00e9sus a-t-il \u00e9t\u00e9 crucifi\u00e9 ?\u00a0 \u00a0M : Le Saint Coran mentionne dans la sourate les femmes (verset 157) que J\u00e9sus n&rsquo;a pas \u00e9t\u00e9 crucifi\u00e9 : \u00ab Et \u00e0 cause de leur parole [celle des juifs] :Nous avons vraiment tu\u00e9 le Christ, J\u00e9sus, fils de Marie, le Messager de Dieu&#8230; Or, ils [les &hellip;","og_url":"https:\/\/r-islam.com\/fr\/dialogue-entre-un-musulman-et-un-chretien\/","og_site_name":"L'islam est la verit\u00e9","article_published_time":"2011-01-23T16:43:04+00:00","og_image":[{"width":400,"height":549,"url":"https:\/\/r-islam.com\/fr\/wp-content\/uploads\/sites\/5\/2011\/01\/dialogue.jpg","type":"image\/jpeg"}],"author":"Ahmed Abdallah","twitter_card":"summary_large_image","twitter_misc":{"\u00c9crit par":"Ahmed Abdallah","Dur\u00e9e de lecture estim\u00e9e":"10 minutes"},"schema":{"@context":"https:\/\/schema.org","@graph":[{"@type":"Article","@id":"https:\/\/r-islam.com\/fr\/dialogue-entre-un-musulman-et-un-chretien\/#article","isPartOf":{"@id":"https:\/\/r-islam.com\/fr\/dialogue-entre-un-musulman-et-un-chretien\/"},"author":{"name":"Ahmed Abdallah","@id":"https:\/\/r-islam.com\/fr\/#\/schema\/person\/50843a866a13df1a858ff77dda9b0e24"},"headline":"Dialogue entre un musulman et un chr\u00e9tien","datePublished":"2011-01-23T16:43:04+00:00","mainEntityOfPage":{"@id":"https:\/\/r-islam.com\/fr\/dialogue-entre-un-musulman-et-un-chretien\/"},"wordCount":1964,"commentCount":0,"image":{"@id":"https:\/\/r-islam.com\/fr\/dialogue-entre-un-musulman-et-un-chretien\/#primaryimage"},"thumbnailUrl":"https:\/\/r-islam.com\/fr\/wp-content\/uploads\/sites\/5\/2011\/01\/dialogue.jpg","articleSection":["Christ"],"inLanguage":"fr-FR","potentialAction":[{"@type":"CommentAction","name":"Comment","target":["https:\/\/r-islam.com\/fr\/dialogue-entre-un-musulman-et-un-chretien\/#respond"]}]},{"@type":"WebPage","@id":"https:\/\/r-islam.com\/fr\/dialogue-entre-un-musulman-et-un-chretien\/","url":"https:\/\/r-islam.com\/fr\/dialogue-entre-un-musulman-et-un-chretien\/","name":"Dialogue entre un musulman et un chr\u00e9tien - L'islam est la verit\u00e9","isPartOf":{"@id":"https:\/\/r-islam.com\/fr\/#website"},"primaryImageOfPage":{"@id":"https:\/\/r-islam.com\/fr\/dialogue-entre-un-musulman-et-un-chretien\/#primaryimage"},"image":{"@id":"https:\/\/r-islam.com\/fr\/dialogue-entre-un-musulman-et-un-chretien\/#primaryimage"},"thumbnailUrl":"https:\/\/r-islam.com\/fr\/wp-content\/uploads\/sites\/5\/2011\/01\/dialogue.jpg","datePublished":"2011-01-23T16:43:04+00:00","author":{"@id":"https:\/\/r-islam.com\/fr\/#\/schema\/person\/50843a866a13df1a858ff77dda9b0e24"},"breadcrumb":{"@id":"https:\/\/r-islam.com\/fr\/dialogue-entre-un-musulman-et-un-chretien\/#breadcrumb"},"inLanguage":"fr-FR","potentialAction":[{"@type":"ReadAction","target":["https:\/\/r-islam.com\/fr\/dialogue-entre-un-musulman-et-un-chretien\/"]}]},{"@type":"ImageObject","inLanguage":"fr-FR","@id":"https:\/\/r-islam.com\/fr\/dialogue-entre-un-musulman-et-un-chretien\/#primaryimage","url":"https:\/\/r-islam.com\/fr\/wp-content\/uploads\/sites\/5\/2011\/01\/dialogue.jpg","contentUrl":"https:\/\/r-islam.com\/fr\/wp-content\/uploads\/sites\/5\/2011\/01\/dialogue.jpg","width":400,"height":549},{"@type":"BreadcrumbList","@id":"https:\/\/r-islam.com\/fr\/dialogue-entre-un-musulman-et-un-chretien\/#breadcrumb","itemListElement":[{"@type":"ListItem","position":1,"name":"Home","item":"https:\/\/r-islam.com\/fr\/"},{"@type":"ListItem","position":2,"name":"Dialogue entre un musulman et un chr\u00e9tien"}]},{"@type":"WebSite","@id":"https:\/\/r-islam.com\/fr\/#website","url":"https:\/\/r-islam.com\/fr\/","name":"L'islam est la verit\u00e9","description":"","potentialAction":[{"@type":"SearchAction","target":{"@type":"EntryPoint","urlTemplate":"https:\/\/r-islam.com\/fr\/?s={search_term_string}"},"query-input":{"@type":"PropertyValueSpecification","valueRequired":true,"valueName":"search_term_string"}}],"inLanguage":"fr-FR"},{"@type":"Person","@id":"https:\/\/r-islam.com\/fr\/#\/schema\/person\/50843a866a13df1a858ff77dda9b0e24","name":"Ahmed Abdallah","url":"https:\/\/r-islam.com\/fr\/author\/ahmed-abdallah\/"}]}},"_links":{"self":[{"href":"https:\/\/r-islam.com\/fr\/wp-json\/wp\/v2\/posts\/22","targetHints":{"allow":["GET"]}}],"collection":[{"href":"https:\/\/r-islam.com\/fr\/wp-json\/wp\/v2\/posts"}],"about":[{"href":"https:\/\/r-islam.com\/fr\/wp-json\/wp\/v2\/types\/post"}],"author":[{"embeddable":true,"href":"https:\/\/r-islam.com\/fr\/wp-json\/wp\/v2\/users\/7"}],"replies":[{"embeddable":true,"href":"https:\/\/r-islam.com\/fr\/wp-json\/wp\/v2\/comments?post=22"}],"version-history":[{"count":0,"href":"https:\/\/r-islam.com\/fr\/wp-json\/wp\/v2\/posts\/22\/revisions"}],"wp:featuredmedia":[{"embeddable":true,"href":"https:\/\/r-islam.com\/fr\/wp-json\/wp\/v2\/media\/21"}],"wp:attachment":[{"href":"https:\/\/r-islam.com\/fr\/wp-json\/wp\/v2\/media?parent=22"}],"wp:term":[{"taxonomy":"category","embeddable":true,"href":"https:\/\/r-islam.com\/fr\/wp-json\/wp\/v2\/categories?post=22"},{"taxonomy":"post_tag","embeddable":true,"href":"https:\/\/r-islam.com\/fr\/wp-json\/wp\/v2\/tags?post=22"}],"curies":[{"name":"wp","href":"https:\/\/api.w.org\/{rel}","templated":true}]}}