{"id":92,"date":"2012-01-16T14:48:09","date_gmt":"2012-01-16T14:48:09","guid":{"rendered":"http:\/\/localhost\/rs\/fr\/2012\/01\/16\/les-conversions-a-lislam-en-france\/"},"modified":"2012-01-16T14:48:09","modified_gmt":"2012-01-16T14:48:09","slug":"les-conversions-a-lislam-en-france","status":"publish","type":"post","link":"https:\/\/r-islam.com\/fr\/les-conversions-a-lislam-en-france\/","title":{"rendered":"Les conversions \u00e0 l\u2019islam en France"},"content":{"rendered":"<p align=\"center\"><strong><span style=\"font-family: times new roman,times;\"><span style=\"font-size: large;\"><img loading=\"lazy\" decoding=\"async\" class=\" size-full wp-image-91\" src=\"http:\/\/localhost\/rs\/fr\/wp-content\/uploads\/sites\/5\/2012\/01\/images2358.png\" border=\"0\" width=\"425\" height=\"283\" srcset=\"https:\/\/r-islam.com\/fr\/wp-content\/uploads\/sites\/5\/2012\/01\/images2358.png 425w, https:\/\/r-islam.com\/fr\/wp-content\/uploads\/sites\/5\/2012\/01\/images2358-300x200.png 300w\" sizes=\"auto, (max-width: 425px) 100vw, 425px\" \/><br \/><\/span><\/span><\/strong><\/p>\n<p><strong><span style=\"font-family: times new roman,times;\"><span style=\"font-size: large;\"> <\/span><\/span><\/strong><\/p>\n<p><strong><span style=\"font-family: times new roman,times;\"><span style=\"font-size: large;\"> <\/span><\/span><\/strong><\/p>\n<p><strong><span style=\"font-family: times new roman,times;\"><span style=\"font-size: large;\"> <\/span><\/span><\/strong><\/p>\n<p><strong><span style=\"font-family: times new roman,times;\"><span style=\"font-size: large;\">Le ph\u00e9nom\u00e8ne toucherait 3 600 personnes par an en France. \u00c0 c\u00f4t\u00e9 d\u2019une s\u00e9duction intellectuelle et spirituelle, c\u2019est dans les banlieues que ces conversions sont les plus fr\u00e9quentes. A lire, et \u00e0 m\u00e9diter,<\/span><\/span><\/strong><\/p>\n<p><strong><span style=\"font-family: times new roman,times;\"><span style=\"font-size: large;\"> <\/span><\/span><\/strong><\/p>\n<p><strong><span style=\"font-family: times new roman,times;\"><span style=\"font-size: large;\">Jean Gouraud a embrass\u00e9 l\u2019islam il y a huit ans. Il avait 18 ans. \u00ab J\u2019\u00e9tais de culture catholique, mais j\u2019avais arr\u00eat\u00e9 de pratiquer\u00a0\u00bb, raconte ce jeune homme de la r\u00e9gion parisienne, \u00e2g\u00e9 aujourd\u2019hui de 26 ans. Arr\u00eat de la pratique catholique, mais poursuite de la qu\u00eate spirituelle avec \u00ab beaucoup d\u2019amis musulmans que je fr\u00e9quentais\u00a0\u00bb, explique-t-il.<\/span><\/span><\/strong><\/p>\n<p><strong><span style=\"font-family: times new roman,times;\"><span style=\"font-size: large;\"> <\/span><\/span><\/strong><\/p>\n<p><strong><span style=\"font-family: times new roman,times;\"><span style=\"font-size: large;\">Une premi\u00e8re approche de l\u2019islam, prolong\u00e9e et nourrie par des lectures et de rencontres avec des musulmans\u2026 convertis de la premi\u00e8re g\u00e9n\u00e9ration, il y a une vingtaine d\u2019ann\u00e9es. \u00ab C\u2019est avec eux que j\u2019ai pu avancer\u00a0\u00bb, explique-t-il. Et embrasser d\u00e9finitivement l\u2019islam, en pronon\u00e7ant la chahada, la profession de foi islamique tir\u00e9e du Coran : \u00ab J\u2019atteste qu\u2019il n\u2019y a pas d\u2019autre divinit\u00e9 que Dieu et que Mohammed est Son Envoy\u00e9. \u00bb<\/span><\/span><\/strong><\/p>\n<p><strong><span style=\"font-family: times new roman,times;\"><span style=\"font-size: large;\"> <\/span><\/span><\/strong><\/p>\n<p><strong><span style=\"font-family: times new roman,times;\"><span style=\"font-size: large;\">Comme Jean il y a huit ans, pr\u00e9nomm\u00e9 d\u00e9sormais Abd Al Wadoud, ils seraient aujourd\u2019hui une dizaine par jour \u00e0 se convertir \u00e0 l\u2019islam en France, \u00ab\u00a0selon les remont\u00e9es que nous font les responsables associatifs musulmans\u00a0\u00bb, signale Didier Leschi, chef du bureau des cultes au minist\u00e8re de l\u2019Int\u00e9rieur. Soit 3 600 convertis par an environ.<\/span><\/span><\/strong><\/p>\n<p><strong><span style=\"font-family: times new roman,times;\"><span style=\"font-size: large;\"> <\/span><\/span><\/strong><\/p>\n<p><strong><span style=\"font-family: times new roman,times;\"><span style=\"font-size: large;\"> <\/span><\/span><\/strong><\/p>\n<p><strong><span style=\"font-family: times new roman,times;\"><span style=\"font-size: large;\"> <\/span><\/span><\/strong><\/p>\n<p align=\"center\"><span style=\"color: #3366ff;\"><strong><span style=\"font-family: times new roman,times;\"><span style=\"font-size: large;\">Entre 30 000 et 70 000 convertis \u00e0 l\u2019islam en France<\/span><\/span><\/strong><\/span><\/p>\n<p><strong><span style=\"font-family: times new roman,times;\"><span style=\"font-size: large;\"> <\/span><\/span><\/strong><\/p>\n<p><strong><span style=\"font-family: times new roman,times;\"><span style=\"font-size: large;\">Combien sont-ils aujourd\u2019hui en estimation cumul\u00e9e\u00a0? Difficile \u00e0 dire, mais des chiffres circulent. \u00c9valuation basse\u00a0: 30 000. Haute\u00a0: 70 000. \u00ab\u00a0Il y a toujours eu des conversions \u00e0 l\u2019islam, \u00bb rappelle Didier Leschi.<\/span><\/span><\/strong><\/p>\n<p><strong><span style=\"font-family: times new roman,times;\"><span style=\"font-size: large;\"> <\/span><\/span><\/strong><\/p>\n<p><strong><span style=\"font-family: times new roman,times;\"><span style=\"font-size: large;\">Il y a vingt ans, en effet, la grosse majorit\u00e9 des convertis fran\u00e7ais issus de la culture jud\u00e9o-chr\u00e9tienne passaient par le soufisme, au terme d\u2019une qu\u00eate spirituelle dans le sillage notamment d\u2019un Ren\u00e9 Gu\u00e9non, qui a jou\u00e9 un r\u00f4le spirituel tr\u00e8s important dans les conversions \u00e0 l\u2019islam apr\u00e8s-guerre.<\/span><\/span><\/strong><\/p>\n<p><strong><span style=\"font-family: times new roman,times;\"><span style=\"font-size: large;\"> <\/span><\/span><\/strong><\/p>\n<p><strong><span style=\"font-family: times new roman,times;\"><span style=\"font-size: large;\">Aujourd\u2019hui, les convertis d\u00e9couvrent de plus en plus l\u2019islam dans le cadre d\u2019une proximit\u00e9 v\u00e9cue avec celui des banlieues. Et, contrairement \u00e0 Jean \u00ab Abd Al Wadoud \u00bb Gouraud, plut\u00f4t dans la lign\u00e9e des convertis de la premi\u00e8re g\u00e9n\u00e9ration, un nombre croissant optent pour un islam de Ahlou sounna wal jamaa.<\/span><\/span><\/strong><\/p>\n<p><strong><span style=\"font-family: times new roman,times;\"><span style=\"font-size: large;\"> <\/span><\/span><\/strong><\/p>\n<p><strong><span style=\"font-family: times new roman,times;\"><span style=\"font-size: large;\"> <\/span><\/span><\/strong><\/p>\n<p><strong><span style=\"font-family: times new roman,times;\"><span style=\"font-size: large;\"> <\/span><\/span><\/strong><\/p>\n<p align=\"center\"><span style=\"color: #3366ff;\"><strong><span style=\"font-family: times new roman,times;\"><span style=\"font-size: large;\">Conversion de proximit\u00e9<\/span><\/span><\/strong><\/span><\/p>\n<p><strong><span style=\"font-family: times new roman,times;\"><span style=\"font-size: large;\"> <\/span><\/span><\/strong><\/p>\n<p><strong><span style=\"font-family: times new roman,times;\"><span style=\"font-size: large;\">La conversion de proximit\u00e9\u00a0: un ph\u00e9nom\u00e8ne d\u00e9j\u00e0 d\u00e9crit par la sociologue Fatiha Ajbli, membre de l\u2019Union des organisations islamiques de France (UOIF), auteur d\u2019un m\u00e9moire de DEA sur la conversion dans le Nord, d\u00e9partement o\u00f9 certains jeunes non musulmans c\u00f4toient l\u2019islam au quotidien \u00e0 l\u2019\u00e9cole.<\/span><\/span><\/strong><\/p>\n<p><strong><span style=\"font-family: times new roman,times;\"><span style=\"font-size: large;\"> <\/span><\/span><\/strong><\/p>\n<p><strong><span style=\"font-family: times new roman,times;\"><span style=\"font-size: large;\">Un ph\u00e9nom\u00e8ne que constate aussi \u00c9ric \u00ab\u00a0Youn\u00e8s\u00a0\u00bb Geoffroy, islamologue \u00e0 l\u2019universit\u00e9 Marc-Bloch de Strasbourg. Lui s\u2019est converti en 1984 via le soufisme (que nous regrettons\u00a0! NdR), apr\u00e8s une qu\u00eate spirituelle \u00ab\u00a0de longue haleine \u00bb le faisant passer par le catholicisme \u2013 sa religion d\u2019origine \u2013, la pratique zen, le bouddhisme, le christianisme orthodoxe, puis l\u2019islam.<\/span><\/span><\/strong><\/p>\n<p><strong><span style=\"font-family: times new roman,times;\"><span style=\"font-size: large;\"> <\/span><\/span><\/strong><\/p>\n<p><strong><span style=\"font-family: times new roman,times;\"><span style=\"font-size: large;\">\u00ab Jusqu\u2019\u00e0 il y a une quinzaine d\u2019ann\u00e9es, la plupart des conversions \u00e9taient comparables \u00e0 la mienne et passaient par un int\u00e9r\u00eat spirituel, explique l\u2019universitaire alsacien. Ce qui est nouveau, ce sont les conversions de proximit\u00e9, dans les cit\u00e9s, o\u00f9 des jeunes Europ\u00e9ens, pas toujours \u201cfran\u00e7ais\u201d d\u2019origine, c\u00f4toient des musulmans. Ce sont des conversions plus simples que la mienne. \u00bb<\/span><\/span><\/strong><\/p>\n<p><strong><span style=\"font-family: times new roman,times;\"><span style=\"font-size: large;\"> <\/span><\/span><\/strong><\/p>\n<p><strong><span style=\"font-family: times new roman,times;\"><span style=\"font-size: large;\">Lo\u00efc Le Pape, doctorant \u00e0 l\u2019\u00c9cole des hautes \u00e9tudes en sciences sociales de Marseille, a \u00e9tudi\u00e9 certains cas de conversions \u00e0 l\u2019islam, sur les secteurs de Strasbourg et Marseille.<\/span><\/span><\/strong><\/p>\n<p><strong><span style=\"font-family: times new roman,times;\"><span style=\"font-size: large;\"> <\/span><\/span><\/strong><\/p>\n<p><strong><span style=\"font-family: times new roman,times;\"><span style=\"font-size: large;\">Il distingue pour sa part trois types de convertis aujourd&rsquo;hui\u00a0: \u00ab\u00a0Un tiers sont des convertis mystiques \u00e0 l\u2019issue d\u2019une qu\u00eate spirituelle, un tiers le sont par proximit\u00e9 avec des musulmans, notamment dans les banlieues, et un autre tiers sont des convertis par le mariage avec un conjoint musulman\u00a0\u00bb, constate-t-il. Car m\u00eame si un musulman peut se marier avec une adepte d\u2019une autre religion monoth\u00e9iste, une musulmane doit \u00e9pouser un coreligionnaire.<\/span><\/span><\/strong><\/p>\n<p><strong><span style=\"font-family: times new roman,times;\"><span style=\"font-size: large;\"> <\/span><\/span><\/strong><\/p>\n<p><strong><span style=\"font-family: times new roman,times;\"><span style=\"font-size: large;\"> <\/span><\/span><\/strong><\/p>\n<p><strong><span style=\"font-family: times new roman,times;\"><span style=\"font-size: large;\"> <\/span><\/span><\/strong><\/p>\n<p align=\"center\"><span style=\"color: #3366ff;\"><strong><span style=\"font-family: times new roman,times;\"><span style=\"font-size: large;\">Des sportifs convertis \u00e0 l\u2019islam<\/span><\/span><\/strong><\/span><\/p>\n<p><strong><span style=\"font-family: times new roman,times;\"><span style=\"font-size: large;\"> <\/span><\/span><\/strong><\/p>\n<p><strong><span style=\"font-family: times new roman,times;\"><span style=\"font-size: large;\">Franck Rib\u00e9ry. \u00c0 23 ans, le footballeur professionnel du club de Bayern de Munich est membre de l\u2019\u00e9quipe de France. Il a grandi \u00e0 Boulogne-sur-Mer, o\u00f9 certains de ses copains \u00e9taient musulmans. Issu d\u2019une famille modeste et mari\u00e9 avec Wahiba, d\u2019origine alg\u00e9rienne. Il s\u2019est converti durant son adolescence et prie sur les terrains avant les matchs. \u00ab Cette religion, c\u2019est moi qui l\u2019ai choisie. C\u2019est aussi elle qui me donne de la force\u00a0\u00bb, a-t-il expliqu\u00e9 au mois de juin dans Paris Match.<\/span><\/span><\/strong><\/p>\n<p><strong><span style=\"font-family: times new roman,times;\"><span style=\"font-size: large;\"> <\/span><\/span><\/strong><\/p>\n<p><strong><span style=\"font-family: times new roman,times;\"><span style=\"font-size: large;\">Nicolas Anelka. \u00c0 27 ans, le footballeur joue actuellement en Angleterre. Il a grandi \u00e0 Trappes, en r\u00e9gion parisienne. Ses parents sont venus de Martinique et travaillaient pour l\u2019\u00e9ducation nationale. Il se serait converti vers 16 ans, alors qu\u2019il \u00e9tait stagiaire au PSG. Il ne parle pas ou peu de religion dans ses interviews, sauf dans un entretien dans L\u2019\u00c9quipe magazine, en avril 2005 : \u00ab\u00a0Je vis ma religion sereinement, sans pros\u00e9lytisme. \u00bb<\/span><\/span><\/strong><\/p>\n<p><strong><span style=\"font-family: times new roman,times;\"><span style=\"font-size: large;\"> <\/span><\/span><\/strong><\/p>\n<p><strong><span style=\"font-family: times new roman,times;\"><span style=\"font-size: large;\">Philippe Troussier. L\u2019ex-footballeur professionnel de 51 ans a entra\u00een\u00e9 notamment le Nigeria et l\u2019Olympique de Marseille. Il vit au Maroc depuis une dizaine d\u2019ann\u00e9es, et s\u2019est converti au printemps, avec sa femme. Il a expliqu\u00e9 dans L\u2019\u00c9quipe magazine du 8 avril 2006 que sa conversion correspondait \u00e0 un \u00ab\u00a0long cheminement\u00a0\u00bb. Par ailleurs, d\u2019apr\u00e8s lui, sa conversion va lui permettre de faire des trois petites filles qu\u2019il a adopt\u00e9es au Maroc ses h\u00e9riti\u00e8res, tout en les \u00e9levant dans leur culture.<\/span><\/span><\/strong><\/p>\n<p><strong><span style=\"font-family: times new roman,times;\"><span style=\"font-size: large;\"> <\/span><\/span><\/strong><\/p>\n<p><strong><span style=\"font-family: times new roman,times;\"><span style=\"font-size: large;\">Tariq Abdul-Wahad (ex-Olivier Saint-Jean). Le basketteur de 31 ans est le premier Fran\u00e7ais \u00e0 avoir jou\u00e9 en NBA, en 1997. Il est n\u00e9 \u00e0 Maisons-Alfort, en banlieue parisienne, de parents venus de Guyane. Il s\u2019est converti en 1997, aux \u00c9tats-Unis, o\u00f9 il jouait pour l\u2019universit\u00e9 de San Jose et o\u00f9 il a rencontr\u00e9 un musulman dont la force de caract\u00e8re et la g\u00e9n\u00e9rosit\u00e9 l\u2019ont pouss\u00e9 \u00e0 vouloir en savoir plus. Il arbore sa religion et en est fier. Il est mari\u00e9 avec une Fran\u00e7aise d\u2019origine marocaine, Khadija, qui est v\u00eatue du voile islamique\u00a0ma cha Allah. Ils ont trois enfants.<\/span><\/span><\/strong><\/p>\n<p><strong><span style=\"font-family: times new roman,times;\"><span style=\"font-size: large;\"> <\/span><\/span><\/strong><\/p>\n<p align=\"center\"><strong><span style=\"font-family: times new roman,times;\"><span style=\"font-size: large;\"> <\/span><\/span><\/strong><\/p>\n<p><strong><span style=\"font-family: times new roman,times;\"><span style=\"font-size: large;\"> <\/span><\/span><\/strong><\/p>\n<p align=\"center\"><span style=\"color: #ff0000;\"><strong><span style=\"font-family: times new roman,times;\"><span style=\"font-size: large;\">L&rsquo;\u00e9quipe islamhouse&#8230;<\/span><\/span><\/strong><\/span><\/p>\n","protected":false},"excerpt":{"rendered":"<p>Le ph\u00e9nom\u00e8ne toucherait 3 600 personnes par an en France. \u00c0 c\u00f4t\u00e9 d\u2019une s\u00e9duction intellectuelle et spirituelle, c\u2019est dans les banlieues que ces conversions sont les plus fr\u00e9quentes. A lire, et \u00e0 m\u00e9diter, Jean Gouraud a embrass\u00e9 l\u2019islam il y a huit ans. Il avait 18 ans. \u00ab J\u2019\u00e9tais de culture catholique, mais j\u2019avais arr\u00eat\u00e9 &hellip;<\/p>\n","protected":false},"author":7,"featured_media":91,"comment_status":"open","ping_status":"open","sticky":false,"template":"","format":"standard","meta":{"_monsterinsights_skip_tracking":false,"_monsterinsights_sitenote_active":false,"_monsterinsights_sitenote_note":"","_monsterinsights_sitenote_category":0,"footnotes":""},"categories":[11],"tags":[],"class_list":["post-92","post","type-post","status-publish","format-standard","has-post-thumbnail","hentry","category-celebre"],"yoast_head":"<!-- This site is optimized with the Yoast SEO plugin v27.5 - https:\/\/yoast.com\/product\/yoast-seo-wordpress\/ -->\n<title>Les conversions \u00e0 l\u2019islam en France - L&#039;islam est la verit\u00e9<\/title>\n<meta name=\"robots\" content=\"index, follow, max-snippet:-1, max-image-preview:large, max-video-preview:-1\" \/>\n<link rel=\"canonical\" href=\"https:\/\/r-islam.com\/fr\/les-conversions-a-lislam-en-france\/\" \/>\n<meta property=\"og:locale\" content=\"fr_FR\" \/>\n<meta property=\"og:type\" content=\"article\" \/>\n<meta property=\"og:title\" content=\"Les conversions \u00e0 l\u2019islam en France - L&#039;islam est la verit\u00e9\" \/>\n<meta property=\"og:description\" content=\"Le ph\u00e9nom\u00e8ne toucherait 3 600 personnes par an en France. \u00c0 c\u00f4t\u00e9 d\u2019une s\u00e9duction intellectuelle et spirituelle, c\u2019est dans les banlieues que ces conversions sont les plus fr\u00e9quentes. A lire, et \u00e0 m\u00e9diter, Jean Gouraud a embrass\u00e9 l\u2019islam il y a huit ans. Il avait 18 ans. \u00ab J\u2019\u00e9tais de culture catholique, mais j\u2019avais arr\u00eat\u00e9 &hellip;\" \/>\n<meta property=\"og:url\" content=\"https:\/\/r-islam.com\/fr\/les-conversions-a-lislam-en-france\/\" \/>\n<meta property=\"og:site_name\" content=\"L&#039;islam est la verit\u00e9\" \/>\n<meta property=\"article:published_time\" content=\"2012-01-16T14:48:09+00:00\" \/>\n<meta property=\"og:image\" content=\"https:\/\/r-islam.com\/fr\/wp-content\/uploads\/sites\/5\/2012\/01\/images2358.png\" \/>\n\t<meta property=\"og:image:width\" content=\"425\" \/>\n\t<meta property=\"og:image:height\" content=\"283\" \/>\n\t<meta property=\"og:image:type\" content=\"image\/png\" \/>\n<meta name=\"author\" content=\"Ahmed Abdallah\" \/>\n<meta name=\"twitter:card\" content=\"summary_large_image\" \/>\n<meta name=\"twitter:label1\" content=\"\u00c9crit par\" \/>\n\t<meta name=\"twitter:data1\" content=\"Ahmed Abdallah\" \/>\n\t<meta name=\"twitter:label2\" content=\"Dur\u00e9e de lecture estim\u00e9e\" \/>\n\t<meta name=\"twitter:data2\" content=\"5 minutes\" \/>\n<script type=\"application\/ld+json\" class=\"yoast-schema-graph\">{\"@context\":\"https:\\\/\\\/schema.org\",\"@graph\":[{\"@type\":\"Article\",\"@id\":\"https:\\\/\\\/r-islam.com\\\/fr\\\/les-conversions-a-lislam-en-france\\\/#article\",\"isPartOf\":{\"@id\":\"https:\\\/\\\/r-islam.com\\\/fr\\\/les-conversions-a-lislam-en-france\\\/\"},\"author\":{\"name\":\"Ahmed Abdallah\",\"@id\":\"https:\\\/\\\/r-islam.com\\\/fr\\\/#\\\/schema\\\/person\\\/50843a866a13df1a858ff77dda9b0e24\"},\"headline\":\"Les conversions \u00e0 l\u2019islam en France\",\"datePublished\":\"2012-01-16T14:48:09+00:00\",\"mainEntityOfPage\":{\"@id\":\"https:\\\/\\\/r-islam.com\\\/fr\\\/les-conversions-a-lislam-en-france\\\/\"},\"wordCount\":1049,\"commentCount\":0,\"image\":{\"@id\":\"https:\\\/\\\/r-islam.com\\\/fr\\\/les-conversions-a-lislam-en-france\\\/#primaryimage\"},\"thumbnailUrl\":\"https:\\\/\\\/r-islam.com\\\/fr\\\/wp-content\\\/uploads\\\/sites\\\/5\\\/2012\\\/01\\\/images2358.png\",\"articleSection\":[\"C\u00e9l\u00e8bre\"],\"inLanguage\":\"fr-FR\",\"potentialAction\":[{\"@type\":\"CommentAction\",\"name\":\"Comment\",\"target\":[\"https:\\\/\\\/r-islam.com\\\/fr\\\/les-conversions-a-lislam-en-france\\\/#respond\"]}]},{\"@type\":\"WebPage\",\"@id\":\"https:\\\/\\\/r-islam.com\\\/fr\\\/les-conversions-a-lislam-en-france\\\/\",\"url\":\"https:\\\/\\\/r-islam.com\\\/fr\\\/les-conversions-a-lislam-en-france\\\/\",\"name\":\"Les conversions \u00e0 l\u2019islam en France - L'islam est la verit\u00e9\",\"isPartOf\":{\"@id\":\"https:\\\/\\\/r-islam.com\\\/fr\\\/#website\"},\"primaryImageOfPage\":{\"@id\":\"https:\\\/\\\/r-islam.com\\\/fr\\\/les-conversions-a-lislam-en-france\\\/#primaryimage\"},\"image\":{\"@id\":\"https:\\\/\\\/r-islam.com\\\/fr\\\/les-conversions-a-lislam-en-france\\\/#primaryimage\"},\"thumbnailUrl\":\"https:\\\/\\\/r-islam.com\\\/fr\\\/wp-content\\\/uploads\\\/sites\\\/5\\\/2012\\\/01\\\/images2358.png\",\"datePublished\":\"2012-01-16T14:48:09+00:00\",\"author\":{\"@id\":\"https:\\\/\\\/r-islam.com\\\/fr\\\/#\\\/schema\\\/person\\\/50843a866a13df1a858ff77dda9b0e24\"},\"breadcrumb\":{\"@id\":\"https:\\\/\\\/r-islam.com\\\/fr\\\/les-conversions-a-lislam-en-france\\\/#breadcrumb\"},\"inLanguage\":\"fr-FR\",\"potentialAction\":[{\"@type\":\"ReadAction\",\"target\":[\"https:\\\/\\\/r-islam.com\\\/fr\\\/les-conversions-a-lislam-en-france\\\/\"]}]},{\"@type\":\"ImageObject\",\"inLanguage\":\"fr-FR\",\"@id\":\"https:\\\/\\\/r-islam.com\\\/fr\\\/les-conversions-a-lislam-en-france\\\/#primaryimage\",\"url\":\"https:\\\/\\\/r-islam.com\\\/fr\\\/wp-content\\\/uploads\\\/sites\\\/5\\\/2012\\\/01\\\/images2358.png\",\"contentUrl\":\"https:\\\/\\\/r-islam.com\\\/fr\\\/wp-content\\\/uploads\\\/sites\\\/5\\\/2012\\\/01\\\/images2358.png\",\"width\":425,\"height\":283},{\"@type\":\"BreadcrumbList\",\"@id\":\"https:\\\/\\\/r-islam.com\\\/fr\\\/les-conversions-a-lislam-en-france\\\/#breadcrumb\",\"itemListElement\":[{\"@type\":\"ListItem\",\"position\":1,\"name\":\"Home\",\"item\":\"https:\\\/\\\/r-islam.com\\\/fr\\\/\"},{\"@type\":\"ListItem\",\"position\":2,\"name\":\"Les conversions \u00e0 l\u2019islam en France\"}]},{\"@type\":\"WebSite\",\"@id\":\"https:\\\/\\\/r-islam.com\\\/fr\\\/#website\",\"url\":\"https:\\\/\\\/r-islam.com\\\/fr\\\/\",\"name\":\"L'islam est la verit\u00e9\",\"description\":\"\",\"potentialAction\":[{\"@type\":\"SearchAction\",\"target\":{\"@type\":\"EntryPoint\",\"urlTemplate\":\"https:\\\/\\\/r-islam.com\\\/fr\\\/?s={search_term_string}\"},\"query-input\":{\"@type\":\"PropertyValueSpecification\",\"valueRequired\":true,\"valueName\":\"search_term_string\"}}],\"inLanguage\":\"fr-FR\"},{\"@type\":\"Person\",\"@id\":\"https:\\\/\\\/r-islam.com\\\/fr\\\/#\\\/schema\\\/person\\\/50843a866a13df1a858ff77dda9b0e24\",\"name\":\"Ahmed Abdallah\",\"url\":\"https:\\\/\\\/r-islam.com\\\/fr\\\/author\\\/ahmed-abdallah\\\/\"}]}<\/script>\n<!-- \/ Yoast SEO plugin. -->","yoast_head_json":{"title":"Les conversions \u00e0 l\u2019islam en France - L'islam est la verit\u00e9","robots":{"index":"index","follow":"follow","max-snippet":"max-snippet:-1","max-image-preview":"max-image-preview:large","max-video-preview":"max-video-preview:-1"},"canonical":"https:\/\/r-islam.com\/fr\/les-conversions-a-lislam-en-france\/","og_locale":"fr_FR","og_type":"article","og_title":"Les conversions \u00e0 l\u2019islam en France - L'islam est la verit\u00e9","og_description":"Le ph\u00e9nom\u00e8ne toucherait 3 600 personnes par an en France. \u00c0 c\u00f4t\u00e9 d\u2019une s\u00e9duction intellectuelle et spirituelle, c\u2019est dans les banlieues que ces conversions sont les plus fr\u00e9quentes. A lire, et \u00e0 m\u00e9diter, Jean Gouraud a embrass\u00e9 l\u2019islam il y a huit ans. Il avait 18 ans. \u00ab J\u2019\u00e9tais de culture catholique, mais j\u2019avais arr\u00eat\u00e9 &hellip;","og_url":"https:\/\/r-islam.com\/fr\/les-conversions-a-lislam-en-france\/","og_site_name":"L'islam est la verit\u00e9","article_published_time":"2012-01-16T14:48:09+00:00","og_image":[{"width":425,"height":283,"url":"https:\/\/r-islam.com\/fr\/wp-content\/uploads\/sites\/5\/2012\/01\/images2358.png","type":"image\/png"}],"author":"Ahmed Abdallah","twitter_card":"summary_large_image","twitter_misc":{"\u00c9crit par":"Ahmed Abdallah","Dur\u00e9e de lecture estim\u00e9e":"5 minutes"},"schema":{"@context":"https:\/\/schema.org","@graph":[{"@type":"Article","@id":"https:\/\/r-islam.com\/fr\/les-conversions-a-lislam-en-france\/#article","isPartOf":{"@id":"https:\/\/r-islam.com\/fr\/les-conversions-a-lislam-en-france\/"},"author":{"name":"Ahmed Abdallah","@id":"https:\/\/r-islam.com\/fr\/#\/schema\/person\/50843a866a13df1a858ff77dda9b0e24"},"headline":"Les conversions \u00e0 l\u2019islam en France","datePublished":"2012-01-16T14:48:09+00:00","mainEntityOfPage":{"@id":"https:\/\/r-islam.com\/fr\/les-conversions-a-lislam-en-france\/"},"wordCount":1049,"commentCount":0,"image":{"@id":"https:\/\/r-islam.com\/fr\/les-conversions-a-lislam-en-france\/#primaryimage"},"thumbnailUrl":"https:\/\/r-islam.com\/fr\/wp-content\/uploads\/sites\/5\/2012\/01\/images2358.png","articleSection":["C\u00e9l\u00e8bre"],"inLanguage":"fr-FR","potentialAction":[{"@type":"CommentAction","name":"Comment","target":["https:\/\/r-islam.com\/fr\/les-conversions-a-lislam-en-france\/#respond"]}]},{"@type":"WebPage","@id":"https:\/\/r-islam.com\/fr\/les-conversions-a-lislam-en-france\/","url":"https:\/\/r-islam.com\/fr\/les-conversions-a-lislam-en-france\/","name":"Les conversions \u00e0 l\u2019islam en France - L'islam est la verit\u00e9","isPartOf":{"@id":"https:\/\/r-islam.com\/fr\/#website"},"primaryImageOfPage":{"@id":"https:\/\/r-islam.com\/fr\/les-conversions-a-lislam-en-france\/#primaryimage"},"image":{"@id":"https:\/\/r-islam.com\/fr\/les-conversions-a-lislam-en-france\/#primaryimage"},"thumbnailUrl":"https:\/\/r-islam.com\/fr\/wp-content\/uploads\/sites\/5\/2012\/01\/images2358.png","datePublished":"2012-01-16T14:48:09+00:00","author":{"@id":"https:\/\/r-islam.com\/fr\/#\/schema\/person\/50843a866a13df1a858ff77dda9b0e24"},"breadcrumb":{"@id":"https:\/\/r-islam.com\/fr\/les-conversions-a-lislam-en-france\/#breadcrumb"},"inLanguage":"fr-FR","potentialAction":[{"@type":"ReadAction","target":["https:\/\/r-islam.com\/fr\/les-conversions-a-lislam-en-france\/"]}]},{"@type":"ImageObject","inLanguage":"fr-FR","@id":"https:\/\/r-islam.com\/fr\/les-conversions-a-lislam-en-france\/#primaryimage","url":"https:\/\/r-islam.com\/fr\/wp-content\/uploads\/sites\/5\/2012\/01\/images2358.png","contentUrl":"https:\/\/r-islam.com\/fr\/wp-content\/uploads\/sites\/5\/2012\/01\/images2358.png","width":425,"height":283},{"@type":"BreadcrumbList","@id":"https:\/\/r-islam.com\/fr\/les-conversions-a-lislam-en-france\/#breadcrumb","itemListElement":[{"@type":"ListItem","position":1,"name":"Home","item":"https:\/\/r-islam.com\/fr\/"},{"@type":"ListItem","position":2,"name":"Les conversions \u00e0 l\u2019islam en France"}]},{"@type":"WebSite","@id":"https:\/\/r-islam.com\/fr\/#website","url":"https:\/\/r-islam.com\/fr\/","name":"L'islam est la verit\u00e9","description":"","potentialAction":[{"@type":"SearchAction","target":{"@type":"EntryPoint","urlTemplate":"https:\/\/r-islam.com\/fr\/?s={search_term_string}"},"query-input":{"@type":"PropertyValueSpecification","valueRequired":true,"valueName":"search_term_string"}}],"inLanguage":"fr-FR"},{"@type":"Person","@id":"https:\/\/r-islam.com\/fr\/#\/schema\/person\/50843a866a13df1a858ff77dda9b0e24","name":"Ahmed Abdallah","url":"https:\/\/r-islam.com\/fr\/author\/ahmed-abdallah\/"}]}},"_links":{"self":[{"href":"https:\/\/r-islam.com\/fr\/wp-json\/wp\/v2\/posts\/92","targetHints":{"allow":["GET"]}}],"collection":[{"href":"https:\/\/r-islam.com\/fr\/wp-json\/wp\/v2\/posts"}],"about":[{"href":"https:\/\/r-islam.com\/fr\/wp-json\/wp\/v2\/types\/post"}],"author":[{"embeddable":true,"href":"https:\/\/r-islam.com\/fr\/wp-json\/wp\/v2\/users\/7"}],"replies":[{"embeddable":true,"href":"https:\/\/r-islam.com\/fr\/wp-json\/wp\/v2\/comments?post=92"}],"version-history":[{"count":0,"href":"https:\/\/r-islam.com\/fr\/wp-json\/wp\/v2\/posts\/92\/revisions"}],"wp:featuredmedia":[{"embeddable":true,"href":"https:\/\/r-islam.com\/fr\/wp-json\/wp\/v2\/media\/91"}],"wp:attachment":[{"href":"https:\/\/r-islam.com\/fr\/wp-json\/wp\/v2\/media?parent=92"}],"wp:term":[{"taxonomy":"category","embeddable":true,"href":"https:\/\/r-islam.com\/fr\/wp-json\/wp\/v2\/categories?post=92"},{"taxonomy":"post_tag","embeddable":true,"href":"https:\/\/r-islam.com\/fr\/wp-json\/wp\/v2\/tags?post=92"}],"curies":[{"name":"wp","href":"https:\/\/api.w.org\/{rel}","templated":true}]}}