{"id":130,"date":"2022-10-10T03:38:00","date_gmt":"2022-10-10T03:38:00","guid":{"rendered":"http:\/\/localhost\/rs\/it\/2022\/10\/10\/perche-alcuni-musulmani-hanno-il-segno-sulla-fronte\/"},"modified":"2022-10-10T03:38:00","modified_gmt":"2022-10-10T03:38:00","slug":"perche-alcuni-musulmani-hanno-il-segno-sulla-fronte","status":"publish","type":"post","link":"https:\/\/r-islam.com\/it\/perche-alcuni-musulmani-hanno-il-segno-sulla-fronte\/","title":{"rendered":"PERCHE\u2019 ALCUNI MUSULMANI HANNO IL SEGNO SULLA FRONTE?"},"content":{"rendered":"<p style=\"text-align: center;\"><img loading=\"lazy\" decoding=\"async\" class=\" size-full wp-image-129\" src=\"http:\/\/localhost\/rs\/it\/wp-content\/uploads\/sites\/6\/2022\/10\/frontesegnosito.png\" alt=\"\" width=\"320\" height=\"320\" srcset=\"https:\/\/r-islam.com\/it\/wp-content\/uploads\/sites\/6\/2022\/10\/frontesegnosito.png 320w, https:\/\/r-islam.com\/it\/wp-content\/uploads\/sites\/6\/2022\/10\/frontesegnosito-300x300.png 300w, https:\/\/r-islam.com\/it\/wp-content\/uploads\/sites\/6\/2022\/10\/frontesegnosito-150x150.png 150w\" sizes=\"auto, (max-width: 320px) 100vw, 320px\" \/><\/p>\n<p><span style=\"font-size: large;\"><span style=\"color: #ff0000;\"><span style=\"font-family: 'times new roman', times;\">Di Ibrahim Abdannur Iungo<\/span><\/span><\/span><\/p>\n<p><span style=\"font-size: large;\"><span style=\"font-family: 'times new roman', times;\">Il primo pilastro dell\u2019Islam, immediatamente successivo alla testimonianza della fede\u00a0\u00a0\u00a0\u00a0\u00a0 islamica (shahada), \u00e8 l\u2019adorazione rituale quotidiana, la salat. Essa riveste una tale importanza che il Profeta Muhammad (saw) la paragon\u00f2, nei confronti della religione nel suo complesso, all\u2019asta che sostiene l\u2019asse centrale della tenda beduina. Nel Giorno del Giudizio, a colui che sar\u00e0 stato scrupoloso nell\u2019adempiere le sue preghiere sar\u00e0 facilitato tutto il resto, mentre colui che sar\u00e0 stato negligente vedr\u00e0 compromesso l\u2019insieme delle sue opere terrene. Il \u201ccuore\u201d della salat \u00e8 la prosternazione (sujud), postura in cui l\u2019orante poggia le ginocchia, le mani e la fronte a terra, trovandosi cos\u00ec \u2013 secondo una tradizione profetica &#8211; \u201cnel momento in cui \u00e8 pi\u00f9 vicino a Dio\u201d. Tra orazioni obbligatorie e supererogatorie, diurne e notturne, nell\u2019arco di una giornata si pu\u00f2 arrivare a compiere anche diverse decine di prosternazioni, in cui i credenti pi\u00f9 pii sono naturalmente propensi ad indugiare per pi\u00f9 di qualche istante, in quello che \u00e8 un frangente di eccezionale intimit\u00e0 col Divino.<\/span><\/span><\/p>\n<p><span style=\"font-size: large;\"><span style=\"font-family: 'times new roman', times;\">\u00a0<\/span><\/span><\/p>\n<p><span style=\"font-size: large;\"><span style=\"font-family: 'times new roman', times;\">Un\u2019assidua pratica quotidiana pu\u00f2 dunque provocare la formazione di lievi callosit\u00e0 sulle ginocchia e sulla fronte, in corrispondenza delle aree interessate dal sujud, soggette ad un ripetuto sfregamento. Quando si fanno particolarmente evidenti, queste callosit\u00e0 frontali sono popolarmente conosciute come zabiba, \u201cuvetta\u201d; esse possono risultare pi\u00f9 o meno estese, a seconda di diversi fattori \u201cmateriali\u201d: la sensibilit\u00e0 della pelle, una particolare predisposizione cutanea, il tessuto del tappeto (sajjada) utilizzato per le proprie preghiere, od adottato da questa o quella moschea, e cos\u00ec via. Pu\u00f2 perci\u00f2 talora capitare che una zabiba si sviluppi precocemente, oppure che, al contrario, non divenga visibile nemmeno dopo molto tempo.<\/span><\/span><\/p>\n<p><span style=\"font-size: large;\"><span style=\"font-family: 'times new roman', times;\">\u00a0<\/span><\/span><\/p>\n<p><span style=\"font-size: large;\"><span style=\"font-family: 'times new roman', times;\">Le callosit\u00e0 frontali sono comunque esplicitamente nominate anche nel Qur\u2019an: \u201cMuhammad \u00e8 il Messaggero d\u2019Iddio, e quelli che sono con lui sono severi con i negatori e misericordiosi tra loro. Li vedi inchinarsi e prosternarsi, bramando la Grazia d\u2019Iddio ed il Suo compiacimento, ed i loro volti sono segnati dalla traccia della prosternazione\u201d Sura al-Fath, v. 29<\/span><\/span><\/p>\n<p><span style=\"font-size: large;\"><span style=\"font-family: 'times new roman', times;\">\u00a0<\/span><\/span><\/p>\n<p><span style=\"font-size: large;\"><span style=\"font-family: 'times new roman', times;\">Com\u2019\u00e8 facilmente comprensibile, non si tratta semplicemente di una \u201ctraccia\u201d fisica: il Testo sacro suggerisce sempre contemporaneamente differenti livelli di lettura. Alcuni esegeti hanno allora insistito sulla \u201cluminosit\u00e0\u201d del volto di chi si dedica frequentemente alla contemplazione, intesa come una serenit\u00e0 raggiante che emana dallo sguardo; nella Prossima vita, inoltre, sar\u00e0 poi proprio questa luminosit\u00e0 diffusa a distinguere i contemplativi tra gli altri credenti. Altri interpreti vi hanno letto piuttosto le \u201ctracce\u201d della stanchezza, dovuta alle lunghe veglie notturne, considerate particolarmente meritorie, tanto da dire allegoricamente, secondo una tradizione profetica, che Iddio sia \u201cpi\u00f9 vicino alla Terra\u201d durante la notte, rispetto che al resto della giornata. In ogni caso, il significato \u201cletterale\u201d del versetto appare comunque chiaro, e diversi commentatori l\u2019hanno spiegato proprio indicando la formazione di un lieve callo sulla fronte, in corrispondenza dell\u2019area interessata dal sujud. Qualcuno ha peraltro rilevato la generale assenza della zabibah dal volto femminile. A questo proposito, ci sono almeno due aspetti da tenere in considerazione, tra gli altri. In primo luogo, \u00e8 assai probabile che la maggior parte delle donne che assolvono con assiduit\u00e0 alla complessa sequela di adorazioni ordinarie e straordinarie previste dalla Tradizione, non siano donne di cui si possa osservare agevolmente la fronte: per il vestiario particolarmente pudico, per una limitata frequenza di uscite e di contatti con persone estranee all\u2019ambito familiare, per la soggezione in cui possono indurre, inibendo cos\u00ec di fissarle direttamente in volto, e cos\u00ec via. D\u2019altronde, la sospensione del rito di adorazione quotidiana durante il periodo mestruale pu\u00f2 senz\u2019altro agevolare il periodico riassorbimento di eventuali formazioni callose, che invece nel caso degli uomini vengono ripetutamente stimolate senza alcuna interruzione, salvo in caso di grave malattia, di qualche forma di infermit\u00e0, etc. Ma Iddio \u00e8 pi\u00f9 Sapiente.<\/span><\/span><\/p>\n<p><span style=\"font-size: large;\"><span style=\"font-family: 'times new roman', times;\">\u00a0<\/span><\/span><\/p>\n<p><span style=\"font-size: large;\"><span style=\"font-family: 'times new roman', times;\">V\u2019\u00e8 poi, infine, una consolidata tendenza a derubricare la zabibah ad espediente estetico, attraverso cui ostentare una supposta religiosit\u00e0 e riscuotere un qualche riconoscimento sociale. A tal proposito, si moltiplicano gli aneddoti satirici su coloro che si procurerebbero artificialmente delle cicatrici frontali, per ottenere un effetto analogo a quello dello sfregamento tipico della prosternazione rituale (sujud). Ci sono almeno due ordini di considerazioni da richiamare, in tal senso. Il Profeta Muhammad (saw) raccomandava di tramandare anche solo una sua frase, od un solo versetto, perch\u00e8 \u00e8 possibile che chi riceve una parte della conoscenza ne possa comprendere e beneficiare pi\u00f9 e meglio di colui che l\u2019ha trasmessa. Mutatis mutandis, da un punto di vista \u201csociologico\u201d, l\u2019esibizione di una callosit\u00e0 riconducibile al culto islamico sar\u00e0 comunque di gran lunga preferibile ad una equivalente \u201cesibizione\u201d di abiti firmati od automobili di grossa cilindrata; testimoniando due diverse idee di societ\u00e0 &#8211; contemplativa o consumistica, in questo caso \u2013 e trasmettendo un preciso incipit al contesto in cui vivono, queste forme di \u201cesibizione\u201d interrogano in modo completamente diverso coloro che vi vengono a contatto, suggerendo una \u201cgerarchia valoriale\u201d completamente differente. Ed \u00e8 certamente meglio che, ad esempio, un adolescente si interroghi sulle ragioni di un\u2019adorazione cos\u00ec assidua, piuttosto che ingegnarsi a racimolare i soldi per acquistare l\u2019ultimo modello di scarpe da ginnastica, indossato da un compagno di classe. D\u2019altra parte, questo chiaramente non esaurisce affatto la dimensione \u201cspirituale\u201d della questione; ma che il callo della fronte rifletta un callo del cuore, ovvero che ai segni materiali della prosternazione corrisponda effettivamente una corrispondente \u201cumiliazione\u201d interiore del credente dinanzi al suo Signore (ci\u00f2 che \u00e8 la questione centrale della fede), non sta certo a me giudicarlo, n\u00e9 a chicchessia: la niya, l\u2019intenzione spirituale che sost\u00e0 ad ogni atto di culto, \u00e8 un segreto esclusivo tra Dio ed il Suo servo. Io posso (devo) limitarmi a consigliare mio fratello, a criticarlo discretamente se mi sembra di scorgerne degli errori, aiutandolo a correggersi laddove possibile; ma se ho la pretesa di giudicare l\u2019intima \u201cqualit\u00e0\u201d della sua fede, allora mi sto pericolosamente accostando all\u2019arroganza di Iblis, che disse di nostro padre Adamo \u2013 su di lui la Pace: \u201cIo sono migliore di lui\u201d Sura al-A\u2019raf, v.12. Ed Iddio disse a chi sosteneva presuntuosamente che una certa persona non sarebbe mai stata perdonata da Lui: \u201cIo l\u2019ho gi\u00e0 perdonato, mentre tu [per l&#8217;arroganza dimostrata nei suoi confronti] dovrai rispondere anche delle sue mancanze!\u201d.<\/span><\/span><\/p>\n<p><span style=\"font-size: large;\"><span style=\"font-family: 'times new roman', times;\">\u00a0<\/span><\/span><\/p>\n<p><span style=\"font-size: large;\"><span style=\"color: #ff0000;\"><span style=\"font-family: 'times new roman', times;\">tratto da: http:\/\/ribat-almujahid.blogspot.com<\/span><\/span><\/span><\/p>\n<p><span style=\"font-size: large;\"><span style=\"font-family: 'times new roman', times;\">\u00a0<\/span><\/span><\/p>\n<p><span style=\"font-size: large;\"><span style=\"color: #ff0000;\"><span style=\"font-family: 'times new roman', times;\">Tratto da \u201cMondo Islam\u201d n. 4<\/span><\/span><\/span><\/p>\n","protected":false},"excerpt":{"rendered":"<p>Di Ibrahim Abdannur Iungo Il primo pilastro dell\u2019Islam, immediatamente successivo alla testimonianza della fede\u00a0\u00a0\u00a0\u00a0\u00a0 islamica (shahada), \u00e8 l\u2019adorazione rituale quotidiana, la salat. Essa riveste una tale importanza che il Profeta Muhammad (saw) la paragon\u00f2, nei confronti della religione nel suo complesso, all\u2019asta che sostiene l\u2019asse centrale della tenda beduina. Nel Giorno del Giudizio, a colui &hellip;<\/p>\n","protected":false},"author":6,"featured_media":129,"comment_status":"open","ping_status":"open","sticky":false,"template":"","format":"standard","meta":{"om_disable_all_campaigns":false,"_monsterinsights_skip_tracking":false,"_monsterinsights_sitenote_active":false,"_monsterinsights_sitenote_note":"","_monsterinsights_sitenote_category":0,"_uf_show_specific_survey":0,"_uf_disable_surveys":false,"footnotes":""},"categories":[18],"tags":[],"class_list":["post-130","post","type-post","status-publish","format-standard","has-post-thumbnail","hentry","category-articoli"],"yoast_head":"<!-- This site is optimized with the Yoast SEO plugin v27.5 - https:\/\/yoast.com\/product\/yoast-seo-wordpress\/ -->\n<title>PERCHE\u2019 ALCUNI MUSULMANI HANNO IL SEGNO SULLA FRONTE? - II vero Islam II vero Islam<\/title>\n<meta name=\"description\" content=\"PERCHE\u2019 ALCUNI MUSULMANI HANNO IL SEGNO SULLA FRONTE? II vero Islam %\" \/>\n<meta name=\"robots\" content=\"index, follow, max-snippet:-1, max-image-preview:large, max-video-preview:-1\" \/>\n<link rel=\"canonical\" href=\"https:\/\/r-islam.com\/it\/perche-alcuni-musulmani-hanno-il-segno-sulla-fronte\/\" \/>\n<meta property=\"og:locale\" content=\"it_IT\" \/>\n<meta property=\"og:type\" content=\"article\" \/>\n<meta property=\"og:title\" content=\"PERCHE\u2019 ALCUNI MUSULMANI HANNO IL SEGNO SULLA FRONTE? - II vero Islam II vero Islam\" \/>\n<meta property=\"og:description\" content=\"PERCHE\u2019 ALCUNI MUSULMANI HANNO IL SEGNO SULLA FRONTE? II vero Islam %\" \/>\n<meta property=\"og:url\" content=\"https:\/\/r-islam.com\/it\/perche-alcuni-musulmani-hanno-il-segno-sulla-fronte\/\" \/>\n<meta property=\"og:site_name\" content=\"II vero Islam\" \/>\n<meta property=\"article:published_time\" content=\"2022-10-10T03:38:00+00:00\" \/>\n<meta property=\"og:image\" content=\"https:\/\/r-islam.com\/it\/wp-content\/uploads\/sites\/6\/2022\/10\/frontesegnosito.png\" \/>\n\t<meta property=\"og:image:width\" content=\"320\" \/>\n\t<meta property=\"og:image:height\" content=\"320\" \/>\n\t<meta property=\"og:image:type\" content=\"image\/png\" \/>\n<meta name=\"author\" content=\"Right Islam\" \/>\n<meta name=\"twitter:card\" content=\"summary_large_image\" \/>\n<meta name=\"twitter:label1\" content=\"Scritto da\" \/>\n\t<meta name=\"twitter:data1\" content=\"Right Islam\" \/>\n\t<meta name=\"twitter:label2\" content=\"Tempo di lettura stimato\" \/>\n\t<meta name=\"twitter:data2\" content=\"5 minuti\" \/>\n<script type=\"application\/ld+json\" class=\"yoast-schema-graph\">{\"@context\":\"https:\\\/\\\/schema.org\",\"@graph\":[{\"@type\":\"Article\",\"@id\":\"https:\\\/\\\/r-islam.com\\\/it\\\/perche-alcuni-musulmani-hanno-il-segno-sulla-fronte\\\/#article\",\"isPartOf\":{\"@id\":\"https:\\\/\\\/r-islam.com\\\/it\\\/perche-alcuni-musulmani-hanno-il-segno-sulla-fronte\\\/\"},\"author\":{\"name\":\"Right Islam\",\"@id\":\"https:\\\/\\\/r-islam.com\\\/it\\\/#\\\/schema\\\/person\\\/92de7dae6e843a9ee2e94aa4a9b5133d\"},\"headline\":\"PERCHE\u2019 ALCUNI MUSULMANI HANNO IL SEGNO SULLA FRONTE?\",\"datePublished\":\"2022-10-10T03:38:00+00:00\",\"mainEntityOfPage\":{\"@id\":\"https:\\\/\\\/r-islam.com\\\/it\\\/perche-alcuni-musulmani-hanno-il-segno-sulla-fronte\\\/\"},\"wordCount\":1054,\"commentCount\":0,\"publisher\":{\"@id\":\"https:\\\/\\\/r-islam.com\\\/it\\\/#organization\"},\"image\":{\"@id\":\"https:\\\/\\\/r-islam.com\\\/it\\\/perche-alcuni-musulmani-hanno-il-segno-sulla-fronte\\\/#primaryimage\"},\"thumbnailUrl\":\"https:\\\/\\\/r-islam.com\\\/it\\\/wp-content\\\/uploads\\\/sites\\\/6\\\/2022\\\/10\\\/frontesegnosito.png\",\"articleSection\":[\"Articoli\"],\"inLanguage\":\"it-IT\",\"potentialAction\":[{\"@type\":\"CommentAction\",\"name\":\"Comment\",\"target\":[\"https:\\\/\\\/r-islam.com\\\/it\\\/perche-alcuni-musulmani-hanno-il-segno-sulla-fronte\\\/#respond\"]}]},{\"@type\":\"WebPage\",\"@id\":\"https:\\\/\\\/r-islam.com\\\/it\\\/perche-alcuni-musulmani-hanno-il-segno-sulla-fronte\\\/\",\"url\":\"https:\\\/\\\/r-islam.com\\\/it\\\/perche-alcuni-musulmani-hanno-il-segno-sulla-fronte\\\/\",\"name\":\"PERCHE\u2019 ALCUNI MUSULMANI HANNO IL SEGNO SULLA FRONTE? - II vero Islam II vero Islam\",\"isPartOf\":{\"@id\":\"https:\\\/\\\/r-islam.com\\\/it\\\/#website\"},\"primaryImageOfPage\":{\"@id\":\"https:\\\/\\\/r-islam.com\\\/it\\\/perche-alcuni-musulmani-hanno-il-segno-sulla-fronte\\\/#primaryimage\"},\"image\":{\"@id\":\"https:\\\/\\\/r-islam.com\\\/it\\\/perche-alcuni-musulmani-hanno-il-segno-sulla-fronte\\\/#primaryimage\"},\"thumbnailUrl\":\"https:\\\/\\\/r-islam.com\\\/it\\\/wp-content\\\/uploads\\\/sites\\\/6\\\/2022\\\/10\\\/frontesegnosito.png\",\"datePublished\":\"2022-10-10T03:38:00+00:00\",\"description\":\"PERCHE\u2019 ALCUNI MUSULMANI HANNO IL SEGNO SULLA FRONTE? II vero Islam %\",\"breadcrumb\":{\"@id\":\"https:\\\/\\\/r-islam.com\\\/it\\\/perche-alcuni-musulmani-hanno-il-segno-sulla-fronte\\\/#breadcrumb\"},\"inLanguage\":\"it-IT\",\"potentialAction\":[{\"@type\":\"ReadAction\",\"target\":[\"https:\\\/\\\/r-islam.com\\\/it\\\/perche-alcuni-musulmani-hanno-il-segno-sulla-fronte\\\/\"]}]},{\"@type\":\"ImageObject\",\"inLanguage\":\"it-IT\",\"@id\":\"https:\\\/\\\/r-islam.com\\\/it\\\/perche-alcuni-musulmani-hanno-il-segno-sulla-fronte\\\/#primaryimage\",\"url\":\"https:\\\/\\\/r-islam.com\\\/it\\\/wp-content\\\/uploads\\\/sites\\\/6\\\/2022\\\/10\\\/frontesegnosito.png\",\"contentUrl\":\"https:\\\/\\\/r-islam.com\\\/it\\\/wp-content\\\/uploads\\\/sites\\\/6\\\/2022\\\/10\\\/frontesegnosito.png\",\"width\":320,\"height\":320},{\"@type\":\"BreadcrumbList\",\"@id\":\"https:\\\/\\\/r-islam.com\\\/it\\\/perche-alcuni-musulmani-hanno-il-segno-sulla-fronte\\\/#breadcrumb\",\"itemListElement\":[{\"@type\":\"ListItem\",\"position\":1,\"name\":\"Home\",\"item\":\"https:\\\/\\\/r-islam.com\\\/it\\\/\"},{\"@type\":\"ListItem\",\"position\":2,\"name\":\"PERCHE\u2019 ALCUNI MUSULMANI HANNO IL SEGNO SULLA FRONTE?\"}]},{\"@type\":\"WebSite\",\"@id\":\"https:\\\/\\\/r-islam.com\\\/it\\\/#website\",\"url\":\"https:\\\/\\\/r-islam.com\\\/it\\\/\",\"name\":\"II vero Islam\",\"description\":\"\",\"publisher\":{\"@id\":\"https:\\\/\\\/r-islam.com\\\/it\\\/#organization\"},\"potentialAction\":[{\"@type\":\"SearchAction\",\"target\":{\"@type\":\"EntryPoint\",\"urlTemplate\":\"https:\\\/\\\/r-islam.com\\\/it\\\/?s={search_term_string}\"},\"query-input\":{\"@type\":\"PropertyValueSpecification\",\"valueRequired\":true,\"valueName\":\"search_term_string\"}}],\"inLanguage\":\"it-IT\"},{\"@type\":\"Organization\",\"@id\":\"https:\\\/\\\/r-islam.com\\\/it\\\/#organization\",\"name\":\"II vero Islam\",\"url\":\"https:\\\/\\\/r-islam.com\\\/it\\\/\",\"logo\":{\"@type\":\"ImageObject\",\"inLanguage\":\"it-IT\",\"@id\":\"https:\\\/\\\/r-islam.com\\\/it\\\/#\\\/schema\\\/logo\\\/image\\\/\",\"url\":\"https:\\\/\\\/r-islam.com\\\/it\\\/wp-content\\\/uploads\\\/sites\\\/6\\\/2024\\\/02\\\/cropped-logo-small.jpg\",\"contentUrl\":\"https:\\\/\\\/r-islam.com\\\/it\\\/wp-content\\\/uploads\\\/sites\\\/6\\\/2024\\\/02\\\/cropped-logo-small.jpg\",\"width\":512,\"height\":512,\"caption\":\"II vero Islam\"},\"image\":{\"@id\":\"https:\\\/\\\/r-islam.com\\\/it\\\/#\\\/schema\\\/logo\\\/image\\\/\"}},{\"@type\":\"Person\",\"@id\":\"https:\\\/\\\/r-islam.com\\\/it\\\/#\\\/schema\\\/person\\\/92de7dae6e843a9ee2e94aa4a9b5133d\",\"name\":\"Right Islam\",\"image\":{\"@type\":\"ImageObject\",\"inLanguage\":\"it-IT\",\"@id\":\"https:\\\/\\\/secure.gravatar.com\\\/avatar\\\/02bc82baefedb88212fdfbdbc558b74e6c80b15750921e0ebbcfc450427d426b?s=96&d=mm&r=g\",\"url\":\"https:\\\/\\\/secure.gravatar.com\\\/avatar\\\/02bc82baefedb88212fdfbdbc558b74e6c80b15750921e0ebbcfc450427d426b?s=96&d=mm&r=g\",\"contentUrl\":\"https:\\\/\\\/secure.gravatar.com\\\/avatar\\\/02bc82baefedb88212fdfbdbc558b74e6c80b15750921e0ebbcfc450427d426b?s=96&d=mm&r=g\",\"caption\":\"Right Islam\"},\"url\":\"https:\\\/\\\/r-islam.com\\\/it\\\/author\\\/it-admin\\\/\"}]}<\/script>\n<!-- \/ Yoast SEO plugin. -->","yoast_head_json":{"title":"PERCHE\u2019 ALCUNI MUSULMANI HANNO IL SEGNO SULLA FRONTE? - II vero Islam II vero Islam","description":"PERCHE\u2019 ALCUNI MUSULMANI HANNO IL SEGNO SULLA FRONTE? II vero Islam %","robots":{"index":"index","follow":"follow","max-snippet":"max-snippet:-1","max-image-preview":"max-image-preview:large","max-video-preview":"max-video-preview:-1"},"canonical":"https:\/\/r-islam.com\/it\/perche-alcuni-musulmani-hanno-il-segno-sulla-fronte\/","og_locale":"it_IT","og_type":"article","og_title":"PERCHE\u2019 ALCUNI MUSULMANI HANNO IL SEGNO SULLA FRONTE? - II vero Islam II vero Islam","og_description":"PERCHE\u2019 ALCUNI MUSULMANI HANNO IL SEGNO SULLA FRONTE? II vero Islam %","og_url":"https:\/\/r-islam.com\/it\/perche-alcuni-musulmani-hanno-il-segno-sulla-fronte\/","og_site_name":"II vero Islam","article_published_time":"2022-10-10T03:38:00+00:00","og_image":[{"width":320,"height":320,"url":"https:\/\/r-islam.com\/it\/wp-content\/uploads\/sites\/6\/2022\/10\/frontesegnosito.png","type":"image\/png"}],"author":"Right Islam","twitter_card":"summary_large_image","twitter_misc":{"Scritto da":"Right Islam","Tempo di lettura stimato":"5 minuti"},"schema":{"@context":"https:\/\/schema.org","@graph":[{"@type":"Article","@id":"https:\/\/r-islam.com\/it\/perche-alcuni-musulmani-hanno-il-segno-sulla-fronte\/#article","isPartOf":{"@id":"https:\/\/r-islam.com\/it\/perche-alcuni-musulmani-hanno-il-segno-sulla-fronte\/"},"author":{"name":"Right Islam","@id":"https:\/\/r-islam.com\/it\/#\/schema\/person\/92de7dae6e843a9ee2e94aa4a9b5133d"},"headline":"PERCHE\u2019 ALCUNI MUSULMANI HANNO IL SEGNO SULLA FRONTE?","datePublished":"2022-10-10T03:38:00+00:00","mainEntityOfPage":{"@id":"https:\/\/r-islam.com\/it\/perche-alcuni-musulmani-hanno-il-segno-sulla-fronte\/"},"wordCount":1054,"commentCount":0,"publisher":{"@id":"https:\/\/r-islam.com\/it\/#organization"},"image":{"@id":"https:\/\/r-islam.com\/it\/perche-alcuni-musulmani-hanno-il-segno-sulla-fronte\/#primaryimage"},"thumbnailUrl":"https:\/\/r-islam.com\/it\/wp-content\/uploads\/sites\/6\/2022\/10\/frontesegnosito.png","articleSection":["Articoli"],"inLanguage":"it-IT","potentialAction":[{"@type":"CommentAction","name":"Comment","target":["https:\/\/r-islam.com\/it\/perche-alcuni-musulmani-hanno-il-segno-sulla-fronte\/#respond"]}]},{"@type":"WebPage","@id":"https:\/\/r-islam.com\/it\/perche-alcuni-musulmani-hanno-il-segno-sulla-fronte\/","url":"https:\/\/r-islam.com\/it\/perche-alcuni-musulmani-hanno-il-segno-sulla-fronte\/","name":"PERCHE\u2019 ALCUNI MUSULMANI HANNO IL SEGNO SULLA FRONTE? - II vero Islam II vero Islam","isPartOf":{"@id":"https:\/\/r-islam.com\/it\/#website"},"primaryImageOfPage":{"@id":"https:\/\/r-islam.com\/it\/perche-alcuni-musulmani-hanno-il-segno-sulla-fronte\/#primaryimage"},"image":{"@id":"https:\/\/r-islam.com\/it\/perche-alcuni-musulmani-hanno-il-segno-sulla-fronte\/#primaryimage"},"thumbnailUrl":"https:\/\/r-islam.com\/it\/wp-content\/uploads\/sites\/6\/2022\/10\/frontesegnosito.png","datePublished":"2022-10-10T03:38:00+00:00","description":"PERCHE\u2019 ALCUNI MUSULMANI HANNO IL SEGNO SULLA FRONTE? II vero Islam %","breadcrumb":{"@id":"https:\/\/r-islam.com\/it\/perche-alcuni-musulmani-hanno-il-segno-sulla-fronte\/#breadcrumb"},"inLanguage":"it-IT","potentialAction":[{"@type":"ReadAction","target":["https:\/\/r-islam.com\/it\/perche-alcuni-musulmani-hanno-il-segno-sulla-fronte\/"]}]},{"@type":"ImageObject","inLanguage":"it-IT","@id":"https:\/\/r-islam.com\/it\/perche-alcuni-musulmani-hanno-il-segno-sulla-fronte\/#primaryimage","url":"https:\/\/r-islam.com\/it\/wp-content\/uploads\/sites\/6\/2022\/10\/frontesegnosito.png","contentUrl":"https:\/\/r-islam.com\/it\/wp-content\/uploads\/sites\/6\/2022\/10\/frontesegnosito.png","width":320,"height":320},{"@type":"BreadcrumbList","@id":"https:\/\/r-islam.com\/it\/perche-alcuni-musulmani-hanno-il-segno-sulla-fronte\/#breadcrumb","itemListElement":[{"@type":"ListItem","position":1,"name":"Home","item":"https:\/\/r-islam.com\/it\/"},{"@type":"ListItem","position":2,"name":"PERCHE\u2019 ALCUNI MUSULMANI HANNO IL SEGNO SULLA FRONTE?"}]},{"@type":"WebSite","@id":"https:\/\/r-islam.com\/it\/#website","url":"https:\/\/r-islam.com\/it\/","name":"II vero Islam","description":"","publisher":{"@id":"https:\/\/r-islam.com\/it\/#organization"},"potentialAction":[{"@type":"SearchAction","target":{"@type":"EntryPoint","urlTemplate":"https:\/\/r-islam.com\/it\/?s={search_term_string}"},"query-input":{"@type":"PropertyValueSpecification","valueRequired":true,"valueName":"search_term_string"}}],"inLanguage":"it-IT"},{"@type":"Organization","@id":"https:\/\/r-islam.com\/it\/#organization","name":"II vero Islam","url":"https:\/\/r-islam.com\/it\/","logo":{"@type":"ImageObject","inLanguage":"it-IT","@id":"https:\/\/r-islam.com\/it\/#\/schema\/logo\/image\/","url":"https:\/\/r-islam.com\/it\/wp-content\/uploads\/sites\/6\/2024\/02\/cropped-logo-small.jpg","contentUrl":"https:\/\/r-islam.com\/it\/wp-content\/uploads\/sites\/6\/2024\/02\/cropped-logo-small.jpg","width":512,"height":512,"caption":"II vero Islam"},"image":{"@id":"https:\/\/r-islam.com\/it\/#\/schema\/logo\/image\/"}},{"@type":"Person","@id":"https:\/\/r-islam.com\/it\/#\/schema\/person\/92de7dae6e843a9ee2e94aa4a9b5133d","name":"Right Islam","image":{"@type":"ImageObject","inLanguage":"it-IT","@id":"https:\/\/secure.gravatar.com\/avatar\/02bc82baefedb88212fdfbdbc558b74e6c80b15750921e0ebbcfc450427d426b?s=96&d=mm&r=g","url":"https:\/\/secure.gravatar.com\/avatar\/02bc82baefedb88212fdfbdbc558b74e6c80b15750921e0ebbcfc450427d426b?s=96&d=mm&r=g","contentUrl":"https:\/\/secure.gravatar.com\/avatar\/02bc82baefedb88212fdfbdbc558b74e6c80b15750921e0ebbcfc450427d426b?s=96&d=mm&r=g","caption":"Right Islam"},"url":"https:\/\/r-islam.com\/it\/author\/it-admin\/"}]}},"_links":{"self":[{"href":"https:\/\/r-islam.com\/it\/wp-json\/wp\/v2\/posts\/130","targetHints":{"allow":["GET"]}}],"collection":[{"href":"https:\/\/r-islam.com\/it\/wp-json\/wp\/v2\/posts"}],"about":[{"href":"https:\/\/r-islam.com\/it\/wp-json\/wp\/v2\/types\/post"}],"author":[{"embeddable":true,"href":"https:\/\/r-islam.com\/it\/wp-json\/wp\/v2\/users\/6"}],"replies":[{"embeddable":true,"href":"https:\/\/r-islam.com\/it\/wp-json\/wp\/v2\/comments?post=130"}],"version-history":[{"count":0,"href":"https:\/\/r-islam.com\/it\/wp-json\/wp\/v2\/posts\/130\/revisions"}],"wp:featuredmedia":[{"embeddable":true,"href":"https:\/\/r-islam.com\/it\/wp-json\/wp\/v2\/media\/129"}],"wp:attachment":[{"href":"https:\/\/r-islam.com\/it\/wp-json\/wp\/v2\/media?parent=130"}],"wp:term":[{"taxonomy":"category","embeddable":true,"href":"https:\/\/r-islam.com\/it\/wp-json\/wp\/v2\/categories?post=130"},{"taxonomy":"post_tag","embeddable":true,"href":"https:\/\/r-islam.com\/it\/wp-json\/wp\/v2\/tags?post=130"}],"curies":[{"name":"wp","href":"https:\/\/api.w.org\/{rel}","templated":true}]}}