{"id":246,"date":"2019-03-09T00:49:00","date_gmt":"2019-03-09T00:49:00","guid":{"rendered":"http:\/\/localhost\/rs\/it\/2019\/03\/09\/l-islam-non-e-imposto-con-la-spada3-i-gis-di-muhammad\/"},"modified":"2019-03-09T00:49:00","modified_gmt":"2019-03-09T00:49:00","slug":"l-islam-non-e-imposto-con-la-spada3-i-gis-di-muhammad","status":"publish","type":"post","link":"https:\/\/r-islam.com\/it\/l-islam-non-e-imposto-con-la-spada3-i-gis-di-muhammad\/","title":{"rendered":"l&#8217;islam non \u00e8 imposto con la spada3 \u201cI GI\u201fs di Muhammad\u201d"},"content":{"rendered":"<p style=\"text-align: center;\" align=\"center\"><img loading=\"lazy\" decoding=\"async\" class=\" size-full wp-image-245\" src=\"http:\/\/localhost\/rs\/it\/wp-content\/uploads\/sites\/6\/2019\/03\/3spada.png\" alt=\"\" width=\"500\" height=\"500\" srcset=\"https:\/\/r-islam.com\/it\/wp-content\/uploads\/sites\/6\/2019\/03\/3spada.png 500w, https:\/\/r-islam.com\/it\/wp-content\/uploads\/sites\/6\/2019\/03\/3spada-300x300.png 300w, https:\/\/r-islam.com\/it\/wp-content\/uploads\/sites\/6\/2019\/03\/3spada-150x150.png 150w\" sizes=\"auto, (max-width: 500px) 100vw, 500px\" \/><\/p>\n<p style=\"text-align: center;\"><span style=\"font-size: large;\"><span style=\"color: #0000ff;\"><span style=\"font-family: 'times new roman', times;\">\u201cI GI\u201fs di Muhammad\u201d<\/span><\/span><\/span><\/p>\n<p><span style=\"font-size: large;\"><span style=\"font-family: 'times new roman', times;\">Se i musulmani nel passato sono riusciti con la spada a spingere i popoli diversi a convertirsi all&#8217;Islam , e la gente per paura della forza dei musulmani si \u00e8 convertita contro voglia , che forza ha spinto migliaia dei soldati americani ben armati e ben addestrati a convertirsi all&#8217;Islam ?! <\/span><\/span><\/p>\n<p><span style=\"font-size: large;\"><span style=\"font-family: 'times new roman', times;\">Questa \u00e8 la domanda logica a cui ha cercato di rispondere l&#8217;articolo apparso sul Fifaro-Magazine del 13\/06\/1992 ,<\/span><\/span><\/p>\n<p><span style=\"font-size: large;\"><span style=\"font-family: 'times new roman', times;\"> l\u2019articolo cerca di trovare una spiegazione al fatto che nel giro di qualche mese di presenza in Arabia Saudita, circa 6000 soldati americani, \u201ci GI\u2019s\u201d, sono caduti, come mosche, &#8230; nella trappola dell\u2019Islam.<\/span><\/span><\/p>\n<p><span style=\"font-size: large;\"><span style=\"font-family: 'times new roman', times;\">In effetti, migliaia di americani, di afro-americani neri, bianchi o caucasici, si sono convertiti all\u2019Islam durante la Guerra del Golfo. <\/span><\/span><\/p>\n<p><span style=\"font-size: large;\"><span style=\"color: #0000ff;\"><span style=\"font-family: 'times new roman', times;\">Perch\u00e8? Sotto la minaccia di quale spada? <\/span><\/span><\/span><\/p>\n<p><span style=\"font-size: large;\"><span style=\"font-family: 'times new roman', times;\">Qual\u2019\u00e8 dunque, questa forza, questa sciabola sguainata, che spingono questi americani a leggere il Corano con l\u2019accento del Texas? <\/span><\/span><\/p>\n<p><span style=\"font-size: large;\"><span style=\"font-family: 'times new roman', times;\">Due risposte, tra le altre, estratte dall\u2019articolo di: &#8211; Osman Danquah (ex- Osmond Danquah) afro-amenricano;<\/span><\/span><\/p>\n<p><span style=\"font-size: large;\"><span style=\"font-family: 'times new roman', times;\">&#8220;L\u2019Islam \u00e8 il miglior mezzo di struttura della vita, della societ\u00e0, della famiglia, soprattutto oggi, quando dappertutto nel mondo occidentale, i valori morali crollano, la cellula famigliare si frantuma, ed il razzismo riprende con forza.&#8221;<\/span><\/span><\/p>\n<p><span style=\"font-size: large;\"><span style=\"font-family: 'times new roman', times;\"> Abbracciai l\u2019Islam, quando avevo 18 anni, e feci la mia professione di fede a New York.<\/span><\/span><\/p>\n<p><span style=\"font-size: large;\"><span style=\"font-family: 'times new roman', times;\">Indipendentemente da questo, io comprendo, tuttavia, perch\u00e8 centinaia di GI\u2019s si sono convertiti durante la guerra del Golfo; nell\u2019Islam non ci sono immagini, Allah non e\u2019 n\u00e9 bianco, n\u00e9 nero, n\u00e9 uomo, n\u00e9 donna, n\u00e9 ricco, n\u00e9 povero.<\/span><\/span><\/p>\n<p><span style=\"font-size: large;\"><span style=\"font-family: 'times new roman', times;\"> Egli non appartiene ad un\u2019etnia superiore. Tutti sono uguali, per Lui.<\/span><\/span><\/p>\n<p><span style=\"font-size: large;\"><span style=\"font-family: 'times new roman', times;\">Questo \u00e8 il principio che ha prodotto queste conversioni. &#8211; Abdel Rahman [ex Sean P.Ward] americano caucasico: &#8220;spero di andare a vivere in Arabia Saudita, per essere pi\u00f9 vicino ai luoghi santi, inoltre l\u2019Islam non \u00e8 una religione razziale, Allah non ha colore.&#8221;<\/span><\/span><\/p>\n<p><span style=\"font-size: large;\"><span style=\"font-family: 'times new roman', times;\">Qui, negli Stati Uniti, le relazioni razziali non sono pressocch\u00e9 cambiate dopo 20 anni e le genti hanno fame.<\/span><\/span><\/p>\n<p><span style=\"font-size: large;\"><span style=\"font-family: 'times new roman', times;\"> Prima io ero cattolico e non comprendevo perch\u00e9 fosse necessario pregare anche i santi.<\/span><\/span><\/p>\n<p><span style=\"font-size: large;\"><span style=\"font-family: 'times new roman', times;\">Ho constatato che tutte le chiese protestanti si condannavano, s\u2019accusavano a vicenda di non avere sufficiente fede. <\/span><\/span><\/p>\n<p><span style=\"font-size: large;\"><span style=\"font-family: 'times new roman', times;\">Ognuna si credeva superiore all\u2019altra. L\u2019Islam \u00e8 una religione che si applica tutti i giorni. Con i cristiani, ci\u00f2, non \u00e8 che la domenica.\u201d<\/span><\/span><\/p>\n<p><span style=\"font-size: large;\"><a href=\"Fraintendimenti-attraverso-l-isalm\/564-L-Islam-non-%C3%A8-imposto-con-la-spada-1\"><span style=\"font-family: 'times new roman', times;\">parte prima<\/span><\/a><\/span><\/p>\n<p><span style=\"font-size: large;\"><a href=\"Fraintendimenti-attraverso-l-isalm\/571-L-Islam-non-%C3%A8-imposto-con-la-spada-2\"><span style=\"font-family: 'times new roman', times;\">parte seconda<\/span><\/a><\/span><\/p>\n<p style=\"margin: 0px 0px 15px; padding: 0px; border: 0px; outline: 0px; color: #666666; font-family: Helvetica, Arial, FreeSans, sans-serif; line-height: 20.390625px; text-align: justify !important;\"><span style=\"margin: 0px; padding: 0px; border: 0px; outline: 0px; font-size: large; background-color: transparent; background-position: initial initial; background-repeat: initial initial;\"><span style=\"margin: 0px; padding: 0px; border: 0px; outline: 0px; font-size: 18px; background-color: transparent; color: #ff0000;\"><span style=\"font-size: large;\"><span style=\"font-family: 'times new roman', times;\">La fonte :<\/span><\/span><\/span><\/span><\/p>\n<p style=\"margin: 0px 0px 15px; padding: 0px; border: 0px; outline: 0px; color: #666666; font-family: Helvetica, Arial, FreeSans, sans-serif; line-height: 20.390625px; text-align: justify !important;\"><span style=\"margin: 0px; padding: 0px; border: 0px; outline: 0px; font-size: large; background-color: transparent; background-position: initial initial; background-repeat: initial initial;\"><span style=\"margin: 0px; padding: 0px; border: 0px; outline: 0px; font-size: 18px; background-color: transparent; color: #ff0000;\"><span style=\"font-size: large;\"><span style=\"font-family: 'times new roman', times;\">islamhouse<\/span><\/span><\/span><\/span><\/p>\n","protected":false},"excerpt":{"rendered":"<p>\u201cI GI\u201fs di Muhammad\u201d Se i musulmani nel passato sono riusciti con la spada a spingere i popoli diversi a convertirsi all&#8217;Islam , e la gente per paura della forza dei musulmani si \u00e8 convertita contro voglia , che forza ha spinto migliaia dei soldati americani ben armati e ben addestrati a convertirsi all&#8217;Islam ?! &hellip;<\/p>\n","protected":false},"author":6,"featured_media":245,"comment_status":"open","ping_status":"open","sticky":false,"template":"","format":"standard","meta":{"om_disable_all_campaigns":false,"_monsterinsights_skip_tracking":false,"_monsterinsights_sitenote_active":false,"_monsterinsights_sitenote_note":"","_monsterinsights_sitenote_category":0,"_uf_show_specific_survey":0,"_uf_disable_surveys":false,"footnotes":""},"categories":[5],"tags":[],"class_list":["post-246","post","type-post","status-publish","format-standard","has-post-thumbnail","hentry","category-fraintendimenti-sull-islam"],"yoast_head":"<!-- This site is optimized with the Yoast SEO plugin v27.4 - https:\/\/yoast.com\/product\/yoast-seo-wordpress\/ -->\n<title>l&#039;islam non \u00e8 imposto con la spada3 \u201cI GI\u201fs di Muhammad\u201d - II vero Islam II vero Islam<\/title>\n<meta name=\"description\" content=\"l&#039;islam non \u00e8 imposto con la spada3 \u201cI GI\u201fs di Muhammad\u201d II vero Islam %\" \/>\n<meta name=\"robots\" content=\"index, follow, max-snippet:-1, max-image-preview:large, max-video-preview:-1\" \/>\n<link rel=\"canonical\" href=\"https:\/\/r-islam.com\/it\/l-islam-non-e-imposto-con-la-spada3-i-gis-di-muhammad\/\" \/>\n<meta property=\"og:locale\" content=\"it_IT\" \/>\n<meta property=\"og:type\" content=\"article\" \/>\n<meta property=\"og:title\" content=\"l&#039;islam non \u00e8 imposto con la spada3 \u201cI GI\u201fs di Muhammad\u201d - II vero Islam II vero Islam\" \/>\n<meta property=\"og:description\" content=\"l&#039;islam non \u00e8 imposto con la spada3 \u201cI GI\u201fs di Muhammad\u201d II vero Islam %\" \/>\n<meta property=\"og:url\" content=\"https:\/\/r-islam.com\/it\/l-islam-non-e-imposto-con-la-spada3-i-gis-di-muhammad\/\" \/>\n<meta property=\"og:site_name\" content=\"II vero Islam\" \/>\n<meta property=\"article:published_time\" content=\"2019-03-09T00:49:00+00:00\" \/>\n<meta property=\"og:image\" content=\"https:\/\/r-islam.com\/it\/wp-content\/uploads\/sites\/6\/2019\/03\/3spada.png\" \/>\n\t<meta property=\"og:image:width\" content=\"500\" \/>\n\t<meta property=\"og:image:height\" content=\"500\" \/>\n\t<meta property=\"og:image:type\" content=\"image\/png\" \/>\n<meta name=\"author\" content=\"Right Islam\" \/>\n<meta name=\"twitter:card\" content=\"summary_large_image\" \/>\n<meta name=\"twitter:label1\" content=\"Scritto da\" \/>\n\t<meta name=\"twitter:data1\" content=\"Right Islam\" \/>\n\t<meta name=\"twitter:label2\" content=\"Tempo di lettura stimato\" \/>\n\t<meta name=\"twitter:data2\" content=\"2 minuti\" \/>\n<script type=\"application\/ld+json\" class=\"yoast-schema-graph\">{\"@context\":\"https:\\\/\\\/schema.org\",\"@graph\":[{\"@type\":\"Article\",\"@id\":\"https:\\\/\\\/r-islam.com\\\/it\\\/l-islam-non-e-imposto-con-la-spada3-i-gis-di-muhammad\\\/#article\",\"isPartOf\":{\"@id\":\"https:\\\/\\\/r-islam.com\\\/it\\\/l-islam-non-e-imposto-con-la-spada3-i-gis-di-muhammad\\\/\"},\"author\":{\"name\":\"Right Islam\",\"@id\":\"https:\\\/\\\/r-islam.com\\\/it\\\/#\\\/schema\\\/person\\\/92de7dae6e843a9ee2e94aa4a9b5133d\"},\"headline\":\"l&#8217;islam non \u00e8 imposto con la spada3 \u201cI GI\u201fs di Muhammad\u201d\",\"datePublished\":\"2019-03-09T00:49:00+00:00\",\"mainEntityOfPage\":{\"@id\":\"https:\\\/\\\/r-islam.com\\\/it\\\/l-islam-non-e-imposto-con-la-spada3-i-gis-di-muhammad\\\/\"},\"wordCount\":403,\"commentCount\":0,\"publisher\":{\"@id\":\"https:\\\/\\\/r-islam.com\\\/it\\\/#organization\"},\"image\":{\"@id\":\"https:\\\/\\\/r-islam.com\\\/it\\\/l-islam-non-e-imposto-con-la-spada3-i-gis-di-muhammad\\\/#primaryimage\"},\"thumbnailUrl\":\"https:\\\/\\\/r-islam.com\\\/it\\\/wp-content\\\/uploads\\\/sites\\\/6\\\/2019\\\/03\\\/3spada.png\",\"articleSection\":[\"Fraintendimenti sull'Islam\"],\"inLanguage\":\"it-IT\",\"potentialAction\":[{\"@type\":\"CommentAction\",\"name\":\"Comment\",\"target\":[\"https:\\\/\\\/r-islam.com\\\/it\\\/l-islam-non-e-imposto-con-la-spada3-i-gis-di-muhammad\\\/#respond\"]}]},{\"@type\":\"WebPage\",\"@id\":\"https:\\\/\\\/r-islam.com\\\/it\\\/l-islam-non-e-imposto-con-la-spada3-i-gis-di-muhammad\\\/\",\"url\":\"https:\\\/\\\/r-islam.com\\\/it\\\/l-islam-non-e-imposto-con-la-spada3-i-gis-di-muhammad\\\/\",\"name\":\"l'islam non \u00e8 imposto con la spada3 \u201cI GI\u201fs di Muhammad\u201d - II vero Islam II vero Islam\",\"isPartOf\":{\"@id\":\"https:\\\/\\\/r-islam.com\\\/it\\\/#website\"},\"primaryImageOfPage\":{\"@id\":\"https:\\\/\\\/r-islam.com\\\/it\\\/l-islam-non-e-imposto-con-la-spada3-i-gis-di-muhammad\\\/#primaryimage\"},\"image\":{\"@id\":\"https:\\\/\\\/r-islam.com\\\/it\\\/l-islam-non-e-imposto-con-la-spada3-i-gis-di-muhammad\\\/#primaryimage\"},\"thumbnailUrl\":\"https:\\\/\\\/r-islam.com\\\/it\\\/wp-content\\\/uploads\\\/sites\\\/6\\\/2019\\\/03\\\/3spada.png\",\"datePublished\":\"2019-03-09T00:49:00+00:00\",\"description\":\"l'islam non \u00e8 imposto con la spada3 \u201cI GI\u201fs di Muhammad\u201d II vero Islam %\",\"breadcrumb\":{\"@id\":\"https:\\\/\\\/r-islam.com\\\/it\\\/l-islam-non-e-imposto-con-la-spada3-i-gis-di-muhammad\\\/#breadcrumb\"},\"inLanguage\":\"it-IT\",\"potentialAction\":[{\"@type\":\"ReadAction\",\"target\":[\"https:\\\/\\\/r-islam.com\\\/it\\\/l-islam-non-e-imposto-con-la-spada3-i-gis-di-muhammad\\\/\"]}]},{\"@type\":\"ImageObject\",\"inLanguage\":\"it-IT\",\"@id\":\"https:\\\/\\\/r-islam.com\\\/it\\\/l-islam-non-e-imposto-con-la-spada3-i-gis-di-muhammad\\\/#primaryimage\",\"url\":\"https:\\\/\\\/r-islam.com\\\/it\\\/wp-content\\\/uploads\\\/sites\\\/6\\\/2019\\\/03\\\/3spada.png\",\"contentUrl\":\"https:\\\/\\\/r-islam.com\\\/it\\\/wp-content\\\/uploads\\\/sites\\\/6\\\/2019\\\/03\\\/3spada.png\",\"width\":500,\"height\":500},{\"@type\":\"BreadcrumbList\",\"@id\":\"https:\\\/\\\/r-islam.com\\\/it\\\/l-islam-non-e-imposto-con-la-spada3-i-gis-di-muhammad\\\/#breadcrumb\",\"itemListElement\":[{\"@type\":\"ListItem\",\"position\":1,\"name\":\"Home\",\"item\":\"https:\\\/\\\/r-islam.com\\\/it\\\/\"},{\"@type\":\"ListItem\",\"position\":2,\"name\":\"l&#8217;islam non \u00e8 imposto con la spada3 \u201cI GI\u201fs di Muhammad\u201d\"}]},{\"@type\":\"WebSite\",\"@id\":\"https:\\\/\\\/r-islam.com\\\/it\\\/#website\",\"url\":\"https:\\\/\\\/r-islam.com\\\/it\\\/\",\"name\":\"II vero Islam\",\"description\":\"\",\"publisher\":{\"@id\":\"https:\\\/\\\/r-islam.com\\\/it\\\/#organization\"},\"potentialAction\":[{\"@type\":\"SearchAction\",\"target\":{\"@type\":\"EntryPoint\",\"urlTemplate\":\"https:\\\/\\\/r-islam.com\\\/it\\\/?s={search_term_string}\"},\"query-input\":{\"@type\":\"PropertyValueSpecification\",\"valueRequired\":true,\"valueName\":\"search_term_string\"}}],\"inLanguage\":\"it-IT\"},{\"@type\":\"Organization\",\"@id\":\"https:\\\/\\\/r-islam.com\\\/it\\\/#organization\",\"name\":\"II vero Islam\",\"url\":\"https:\\\/\\\/r-islam.com\\\/it\\\/\",\"logo\":{\"@type\":\"ImageObject\",\"inLanguage\":\"it-IT\",\"@id\":\"https:\\\/\\\/r-islam.com\\\/it\\\/#\\\/schema\\\/logo\\\/image\\\/\",\"url\":\"https:\\\/\\\/r-islam.com\\\/it\\\/wp-content\\\/uploads\\\/sites\\\/6\\\/2024\\\/02\\\/cropped-logo-small.jpg\",\"contentUrl\":\"https:\\\/\\\/r-islam.com\\\/it\\\/wp-content\\\/uploads\\\/sites\\\/6\\\/2024\\\/02\\\/cropped-logo-small.jpg\",\"width\":512,\"height\":512,\"caption\":\"II vero Islam\"},\"image\":{\"@id\":\"https:\\\/\\\/r-islam.com\\\/it\\\/#\\\/schema\\\/logo\\\/image\\\/\"}},{\"@type\":\"Person\",\"@id\":\"https:\\\/\\\/r-islam.com\\\/it\\\/#\\\/schema\\\/person\\\/92de7dae6e843a9ee2e94aa4a9b5133d\",\"name\":\"Right Islam\",\"image\":{\"@type\":\"ImageObject\",\"inLanguage\":\"it-IT\",\"@id\":\"https:\\\/\\\/secure.gravatar.com\\\/avatar\\\/02bc82baefedb88212fdfbdbc558b74e6c80b15750921e0ebbcfc450427d426b?s=96&d=mm&r=g\",\"url\":\"https:\\\/\\\/secure.gravatar.com\\\/avatar\\\/02bc82baefedb88212fdfbdbc558b74e6c80b15750921e0ebbcfc450427d426b?s=96&d=mm&r=g\",\"contentUrl\":\"https:\\\/\\\/secure.gravatar.com\\\/avatar\\\/02bc82baefedb88212fdfbdbc558b74e6c80b15750921e0ebbcfc450427d426b?s=96&d=mm&r=g\",\"caption\":\"Right Islam\"},\"url\":\"https:\\\/\\\/r-islam.com\\\/it\\\/author\\\/it-admin\\\/\"}]}<\/script>\n<!-- \/ Yoast SEO plugin. -->","yoast_head_json":{"title":"l'islam non \u00e8 imposto con la spada3 \u201cI GI\u201fs di Muhammad\u201d - II vero Islam II vero Islam","description":"l'islam non \u00e8 imposto con la spada3 \u201cI GI\u201fs di Muhammad\u201d II vero Islam %","robots":{"index":"index","follow":"follow","max-snippet":"max-snippet:-1","max-image-preview":"max-image-preview:large","max-video-preview":"max-video-preview:-1"},"canonical":"https:\/\/r-islam.com\/it\/l-islam-non-e-imposto-con-la-spada3-i-gis-di-muhammad\/","og_locale":"it_IT","og_type":"article","og_title":"l'islam non \u00e8 imposto con la spada3 \u201cI GI\u201fs di Muhammad\u201d - II vero Islam II vero Islam","og_description":"l'islam non \u00e8 imposto con la spada3 \u201cI GI\u201fs di Muhammad\u201d II vero Islam %","og_url":"https:\/\/r-islam.com\/it\/l-islam-non-e-imposto-con-la-spada3-i-gis-di-muhammad\/","og_site_name":"II vero Islam","article_published_time":"2019-03-09T00:49:00+00:00","og_image":[{"width":500,"height":500,"url":"https:\/\/r-islam.com\/it\/wp-content\/uploads\/sites\/6\/2019\/03\/3spada.png","type":"image\/png"}],"author":"Right Islam","twitter_card":"summary_large_image","twitter_misc":{"Scritto da":"Right Islam","Tempo di lettura stimato":"2 minuti"},"schema":{"@context":"https:\/\/schema.org","@graph":[{"@type":"Article","@id":"https:\/\/r-islam.com\/it\/l-islam-non-e-imposto-con-la-spada3-i-gis-di-muhammad\/#article","isPartOf":{"@id":"https:\/\/r-islam.com\/it\/l-islam-non-e-imposto-con-la-spada3-i-gis-di-muhammad\/"},"author":{"name":"Right Islam","@id":"https:\/\/r-islam.com\/it\/#\/schema\/person\/92de7dae6e843a9ee2e94aa4a9b5133d"},"headline":"l&#8217;islam non \u00e8 imposto con la spada3 \u201cI GI\u201fs di Muhammad\u201d","datePublished":"2019-03-09T00:49:00+00:00","mainEntityOfPage":{"@id":"https:\/\/r-islam.com\/it\/l-islam-non-e-imposto-con-la-spada3-i-gis-di-muhammad\/"},"wordCount":403,"commentCount":0,"publisher":{"@id":"https:\/\/r-islam.com\/it\/#organization"},"image":{"@id":"https:\/\/r-islam.com\/it\/l-islam-non-e-imposto-con-la-spada3-i-gis-di-muhammad\/#primaryimage"},"thumbnailUrl":"https:\/\/r-islam.com\/it\/wp-content\/uploads\/sites\/6\/2019\/03\/3spada.png","articleSection":["Fraintendimenti sull'Islam"],"inLanguage":"it-IT","potentialAction":[{"@type":"CommentAction","name":"Comment","target":["https:\/\/r-islam.com\/it\/l-islam-non-e-imposto-con-la-spada3-i-gis-di-muhammad\/#respond"]}]},{"@type":"WebPage","@id":"https:\/\/r-islam.com\/it\/l-islam-non-e-imposto-con-la-spada3-i-gis-di-muhammad\/","url":"https:\/\/r-islam.com\/it\/l-islam-non-e-imposto-con-la-spada3-i-gis-di-muhammad\/","name":"l'islam non \u00e8 imposto con la spada3 \u201cI GI\u201fs di Muhammad\u201d - II vero Islam II vero Islam","isPartOf":{"@id":"https:\/\/r-islam.com\/it\/#website"},"primaryImageOfPage":{"@id":"https:\/\/r-islam.com\/it\/l-islam-non-e-imposto-con-la-spada3-i-gis-di-muhammad\/#primaryimage"},"image":{"@id":"https:\/\/r-islam.com\/it\/l-islam-non-e-imposto-con-la-spada3-i-gis-di-muhammad\/#primaryimage"},"thumbnailUrl":"https:\/\/r-islam.com\/it\/wp-content\/uploads\/sites\/6\/2019\/03\/3spada.png","datePublished":"2019-03-09T00:49:00+00:00","description":"l'islam non \u00e8 imposto con la spada3 \u201cI GI\u201fs di Muhammad\u201d II vero Islam %","breadcrumb":{"@id":"https:\/\/r-islam.com\/it\/l-islam-non-e-imposto-con-la-spada3-i-gis-di-muhammad\/#breadcrumb"},"inLanguage":"it-IT","potentialAction":[{"@type":"ReadAction","target":["https:\/\/r-islam.com\/it\/l-islam-non-e-imposto-con-la-spada3-i-gis-di-muhammad\/"]}]},{"@type":"ImageObject","inLanguage":"it-IT","@id":"https:\/\/r-islam.com\/it\/l-islam-non-e-imposto-con-la-spada3-i-gis-di-muhammad\/#primaryimage","url":"https:\/\/r-islam.com\/it\/wp-content\/uploads\/sites\/6\/2019\/03\/3spada.png","contentUrl":"https:\/\/r-islam.com\/it\/wp-content\/uploads\/sites\/6\/2019\/03\/3spada.png","width":500,"height":500},{"@type":"BreadcrumbList","@id":"https:\/\/r-islam.com\/it\/l-islam-non-e-imposto-con-la-spada3-i-gis-di-muhammad\/#breadcrumb","itemListElement":[{"@type":"ListItem","position":1,"name":"Home","item":"https:\/\/r-islam.com\/it\/"},{"@type":"ListItem","position":2,"name":"l&#8217;islam non \u00e8 imposto con la spada3 \u201cI GI\u201fs di Muhammad\u201d"}]},{"@type":"WebSite","@id":"https:\/\/r-islam.com\/it\/#website","url":"https:\/\/r-islam.com\/it\/","name":"II vero Islam","description":"","publisher":{"@id":"https:\/\/r-islam.com\/it\/#organization"},"potentialAction":[{"@type":"SearchAction","target":{"@type":"EntryPoint","urlTemplate":"https:\/\/r-islam.com\/it\/?s={search_term_string}"},"query-input":{"@type":"PropertyValueSpecification","valueRequired":true,"valueName":"search_term_string"}}],"inLanguage":"it-IT"},{"@type":"Organization","@id":"https:\/\/r-islam.com\/it\/#organization","name":"II vero Islam","url":"https:\/\/r-islam.com\/it\/","logo":{"@type":"ImageObject","inLanguage":"it-IT","@id":"https:\/\/r-islam.com\/it\/#\/schema\/logo\/image\/","url":"https:\/\/r-islam.com\/it\/wp-content\/uploads\/sites\/6\/2024\/02\/cropped-logo-small.jpg","contentUrl":"https:\/\/r-islam.com\/it\/wp-content\/uploads\/sites\/6\/2024\/02\/cropped-logo-small.jpg","width":512,"height":512,"caption":"II vero Islam"},"image":{"@id":"https:\/\/r-islam.com\/it\/#\/schema\/logo\/image\/"}},{"@type":"Person","@id":"https:\/\/r-islam.com\/it\/#\/schema\/person\/92de7dae6e843a9ee2e94aa4a9b5133d","name":"Right Islam","image":{"@type":"ImageObject","inLanguage":"it-IT","@id":"https:\/\/secure.gravatar.com\/avatar\/02bc82baefedb88212fdfbdbc558b74e6c80b15750921e0ebbcfc450427d426b?s=96&d=mm&r=g","url":"https:\/\/secure.gravatar.com\/avatar\/02bc82baefedb88212fdfbdbc558b74e6c80b15750921e0ebbcfc450427d426b?s=96&d=mm&r=g","contentUrl":"https:\/\/secure.gravatar.com\/avatar\/02bc82baefedb88212fdfbdbc558b74e6c80b15750921e0ebbcfc450427d426b?s=96&d=mm&r=g","caption":"Right Islam"},"url":"https:\/\/r-islam.com\/it\/author\/it-admin\/"}]}},"_links":{"self":[{"href":"https:\/\/r-islam.com\/it\/wp-json\/wp\/v2\/posts\/246","targetHints":{"allow":["GET"]}}],"collection":[{"href":"https:\/\/r-islam.com\/it\/wp-json\/wp\/v2\/posts"}],"about":[{"href":"https:\/\/r-islam.com\/it\/wp-json\/wp\/v2\/types\/post"}],"author":[{"embeddable":true,"href":"https:\/\/r-islam.com\/it\/wp-json\/wp\/v2\/users\/6"}],"replies":[{"embeddable":true,"href":"https:\/\/r-islam.com\/it\/wp-json\/wp\/v2\/comments?post=246"}],"version-history":[{"count":0,"href":"https:\/\/r-islam.com\/it\/wp-json\/wp\/v2\/posts\/246\/revisions"}],"wp:featuredmedia":[{"embeddable":true,"href":"https:\/\/r-islam.com\/it\/wp-json\/wp\/v2\/media\/245"}],"wp:attachment":[{"href":"https:\/\/r-islam.com\/it\/wp-json\/wp\/v2\/media?parent=246"}],"wp:term":[{"taxonomy":"category","embeddable":true,"href":"https:\/\/r-islam.com\/it\/wp-json\/wp\/v2\/categories?post=246"},{"taxonomy":"post_tag","embeddable":true,"href":"https:\/\/r-islam.com\/it\/wp-json\/wp\/v2\/tags?post=246"}],"curies":[{"name":"wp","href":"https:\/\/api.w.org\/{rel}","templated":true}]}}