{"id":290,"date":"2016-12-28T11:11:00","date_gmt":"2016-12-28T11:11:00","guid":{"rendered":"http:\/\/localhost\/rs\/it\/2016\/12\/28\/la-storia-di-ayesha-dal-vaticano-alla-mecca\/"},"modified":"2016-12-28T11:11:00","modified_gmt":"2016-12-28T11:11:00","slug":"la-storia-di-ayesha-dal-vaticano-alla-mecca","status":"publish","type":"post","link":"https:\/\/r-islam.com\/it\/la-storia-di-ayesha-dal-vaticano-alla-mecca\/","title":{"rendered":"La storia di Ayesha: dal Vaticano alla Mecca"},"content":{"rendered":"<p style=\"text-align: center;\"><img loading=\"lazy\" decoding=\"async\" class=\" size-full wp-image-289\" src=\"http:\/\/localhost\/rs\/it\/wp-content\/uploads\/sites\/6\/2016\/12\/la%20storia%20di%20ayesha%20dal%20vaticano%20alla%20mecca.jpg\" alt=\"\" border=\"0\" width=\"425\" height=\"283\" \/><\/p>\n<p style=\"text-align: justify;\"><span style=\"font-size: large;\"><span style=\"color: #0000ff;\">La storia di Ayesha: dal Vaticano alla Mecca <\/span><\/span><\/p>\n<p style=\"text-align: justify;\"><span style=\"font-size: large;\">Come ho abbracciato l\u2019Islam\u2026 ho lasciato la mia citt\u00e0 natale in gennaio 1998. Volevo studiare l\u2019Inglese a Londra per poi trovare lavoro una volta tornata a casa. L\u2019idea era di diventare una guida turistica a Roma o in giro per l\u2019Italia.<\/span><\/p>\n<p style=\"text-align: justify;\"><span style=\"font-size: large;\"> La lingua di cui avevo pi\u00f9 bisogno era l\u2019Inglese. Cos\u00ec lasciai l\u2019Italia. Avevo solo diciotto anni e non conoscevo nessuno a Londra, ma era un\u2019avventura\u2026<\/span><\/p>\n<p style=\"text-align: justify;\"><span style=\"font-size: large;\">Una volta arrivata a Londra, iniziai a cercare un posto dove stare\u2026 s\u00ec, lo so, \u00e8 da pazzi! Ma davvero non conoscevo proprio nessuno\u2026 alla fine trovai un posto per passare la notte.<\/span><\/p>\n<p style=\"text-align: justify;\"><span style=\"font-size: large;\"> Il giorno dopo mi misi immediatamente alla ricerca di un lavoro e di una scuola. I giorni passavano e la mia preoccupazione cresceva perch\u00e9 non trovavo lavoro e i soldi che avevo se ne stavano andando velocemente. <\/span><\/p>\n<p style=\"text-align: justify;\"><span style=\"font-size: large;\">Mi ritrovai in una cappella in centro a Londra e decisi di entrarvi a pregare. Ero molto triste e mi sentivo sola. Mi inginocchiai ed iniziai a pregare Dio. <\/span><\/p>\n<p style=\"text-align: justify;\"><span style=\"font-size: large;\">Non sono mai stata il tipo di Cristiana che pregava Ges\u00f9 (pace su di lui). Pregai solo Dio e Gli chiesi di aiutarmi.<\/span><\/p>\n<p style=\"text-align: justify;\"><span style=\"font-size: large;\"> Mentre pregavo il Signore piangendo, un sacerdote usc\u00ec e, sorpreso di vedere una ragazza che pregava e piangeva, venne a chiedermi se andava tutto bene. Mi disse di avere pazienza perch\u00e9 Dio ricompensa i pazienti. <\/span><\/p>\n<p style=\"text-align: justify;\"><span style=\"font-size: large;\">Mi sentii meglio e me ne andai; la mia preghiera di quel giorno sarebbe stata esaudita un anno e mezzo dopo.<\/span><\/p>\n<p style=\"text-align: justify;\"><span style=\"font-size: large;\">A questo punto fui sfrattata dal posto in cui abitavo perch\u00e9 non potevo pi\u00f9 pagare l\u2019affitto. Cos\u00ec dovetti fare i bagagli e mettermi in cerca di una nuova sistemazione.<\/span><\/p>\n<p style=\"text-align: justify;\"><span style=\"font-size: large;\"> Pi\u00f9 tardi quella sera incontrai alcune ragazze italiane. Mi invitarono a stare da loro in un ostello della giovent\u00f9. <\/span><\/p>\n<p style=\"text-align: justify;\"><span style=\"font-size: large;\">Era un ostello gestito da suore ed erano ammesse solo ragazze. In questo \u201cconvento\u201d, cominciai una nuova vita. <\/span><\/p>\n<p style=\"text-align: justify;\"><span style=\"font-size: large;\">Non sono mai stata una persona timida, infatti ero sempre l\u2019anima della festa; ma quell\u2019anno avrei ricevuto una sorpresa che avrebbe cambiato la mia vita per sempre!<\/span><\/p>\n<p style=\"text-align: justify;\"><span style=\"font-size: large;\">Per cominciare, trovai un lavoro, il che significava potermi permettere la retta della scuola di Inglese. <\/span><\/p>\n<p style=\"text-align: justify;\"><span style=\"font-size: large;\">Al lavoro conobbi alcuni Musulmani, persone molto gentili che trascorrevano ore parlando di Dio. <\/span><\/p>\n<p style=\"text-align: justify;\"><span style=\"font-size: large;\">Facevo loro domande sull\u2019Islam e sul Corano. A volte mi arrabbiavo perch\u00e9 dicevano che Ges\u00f9 (pace su di lui) non era Dio, e rispondevo: \u201cCosa?! Ma come puoi dire cos\u00ec?\u201d.<\/span><\/p>\n<p style=\"text-align: justify;\"><span style=\"font-size: large;\"> Passavo del tempo specialmente in compagnia di un ragazzo. Trascorrevamo pomeriggi interi in Hyde Park (un parco molto grande nel centro di Londra), parlando dell\u2019Islam. <\/span><\/p>\n<p style=\"text-align: justify;\"><span style=\"font-size: large;\">Comprai persino una Bibbia e difendevo la mia religione. Lui si portava il suo Corano per provare le sue affermazioni.<\/span><\/p>\n<p style=\"text-align: justify;\"><span style=\"font-size: large;\">Lo stesso ragazzo mi present\u00f2 alla sua famiglia e sua cognata mi parl\u00f2 dell\u2019Islam. Anche lei era una convertita e mi mostr\u00f2 alcune sue fotografie di quando era Sikh. <\/span><\/p>\n<p style=\"text-align: justify;\"><span style=\"font-size: large;\">Anche lei era l\u2019anima della festa. \u201cQuesta sono io adesso\u201d \u2013 pensai \u2013 la ammiravo perch\u00e9 aveva avuto il coraggio di cambiare la sua vita e la sua situazione in meglio. Era pura, rinata. Sentii che avevo bisogno di fare qualcosa.<\/span><\/p>\n<p style=\"text-align: justify;\"><span style=\"font-size: large;\">Cos\u00ec me ne andai. Mi aveva detto molte cose che mi avevano toccato il cuore. Ero paziente e credevo in Dio. <\/span><\/p>\n<p style=\"text-align: justify;\"><span style=\"font-size: large;\">Mentre camminavo verso casa quel giorno, sentii una chiamata: era l\u2019Adhaan (la chiamata alla preghiera) che mi risuonava nelle orecchie.<\/span><span style=\"font-size: large; line-height: 1.3em;\">Non avevo mai saputo della sua esistenza, n\u00e9 avevo mai sentito un suono cos\u00ec bello e melodioso. <\/span><\/p>\n<p style=\"text-align: justify;\"><span style=\"font-size: large; line-height: 1.3em;\">Allah mi stava chiamando al successo! (una delle frasi dell\u2019Adhaan \u00e8 \u201cVieni alla preghiera! Vieni verso il successo!\u201d, al tempo non lo sapevo).<\/span><\/p>\n<p style=\"text-align: justify;\"><span style=\"font-size: large;\">Cos\u00ec accettai la Sua chiamata \u2013 l\u2019invito di Dio \u2013 e una settimana dopo feci la mia Shahaadah (il giuramento che non vi \u00e8 altro Dio all\u2019infuori di Allah e che Muhammad \u2013 pace e benedizioni su di lui \u2013 \u00e8 il servo e l\u2019ultimo Messaggero di Allah).<\/span><\/p>\n<p style=\"text-align: justify;\"><span style=\"font-size: large;\">[Shahaadah: dopo aver pronunciato le parole della professione di fede con piena convinzione, si diventa musulmani, cio\u00e8 servi sottomessi a Dio].<\/span><\/p>\n<p style=\"text-align: justify;\"><span style=\"font-size: large;\">La mia invocazione quel giorno in quella cappella era: \u201cOh Allah, se davvero mi ami, guidami a ci\u00f2 che \u00e8 giusto. Amin.\u201d<\/span><\/p>\n<p style=\"text-align: justify;\"><span style=\"font-size: large;\"> Allah mi ha guidata perch\u00e9 mi ama, ma ci \u00e8 voluto pi\u00f9 di un anno di pazienza da parte mia per accettare l\u2019Islam come mio modo di vivere, la stessa \u201cpazienza\u201d (sabr in Arabo) di cui quel sacerdote parlava quel giorno nella cappella. La mia vita \u00e8 completamente cambiata.<\/span><\/p>\n<p style=\"text-align: justify;\"><span style=\"font-size: large;\">Andavo in discoteca e bevevo. Fumavo e prendevo droghe. Non c\u2019era mai una festa in citt\u00e0 a cui non partecipassi. <\/span><\/p>\n<p style=\"text-align: justify;\"><span style=\"font-size: large;\">La mia vita era molto triste; piena di amici, eppure solitaria. Allah mi ama: lo so con certezza perch\u00e9 mi ha salvata da quella vita! Mi ha salvata da una vita di tristezza, solitudine e infelicit\u00e0! Pi\u00f9 che benedetta, mi sento ONORATA che Allah abbia scelto me. <\/span><\/p>\n<p style=\"text-align: justify;\"><span style=\"font-size: large;\">Avrebbe potuto lasciarmi nella disperazione. Ero persa nell\u2019oscurit\u00e0. Chi mi conosceva da prima, ora mi guarda con rispetto. Ero l\u2019anima della festa e ora la mia anima la curo e la nutro.<\/span><\/p>\n<p style=\"text-align: justify;\"><span style=\"font-size: large;\">E che Allah guidi anche la mia famiglia. Amin.<\/span><\/p>\n<p style=\"text-align: justify;\"><span style=\"font-size: large;\">Ayesha (Roma)<\/span><\/p>\n<p style=\"text-align: justify;\"><span style=\"font-size: large;\"><span style=\"color: #ff0000;\">la font:<\/span><\/span><\/p>\n<p style=\"text-align: justify;\"><span style=\"font-size: large;\"><span style=\"color: #ff0000;\">aims-uk.org<\/span><\/span><\/p>\n<p>&nbsp;<\/p>\n","protected":false},"excerpt":{"rendered":"<p>La storia di Ayesha: dal Vaticano alla Mecca Come ho abbracciato l\u2019Islam\u2026 ho lasciato la mia citt\u00e0 natale in gennaio 1998. Volevo studiare l\u2019Inglese a Londra per poi trovare lavoro una volta tornata a casa. L\u2019idea era di diventare una guida turistica a Roma o in giro per l\u2019Italia. La lingua di cui avevo pi\u00f9 &hellip;<\/p>\n","protected":false},"author":6,"featured_media":289,"comment_status":"open","ping_status":"open","sticky":false,"template":"","format":"standard","meta":{"om_disable_all_campaigns":false,"_monsterinsights_skip_tracking":false,"_monsterinsights_sitenote_active":false,"_monsterinsights_sitenote_note":"","_monsterinsights_sitenote_category":0,"_uf_show_specific_survey":0,"_uf_disable_surveys":false,"footnotes":""},"categories":[13],"tags":[],"class_list":["post-290","post","type-post","status-publish","format-standard","has-post-thumbnail","hentry","category-donne-si-sono-convertiti-all-isalm"],"yoast_head":"<!-- This site is optimized with the Yoast SEO plugin v27.5 - https:\/\/yoast.com\/product\/yoast-seo-wordpress\/ -->\n<title>La storia di Ayesha: dal Vaticano alla Mecca - II vero Islam II vero Islam<\/title>\n<meta name=\"description\" content=\"La storia di Ayesha: dal Vaticano alla Mecca II vero Islam %\" \/>\n<meta name=\"robots\" content=\"index, follow, max-snippet:-1, max-image-preview:large, max-video-preview:-1\" \/>\n<link rel=\"canonical\" href=\"https:\/\/r-islam.com\/it\/la-storia-di-ayesha-dal-vaticano-alla-mecca\/\" \/>\n<meta property=\"og:locale\" content=\"it_IT\" \/>\n<meta property=\"og:type\" content=\"article\" \/>\n<meta property=\"og:title\" content=\"La storia di Ayesha: dal Vaticano alla Mecca - II vero Islam II vero Islam\" \/>\n<meta property=\"og:description\" content=\"La storia di Ayesha: dal Vaticano alla Mecca II vero Islam %\" \/>\n<meta property=\"og:url\" content=\"https:\/\/r-islam.com\/it\/la-storia-di-ayesha-dal-vaticano-alla-mecca\/\" \/>\n<meta property=\"og:site_name\" content=\"II vero Islam\" \/>\n<meta property=\"article:published_time\" content=\"2016-12-28T11:11:00+00:00\" \/>\n<meta property=\"og:image\" content=\"https:\/\/r-islam.com\/it\/wp-content\/uploads\/sites\/6\/2016\/12\/la%20storia%20di%20ayesha%20dal%20vaticano%20alla%20mecca.jpg\" \/>\n\t<meta property=\"og:image:width\" content=\"425\" \/>\n\t<meta property=\"og:image:height\" content=\"283\" \/>\n\t<meta property=\"og:image:type\" content=\"image\/jpeg\" \/>\n<meta name=\"author\" content=\"Right Islam\" \/>\n<meta name=\"twitter:card\" content=\"summary_large_image\" \/>\n<meta name=\"twitter:label1\" content=\"Scritto da\" \/>\n\t<meta name=\"twitter:data1\" content=\"Right Islam\" \/>\n\t<meta name=\"twitter:label2\" content=\"Tempo di lettura stimato\" \/>\n\t<meta name=\"twitter:data2\" content=\"4 minuti\" \/>\n<script type=\"application\/ld+json\" class=\"yoast-schema-graph\">{\"@context\":\"https:\\\/\\\/schema.org\",\"@graph\":[{\"@type\":\"Article\",\"@id\":\"https:\\\/\\\/r-islam.com\\\/it\\\/la-storia-di-ayesha-dal-vaticano-alla-mecca\\\/#article\",\"isPartOf\":{\"@id\":\"https:\\\/\\\/r-islam.com\\\/it\\\/la-storia-di-ayesha-dal-vaticano-alla-mecca\\\/\"},\"author\":{\"name\":\"Right Islam\",\"@id\":\"https:\\\/\\\/r-islam.com\\\/it\\\/#\\\/schema\\\/person\\\/92de7dae6e843a9ee2e94aa4a9b5133d\"},\"headline\":\"La storia di Ayesha: dal Vaticano alla Mecca\",\"datePublished\":\"2016-12-28T11:11:00+00:00\",\"mainEntityOfPage\":{\"@id\":\"https:\\\/\\\/r-islam.com\\\/it\\\/la-storia-di-ayesha-dal-vaticano-alla-mecca\\\/\"},\"wordCount\":873,\"commentCount\":0,\"publisher\":{\"@id\":\"https:\\\/\\\/r-islam.com\\\/it\\\/#organization\"},\"image\":{\"@id\":\"https:\\\/\\\/r-islam.com\\\/it\\\/la-storia-di-ayesha-dal-vaticano-alla-mecca\\\/#primaryimage\"},\"thumbnailUrl\":\"https:\\\/\\\/r-islam.com\\\/it\\\/wp-content\\\/uploads\\\/sites\\\/6\\\/2016\\\/12\\\/la storia di ayesha dal vaticano alla mecca.jpg\",\"articleSection\":[\"Donne si sono convertiti all'isalm\"],\"inLanguage\":\"it-IT\",\"potentialAction\":[{\"@type\":\"CommentAction\",\"name\":\"Comment\",\"target\":[\"https:\\\/\\\/r-islam.com\\\/it\\\/la-storia-di-ayesha-dal-vaticano-alla-mecca\\\/#respond\"]}]},{\"@type\":\"WebPage\",\"@id\":\"https:\\\/\\\/r-islam.com\\\/it\\\/la-storia-di-ayesha-dal-vaticano-alla-mecca\\\/\",\"url\":\"https:\\\/\\\/r-islam.com\\\/it\\\/la-storia-di-ayesha-dal-vaticano-alla-mecca\\\/\",\"name\":\"La storia di Ayesha: dal Vaticano alla Mecca - II vero Islam II vero Islam\",\"isPartOf\":{\"@id\":\"https:\\\/\\\/r-islam.com\\\/it\\\/#website\"},\"primaryImageOfPage\":{\"@id\":\"https:\\\/\\\/r-islam.com\\\/it\\\/la-storia-di-ayesha-dal-vaticano-alla-mecca\\\/#primaryimage\"},\"image\":{\"@id\":\"https:\\\/\\\/r-islam.com\\\/it\\\/la-storia-di-ayesha-dal-vaticano-alla-mecca\\\/#primaryimage\"},\"thumbnailUrl\":\"https:\\\/\\\/r-islam.com\\\/it\\\/wp-content\\\/uploads\\\/sites\\\/6\\\/2016\\\/12\\\/la storia di ayesha dal vaticano alla mecca.jpg\",\"datePublished\":\"2016-12-28T11:11:00+00:00\",\"description\":\"La storia di Ayesha: dal Vaticano alla Mecca II vero Islam %\",\"breadcrumb\":{\"@id\":\"https:\\\/\\\/r-islam.com\\\/it\\\/la-storia-di-ayesha-dal-vaticano-alla-mecca\\\/#breadcrumb\"},\"inLanguage\":\"it-IT\",\"potentialAction\":[{\"@type\":\"ReadAction\",\"target\":[\"https:\\\/\\\/r-islam.com\\\/it\\\/la-storia-di-ayesha-dal-vaticano-alla-mecca\\\/\"]}]},{\"@type\":\"ImageObject\",\"inLanguage\":\"it-IT\",\"@id\":\"https:\\\/\\\/r-islam.com\\\/it\\\/la-storia-di-ayesha-dal-vaticano-alla-mecca\\\/#primaryimage\",\"url\":\"https:\\\/\\\/r-islam.com\\\/it\\\/wp-content\\\/uploads\\\/sites\\\/6\\\/2016\\\/12\\\/la storia di ayesha dal vaticano alla mecca.jpg\",\"contentUrl\":\"https:\\\/\\\/r-islam.com\\\/it\\\/wp-content\\\/uploads\\\/sites\\\/6\\\/2016\\\/12\\\/la storia di ayesha dal vaticano alla mecca.jpg\",\"width\":425,\"height\":283},{\"@type\":\"BreadcrumbList\",\"@id\":\"https:\\\/\\\/r-islam.com\\\/it\\\/la-storia-di-ayesha-dal-vaticano-alla-mecca\\\/#breadcrumb\",\"itemListElement\":[{\"@type\":\"ListItem\",\"position\":1,\"name\":\"Home\",\"item\":\"https:\\\/\\\/r-islam.com\\\/it\\\/\"},{\"@type\":\"ListItem\",\"position\":2,\"name\":\"La storia di Ayesha: dal Vaticano alla Mecca\"}]},{\"@type\":\"WebSite\",\"@id\":\"https:\\\/\\\/r-islam.com\\\/it\\\/#website\",\"url\":\"https:\\\/\\\/r-islam.com\\\/it\\\/\",\"name\":\"II vero Islam\",\"description\":\"\",\"publisher\":{\"@id\":\"https:\\\/\\\/r-islam.com\\\/it\\\/#organization\"},\"potentialAction\":[{\"@type\":\"SearchAction\",\"target\":{\"@type\":\"EntryPoint\",\"urlTemplate\":\"https:\\\/\\\/r-islam.com\\\/it\\\/?s={search_term_string}\"},\"query-input\":{\"@type\":\"PropertyValueSpecification\",\"valueRequired\":true,\"valueName\":\"search_term_string\"}}],\"inLanguage\":\"it-IT\"},{\"@type\":\"Organization\",\"@id\":\"https:\\\/\\\/r-islam.com\\\/it\\\/#organization\",\"name\":\"II vero Islam\",\"url\":\"https:\\\/\\\/r-islam.com\\\/it\\\/\",\"logo\":{\"@type\":\"ImageObject\",\"inLanguage\":\"it-IT\",\"@id\":\"https:\\\/\\\/r-islam.com\\\/it\\\/#\\\/schema\\\/logo\\\/image\\\/\",\"url\":\"https:\\\/\\\/r-islam.com\\\/it\\\/wp-content\\\/uploads\\\/sites\\\/6\\\/2024\\\/02\\\/cropped-logo-small.jpg\",\"contentUrl\":\"https:\\\/\\\/r-islam.com\\\/it\\\/wp-content\\\/uploads\\\/sites\\\/6\\\/2024\\\/02\\\/cropped-logo-small.jpg\",\"width\":512,\"height\":512,\"caption\":\"II vero Islam\"},\"image\":{\"@id\":\"https:\\\/\\\/r-islam.com\\\/it\\\/#\\\/schema\\\/logo\\\/image\\\/\"}},{\"@type\":\"Person\",\"@id\":\"https:\\\/\\\/r-islam.com\\\/it\\\/#\\\/schema\\\/person\\\/92de7dae6e843a9ee2e94aa4a9b5133d\",\"name\":\"Right Islam\",\"image\":{\"@type\":\"ImageObject\",\"inLanguage\":\"it-IT\",\"@id\":\"https:\\\/\\\/secure.gravatar.com\\\/avatar\\\/02bc82baefedb88212fdfbdbc558b74e6c80b15750921e0ebbcfc450427d426b?s=96&d=mm&r=g\",\"url\":\"https:\\\/\\\/secure.gravatar.com\\\/avatar\\\/02bc82baefedb88212fdfbdbc558b74e6c80b15750921e0ebbcfc450427d426b?s=96&d=mm&r=g\",\"contentUrl\":\"https:\\\/\\\/secure.gravatar.com\\\/avatar\\\/02bc82baefedb88212fdfbdbc558b74e6c80b15750921e0ebbcfc450427d426b?s=96&d=mm&r=g\",\"caption\":\"Right Islam\"},\"url\":\"https:\\\/\\\/r-islam.com\\\/it\\\/author\\\/it-admin\\\/\"}]}<\/script>\n<!-- \/ Yoast SEO plugin. -->","yoast_head_json":{"title":"La storia di Ayesha: dal Vaticano alla Mecca - II vero Islam II vero Islam","description":"La storia di Ayesha: dal Vaticano alla Mecca II vero Islam %","robots":{"index":"index","follow":"follow","max-snippet":"max-snippet:-1","max-image-preview":"max-image-preview:large","max-video-preview":"max-video-preview:-1"},"canonical":"https:\/\/r-islam.com\/it\/la-storia-di-ayesha-dal-vaticano-alla-mecca\/","og_locale":"it_IT","og_type":"article","og_title":"La storia di Ayesha: dal Vaticano alla Mecca - II vero Islam II vero Islam","og_description":"La storia di Ayesha: dal Vaticano alla Mecca II vero Islam %","og_url":"https:\/\/r-islam.com\/it\/la-storia-di-ayesha-dal-vaticano-alla-mecca\/","og_site_name":"II vero Islam","article_published_time":"2016-12-28T11:11:00+00:00","og_image":[{"width":425,"height":283,"url":"https:\/\/r-islam.com\/it\/wp-content\/uploads\/sites\/6\/2016\/12\/la storia di ayesha dal vaticano alla mecca.jpg","type":"image\/jpeg"}],"author":"Right Islam","twitter_card":"summary_large_image","twitter_misc":{"Scritto da":"Right Islam","Tempo di lettura stimato":"4 minuti"},"schema":{"@context":"https:\/\/schema.org","@graph":[{"@type":"Article","@id":"https:\/\/r-islam.com\/it\/la-storia-di-ayesha-dal-vaticano-alla-mecca\/#article","isPartOf":{"@id":"https:\/\/r-islam.com\/it\/la-storia-di-ayesha-dal-vaticano-alla-mecca\/"},"author":{"name":"Right Islam","@id":"https:\/\/r-islam.com\/it\/#\/schema\/person\/92de7dae6e843a9ee2e94aa4a9b5133d"},"headline":"La storia di Ayesha: dal Vaticano alla Mecca","datePublished":"2016-12-28T11:11:00+00:00","mainEntityOfPage":{"@id":"https:\/\/r-islam.com\/it\/la-storia-di-ayesha-dal-vaticano-alla-mecca\/"},"wordCount":873,"commentCount":0,"publisher":{"@id":"https:\/\/r-islam.com\/it\/#organization"},"image":{"@id":"https:\/\/r-islam.com\/it\/la-storia-di-ayesha-dal-vaticano-alla-mecca\/#primaryimage"},"thumbnailUrl":"https:\/\/r-islam.com\/it\/wp-content\/uploads\/sites\/6\/2016\/12\/la storia di ayesha dal vaticano alla mecca.jpg","articleSection":["Donne si sono convertiti all'isalm"],"inLanguage":"it-IT","potentialAction":[{"@type":"CommentAction","name":"Comment","target":["https:\/\/r-islam.com\/it\/la-storia-di-ayesha-dal-vaticano-alla-mecca\/#respond"]}]},{"@type":"WebPage","@id":"https:\/\/r-islam.com\/it\/la-storia-di-ayesha-dal-vaticano-alla-mecca\/","url":"https:\/\/r-islam.com\/it\/la-storia-di-ayesha-dal-vaticano-alla-mecca\/","name":"La storia di Ayesha: dal Vaticano alla Mecca - II vero Islam II vero Islam","isPartOf":{"@id":"https:\/\/r-islam.com\/it\/#website"},"primaryImageOfPage":{"@id":"https:\/\/r-islam.com\/it\/la-storia-di-ayesha-dal-vaticano-alla-mecca\/#primaryimage"},"image":{"@id":"https:\/\/r-islam.com\/it\/la-storia-di-ayesha-dal-vaticano-alla-mecca\/#primaryimage"},"thumbnailUrl":"https:\/\/r-islam.com\/it\/wp-content\/uploads\/sites\/6\/2016\/12\/la storia di ayesha dal vaticano alla mecca.jpg","datePublished":"2016-12-28T11:11:00+00:00","description":"La storia di Ayesha: dal Vaticano alla Mecca II vero Islam %","breadcrumb":{"@id":"https:\/\/r-islam.com\/it\/la-storia-di-ayesha-dal-vaticano-alla-mecca\/#breadcrumb"},"inLanguage":"it-IT","potentialAction":[{"@type":"ReadAction","target":["https:\/\/r-islam.com\/it\/la-storia-di-ayesha-dal-vaticano-alla-mecca\/"]}]},{"@type":"ImageObject","inLanguage":"it-IT","@id":"https:\/\/r-islam.com\/it\/la-storia-di-ayesha-dal-vaticano-alla-mecca\/#primaryimage","url":"https:\/\/r-islam.com\/it\/wp-content\/uploads\/sites\/6\/2016\/12\/la storia di ayesha dal vaticano alla mecca.jpg","contentUrl":"https:\/\/r-islam.com\/it\/wp-content\/uploads\/sites\/6\/2016\/12\/la storia di ayesha dal vaticano alla mecca.jpg","width":425,"height":283},{"@type":"BreadcrumbList","@id":"https:\/\/r-islam.com\/it\/la-storia-di-ayesha-dal-vaticano-alla-mecca\/#breadcrumb","itemListElement":[{"@type":"ListItem","position":1,"name":"Home","item":"https:\/\/r-islam.com\/it\/"},{"@type":"ListItem","position":2,"name":"La storia di Ayesha: dal Vaticano alla Mecca"}]},{"@type":"WebSite","@id":"https:\/\/r-islam.com\/it\/#website","url":"https:\/\/r-islam.com\/it\/","name":"II vero Islam","description":"","publisher":{"@id":"https:\/\/r-islam.com\/it\/#organization"},"potentialAction":[{"@type":"SearchAction","target":{"@type":"EntryPoint","urlTemplate":"https:\/\/r-islam.com\/it\/?s={search_term_string}"},"query-input":{"@type":"PropertyValueSpecification","valueRequired":true,"valueName":"search_term_string"}}],"inLanguage":"it-IT"},{"@type":"Organization","@id":"https:\/\/r-islam.com\/it\/#organization","name":"II vero Islam","url":"https:\/\/r-islam.com\/it\/","logo":{"@type":"ImageObject","inLanguage":"it-IT","@id":"https:\/\/r-islam.com\/it\/#\/schema\/logo\/image\/","url":"https:\/\/r-islam.com\/it\/wp-content\/uploads\/sites\/6\/2024\/02\/cropped-logo-small.jpg","contentUrl":"https:\/\/r-islam.com\/it\/wp-content\/uploads\/sites\/6\/2024\/02\/cropped-logo-small.jpg","width":512,"height":512,"caption":"II vero Islam"},"image":{"@id":"https:\/\/r-islam.com\/it\/#\/schema\/logo\/image\/"}},{"@type":"Person","@id":"https:\/\/r-islam.com\/it\/#\/schema\/person\/92de7dae6e843a9ee2e94aa4a9b5133d","name":"Right Islam","image":{"@type":"ImageObject","inLanguage":"it-IT","@id":"https:\/\/secure.gravatar.com\/avatar\/02bc82baefedb88212fdfbdbc558b74e6c80b15750921e0ebbcfc450427d426b?s=96&d=mm&r=g","url":"https:\/\/secure.gravatar.com\/avatar\/02bc82baefedb88212fdfbdbc558b74e6c80b15750921e0ebbcfc450427d426b?s=96&d=mm&r=g","contentUrl":"https:\/\/secure.gravatar.com\/avatar\/02bc82baefedb88212fdfbdbc558b74e6c80b15750921e0ebbcfc450427d426b?s=96&d=mm&r=g","caption":"Right Islam"},"url":"https:\/\/r-islam.com\/it\/author\/it-admin\/"}]}},"_links":{"self":[{"href":"https:\/\/r-islam.com\/it\/wp-json\/wp\/v2\/posts\/290","targetHints":{"allow":["GET"]}}],"collection":[{"href":"https:\/\/r-islam.com\/it\/wp-json\/wp\/v2\/posts"}],"about":[{"href":"https:\/\/r-islam.com\/it\/wp-json\/wp\/v2\/types\/post"}],"author":[{"embeddable":true,"href":"https:\/\/r-islam.com\/it\/wp-json\/wp\/v2\/users\/6"}],"replies":[{"embeddable":true,"href":"https:\/\/r-islam.com\/it\/wp-json\/wp\/v2\/comments?post=290"}],"version-history":[{"count":0,"href":"https:\/\/r-islam.com\/it\/wp-json\/wp\/v2\/posts\/290\/revisions"}],"wp:featuredmedia":[{"embeddable":true,"href":"https:\/\/r-islam.com\/it\/wp-json\/wp\/v2\/media\/289"}],"wp:attachment":[{"href":"https:\/\/r-islam.com\/it\/wp-json\/wp\/v2\/media?parent=290"}],"wp:term":[{"taxonomy":"category","embeddable":true,"href":"https:\/\/r-islam.com\/it\/wp-json\/wp\/v2\/categories?post=290"},{"taxonomy":"post_tag","embeddable":true,"href":"https:\/\/r-islam.com\/it\/wp-json\/wp\/v2\/tags?post=290"}],"curies":[{"name":"wp","href":"https:\/\/api.w.org\/{rel}","templated":true}]}}