{"id":387,"date":"2021-11-02T03:40:00","date_gmt":"2021-11-02T03:40:00","guid":{"rendered":"http:\/\/localhost\/rs\/it\/2021\/11\/02\/la-preghiera-e-lamore-di-dio-sono-la-fonte-della-mia-forza\/"},"modified":"2021-11-02T03:40:00","modified_gmt":"2021-11-02T03:40:00","slug":"la-preghiera-e-lamore-di-dio-sono-la-fonte-della-mia-forza","status":"publish","type":"post","link":"https:\/\/r-islam.com\/it\/la-preghiera-e-lamore-di-dio-sono-la-fonte-della-mia-forza\/","title":{"rendered":"La preghiera e l\u2019amore di Dio sono la fonte della mia forza!"},"content":{"rendered":"<p style=\"text-align: center;\"><img loading=\"lazy\" decoding=\"async\" class=\" size-full wp-image-386\" src=\"http:\/\/localhost\/rs\/it\/wp-content\/uploads\/sites\/6\/2021\/11\/amosito.png\" alt=\"\" width=\"320\" height=\"320\" srcset=\"https:\/\/r-islam.com\/it\/wp-content\/uploads\/sites\/6\/2021\/11\/amosito.png 320w, https:\/\/r-islam.com\/it\/wp-content\/uploads\/sites\/6\/2021\/11\/amosito-300x300.png 300w, https:\/\/r-islam.com\/it\/wp-content\/uploads\/sites\/6\/2021\/11\/amosito-150x150.png 150w\" sizes=\"auto, (max-width: 320px) 100vw, 320px\" \/><\/p>\n<p style=\"text-align: center;\"><span style=\"font-size: 12pt; font-family: 'times new roman', times, serif;\"><span style=\"color: #0000ff;\">La preghiera e l\u2019amore di Dio sono la fonte della mia forza!<\/span><\/span><\/p>\n<p style=\"text-align: center;\"><span style=\"font-size: 12pt; font-family: 'times new roman', times, serif;\"><span style=\"color: #0000ff;\">Di Youssef Paolo Maggiore<\/span><\/span><\/p>\n<p style=\"text-align: justify;\"><span style=\"font-size: 12pt; font-family: 'times new roman', times, serif;\">Sono nato a Catania, ma vivo e lavoro dal 2005 In Tunisia. Da quasi tre anni mi sono convertito all\u2019Islam. <\/span><\/p>\n<p style=\"text-align: justify;\"><span style=\"font-size: 12pt; font-family: 'times new roman', times, serif;\">Mi sono convertito all\u2019Islam, seguendo un cammino spirituale e facendo tante esperienze di vita che mi hanno portato a fare la scelta della conversione all\u2019Islam, con molta sicurezza e profonda convinzione.<\/span><\/p>\n<p style=\"text-align: justify;\"><span style=\"font-size: 12pt; font-family: 'times new roman', times, serif;\">Sono stato cristiano praticante, ma non mi sono trovato mai soddisfatto e convinto di tale cammino, perch\u00e8 non mi trasmetteva nel cuore quella profondit\u00e0 e ricchezza spirituale che ho cercato per tutta la vita.<\/span><\/p>\n<p style=\"text-align: justify;\"><span style=\"font-size: 12pt; font-family: 'times new roman', times, serif;\">Sono stato sempre insofferente e triste nell\u2019osservare le profonde contraddizioni presenti nella Chiesa cattolica, che sembra dare una netta distinzione tra la vita quotidiana e la fede e l\u2019amore per Dio.<\/span><\/p>\n<p style=\"text-align: justify;\"><span style=\"font-size: 12pt; font-family: 'times new roman', times, serif;\">Un esempio concreto puo\u2019 essere quello della grande contraddizione della ricchezza materiale della Chiesa e della povert\u00e0 della gente che si trova fuori; della funzione religiosa domenicale, con una netta spaccatura della religione nella vita quotidiana, nella famiglia, nel lavoro, nella strada\u2026.<\/span><\/p>\n<p style=\"text-align: justify;\"><span style=\"font-size: 12pt; font-family: 'times new roman', times, serif;\">Per questo motivo, ho avuto sempre un grande bisogno di ricercare Dio nella mia vita, per tentare di alimentare il mio spirito con l\u2019amore di Dio, con la fede nel nostro Signore, che ci ha creato, ci guida, ci ama in ogni istante della nostra esistenza.<\/span><\/p>\n<p style=\"text-align: justify;\"><span style=\"font-size: 12pt; font-family: 'times new roman', times, serif;\">La mia ricerca spirituale mi ha portato a vivere diverse esperienze nel mondo del volontariato sociale.<br \/> E\u2019 importante conoscere la realt\u00e0 della vita, la sofferenza e il dolore che esistono in tante situazioni, molte volte a noi sconosciute.<\/span><\/p>\n<p style=\"text-align: justify;\"><span style=\"font-size: 12pt; font-family: 'times new roman', times, serif;\">Queste esperienze di volontariato mi hanno permesso di conoscere Dio e di donare tutto me stesso, <\/span><\/p>\n<p style=\"text-align: justify;\"><span style=\"font-size: 12pt; font-family: 'times new roman', times, serif;\">l\u2019amore che il nostro Signore ci ha dato, per cercare di trasmetterlo a chi vive in condizioni pi\u00f9 sfortunate di noi: persone povere, anziani bisognosi, bambini in difficolt\u00e0 familiari, immigrati,\u2026.<\/span><\/p>\n<p style=\"text-align: justify;\"><span style=\"font-size: 12pt; font-family: 'times new roman', times, serif;\">E\u2019 magnifico sentire Dio presente nella propria vita, vivere con lui quotidianamente, <\/span><\/p>\n<p style=\"text-align: justify;\"><span style=\"font-size: 12pt; font-family: 'times new roman', times, serif;\">avendo pertanto un comportamento onesto, trasparente, sincero ed un atteggiamento di apertura, ascolto, e un grande sentimento di amore per chi \u00e8 accanto a te, tutti coloro che incontri nel tuo cammino, la natura\u2026.amore per Dio, per la vita.<\/span><\/p>\n<p style=\"text-align: justify;\"><span style=\"font-size: 12pt; font-family: 'times new roman', times, serif;\">Pensare che la vita quotidiana sia staccata dalla pratica della religione e dall\u2019amore per Allah, per me non \u00e8 concepibile, \u00e8 triste.<\/span><\/p>\n<p style=\"text-align: justify;\"><span style=\"font-size: 12pt; font-family: 'times new roman', times, serif;\">Chi segue la pratica religiosa, chi crede e ama Dio, deve essere il primo a dare l\u2019esempio e a comportarsi nella vita quotidiana con correttezza, onest\u00e0, trasparenza, sincerit\u00e0, carit\u00e0.<\/span><\/p>\n<p style=\"text-align: justify;\"><span style=\"font-size: 12pt; font-family: 'times new roman', times, serif;\">Chi ama Dio non pu\u00f2 fermarsi al livello della preghiera, ma deve comportarsi in modo giusto e corretto nella propria famiglia, nel lavoro, per la strada\u2026<\/span><\/p>\n<p style=\"text-align: justify;\"><span style=\"font-size: 12pt; font-family: 'times new roman', times, serif;\">Chi ama Dio non pu\u00f2 restare chiuso nella propria ricchezza economica, quando di fronte ha migliaia di persone che sono povere e soffrono.<\/span><\/p>\n<p style=\"text-align: justify;\"><span style=\"font-size: 12pt; font-family: 'times new roman', times, serif;\">Chi ama Dio deve predicare tutto il Suo amore, ma non lasciare il suo discorso fermo alle parole, ma deve applicare quello che si dice e si sente nel cuore nella vita quotidiana.<\/span><\/p>\n<p style=\"text-align: justify;\"><span style=\"font-size: 12pt; font-family: 'times new roman', times, serif;\">L\u2019amore di Dio si trasmette a partire da un semplice sorriso, da una cortesia, fino al compimento di atti di pi\u00f9 importanti di condivisione, amore\u2026<\/span><\/p>\n<p style=\"text-align: justify;\"><span style=\"font-size: 12pt; font-family: 'times new roman', times, serif;\">Il mio cammino verso l\u2019Islam arriva da tempi remoti, quando vivevo in Italia.<\/span><\/p>\n<p style=\"text-align: justify;\"><span style=\"font-size: 12pt; font-family: 'times new roman', times, serif;\">Ero curioso di conoscere meglio l\u2019Islam,<\/span><\/p>\n<p style=\"text-align: justify;\"><span style=\"font-size: 12pt; font-family: 'times new roman', times, serif;\">Ho cosi\u2019 acquistato il Corano con la traduzione in italiano, per cominciare a studiare e capire di pi\u00f9 sull\u2019Islam.<\/span><\/p>\n<p style=\"text-align: justify;\"><span style=\"font-size: 12pt; font-family: 'times new roman', times, serif;\">Leggendo il Corano, avevo sempre pi\u00f9 desiderio di conoscere e comprendere pi\u00f9 a fondo, perch\u00e8 sentivo che nella religione dell\u2019Islam esiste molta spiritualit\u00e0.<\/span><\/p>\n<p style=\"text-align: justify;\"><span style=\"font-size: 12pt; font-family: 'times new roman', times, serif;\">Poi nel 2005 mi sono recato in Tunisia per lavoro e ho cercato di leggere molti pi\u00f9 libri, anche in francese, sulla cultura e religione islamica.<\/span><\/p>\n<p style=\"text-align: justify;\"><span style=\"font-size: 12pt; font-family: 'times new roman', times, serif;\">Dio ha voluto che nella mia vita facesse parte la mia attuale moglie, che con molta semplicit\u00e0, insieme alla sua famiglia, mi ha introdotto ed attirato in maniera pi\u00f9 concreta verso l\u2019Islam.<\/span><\/p>\n<p style=\"text-align: justify;\"><span style=\"font-size: 12pt; font-family: 'times new roman', times, serif;\">Sono stato felicissimo e sicurissimo di fare la scelta della conversione.<\/span><\/p>\n<p style=\"text-align: justify;\"><span style=\"font-size: 12pt; font-family: 'times new roman', times, serif;\">L\u2019essere musulmano per me \u00e8 il pi\u00f9 grande dono che Dio ha fatto alla mia vita, oltre quello del mio matrimonio.<\/span><\/p>\n<p style=\"text-align: justify;\"><span style=\"font-size: 12pt; font-family: 'times new roman', times, serif;\">Le preghiere che recito ogni giorno, nelle differenti ore della giornata, mi permettono di restare in continua e costante adorazione di Dio, anche durante il lavoro, in ferie, in famiglia\u2026 La preghiera mette in continuo contatto lo spirito, il cuore, con Dio.<\/span><\/p>\n<p style=\"text-align: justify;\"><span style=\"font-size: 12pt; font-family: 'times new roman', times, serif;\">E\u2019 una continua ricarica, il carburante, l\u2019ossigeno che da vita al mio cuore, al mio corpo, al mio spirito.<\/span><\/p>\n<p style=\"text-align: justify;\"><span style=\"font-size: 12pt; font-family: 'times new roman', times, serif;\">Ma la preghiera deve portare a cambiare sempre di pi\u00f9 il proprio comportamento, la propria vita, per trasmettere alle persone vicine tutto l\u2019amore e la forza che Dio ci dona.<\/span><\/p>\n<p style=\"text-align: justify;\"><span style=\"font-size: 12pt; font-family: 'times new roman', times, serif;\">Nell\u2019Isalm \u00a0io mi sento diventare sempre pi\u00f9 ricco spiritualmente e felice.<\/span><\/p>\n<p style=\"text-align: justify;\"><span style=\"font-size: 12pt; font-family: 'times new roman', times, serif;\">con la preghiera e l\u2019amore per Dio riesco a trovare la forza interiore e lo spirito per affrontare qualsiasi problema,.<\/span><\/p>\n<p style=\"text-align: justify;\"><span style=\"font-size: 12pt; font-family: 'times new roman', times, serif;\">La preghiera e l\u2019amore di Dio sono la fonte della mia forza e il cibo per il mio cuore, per lo spirito, durante ogni istante della vita.<\/span><\/p>\n<p style=\"text-align: justify;\"><span style=\"font-size: 12pt; font-family: 'times new roman', times, serif;\">Durante il Ramadhan sento il mio cuore scendere nel profondo per ascoltare e cercare di raggiungere la presenza e l\u2019amore per Allah nella nostra vita.<\/span><\/p>\n<p style=\"text-align: justify;\"><span style=\"font-size: 12pt; font-family: 'times new roman', times, serif;\">Sicuramente il Ramadhan \u00e8 un grande dono, insieme a quello della preghiera giornaliera, che i musulmani hanno la fortuna di vivere.<\/span><\/p>\n<p style=\"text-align: justify;\"><span style=\"font-size: 12pt; font-family: 'times new roman', times, serif;\">Per me la preghiera e il digiuno rappresentano la fonte essenziale e principale del musulmano, la base della nostra vita.<\/span><\/p>\n<p style=\"text-align: justify;\"><span style=\"font-size: 12pt; font-family: 'times new roman', times, serif;\">Senza aria noi moriremo, senza amore la vita muore. I valori dell\u2019amore e della gentilezza fanno parte dell\u2019essere musulmano..<br \/> L\u2019Islam per me \u00e8 la via che porta alla salvezza,<\/span><\/p>\n<p style=\"text-align: justify;\"><span style=\"font-size: 12pt; font-family: 'times new roman', times, serif;\">Prego Dio perch\u00e8 ci guidi verso la corretta via e che l\u2019amore e la pace sia sempre con tutti noi.<\/p>\n<p><\/span><\/p>\n<p style=\"text-align: justify;\"><span style=\"font-size: 12pt; font-family: 'times new roman', times, serif;\"><span style=\"color: #ff0000;\">La fonte:<\/span><\/span><\/p>\n<p style=\"text-align: justify;\"><span style=\"font-size: 12pt; font-family: 'times new roman', times, serif;\"><span style=\"color: #ff0000;\">Mondoislam.altervista.org<\/span><\/span><\/p>\n","protected":false},"excerpt":{"rendered":"<p>La preghiera e l\u2019amore di Dio sono la fonte della mia forza! Di Youssef Paolo Maggiore Sono nato a Catania, ma vivo e lavoro dal 2005 In Tunisia. Da quasi tre anni mi sono convertito all\u2019Islam. Mi sono convertito all\u2019Islam, seguendo un cammino spirituale e facendo tante esperienze di vita che mi hanno portato a &hellip;<\/p>\n","protected":false},"author":6,"featured_media":386,"comment_status":"open","ping_status":"open","sticky":false,"template":"","format":"standard","meta":{"om_disable_all_campaigns":false,"_monsterinsights_skip_tracking":false,"_monsterinsights_sitenote_active":false,"_monsterinsights_sitenote_note":"","_monsterinsights_sitenote_category":0,"_uf_show_specific_survey":0,"_uf_disable_surveys":false,"footnotes":""},"categories":[12],"tags":[],"class_list":["post-387","post","type-post","status-publish","format-standard","has-post-thumbnail","hentry","category-uomini-si-sono-convertiti-all-isalm"],"yoast_head":"<!-- This site is optimized with the Yoast SEO plugin v27.5 - https:\/\/yoast.com\/product\/yoast-seo-wordpress\/ -->\n<title>La preghiera e l\u2019amore di Dio sono la fonte della mia forza! - II vero Islam II vero Islam<\/title>\n<meta name=\"description\" content=\"La preghiera e l\u2019amore di Dio sono la fonte della mia forza! II vero Islam %\" \/>\n<meta name=\"robots\" content=\"index, follow, max-snippet:-1, max-image-preview:large, max-video-preview:-1\" \/>\n<link rel=\"canonical\" href=\"https:\/\/r-islam.com\/it\/la-preghiera-e-lamore-di-dio-sono-la-fonte-della-mia-forza\/\" \/>\n<meta property=\"og:locale\" content=\"it_IT\" \/>\n<meta property=\"og:type\" content=\"article\" \/>\n<meta property=\"og:title\" content=\"La preghiera e l\u2019amore di Dio sono la fonte della mia forza! - II vero Islam II vero Islam\" \/>\n<meta property=\"og:description\" content=\"La preghiera e l\u2019amore di Dio sono la fonte della mia forza! II vero Islam %\" \/>\n<meta property=\"og:url\" content=\"https:\/\/r-islam.com\/it\/la-preghiera-e-lamore-di-dio-sono-la-fonte-della-mia-forza\/\" \/>\n<meta property=\"og:site_name\" content=\"II vero Islam\" \/>\n<meta property=\"article:published_time\" content=\"2021-11-02T03:40:00+00:00\" \/>\n<meta property=\"og:image\" content=\"https:\/\/r-islam.com\/it\/wp-content\/uploads\/sites\/6\/2021\/11\/amosito.png\" \/>\n\t<meta property=\"og:image:width\" content=\"320\" \/>\n\t<meta property=\"og:image:height\" content=\"320\" \/>\n\t<meta property=\"og:image:type\" content=\"image\/png\" \/>\n<meta name=\"author\" content=\"Right Islam\" \/>\n<meta name=\"twitter:card\" content=\"summary_large_image\" \/>\n<meta name=\"twitter:label1\" content=\"Scritto da\" \/>\n\t<meta name=\"twitter:data1\" content=\"Right Islam\" \/>\n\t<meta name=\"twitter:label2\" content=\"Tempo di lettura stimato\" \/>\n\t<meta name=\"twitter:data2\" content=\"5 minuti\" \/>\n<script type=\"application\/ld+json\" class=\"yoast-schema-graph\">{\"@context\":\"https:\\\/\\\/schema.org\",\"@graph\":[{\"@type\":\"Article\",\"@id\":\"https:\\\/\\\/r-islam.com\\\/it\\\/la-preghiera-e-lamore-di-dio-sono-la-fonte-della-mia-forza\\\/#article\",\"isPartOf\":{\"@id\":\"https:\\\/\\\/r-islam.com\\\/it\\\/la-preghiera-e-lamore-di-dio-sono-la-fonte-della-mia-forza\\\/\"},\"author\":{\"name\":\"Right Islam\",\"@id\":\"https:\\\/\\\/r-islam.com\\\/it\\\/#\\\/schema\\\/person\\\/92de7dae6e843a9ee2e94aa4a9b5133d\"},\"headline\":\"La preghiera e l\u2019amore di Dio sono la fonte della mia forza!\",\"datePublished\":\"2021-11-02T03:40:00+00:00\",\"mainEntityOfPage\":{\"@id\":\"https:\\\/\\\/r-islam.com\\\/it\\\/la-preghiera-e-lamore-di-dio-sono-la-fonte-della-mia-forza\\\/\"},\"wordCount\":966,\"commentCount\":0,\"publisher\":{\"@id\":\"https:\\\/\\\/r-islam.com\\\/it\\\/#organization\"},\"image\":{\"@id\":\"https:\\\/\\\/r-islam.com\\\/it\\\/la-preghiera-e-lamore-di-dio-sono-la-fonte-della-mia-forza\\\/#primaryimage\"},\"thumbnailUrl\":\"https:\\\/\\\/r-islam.com\\\/it\\\/wp-content\\\/uploads\\\/sites\\\/6\\\/2021\\\/11\\\/amosito.png\",\"articleSection\":[\"Uomini si sono convertiti all'isalm\"],\"inLanguage\":\"it-IT\",\"potentialAction\":[{\"@type\":\"CommentAction\",\"name\":\"Comment\",\"target\":[\"https:\\\/\\\/r-islam.com\\\/it\\\/la-preghiera-e-lamore-di-dio-sono-la-fonte-della-mia-forza\\\/#respond\"]}]},{\"@type\":\"WebPage\",\"@id\":\"https:\\\/\\\/r-islam.com\\\/it\\\/la-preghiera-e-lamore-di-dio-sono-la-fonte-della-mia-forza\\\/\",\"url\":\"https:\\\/\\\/r-islam.com\\\/it\\\/la-preghiera-e-lamore-di-dio-sono-la-fonte-della-mia-forza\\\/\",\"name\":\"La preghiera e l\u2019amore di Dio sono la fonte della mia forza! - II vero Islam II vero Islam\",\"isPartOf\":{\"@id\":\"https:\\\/\\\/r-islam.com\\\/it\\\/#website\"},\"primaryImageOfPage\":{\"@id\":\"https:\\\/\\\/r-islam.com\\\/it\\\/la-preghiera-e-lamore-di-dio-sono-la-fonte-della-mia-forza\\\/#primaryimage\"},\"image\":{\"@id\":\"https:\\\/\\\/r-islam.com\\\/it\\\/la-preghiera-e-lamore-di-dio-sono-la-fonte-della-mia-forza\\\/#primaryimage\"},\"thumbnailUrl\":\"https:\\\/\\\/r-islam.com\\\/it\\\/wp-content\\\/uploads\\\/sites\\\/6\\\/2021\\\/11\\\/amosito.png\",\"datePublished\":\"2021-11-02T03:40:00+00:00\",\"description\":\"La preghiera e l\u2019amore di Dio sono la fonte della mia forza! II vero Islam %\",\"breadcrumb\":{\"@id\":\"https:\\\/\\\/r-islam.com\\\/it\\\/la-preghiera-e-lamore-di-dio-sono-la-fonte-della-mia-forza\\\/#breadcrumb\"},\"inLanguage\":\"it-IT\",\"potentialAction\":[{\"@type\":\"ReadAction\",\"target\":[\"https:\\\/\\\/r-islam.com\\\/it\\\/la-preghiera-e-lamore-di-dio-sono-la-fonte-della-mia-forza\\\/\"]}]},{\"@type\":\"ImageObject\",\"inLanguage\":\"it-IT\",\"@id\":\"https:\\\/\\\/r-islam.com\\\/it\\\/la-preghiera-e-lamore-di-dio-sono-la-fonte-della-mia-forza\\\/#primaryimage\",\"url\":\"https:\\\/\\\/r-islam.com\\\/it\\\/wp-content\\\/uploads\\\/sites\\\/6\\\/2021\\\/11\\\/amosito.png\",\"contentUrl\":\"https:\\\/\\\/r-islam.com\\\/it\\\/wp-content\\\/uploads\\\/sites\\\/6\\\/2021\\\/11\\\/amosito.png\",\"width\":320,\"height\":320},{\"@type\":\"BreadcrumbList\",\"@id\":\"https:\\\/\\\/r-islam.com\\\/it\\\/la-preghiera-e-lamore-di-dio-sono-la-fonte-della-mia-forza\\\/#breadcrumb\",\"itemListElement\":[{\"@type\":\"ListItem\",\"position\":1,\"name\":\"Home\",\"item\":\"https:\\\/\\\/r-islam.com\\\/it\\\/\"},{\"@type\":\"ListItem\",\"position\":2,\"name\":\"La preghiera e l\u2019amore di Dio sono la fonte della mia forza!\"}]},{\"@type\":\"WebSite\",\"@id\":\"https:\\\/\\\/r-islam.com\\\/it\\\/#website\",\"url\":\"https:\\\/\\\/r-islam.com\\\/it\\\/\",\"name\":\"II vero Islam\",\"description\":\"\",\"publisher\":{\"@id\":\"https:\\\/\\\/r-islam.com\\\/it\\\/#organization\"},\"potentialAction\":[{\"@type\":\"SearchAction\",\"target\":{\"@type\":\"EntryPoint\",\"urlTemplate\":\"https:\\\/\\\/r-islam.com\\\/it\\\/?s={search_term_string}\"},\"query-input\":{\"@type\":\"PropertyValueSpecification\",\"valueRequired\":true,\"valueName\":\"search_term_string\"}}],\"inLanguage\":\"it-IT\"},{\"@type\":\"Organization\",\"@id\":\"https:\\\/\\\/r-islam.com\\\/it\\\/#organization\",\"name\":\"II vero Islam\",\"url\":\"https:\\\/\\\/r-islam.com\\\/it\\\/\",\"logo\":{\"@type\":\"ImageObject\",\"inLanguage\":\"it-IT\",\"@id\":\"https:\\\/\\\/r-islam.com\\\/it\\\/#\\\/schema\\\/logo\\\/image\\\/\",\"url\":\"https:\\\/\\\/r-islam.com\\\/it\\\/wp-content\\\/uploads\\\/sites\\\/6\\\/2024\\\/02\\\/cropped-logo-small.jpg\",\"contentUrl\":\"https:\\\/\\\/r-islam.com\\\/it\\\/wp-content\\\/uploads\\\/sites\\\/6\\\/2024\\\/02\\\/cropped-logo-small.jpg\",\"width\":512,\"height\":512,\"caption\":\"II vero Islam\"},\"image\":{\"@id\":\"https:\\\/\\\/r-islam.com\\\/it\\\/#\\\/schema\\\/logo\\\/image\\\/\"}},{\"@type\":\"Person\",\"@id\":\"https:\\\/\\\/r-islam.com\\\/it\\\/#\\\/schema\\\/person\\\/92de7dae6e843a9ee2e94aa4a9b5133d\",\"name\":\"Right Islam\",\"image\":{\"@type\":\"ImageObject\",\"inLanguage\":\"it-IT\",\"@id\":\"https:\\\/\\\/secure.gravatar.com\\\/avatar\\\/02bc82baefedb88212fdfbdbc558b74e6c80b15750921e0ebbcfc450427d426b?s=96&d=mm&r=g\",\"url\":\"https:\\\/\\\/secure.gravatar.com\\\/avatar\\\/02bc82baefedb88212fdfbdbc558b74e6c80b15750921e0ebbcfc450427d426b?s=96&d=mm&r=g\",\"contentUrl\":\"https:\\\/\\\/secure.gravatar.com\\\/avatar\\\/02bc82baefedb88212fdfbdbc558b74e6c80b15750921e0ebbcfc450427d426b?s=96&d=mm&r=g\",\"caption\":\"Right Islam\"},\"url\":\"https:\\\/\\\/r-islam.com\\\/it\\\/author\\\/it-admin\\\/\"}]}<\/script>\n<!-- \/ Yoast SEO plugin. -->","yoast_head_json":{"title":"La preghiera e l\u2019amore di Dio sono la fonte della mia forza! - II vero Islam II vero Islam","description":"La preghiera e l\u2019amore di Dio sono la fonte della mia forza! II vero Islam %","robots":{"index":"index","follow":"follow","max-snippet":"max-snippet:-1","max-image-preview":"max-image-preview:large","max-video-preview":"max-video-preview:-1"},"canonical":"https:\/\/r-islam.com\/it\/la-preghiera-e-lamore-di-dio-sono-la-fonte-della-mia-forza\/","og_locale":"it_IT","og_type":"article","og_title":"La preghiera e l\u2019amore di Dio sono la fonte della mia forza! - II vero Islam II vero Islam","og_description":"La preghiera e l\u2019amore di Dio sono la fonte della mia forza! II vero Islam %","og_url":"https:\/\/r-islam.com\/it\/la-preghiera-e-lamore-di-dio-sono-la-fonte-della-mia-forza\/","og_site_name":"II vero Islam","article_published_time":"2021-11-02T03:40:00+00:00","og_image":[{"width":320,"height":320,"url":"https:\/\/r-islam.com\/it\/wp-content\/uploads\/sites\/6\/2021\/11\/amosito.png","type":"image\/png"}],"author":"Right Islam","twitter_card":"summary_large_image","twitter_misc":{"Scritto da":"Right Islam","Tempo di lettura stimato":"5 minuti"},"schema":{"@context":"https:\/\/schema.org","@graph":[{"@type":"Article","@id":"https:\/\/r-islam.com\/it\/la-preghiera-e-lamore-di-dio-sono-la-fonte-della-mia-forza\/#article","isPartOf":{"@id":"https:\/\/r-islam.com\/it\/la-preghiera-e-lamore-di-dio-sono-la-fonte-della-mia-forza\/"},"author":{"name":"Right Islam","@id":"https:\/\/r-islam.com\/it\/#\/schema\/person\/92de7dae6e843a9ee2e94aa4a9b5133d"},"headline":"La preghiera e l\u2019amore di Dio sono la fonte della mia forza!","datePublished":"2021-11-02T03:40:00+00:00","mainEntityOfPage":{"@id":"https:\/\/r-islam.com\/it\/la-preghiera-e-lamore-di-dio-sono-la-fonte-della-mia-forza\/"},"wordCount":966,"commentCount":0,"publisher":{"@id":"https:\/\/r-islam.com\/it\/#organization"},"image":{"@id":"https:\/\/r-islam.com\/it\/la-preghiera-e-lamore-di-dio-sono-la-fonte-della-mia-forza\/#primaryimage"},"thumbnailUrl":"https:\/\/r-islam.com\/it\/wp-content\/uploads\/sites\/6\/2021\/11\/amosito.png","articleSection":["Uomini si sono convertiti all'isalm"],"inLanguage":"it-IT","potentialAction":[{"@type":"CommentAction","name":"Comment","target":["https:\/\/r-islam.com\/it\/la-preghiera-e-lamore-di-dio-sono-la-fonte-della-mia-forza\/#respond"]}]},{"@type":"WebPage","@id":"https:\/\/r-islam.com\/it\/la-preghiera-e-lamore-di-dio-sono-la-fonte-della-mia-forza\/","url":"https:\/\/r-islam.com\/it\/la-preghiera-e-lamore-di-dio-sono-la-fonte-della-mia-forza\/","name":"La preghiera e l\u2019amore di Dio sono la fonte della mia forza! - II vero Islam II vero Islam","isPartOf":{"@id":"https:\/\/r-islam.com\/it\/#website"},"primaryImageOfPage":{"@id":"https:\/\/r-islam.com\/it\/la-preghiera-e-lamore-di-dio-sono-la-fonte-della-mia-forza\/#primaryimage"},"image":{"@id":"https:\/\/r-islam.com\/it\/la-preghiera-e-lamore-di-dio-sono-la-fonte-della-mia-forza\/#primaryimage"},"thumbnailUrl":"https:\/\/r-islam.com\/it\/wp-content\/uploads\/sites\/6\/2021\/11\/amosito.png","datePublished":"2021-11-02T03:40:00+00:00","description":"La preghiera e l\u2019amore di Dio sono la fonte della mia forza! II vero Islam %","breadcrumb":{"@id":"https:\/\/r-islam.com\/it\/la-preghiera-e-lamore-di-dio-sono-la-fonte-della-mia-forza\/#breadcrumb"},"inLanguage":"it-IT","potentialAction":[{"@type":"ReadAction","target":["https:\/\/r-islam.com\/it\/la-preghiera-e-lamore-di-dio-sono-la-fonte-della-mia-forza\/"]}]},{"@type":"ImageObject","inLanguage":"it-IT","@id":"https:\/\/r-islam.com\/it\/la-preghiera-e-lamore-di-dio-sono-la-fonte-della-mia-forza\/#primaryimage","url":"https:\/\/r-islam.com\/it\/wp-content\/uploads\/sites\/6\/2021\/11\/amosito.png","contentUrl":"https:\/\/r-islam.com\/it\/wp-content\/uploads\/sites\/6\/2021\/11\/amosito.png","width":320,"height":320},{"@type":"BreadcrumbList","@id":"https:\/\/r-islam.com\/it\/la-preghiera-e-lamore-di-dio-sono-la-fonte-della-mia-forza\/#breadcrumb","itemListElement":[{"@type":"ListItem","position":1,"name":"Home","item":"https:\/\/r-islam.com\/it\/"},{"@type":"ListItem","position":2,"name":"La preghiera e l\u2019amore di Dio sono la fonte della mia forza!"}]},{"@type":"WebSite","@id":"https:\/\/r-islam.com\/it\/#website","url":"https:\/\/r-islam.com\/it\/","name":"II vero Islam","description":"","publisher":{"@id":"https:\/\/r-islam.com\/it\/#organization"},"potentialAction":[{"@type":"SearchAction","target":{"@type":"EntryPoint","urlTemplate":"https:\/\/r-islam.com\/it\/?s={search_term_string}"},"query-input":{"@type":"PropertyValueSpecification","valueRequired":true,"valueName":"search_term_string"}}],"inLanguage":"it-IT"},{"@type":"Organization","@id":"https:\/\/r-islam.com\/it\/#organization","name":"II vero Islam","url":"https:\/\/r-islam.com\/it\/","logo":{"@type":"ImageObject","inLanguage":"it-IT","@id":"https:\/\/r-islam.com\/it\/#\/schema\/logo\/image\/","url":"https:\/\/r-islam.com\/it\/wp-content\/uploads\/sites\/6\/2024\/02\/cropped-logo-small.jpg","contentUrl":"https:\/\/r-islam.com\/it\/wp-content\/uploads\/sites\/6\/2024\/02\/cropped-logo-small.jpg","width":512,"height":512,"caption":"II vero Islam"},"image":{"@id":"https:\/\/r-islam.com\/it\/#\/schema\/logo\/image\/"}},{"@type":"Person","@id":"https:\/\/r-islam.com\/it\/#\/schema\/person\/92de7dae6e843a9ee2e94aa4a9b5133d","name":"Right Islam","image":{"@type":"ImageObject","inLanguage":"it-IT","@id":"https:\/\/secure.gravatar.com\/avatar\/02bc82baefedb88212fdfbdbc558b74e6c80b15750921e0ebbcfc450427d426b?s=96&d=mm&r=g","url":"https:\/\/secure.gravatar.com\/avatar\/02bc82baefedb88212fdfbdbc558b74e6c80b15750921e0ebbcfc450427d426b?s=96&d=mm&r=g","contentUrl":"https:\/\/secure.gravatar.com\/avatar\/02bc82baefedb88212fdfbdbc558b74e6c80b15750921e0ebbcfc450427d426b?s=96&d=mm&r=g","caption":"Right Islam"},"url":"https:\/\/r-islam.com\/it\/author\/it-admin\/"}]}},"_links":{"self":[{"href":"https:\/\/r-islam.com\/it\/wp-json\/wp\/v2\/posts\/387","targetHints":{"allow":["GET"]}}],"collection":[{"href":"https:\/\/r-islam.com\/it\/wp-json\/wp\/v2\/posts"}],"about":[{"href":"https:\/\/r-islam.com\/it\/wp-json\/wp\/v2\/types\/post"}],"author":[{"embeddable":true,"href":"https:\/\/r-islam.com\/it\/wp-json\/wp\/v2\/users\/6"}],"replies":[{"embeddable":true,"href":"https:\/\/r-islam.com\/it\/wp-json\/wp\/v2\/comments?post=387"}],"version-history":[{"count":0,"href":"https:\/\/r-islam.com\/it\/wp-json\/wp\/v2\/posts\/387\/revisions"}],"wp:featuredmedia":[{"embeddable":true,"href":"https:\/\/r-islam.com\/it\/wp-json\/wp\/v2\/media\/386"}],"wp:attachment":[{"href":"https:\/\/r-islam.com\/it\/wp-json\/wp\/v2\/media?parent=387"}],"wp:term":[{"taxonomy":"category","embeddable":true,"href":"https:\/\/r-islam.com\/it\/wp-json\/wp\/v2\/categories?post=387"},{"taxonomy":"post_tag","embeddable":true,"href":"https:\/\/r-islam.com\/it\/wp-json\/wp\/v2\/tags?post=387"}],"curies":[{"name":"wp","href":"https:\/\/api.w.org\/{rel}","templated":true}]}}