{"id":417,"date":"2013-06-04T14:29:22","date_gmt":"2013-06-04T14:29:22","guid":{"rendered":"http:\/\/localhost\/rs\/it\/2013\/06\/04\/posa-della-prima-pietra-per-la-grande-moschea-di-albania\/"},"modified":"2013-06-04T14:29:22","modified_gmt":"2013-06-04T14:29:22","slug":"posa-della-prima-pietra-per-la-grande-moschea-di-albania","status":"publish","type":"post","link":"https:\/\/r-islam.com\/it\/posa-della-prima-pietra-per-la-grande-moschea-di-albania\/","title":{"rendered":"Posa della prima pietra per la Grande Moschea di Albania"},"content":{"rendered":"<p style=\"text-align: center;\"><img loading=\"lazy\" decoding=\"async\" class=\" size-full wp-image-416\" src=\"http:\/\/localhost\/rs\/it\/wp-content\/uploads\/sites\/6\/2013\/06\/the%20great%20mosque%20of%20albania.jpg\" border=\"0\" style=\"font-family: 'times new roman', times; font-size: large; line-height: 1.3em; text-align: center;\" width=\"650\" height=\"310\" \/><\/p>\n<p style=\"text-align: justify;\">\u00a0<\/p>\n<p style=\"text-align: justify;\"><span style=\"line-height: 1.3em;\"><span style=\"font-size: large;\"><span style=\"font-family: 'times new roman', times;\">\u00e8 stata posta la prima pietra della Grande Moschea a Tirana la capitale dell&#8217;Albania. Ha participato Il capo del sceiccato albanese alla celebrazione fatta dal sceiccato albanese islamico, e ha espresso la sua felicit\u00e0 e l&#8217;ha considerato un evento storico, tanto pi\u00f9 che si costruisce su una zona che era anticamente la moschea della citt\u00e0.<\/span><\/span><\/span><\/p>\n<p style=\"text-align: justify;\"><span style=\"font-size: large;\"><span style=\"font-family: 'times new roman', times;\">La moschea avr\u00e0 4 minareti , e una capacit\u00e0 di cinquemila fedeli, e ci sar\u00e0 centro islamico consiste di negozi, uffici, ristoranti, sala conferenze e un museo, che sar\u00e0 costruito accanto alla nuova sede del sceiccato albanese islamico.<\/span><\/span><\/p>\n","protected":false},"excerpt":{"rendered":"<p>\u00a0 \u00e8 stata posta la prima pietra della Grande Moschea a Tirana la capitale dell&#8217;Albania. Ha participato Il capo del sceiccato albanese alla celebrazione fatta dal sceiccato albanese islamico, e ha espresso la sua felicit\u00e0 e l&#8217;ha considerato un evento storico, tanto pi\u00f9 che si costruisce su una zona che era anticamente la moschea della &hellip;<\/p>\n","protected":false},"author":6,"featured_media":416,"comment_status":"open","ping_status":"open","sticky":false,"template":"","format":"standard","meta":{"om_disable_all_campaigns":false,"_monsterinsights_skip_tracking":false,"_monsterinsights_sitenote_active":false,"_monsterinsights_sitenote_note":"","_monsterinsights_sitenote_category":0,"_uf_show_specific_survey":0,"_uf_disable_surveys":false,"footnotes":""},"categories":[28],"tags":[],"class_list":["post-417","post","type-post","status-publish","format-standard","has-post-thumbnail","hentry","category-le-notizie"],"yoast_head":"<!-- This site is optimized with the Yoast SEO plugin v27.5 - https:\/\/yoast.com\/product\/yoast-seo-wordpress\/ -->\n<title>Posa della prima pietra per la Grande Moschea di Albania - II vero Islam II vero Islam<\/title>\n<meta name=\"description\" content=\"Posa della prima pietra per la Grande Moschea di Albania II vero Islam %\" \/>\n<meta name=\"robots\" content=\"index, follow, max-snippet:-1, max-image-preview:large, max-video-preview:-1\" \/>\n<link rel=\"canonical\" href=\"https:\/\/r-islam.com\/it\/posa-della-prima-pietra-per-la-grande-moschea-di-albania\/\" \/>\n<meta property=\"og:locale\" content=\"it_IT\" \/>\n<meta property=\"og:type\" content=\"article\" \/>\n<meta property=\"og:title\" content=\"Posa della prima pietra per la Grande Moschea di Albania - II vero Islam II vero Islam\" \/>\n<meta property=\"og:description\" content=\"Posa della prima pietra per la Grande Moschea di Albania II vero Islam %\" \/>\n<meta property=\"og:url\" content=\"https:\/\/r-islam.com\/it\/posa-della-prima-pietra-per-la-grande-moschea-di-albania\/\" \/>\n<meta property=\"og:site_name\" content=\"II vero Islam\" \/>\n<meta property=\"article:published_time\" content=\"2013-06-04T14:29:22+00:00\" \/>\n<meta property=\"og:image\" content=\"https:\/\/r-islam.com\/it\/wp-content\/uploads\/sites\/6\/2013\/06\/the%20great%20mosque%20of%20albania.jpg\" \/>\n\t<meta property=\"og:image:width\" content=\"650\" \/>\n\t<meta property=\"og:image:height\" content=\"310\" \/>\n\t<meta property=\"og:image:type\" content=\"image\/jpeg\" \/>\n<meta name=\"author\" content=\"Right Islam\" \/>\n<meta name=\"twitter:card\" content=\"summary_large_image\" \/>\n<meta name=\"twitter:label1\" content=\"Scritto da\" \/>\n\t<meta name=\"twitter:data1\" content=\"Right Islam\" \/>\n<script type=\"application\/ld+json\" class=\"yoast-schema-graph\">{\"@context\":\"https:\\\/\\\/schema.org\",\"@graph\":[{\"@type\":\"Article\",\"@id\":\"https:\\\/\\\/r-islam.com\\\/it\\\/posa-della-prima-pietra-per-la-grande-moschea-di-albania\\\/#article\",\"isPartOf\":{\"@id\":\"https:\\\/\\\/r-islam.com\\\/it\\\/posa-della-prima-pietra-per-la-grande-moschea-di-albania\\\/\"},\"author\":{\"name\":\"Right Islam\",\"@id\":\"https:\\\/\\\/r-islam.com\\\/it\\\/#\\\/schema\\\/person\\\/92de7dae6e843a9ee2e94aa4a9b5133d\"},\"headline\":\"Posa della prima pietra per la Grande Moschea di Albania\",\"datePublished\":\"2013-06-04T14:29:22+00:00\",\"mainEntityOfPage\":{\"@id\":\"https:\\\/\\\/r-islam.com\\\/it\\\/posa-della-prima-pietra-per-la-grande-moschea-di-albania\\\/\"},\"wordCount\":100,\"commentCount\":0,\"publisher\":{\"@id\":\"https:\\\/\\\/r-islam.com\\\/it\\\/#organization\"},\"image\":{\"@id\":\"https:\\\/\\\/r-islam.com\\\/it\\\/posa-della-prima-pietra-per-la-grande-moschea-di-albania\\\/#primaryimage\"},\"thumbnailUrl\":\"https:\\\/\\\/r-islam.com\\\/it\\\/wp-content\\\/uploads\\\/sites\\\/6\\\/2013\\\/06\\\/the great mosque of albania.jpg\",\"articleSection\":[\"Le Notizie\"],\"inLanguage\":\"it-IT\",\"potentialAction\":[{\"@type\":\"CommentAction\",\"name\":\"Comment\",\"target\":[\"https:\\\/\\\/r-islam.com\\\/it\\\/posa-della-prima-pietra-per-la-grande-moschea-di-albania\\\/#respond\"]}]},{\"@type\":\"WebPage\",\"@id\":\"https:\\\/\\\/r-islam.com\\\/it\\\/posa-della-prima-pietra-per-la-grande-moschea-di-albania\\\/\",\"url\":\"https:\\\/\\\/r-islam.com\\\/it\\\/posa-della-prima-pietra-per-la-grande-moschea-di-albania\\\/\",\"name\":\"Posa della prima pietra per la Grande Moschea di Albania - II vero Islam II vero Islam\",\"isPartOf\":{\"@id\":\"https:\\\/\\\/r-islam.com\\\/it\\\/#website\"},\"primaryImageOfPage\":{\"@id\":\"https:\\\/\\\/r-islam.com\\\/it\\\/posa-della-prima-pietra-per-la-grande-moschea-di-albania\\\/#primaryimage\"},\"image\":{\"@id\":\"https:\\\/\\\/r-islam.com\\\/it\\\/posa-della-prima-pietra-per-la-grande-moschea-di-albania\\\/#primaryimage\"},\"thumbnailUrl\":\"https:\\\/\\\/r-islam.com\\\/it\\\/wp-content\\\/uploads\\\/sites\\\/6\\\/2013\\\/06\\\/the great mosque of albania.jpg\",\"datePublished\":\"2013-06-04T14:29:22+00:00\",\"description\":\"Posa della prima pietra per la Grande Moschea di Albania II vero Islam %\",\"breadcrumb\":{\"@id\":\"https:\\\/\\\/r-islam.com\\\/it\\\/posa-della-prima-pietra-per-la-grande-moschea-di-albania\\\/#breadcrumb\"},\"inLanguage\":\"it-IT\",\"potentialAction\":[{\"@type\":\"ReadAction\",\"target\":[\"https:\\\/\\\/r-islam.com\\\/it\\\/posa-della-prima-pietra-per-la-grande-moschea-di-albania\\\/\"]}]},{\"@type\":\"ImageObject\",\"inLanguage\":\"it-IT\",\"@id\":\"https:\\\/\\\/r-islam.com\\\/it\\\/posa-della-prima-pietra-per-la-grande-moschea-di-albania\\\/#primaryimage\",\"url\":\"https:\\\/\\\/r-islam.com\\\/it\\\/wp-content\\\/uploads\\\/sites\\\/6\\\/2013\\\/06\\\/the great mosque of albania.jpg\",\"contentUrl\":\"https:\\\/\\\/r-islam.com\\\/it\\\/wp-content\\\/uploads\\\/sites\\\/6\\\/2013\\\/06\\\/the great mosque of albania.jpg\",\"width\":650,\"height\":310},{\"@type\":\"BreadcrumbList\",\"@id\":\"https:\\\/\\\/r-islam.com\\\/it\\\/posa-della-prima-pietra-per-la-grande-moschea-di-albania\\\/#breadcrumb\",\"itemListElement\":[{\"@type\":\"ListItem\",\"position\":1,\"name\":\"Home\",\"item\":\"https:\\\/\\\/r-islam.com\\\/it\\\/\"},{\"@type\":\"ListItem\",\"position\":2,\"name\":\"Posa della prima pietra per la Grande Moschea di Albania\"}]},{\"@type\":\"WebSite\",\"@id\":\"https:\\\/\\\/r-islam.com\\\/it\\\/#website\",\"url\":\"https:\\\/\\\/r-islam.com\\\/it\\\/\",\"name\":\"II vero Islam\",\"description\":\"\",\"publisher\":{\"@id\":\"https:\\\/\\\/r-islam.com\\\/it\\\/#organization\"},\"potentialAction\":[{\"@type\":\"SearchAction\",\"target\":{\"@type\":\"EntryPoint\",\"urlTemplate\":\"https:\\\/\\\/r-islam.com\\\/it\\\/?s={search_term_string}\"},\"query-input\":{\"@type\":\"PropertyValueSpecification\",\"valueRequired\":true,\"valueName\":\"search_term_string\"}}],\"inLanguage\":\"it-IT\"},{\"@type\":\"Organization\",\"@id\":\"https:\\\/\\\/r-islam.com\\\/it\\\/#organization\",\"name\":\"II vero Islam\",\"url\":\"https:\\\/\\\/r-islam.com\\\/it\\\/\",\"logo\":{\"@type\":\"ImageObject\",\"inLanguage\":\"it-IT\",\"@id\":\"https:\\\/\\\/r-islam.com\\\/it\\\/#\\\/schema\\\/logo\\\/image\\\/\",\"url\":\"https:\\\/\\\/r-islam.com\\\/it\\\/wp-content\\\/uploads\\\/sites\\\/6\\\/2024\\\/02\\\/cropped-logo-small.jpg\",\"contentUrl\":\"https:\\\/\\\/r-islam.com\\\/it\\\/wp-content\\\/uploads\\\/sites\\\/6\\\/2024\\\/02\\\/cropped-logo-small.jpg\",\"width\":512,\"height\":512,\"caption\":\"II vero Islam\"},\"image\":{\"@id\":\"https:\\\/\\\/r-islam.com\\\/it\\\/#\\\/schema\\\/logo\\\/image\\\/\"}},{\"@type\":\"Person\",\"@id\":\"https:\\\/\\\/r-islam.com\\\/it\\\/#\\\/schema\\\/person\\\/92de7dae6e843a9ee2e94aa4a9b5133d\",\"name\":\"Right Islam\",\"image\":{\"@type\":\"ImageObject\",\"inLanguage\":\"it-IT\",\"@id\":\"https:\\\/\\\/secure.gravatar.com\\\/avatar\\\/02bc82baefedb88212fdfbdbc558b74e6c80b15750921e0ebbcfc450427d426b?s=96&d=mm&r=g\",\"url\":\"https:\\\/\\\/secure.gravatar.com\\\/avatar\\\/02bc82baefedb88212fdfbdbc558b74e6c80b15750921e0ebbcfc450427d426b?s=96&d=mm&r=g\",\"contentUrl\":\"https:\\\/\\\/secure.gravatar.com\\\/avatar\\\/02bc82baefedb88212fdfbdbc558b74e6c80b15750921e0ebbcfc450427d426b?s=96&d=mm&r=g\",\"caption\":\"Right Islam\"},\"url\":\"https:\\\/\\\/r-islam.com\\\/it\\\/author\\\/it-admin\\\/\"}]}<\/script>\n<!-- \/ Yoast SEO plugin. -->","yoast_head_json":{"title":"Posa della prima pietra per la Grande Moschea di Albania - II vero Islam II vero Islam","description":"Posa della prima pietra per la Grande Moschea di Albania II vero Islam %","robots":{"index":"index","follow":"follow","max-snippet":"max-snippet:-1","max-image-preview":"max-image-preview:large","max-video-preview":"max-video-preview:-1"},"canonical":"https:\/\/r-islam.com\/it\/posa-della-prima-pietra-per-la-grande-moschea-di-albania\/","og_locale":"it_IT","og_type":"article","og_title":"Posa della prima pietra per la Grande Moschea di Albania - II vero Islam II vero Islam","og_description":"Posa della prima pietra per la Grande Moschea di Albania II vero Islam %","og_url":"https:\/\/r-islam.com\/it\/posa-della-prima-pietra-per-la-grande-moschea-di-albania\/","og_site_name":"II vero Islam","article_published_time":"2013-06-04T14:29:22+00:00","og_image":[{"width":650,"height":310,"url":"https:\/\/r-islam.com\/it\/wp-content\/uploads\/sites\/6\/2013\/06\/the great mosque of albania.jpg","type":"image\/jpeg"}],"author":"Right Islam","twitter_card":"summary_large_image","twitter_misc":{"Scritto da":"Right Islam"},"schema":{"@context":"https:\/\/schema.org","@graph":[{"@type":"Article","@id":"https:\/\/r-islam.com\/it\/posa-della-prima-pietra-per-la-grande-moschea-di-albania\/#article","isPartOf":{"@id":"https:\/\/r-islam.com\/it\/posa-della-prima-pietra-per-la-grande-moschea-di-albania\/"},"author":{"name":"Right Islam","@id":"https:\/\/r-islam.com\/it\/#\/schema\/person\/92de7dae6e843a9ee2e94aa4a9b5133d"},"headline":"Posa della prima pietra per la Grande Moschea di Albania","datePublished":"2013-06-04T14:29:22+00:00","mainEntityOfPage":{"@id":"https:\/\/r-islam.com\/it\/posa-della-prima-pietra-per-la-grande-moschea-di-albania\/"},"wordCount":100,"commentCount":0,"publisher":{"@id":"https:\/\/r-islam.com\/it\/#organization"},"image":{"@id":"https:\/\/r-islam.com\/it\/posa-della-prima-pietra-per-la-grande-moschea-di-albania\/#primaryimage"},"thumbnailUrl":"https:\/\/r-islam.com\/it\/wp-content\/uploads\/sites\/6\/2013\/06\/the great mosque of albania.jpg","articleSection":["Le Notizie"],"inLanguage":"it-IT","potentialAction":[{"@type":"CommentAction","name":"Comment","target":["https:\/\/r-islam.com\/it\/posa-della-prima-pietra-per-la-grande-moschea-di-albania\/#respond"]}]},{"@type":"WebPage","@id":"https:\/\/r-islam.com\/it\/posa-della-prima-pietra-per-la-grande-moschea-di-albania\/","url":"https:\/\/r-islam.com\/it\/posa-della-prima-pietra-per-la-grande-moschea-di-albania\/","name":"Posa della prima pietra per la Grande Moschea di Albania - II vero Islam II vero Islam","isPartOf":{"@id":"https:\/\/r-islam.com\/it\/#website"},"primaryImageOfPage":{"@id":"https:\/\/r-islam.com\/it\/posa-della-prima-pietra-per-la-grande-moschea-di-albania\/#primaryimage"},"image":{"@id":"https:\/\/r-islam.com\/it\/posa-della-prima-pietra-per-la-grande-moschea-di-albania\/#primaryimage"},"thumbnailUrl":"https:\/\/r-islam.com\/it\/wp-content\/uploads\/sites\/6\/2013\/06\/the great mosque of albania.jpg","datePublished":"2013-06-04T14:29:22+00:00","description":"Posa della prima pietra per la Grande Moschea di Albania II vero Islam %","breadcrumb":{"@id":"https:\/\/r-islam.com\/it\/posa-della-prima-pietra-per-la-grande-moschea-di-albania\/#breadcrumb"},"inLanguage":"it-IT","potentialAction":[{"@type":"ReadAction","target":["https:\/\/r-islam.com\/it\/posa-della-prima-pietra-per-la-grande-moschea-di-albania\/"]}]},{"@type":"ImageObject","inLanguage":"it-IT","@id":"https:\/\/r-islam.com\/it\/posa-della-prima-pietra-per-la-grande-moschea-di-albania\/#primaryimage","url":"https:\/\/r-islam.com\/it\/wp-content\/uploads\/sites\/6\/2013\/06\/the great mosque of albania.jpg","contentUrl":"https:\/\/r-islam.com\/it\/wp-content\/uploads\/sites\/6\/2013\/06\/the great mosque of albania.jpg","width":650,"height":310},{"@type":"BreadcrumbList","@id":"https:\/\/r-islam.com\/it\/posa-della-prima-pietra-per-la-grande-moschea-di-albania\/#breadcrumb","itemListElement":[{"@type":"ListItem","position":1,"name":"Home","item":"https:\/\/r-islam.com\/it\/"},{"@type":"ListItem","position":2,"name":"Posa della prima pietra per la Grande Moschea di Albania"}]},{"@type":"WebSite","@id":"https:\/\/r-islam.com\/it\/#website","url":"https:\/\/r-islam.com\/it\/","name":"II vero Islam","description":"","publisher":{"@id":"https:\/\/r-islam.com\/it\/#organization"},"potentialAction":[{"@type":"SearchAction","target":{"@type":"EntryPoint","urlTemplate":"https:\/\/r-islam.com\/it\/?s={search_term_string}"},"query-input":{"@type":"PropertyValueSpecification","valueRequired":true,"valueName":"search_term_string"}}],"inLanguage":"it-IT"},{"@type":"Organization","@id":"https:\/\/r-islam.com\/it\/#organization","name":"II vero Islam","url":"https:\/\/r-islam.com\/it\/","logo":{"@type":"ImageObject","inLanguage":"it-IT","@id":"https:\/\/r-islam.com\/it\/#\/schema\/logo\/image\/","url":"https:\/\/r-islam.com\/it\/wp-content\/uploads\/sites\/6\/2024\/02\/cropped-logo-small.jpg","contentUrl":"https:\/\/r-islam.com\/it\/wp-content\/uploads\/sites\/6\/2024\/02\/cropped-logo-small.jpg","width":512,"height":512,"caption":"II vero Islam"},"image":{"@id":"https:\/\/r-islam.com\/it\/#\/schema\/logo\/image\/"}},{"@type":"Person","@id":"https:\/\/r-islam.com\/it\/#\/schema\/person\/92de7dae6e843a9ee2e94aa4a9b5133d","name":"Right Islam","image":{"@type":"ImageObject","inLanguage":"it-IT","@id":"https:\/\/secure.gravatar.com\/avatar\/02bc82baefedb88212fdfbdbc558b74e6c80b15750921e0ebbcfc450427d426b?s=96&d=mm&r=g","url":"https:\/\/secure.gravatar.com\/avatar\/02bc82baefedb88212fdfbdbc558b74e6c80b15750921e0ebbcfc450427d426b?s=96&d=mm&r=g","contentUrl":"https:\/\/secure.gravatar.com\/avatar\/02bc82baefedb88212fdfbdbc558b74e6c80b15750921e0ebbcfc450427d426b?s=96&d=mm&r=g","caption":"Right Islam"},"url":"https:\/\/r-islam.com\/it\/author\/it-admin\/"}]}},"_links":{"self":[{"href":"https:\/\/r-islam.com\/it\/wp-json\/wp\/v2\/posts\/417","targetHints":{"allow":["GET"]}}],"collection":[{"href":"https:\/\/r-islam.com\/it\/wp-json\/wp\/v2\/posts"}],"about":[{"href":"https:\/\/r-islam.com\/it\/wp-json\/wp\/v2\/types\/post"}],"author":[{"embeddable":true,"href":"https:\/\/r-islam.com\/it\/wp-json\/wp\/v2\/users\/6"}],"replies":[{"embeddable":true,"href":"https:\/\/r-islam.com\/it\/wp-json\/wp\/v2\/comments?post=417"}],"version-history":[{"count":0,"href":"https:\/\/r-islam.com\/it\/wp-json\/wp\/v2\/posts\/417\/revisions"}],"wp:featuredmedia":[{"embeddable":true,"href":"https:\/\/r-islam.com\/it\/wp-json\/wp\/v2\/media\/416"}],"wp:attachment":[{"href":"https:\/\/r-islam.com\/it\/wp-json\/wp\/v2\/media?parent=417"}],"wp:term":[{"taxonomy":"category","embeddable":true,"href":"https:\/\/r-islam.com\/it\/wp-json\/wp\/v2\/categories?post=417"},{"taxonomy":"post_tag","embeddable":true,"href":"https:\/\/r-islam.com\/it\/wp-json\/wp\/v2\/tags?post=417"}],"curies":[{"name":"wp","href":"https:\/\/api.w.org\/{rel}","templated":true}]}}