{"id":487,"date":"2023-03-24T01:00:00","date_gmt":"2023-03-24T01:00:00","guid":{"rendered":"http:\/\/localhost\/rs\/it\/2023\/03\/24\/ramadan-essere-tra-la-gente-del-corano\/"},"modified":"2023-03-24T01:00:00","modified_gmt":"2023-03-24T01:00:00","slug":"ramadan-essere-tra-la-gente-del-corano","status":"publish","type":"post","link":"https:\/\/r-islam.com\/it\/ramadan-essere-tra-la-gente-del-corano\/","title":{"rendered":"Ramadan : essere tra la gente del corano"},"content":{"rendered":"<p style=\"margin: 0px; padding: 0px 0px 10px; line-height: 20px; text-align: center;\"><img loading=\"lazy\" decoding=\"async\" class=\" size-full wp-image-486\" src=\"http:\/\/localhost\/rs\/it\/wp-content\/uploads\/sites\/6\/2023\/03\/aramadan.jpg\" alt=\"\" width=\"500\" height=\"500\" srcset=\"https:\/\/r-islam.com\/it\/wp-content\/uploads\/sites\/6\/2023\/03\/aramadan.jpg 500w, https:\/\/r-islam.com\/it\/wp-content\/uploads\/sites\/6\/2023\/03\/aramadan-300x300.jpg 300w, https:\/\/r-islam.com\/it\/wp-content\/uploads\/sites\/6\/2023\/03\/aramadan-150x150.jpg 150w\" sizes=\"auto, (max-width: 500px) 100vw, 500px\" \/>\u00a0<\/p>\n<p style=\"margin: 0px; padding: 0px 0px 10px; line-height: 20px; text-align: center;\">\u00a0<\/p>\n<p style=\"margin: 0px; padding: 0px 0px 10px; line-height: 20px;\"><span style=\"font-size: large;\"><span style=\"font-family: 'times new roman', times;\">Il mese di Ramadan \u00e8 tale un campo fertile. E tra le azioni i pi\u00f9 raccomandate e pi\u00f9 proficui a compiere in questo mese benedetto, si conta evidentemente la lettura del Corano evidentemente?\u2026 S\u00ec, perch\u00e9 nessuno pu\u00f2 dimenticare l\u2019evento principale attraverso il quale questo mese ha preso il suo valore e la sua importanza. L\u2019evento che cambi\u00f2 il corso della storia dell\u2019umanit\u00e0 e che inond\u00f2 questa ultima della sua scintillante luce. Si tratta dell\u2019ultima rivelazione divina fatta all\u2019ultimo dei Profeti mandati agli Uomini, la rivelazione del libro consacrato di Allah, il Corano.<\/span><\/span><\/p>\n<h3 style=\"color: #333333; font-weight: normal; margin: 0px 0px 5px; padding: 0px; line-height: 20px;\"><span style=\"font-size: large; color: #0000ff;\"><span style=\"font-family: 'times new roman', times;\">Il Corano, una rivelazione Divina<\/span><\/span><\/h3>\n<p style=\"margin: 0px; padding: 0px 0px 10px; line-height: 20px;\"><span style=\"font-size: large;\"><span style=\"font-family: 'times new roman', times;\">Nel mezzo di un deserto arido e dell\u2019ostilit\u00e0 degli Uomini, in una parte del mondo disprezzata, testimone degli scuri eccessi dei suoi pari e dell\u2019insopportabile oscurit\u00e0 dei poteri attigui, solo, avvolto dalle tenebre silenziose di un piccolo angolo di grotta, nel fondo di questa notte dell\u2019anno 610 d.C. Improvvisamente ebbe luogo per questa parola detonante \u201cIqra\u201d (\u201cLeggi\u201d) la rivelazione della parola sovrana, divina ed esaltata; fu il Corano.<\/span><\/span><\/p>\n<blockquote style=\"background-color: #f7f7f7; margin: 0px 15px 15px; padding: 10px 20px 0px 15px; border: 1px solid #dddddd; font-family: Arial, Tahoma, Verdana; font-size: 13px; line-height: 20px;\">\n<p style=\"margin: 0px; padding: 0px 0px 10px;\"><span style=\"font-size: large;\"><span style=\"font-family: 'times new roman', times;\"><span style=\"color: #008000;\">{1. H\u00e2\u2019, M\u00eem. 2. Per il Libro esplicito, 3. Lo abbiamo fatto scendere in una notte benedetta, \u2013 in verit\u00e0 siamo Noi ad ammonire \u2013 4. durante la quale \u00e8 stabilito ogni saggio decreto,}<\/span> (surat Il fumo v.1 a 4).<br \/><span style=\"color: #008000;\">{1. Invero lo abbiamo fatto scendere nella Notte del Destino.}<\/span> (surat Al Qadr v.1)<\/span><\/span><\/p>\n<\/blockquote>\n<p style=\"margin: 0px; padding: 0px 0px 10px; line-height: 20px;\"><span style=\"font-size: large;\"><span style=\"font-family: 'times new roman', times;\">Cos\u00ec, Allah fece scendere il Corano in totalit\u00e0 ed in una sola volta, durante questa notte, la Tavoletta conservata presso lui alla casa dell\u2019onore (baytul \u2018izza) situata nel primo cielo. In seguito, e durante ventitre anni, l\u2019arcangelo Jibril (saw) scendeva presso il Messaggero d\u2019Allah e gli recita ci\u00f2 che Allah gli ordinava di versetti. (Tafsir Al Qurtobi v. 185 Al Baqara). Si comprende meglio il posto che dovrebbe occupare nella nostra organizzazione personale la lettura con profondit\u00e0, raccoglimento e meditazione della parola di Allah.<\/span><\/span><\/p>\n<h3 style=\"color: #333333; font-weight: normal; margin: 0px 0px 5px; padding: 0px; line-height: 20px;\"><span style=\"font-size: large; color: #0000ff;\"><span style=\"font-family: 'times new roman', times;\">Fissarsi degli obiettivi<\/span><\/span><\/h3>\n<p style=\"margin: 0px; padding: 0px 0px 10px; line-height: 20px;\"><span style=\"font-size: large;\"><span style=\"font-family: 'times new roman', times;\">Non bisogna limitarsi semplicemente all\u2019ascolto del Corano durante le preghiere del tarawih, anche se ci\u00f2 \u00e8 in s\u00e9 una buona cosa. Questo mese c\u2019offre l\u2019opportunit\u00e0 di superarci e di uscire dalla nostra routine abituale. Di colpo, il momento sembra opportuno affinch\u00e9 ciascuno di noi comincia da ora a fissarsi degli obiettivi di lettura. Il minimo sarebbe allora di avere l\u2019intenzione di finire almeno una lettura completa una volta durante il mese, ci\u00f2 che equivale alla lettura di due parti (hizb) per giorno durante tutto il mese.<\/span><\/span><\/p>\n<p style=\"margin: 0px; padding: 0px 0px 10px; line-height: 20px;\"><span style=\"font-size: large;\"><span style=\"font-family: 'times new roman', times;\">Inoltre, una lettura supplementare pu\u00f2 essere aggiunta durante le preghiere di notte compiute a titolo individuale oltre al tarawih. Non dimentichiamo le ricompense legate alla lettura del corano, ricompense che sono ancora pi\u00f9 moltiplicate grazie alla generosit\u00e0 di questo mese. Cos\u00ec, secondo Ibn Mas\u2019ud (ra) il profeta (saw) ha detto: <span style=\"color: #008000;\">\u201cQuello che legge una lettera del corano si vedr\u00e0 iscritta una buona azione, e la buona azione ha dieci volte di simili. Non dico che Alif, Lam, Mim (lettere che si trovano all\u2019inizio di alcune surat) \u00e8 una lettera, ma Alif \u00e8 una lettera, Lam \u00e8 una lettera e Mim \u00e8 una lettera.&#8221;<\/span> (Riportato da At-Tirmidhi)<br \/>Che Allah ci faccia tra la gente del corano.<\/span><\/span><\/p>\n<p style=\"margin: 0px; padding: 0px 0px 10px; line-height: 20px;\"><span style=\"font-size: large; color: #ff0000;\"><span style=\"font-family: 'times new roman', times;\">la fonte: http:\/\/musulmano.altervista.org<\/span><\/span><\/p>\n","protected":false},"excerpt":{"rendered":"<p>\u00a0 \u00a0 Il mese di Ramadan \u00e8 tale un campo fertile. E tra le azioni i pi\u00f9 raccomandate e pi\u00f9 proficui a compiere in questo mese benedetto, si conta evidentemente la lettura del Corano evidentemente?\u2026 S\u00ec, perch\u00e9 nessuno pu\u00f2 dimenticare l\u2019evento principale attraverso il quale questo mese ha preso il suo valore e la sua &hellip;<\/p>\n","protected":false},"author":6,"featured_media":486,"comment_status":"open","ping_status":"open","sticky":false,"template":"","format":"standard","meta":{"om_disable_all_campaigns":false,"_monsterinsights_skip_tracking":false,"_monsterinsights_sitenote_active":false,"_monsterinsights_sitenote_note":"","_monsterinsights_sitenote_category":0,"_uf_show_specific_survey":0,"_uf_disable_surveys":false,"footnotes":""},"categories":[18],"tags":[],"class_list":["post-487","post","type-post","status-publish","format-standard","has-post-thumbnail","hentry","category-articoli"],"yoast_head":"<!-- This site is optimized with the Yoast SEO plugin v27.5 - https:\/\/yoast.com\/product\/yoast-seo-wordpress\/ -->\n<title>Ramadan : essere tra la gente del corano - II vero Islam II vero Islam<\/title>\n<meta name=\"description\" content=\"Ramadan : essere tra la gente del corano II vero Islam %\" \/>\n<meta name=\"robots\" content=\"index, follow, max-snippet:-1, max-image-preview:large, max-video-preview:-1\" \/>\n<link rel=\"canonical\" href=\"https:\/\/r-islam.com\/it\/ramadan-essere-tra-la-gente-del-corano\/\" \/>\n<meta property=\"og:locale\" content=\"it_IT\" \/>\n<meta property=\"og:type\" content=\"article\" \/>\n<meta property=\"og:title\" content=\"Ramadan : essere tra la gente del corano - II vero Islam II vero Islam\" \/>\n<meta property=\"og:description\" content=\"Ramadan : essere tra la gente del corano II vero Islam %\" \/>\n<meta property=\"og:url\" content=\"https:\/\/r-islam.com\/it\/ramadan-essere-tra-la-gente-del-corano\/\" \/>\n<meta property=\"og:site_name\" content=\"II vero Islam\" \/>\n<meta property=\"article:published_time\" content=\"2023-03-24T01:00:00+00:00\" \/>\n<meta property=\"og:image\" content=\"https:\/\/r-islam.com\/it\/wp-content\/uploads\/sites\/6\/2023\/03\/aramadan.jpg\" \/>\n\t<meta property=\"og:image:width\" content=\"500\" \/>\n\t<meta property=\"og:image:height\" content=\"500\" \/>\n\t<meta property=\"og:image:type\" content=\"image\/jpeg\" \/>\n<meta name=\"author\" content=\"Right Islam\" \/>\n<meta name=\"twitter:card\" content=\"summary_large_image\" \/>\n<meta name=\"twitter:label1\" content=\"Scritto da\" \/>\n\t<meta name=\"twitter:data1\" content=\"Right Islam\" \/>\n\t<meta name=\"twitter:label2\" content=\"Tempo di lettura stimato\" \/>\n\t<meta name=\"twitter:data2\" content=\"3 minuti\" \/>\n<script type=\"application\/ld+json\" class=\"yoast-schema-graph\">{\"@context\":\"https:\\\/\\\/schema.org\",\"@graph\":[{\"@type\":\"Article\",\"@id\":\"https:\\\/\\\/r-islam.com\\\/it\\\/ramadan-essere-tra-la-gente-del-corano\\\/#article\",\"isPartOf\":{\"@id\":\"https:\\\/\\\/r-islam.com\\\/it\\\/ramadan-essere-tra-la-gente-del-corano\\\/\"},\"author\":{\"name\":\"Right Islam\",\"@id\":\"https:\\\/\\\/r-islam.com\\\/it\\\/#\\\/schema\\\/person\\\/92de7dae6e843a9ee2e94aa4a9b5133d\"},\"headline\":\"Ramadan : essere tra la gente del corano\",\"datePublished\":\"2023-03-24T01:00:00+00:00\",\"mainEntityOfPage\":{\"@id\":\"https:\\\/\\\/r-islam.com\\\/it\\\/ramadan-essere-tra-la-gente-del-corano\\\/\"},\"wordCount\":522,\"commentCount\":0,\"publisher\":{\"@id\":\"https:\\\/\\\/r-islam.com\\\/it\\\/#organization\"},\"image\":{\"@id\":\"https:\\\/\\\/r-islam.com\\\/it\\\/ramadan-essere-tra-la-gente-del-corano\\\/#primaryimage\"},\"thumbnailUrl\":\"https:\\\/\\\/r-islam.com\\\/it\\\/wp-content\\\/uploads\\\/sites\\\/6\\\/2023\\\/03\\\/aramadan.jpg\",\"articleSection\":[\"Articoli\"],\"inLanguage\":\"it-IT\",\"potentialAction\":[{\"@type\":\"CommentAction\",\"name\":\"Comment\",\"target\":[\"https:\\\/\\\/r-islam.com\\\/it\\\/ramadan-essere-tra-la-gente-del-corano\\\/#respond\"]}]},{\"@type\":\"WebPage\",\"@id\":\"https:\\\/\\\/r-islam.com\\\/it\\\/ramadan-essere-tra-la-gente-del-corano\\\/\",\"url\":\"https:\\\/\\\/r-islam.com\\\/it\\\/ramadan-essere-tra-la-gente-del-corano\\\/\",\"name\":\"Ramadan : essere tra la gente del corano - II vero Islam II vero Islam\",\"isPartOf\":{\"@id\":\"https:\\\/\\\/r-islam.com\\\/it\\\/#website\"},\"primaryImageOfPage\":{\"@id\":\"https:\\\/\\\/r-islam.com\\\/it\\\/ramadan-essere-tra-la-gente-del-corano\\\/#primaryimage\"},\"image\":{\"@id\":\"https:\\\/\\\/r-islam.com\\\/it\\\/ramadan-essere-tra-la-gente-del-corano\\\/#primaryimage\"},\"thumbnailUrl\":\"https:\\\/\\\/r-islam.com\\\/it\\\/wp-content\\\/uploads\\\/sites\\\/6\\\/2023\\\/03\\\/aramadan.jpg\",\"datePublished\":\"2023-03-24T01:00:00+00:00\",\"description\":\"Ramadan : essere tra la gente del corano II vero Islam %\",\"breadcrumb\":{\"@id\":\"https:\\\/\\\/r-islam.com\\\/it\\\/ramadan-essere-tra-la-gente-del-corano\\\/#breadcrumb\"},\"inLanguage\":\"it-IT\",\"potentialAction\":[{\"@type\":\"ReadAction\",\"target\":[\"https:\\\/\\\/r-islam.com\\\/it\\\/ramadan-essere-tra-la-gente-del-corano\\\/\"]}]},{\"@type\":\"ImageObject\",\"inLanguage\":\"it-IT\",\"@id\":\"https:\\\/\\\/r-islam.com\\\/it\\\/ramadan-essere-tra-la-gente-del-corano\\\/#primaryimage\",\"url\":\"https:\\\/\\\/r-islam.com\\\/it\\\/wp-content\\\/uploads\\\/sites\\\/6\\\/2023\\\/03\\\/aramadan.jpg\",\"contentUrl\":\"https:\\\/\\\/r-islam.com\\\/it\\\/wp-content\\\/uploads\\\/sites\\\/6\\\/2023\\\/03\\\/aramadan.jpg\",\"width\":500,\"height\":500},{\"@type\":\"BreadcrumbList\",\"@id\":\"https:\\\/\\\/r-islam.com\\\/it\\\/ramadan-essere-tra-la-gente-del-corano\\\/#breadcrumb\",\"itemListElement\":[{\"@type\":\"ListItem\",\"position\":1,\"name\":\"Home\",\"item\":\"https:\\\/\\\/r-islam.com\\\/it\\\/\"},{\"@type\":\"ListItem\",\"position\":2,\"name\":\"Ramadan : essere tra la gente del corano\"}]},{\"@type\":\"WebSite\",\"@id\":\"https:\\\/\\\/r-islam.com\\\/it\\\/#website\",\"url\":\"https:\\\/\\\/r-islam.com\\\/it\\\/\",\"name\":\"II vero Islam\",\"description\":\"\",\"publisher\":{\"@id\":\"https:\\\/\\\/r-islam.com\\\/it\\\/#organization\"},\"potentialAction\":[{\"@type\":\"SearchAction\",\"target\":{\"@type\":\"EntryPoint\",\"urlTemplate\":\"https:\\\/\\\/r-islam.com\\\/it\\\/?s={search_term_string}\"},\"query-input\":{\"@type\":\"PropertyValueSpecification\",\"valueRequired\":true,\"valueName\":\"search_term_string\"}}],\"inLanguage\":\"it-IT\"},{\"@type\":\"Organization\",\"@id\":\"https:\\\/\\\/r-islam.com\\\/it\\\/#organization\",\"name\":\"II vero Islam\",\"url\":\"https:\\\/\\\/r-islam.com\\\/it\\\/\",\"logo\":{\"@type\":\"ImageObject\",\"inLanguage\":\"it-IT\",\"@id\":\"https:\\\/\\\/r-islam.com\\\/it\\\/#\\\/schema\\\/logo\\\/image\\\/\",\"url\":\"https:\\\/\\\/r-islam.com\\\/it\\\/wp-content\\\/uploads\\\/sites\\\/6\\\/2024\\\/02\\\/cropped-logo-small.jpg\",\"contentUrl\":\"https:\\\/\\\/r-islam.com\\\/it\\\/wp-content\\\/uploads\\\/sites\\\/6\\\/2024\\\/02\\\/cropped-logo-small.jpg\",\"width\":512,\"height\":512,\"caption\":\"II vero Islam\"},\"image\":{\"@id\":\"https:\\\/\\\/r-islam.com\\\/it\\\/#\\\/schema\\\/logo\\\/image\\\/\"}},{\"@type\":\"Person\",\"@id\":\"https:\\\/\\\/r-islam.com\\\/it\\\/#\\\/schema\\\/person\\\/92de7dae6e843a9ee2e94aa4a9b5133d\",\"name\":\"Right Islam\",\"image\":{\"@type\":\"ImageObject\",\"inLanguage\":\"it-IT\",\"@id\":\"https:\\\/\\\/secure.gravatar.com\\\/avatar\\\/02bc82baefedb88212fdfbdbc558b74e6c80b15750921e0ebbcfc450427d426b?s=96&d=mm&r=g\",\"url\":\"https:\\\/\\\/secure.gravatar.com\\\/avatar\\\/02bc82baefedb88212fdfbdbc558b74e6c80b15750921e0ebbcfc450427d426b?s=96&d=mm&r=g\",\"contentUrl\":\"https:\\\/\\\/secure.gravatar.com\\\/avatar\\\/02bc82baefedb88212fdfbdbc558b74e6c80b15750921e0ebbcfc450427d426b?s=96&d=mm&r=g\",\"caption\":\"Right Islam\"},\"url\":\"https:\\\/\\\/r-islam.com\\\/it\\\/author\\\/it-admin\\\/\"}]}<\/script>\n<!-- \/ Yoast SEO plugin. -->","yoast_head_json":{"title":"Ramadan : essere tra la gente del corano - II vero Islam II vero Islam","description":"Ramadan : essere tra la gente del corano II vero Islam %","robots":{"index":"index","follow":"follow","max-snippet":"max-snippet:-1","max-image-preview":"max-image-preview:large","max-video-preview":"max-video-preview:-1"},"canonical":"https:\/\/r-islam.com\/it\/ramadan-essere-tra-la-gente-del-corano\/","og_locale":"it_IT","og_type":"article","og_title":"Ramadan : essere tra la gente del corano - II vero Islam II vero Islam","og_description":"Ramadan : essere tra la gente del corano II vero Islam %","og_url":"https:\/\/r-islam.com\/it\/ramadan-essere-tra-la-gente-del-corano\/","og_site_name":"II vero Islam","article_published_time":"2023-03-24T01:00:00+00:00","og_image":[{"width":500,"height":500,"url":"https:\/\/r-islam.com\/it\/wp-content\/uploads\/sites\/6\/2023\/03\/aramadan.jpg","type":"image\/jpeg"}],"author":"Right Islam","twitter_card":"summary_large_image","twitter_misc":{"Scritto da":"Right Islam","Tempo di lettura stimato":"3 minuti"},"schema":{"@context":"https:\/\/schema.org","@graph":[{"@type":"Article","@id":"https:\/\/r-islam.com\/it\/ramadan-essere-tra-la-gente-del-corano\/#article","isPartOf":{"@id":"https:\/\/r-islam.com\/it\/ramadan-essere-tra-la-gente-del-corano\/"},"author":{"name":"Right Islam","@id":"https:\/\/r-islam.com\/it\/#\/schema\/person\/92de7dae6e843a9ee2e94aa4a9b5133d"},"headline":"Ramadan : essere tra la gente del corano","datePublished":"2023-03-24T01:00:00+00:00","mainEntityOfPage":{"@id":"https:\/\/r-islam.com\/it\/ramadan-essere-tra-la-gente-del-corano\/"},"wordCount":522,"commentCount":0,"publisher":{"@id":"https:\/\/r-islam.com\/it\/#organization"},"image":{"@id":"https:\/\/r-islam.com\/it\/ramadan-essere-tra-la-gente-del-corano\/#primaryimage"},"thumbnailUrl":"https:\/\/r-islam.com\/it\/wp-content\/uploads\/sites\/6\/2023\/03\/aramadan.jpg","articleSection":["Articoli"],"inLanguage":"it-IT","potentialAction":[{"@type":"CommentAction","name":"Comment","target":["https:\/\/r-islam.com\/it\/ramadan-essere-tra-la-gente-del-corano\/#respond"]}]},{"@type":"WebPage","@id":"https:\/\/r-islam.com\/it\/ramadan-essere-tra-la-gente-del-corano\/","url":"https:\/\/r-islam.com\/it\/ramadan-essere-tra-la-gente-del-corano\/","name":"Ramadan : essere tra la gente del corano - II vero Islam II vero Islam","isPartOf":{"@id":"https:\/\/r-islam.com\/it\/#website"},"primaryImageOfPage":{"@id":"https:\/\/r-islam.com\/it\/ramadan-essere-tra-la-gente-del-corano\/#primaryimage"},"image":{"@id":"https:\/\/r-islam.com\/it\/ramadan-essere-tra-la-gente-del-corano\/#primaryimage"},"thumbnailUrl":"https:\/\/r-islam.com\/it\/wp-content\/uploads\/sites\/6\/2023\/03\/aramadan.jpg","datePublished":"2023-03-24T01:00:00+00:00","description":"Ramadan : essere tra la gente del corano II vero Islam %","breadcrumb":{"@id":"https:\/\/r-islam.com\/it\/ramadan-essere-tra-la-gente-del-corano\/#breadcrumb"},"inLanguage":"it-IT","potentialAction":[{"@type":"ReadAction","target":["https:\/\/r-islam.com\/it\/ramadan-essere-tra-la-gente-del-corano\/"]}]},{"@type":"ImageObject","inLanguage":"it-IT","@id":"https:\/\/r-islam.com\/it\/ramadan-essere-tra-la-gente-del-corano\/#primaryimage","url":"https:\/\/r-islam.com\/it\/wp-content\/uploads\/sites\/6\/2023\/03\/aramadan.jpg","contentUrl":"https:\/\/r-islam.com\/it\/wp-content\/uploads\/sites\/6\/2023\/03\/aramadan.jpg","width":500,"height":500},{"@type":"BreadcrumbList","@id":"https:\/\/r-islam.com\/it\/ramadan-essere-tra-la-gente-del-corano\/#breadcrumb","itemListElement":[{"@type":"ListItem","position":1,"name":"Home","item":"https:\/\/r-islam.com\/it\/"},{"@type":"ListItem","position":2,"name":"Ramadan : essere tra la gente del corano"}]},{"@type":"WebSite","@id":"https:\/\/r-islam.com\/it\/#website","url":"https:\/\/r-islam.com\/it\/","name":"II vero Islam","description":"","publisher":{"@id":"https:\/\/r-islam.com\/it\/#organization"},"potentialAction":[{"@type":"SearchAction","target":{"@type":"EntryPoint","urlTemplate":"https:\/\/r-islam.com\/it\/?s={search_term_string}"},"query-input":{"@type":"PropertyValueSpecification","valueRequired":true,"valueName":"search_term_string"}}],"inLanguage":"it-IT"},{"@type":"Organization","@id":"https:\/\/r-islam.com\/it\/#organization","name":"II vero Islam","url":"https:\/\/r-islam.com\/it\/","logo":{"@type":"ImageObject","inLanguage":"it-IT","@id":"https:\/\/r-islam.com\/it\/#\/schema\/logo\/image\/","url":"https:\/\/r-islam.com\/it\/wp-content\/uploads\/sites\/6\/2024\/02\/cropped-logo-small.jpg","contentUrl":"https:\/\/r-islam.com\/it\/wp-content\/uploads\/sites\/6\/2024\/02\/cropped-logo-small.jpg","width":512,"height":512,"caption":"II vero Islam"},"image":{"@id":"https:\/\/r-islam.com\/it\/#\/schema\/logo\/image\/"}},{"@type":"Person","@id":"https:\/\/r-islam.com\/it\/#\/schema\/person\/92de7dae6e843a9ee2e94aa4a9b5133d","name":"Right Islam","image":{"@type":"ImageObject","inLanguage":"it-IT","@id":"https:\/\/secure.gravatar.com\/avatar\/02bc82baefedb88212fdfbdbc558b74e6c80b15750921e0ebbcfc450427d426b?s=96&d=mm&r=g","url":"https:\/\/secure.gravatar.com\/avatar\/02bc82baefedb88212fdfbdbc558b74e6c80b15750921e0ebbcfc450427d426b?s=96&d=mm&r=g","contentUrl":"https:\/\/secure.gravatar.com\/avatar\/02bc82baefedb88212fdfbdbc558b74e6c80b15750921e0ebbcfc450427d426b?s=96&d=mm&r=g","caption":"Right Islam"},"url":"https:\/\/r-islam.com\/it\/author\/it-admin\/"}]}},"_links":{"self":[{"href":"https:\/\/r-islam.com\/it\/wp-json\/wp\/v2\/posts\/487","targetHints":{"allow":["GET"]}}],"collection":[{"href":"https:\/\/r-islam.com\/it\/wp-json\/wp\/v2\/posts"}],"about":[{"href":"https:\/\/r-islam.com\/it\/wp-json\/wp\/v2\/types\/post"}],"author":[{"embeddable":true,"href":"https:\/\/r-islam.com\/it\/wp-json\/wp\/v2\/users\/6"}],"replies":[{"embeddable":true,"href":"https:\/\/r-islam.com\/it\/wp-json\/wp\/v2\/comments?post=487"}],"version-history":[{"count":0,"href":"https:\/\/r-islam.com\/it\/wp-json\/wp\/v2\/posts\/487\/revisions"}],"wp:featuredmedia":[{"embeddable":true,"href":"https:\/\/r-islam.com\/it\/wp-json\/wp\/v2\/media\/486"}],"wp:attachment":[{"href":"https:\/\/r-islam.com\/it\/wp-json\/wp\/v2\/media?parent=487"}],"wp:term":[{"taxonomy":"category","embeddable":true,"href":"https:\/\/r-islam.com\/it\/wp-json\/wp\/v2\/categories?post=487"},{"taxonomy":"post_tag","embeddable":true,"href":"https:\/\/r-islam.com\/it\/wp-json\/wp\/v2\/tags?post=487"}],"curies":[{"name":"wp","href":"https:\/\/api.w.org\/{rel}","templated":true}]}}