{"id":517,"date":"2024-03-15T02:01:00","date_gmt":"2024-03-15T02:01:00","guid":{"rendered":"http:\/\/localhost\/rs\/it\/2023\/07\/15\/fatima-dia-il-mio-ritorno-all-islam\/"},"modified":"2024-06-04T09:20:28","modified_gmt":"2024-06-04T09:20:28","slug":"fatima-dia-il-mio-ritorno-all-islam","status":"publish","type":"post","link":"https:\/\/r-islam.com\/it\/fatima-dia-il-mio-ritorno-all-islam\/","title":{"rendered":"Fatima Dia  &#8220;Il mio Ritorno all&#8217;Islam&#8221;"},"content":{"rendered":"<p style=\"text-align: center\"><img loading=\"lazy\" decoding=\"async\" class=\" size-full wp-image-516\" src=\"http:\/\/localhost\/rs\/it\/wp-content\/uploads\/sites\/6\/2023\/07\/afatimadia.png\" alt=\"\" width=\"520\" height=\"520\" srcset=\"https:\/\/r-islam.com\/it\/wp-content\/uploads\/sites\/6\/2023\/07\/afatimadia.png 520w, https:\/\/r-islam.com\/it\/wp-content\/uploads\/sites\/6\/2023\/07\/afatimadia-300x300.png 300w, https:\/\/r-islam.com\/it\/wp-content\/uploads\/sites\/6\/2023\/07\/afatimadia-150x150.png 150w\" sizes=\"auto, (max-width: 520px) 100vw, 520px\" \/><\/p>\n<p style=\"text-align: center\"><strong><span style=\"font-size: large\"><span style=\"color: #0000ff\">Fatima Dia<\/span><\/span><\/strong><\/p>\n<p style=\"text-align: center\"><span style=\"font-size: large\"><span style=\"color: #0000ff\">Il mio Ritorno all&#8217;Islam<\/span><\/span><\/p>\n<p style=\"text-align: center\"><strong><span style=\"font-size: large\"><span style=\"color: #339966\">Nel Nome di Allah, il Compassionevole, il Misericordioso<\/span><\/span><\/strong><\/p>\n<p style=\"text-align: center\"><span style=\"font-size: large\"><span style=\"color: #339966\">Bismill\u00e0hi ar-Rahm\u00e0ni ar-Rah\u00ecm<\/span><\/span><\/p>\n<p style=\"text-align: justify\"><span style=\"font-size: large\">Non mi piace dire che mi sono convertita all\u2019Islam, il termine conversione ha in se una accezione negativa che rigetto, io sono Ritornata all\u2019Islam con consapevolezza e attraverso la Grazia di Allah (swa).<\/span><\/p>\n<p style=\"text-align: justify\"><span style=\"font-size: large\">L\u2019Islam forse era nel mio sangue da molto tempo se \u00e8 vero che da bambina mia nonna guardava un po\u2019 perplessa i disegni di lunghissimi minareti e la mia faccia \u00e8 bella che uguale a quella di un\u2019araba ( ma qui entra in gioco il nonno siciliano).<\/span><\/p>\n<p style=\"text-align: justify\"><span style=\"font-size: large\">Ma comunque il primo incontro e innamoramento \u00e8 avvenuto ad Istanbul, destinazione scelta per caso, ero in albergo con il mio di allora fidanzato italiano, ad un certo punto il silenzio di un pomeriggio noioso \u00e8 stato squarciato dal grido del muezin, era l\u2019Adan, io non sapevo allora&#8230;.ma di istinto mi giro dal povero incredulo Gino e gli dico:<\/span><span style=\"font-size: large;line-height: 1.3em\">Stanno chiamando me!.<\/span><\/p>\n<p style=\"text-align: justify\"><span style=\"font-size: large;line-height: 1.3em\">E\u2019 stato come ipnotico, non riuscivo a credere che cos\u00ec tanta gente pregasse a quel modo, mi si riempiva il cuore di gioia, paura emozione pura.<\/span><\/p>\n<p style=\"text-align: justify\"><span style=\"font-size: large\">Il giorno dopo gi\u00e0 con il mio foularino in testa giravo per moschee per cercare di rapire qualche piccolo segreto a questi angeli, le donne mi sembravano principesse che volavano sopra la mia testa ero confusa ma capivo che qualcosa aveva toccato il mio cuore per sempre.<\/span><\/p>\n<p style=\"text-align: justify\"><span style=\"font-size: large\">Al mio ritorno a Genova ho comprato un Corano, non tradotto da un credente, mi sembrava tanto difficile, e poi piano piano ho abbandonato ma con un ricordo dolce e soave nel cuore.<\/span><\/p>\n<p style=\"text-align: justify\"><span style=\"font-size: large\">Il tempo passava e il mio quasi matrimonio era alle porte, quando Gino cambi\u00f2 repentinamente idea e la mia vita\u00a0 si sgretolava come un castello di carte.<\/span><\/p>\n<p style=\"text-align: justify\"><span style=\"font-size: large\">Ero appena laureata in lettere che in Italia equivaleva dire senza lavoro, \u00a0sola, ed era estate la soluzione di partire per i villaggi turistici mi sembrava la pi\u00f9 facile per dimenticare e svoltare.<\/span><\/p>\n<p style=\"text-align: justify\"><span style=\"font-size: large\">Allah (swa) al secondo viaggio mi ha voluto in Egitto, di nuovo Islam e questa volta durante il Ramadan, fare il Ramdan \u00e8 stata una curiosit\u00e0 inizialmente, ma poi un grande approfondimento, pregavo scimmiottando la televisione, e ripetevo alcune piccole parole&#8230;&#8230;Mashallah quanto tempo \u00e8 passato.<\/span><\/p>\n<p style=\"text-align: justify\"><span style=\"font-size: large\">Sono passati altri viaggi, alle Maldive dove in moschea mi raccoglievo a pregare, in Egitto ancora, e poi infine la consapevolezza che quella, questa \u00e8 la VIA e la VERITA\u2019.<\/span><\/p>\n<p style=\"text-align: justify\"><span style=\"font-size: large\">Sono tornata a Genova ed ho pronunciato la mia Shahada, molto del mio cammino verso questa tappa lo devo anche a mio marito, che \u00e8 stato sicuramente tramite di Allah (swa) per il mio Ritorno all\u2019Islam.<\/span><\/p>\n<p style=\"text-align: justify\"><span style=\"font-size: large\"> Molti di noi arrivano a DIO attraverso l\u2019amore di un uomo e una donna, e altri accusano di conversioni per amore, non c\u2019e\u2019 niente di pi\u00f9 sbagliato&#8230;.Allah (swa) ha molti modi di parlare ai cuori, e non siamo noi che ci convertiamo&#8230;.ma \u00e8 Allah (swa) che ci sceglie e in un grande campo di grano sceglie le spighe migliori.<\/span><\/p>\n<p style=\"text-align: justify\"><strong><span style=\"font-size: large\">Fatima Dia<\/span><\/strong><\/p>\n<p style=\"text-align: justify\"><span style=\"font-size: large\"><span style=\"color: #ff0000\">la fonte:<\/span><\/span><\/p>\n<p style=\"text-align: justify\"><span style=\"font-size: large\"><span style=\"color: #ff0000\">www.huda.it<\/span><\/span><\/p>\n","protected":false},"excerpt":{"rendered":"<p>Fatima Dia Il mio Ritorno all&#8217;Islam Nel Nome di Allah, il Compassionevole, il Misericordioso Bismill\u00e0hi ar-Rahm\u00e0ni ar-Rah\u00ecm Non mi piace dire che mi sono convertita all\u2019Islam, il termine conversione ha in se una accezione negativa che rigetto, io sono Ritornata all\u2019Islam con consapevolezza e attraverso la Grazia di Allah (swa). L\u2019Islam forse era nel mio &hellip;<\/p>\n","protected":false},"author":6,"featured_media":516,"comment_status":"open","ping_status":"open","sticky":false,"template":"","format":"standard","meta":{"om_disable_all_campaigns":false,"_monsterinsights_skip_tracking":false,"_monsterinsights_sitenote_active":false,"_monsterinsights_sitenote_note":"","_monsterinsights_sitenote_category":0,"_uf_show_specific_survey":0,"_uf_disable_surveys":false,"footnotes":""},"categories":[13],"tags":[],"class_list":["post-517","post","type-post","status-publish","format-standard","has-post-thumbnail","hentry","category-donne-si-sono-convertiti-all-isalm"],"yoast_head":"<!-- This site is optimized with the Yoast SEO plugin v27.5 - https:\/\/yoast.com\/product\/yoast-seo-wordpress\/ -->\n<title>Fatima Dia &quot;Il mio Ritorno all&#039;Islam&quot; - II vero Islam II vero Islam<\/title>\n<meta name=\"description\" content=\"Fatima Dia &quot;Il mio Ritorno all&#039;Islam&quot; II vero Islam Donne si sono convertiti all&#039;isalm %\" \/>\n<meta name=\"robots\" content=\"index, follow, max-snippet:-1, max-image-preview:large, max-video-preview:-1\" \/>\n<link rel=\"canonical\" href=\"https:\/\/r-islam.com\/it\/fatima-dia-il-mio-ritorno-all-islam\/\" \/>\n<meta property=\"og:locale\" content=\"it_IT\" \/>\n<meta property=\"og:type\" content=\"article\" \/>\n<meta property=\"og:title\" content=\"Fatima Dia &quot;Il mio Ritorno all&#039;Islam&quot; - II vero Islam II vero Islam\" \/>\n<meta property=\"og:description\" content=\"Fatima Dia &quot;Il mio Ritorno all&#039;Islam&quot; II vero Islam Donne si sono convertiti all&#039;isalm %\" \/>\n<meta property=\"og:url\" content=\"https:\/\/r-islam.com\/it\/fatima-dia-il-mio-ritorno-all-islam\/\" \/>\n<meta property=\"og:site_name\" content=\"II vero Islam\" \/>\n<meta property=\"article:published_time\" content=\"2024-03-15T02:01:00+00:00\" \/>\n<meta property=\"article:modified_time\" content=\"2024-06-04T09:20:28+00:00\" \/>\n<meta property=\"og:image\" content=\"https:\/\/r-islam.com\/it\/wp-content\/uploads\/sites\/6\/2023\/07\/afatimadia.png\" \/>\n\t<meta property=\"og:image:width\" content=\"520\" \/>\n\t<meta property=\"og:image:height\" content=\"520\" \/>\n\t<meta property=\"og:image:type\" content=\"image\/png\" \/>\n<meta name=\"author\" content=\"Right Islam\" \/>\n<meta name=\"twitter:card\" content=\"summary_large_image\" \/>\n<meta name=\"twitter:label1\" content=\"Scritto da\" \/>\n\t<meta name=\"twitter:data1\" content=\"Right Islam\" \/>\n\t<meta name=\"twitter:label2\" content=\"Tempo di lettura stimato\" \/>\n\t<meta name=\"twitter:data2\" content=\"4 minuti\" \/>\n<script type=\"application\/ld+json\" class=\"yoast-schema-graph\">{\"@context\":\"https:\\\/\\\/schema.org\",\"@graph\":[{\"@type\":\"Article\",\"@id\":\"https:\\\/\\\/r-islam.com\\\/it\\\/fatima-dia-il-mio-ritorno-all-islam\\\/#article\",\"isPartOf\":{\"@id\":\"https:\\\/\\\/r-islam.com\\\/it\\\/fatima-dia-il-mio-ritorno-all-islam\\\/\"},\"author\":{\"name\":\"Right Islam\",\"@id\":\"https:\\\/\\\/r-islam.com\\\/it\\\/#\\\/schema\\\/person\\\/92de7dae6e843a9ee2e94aa4a9b5133d\"},\"headline\":\"Fatima Dia &#8220;Il mio Ritorno all&#8217;Islam&#8221;\",\"datePublished\":\"2024-03-15T02:01:00+00:00\",\"dateModified\":\"2024-06-04T09:20:28+00:00\",\"mainEntityOfPage\":{\"@id\":\"https:\\\/\\\/r-islam.com\\\/it\\\/fatima-dia-il-mio-ritorno-all-islam\\\/\"},\"wordCount\":513,\"commentCount\":0,\"publisher\":{\"@id\":\"https:\\\/\\\/r-islam.com\\\/it\\\/#organization\"},\"image\":{\"@id\":\"https:\\\/\\\/r-islam.com\\\/it\\\/fatima-dia-il-mio-ritorno-all-islam\\\/#primaryimage\"},\"thumbnailUrl\":\"https:\\\/\\\/r-islam.com\\\/it\\\/wp-content\\\/uploads\\\/sites\\\/6\\\/2023\\\/07\\\/afatimadia.png\",\"articleSection\":[\"Donne si sono convertiti all'isalm\"],\"inLanguage\":\"it-IT\",\"potentialAction\":[{\"@type\":\"CommentAction\",\"name\":\"Comment\",\"target\":[\"https:\\\/\\\/r-islam.com\\\/it\\\/fatima-dia-il-mio-ritorno-all-islam\\\/#respond\"]}]},{\"@type\":\"WebPage\",\"@id\":\"https:\\\/\\\/r-islam.com\\\/it\\\/fatima-dia-il-mio-ritorno-all-islam\\\/\",\"url\":\"https:\\\/\\\/r-islam.com\\\/it\\\/fatima-dia-il-mio-ritorno-all-islam\\\/\",\"name\":\"Fatima Dia \\\"Il mio Ritorno all'Islam\\\" - II vero Islam II vero Islam\",\"isPartOf\":{\"@id\":\"https:\\\/\\\/r-islam.com\\\/it\\\/#website\"},\"primaryImageOfPage\":{\"@id\":\"https:\\\/\\\/r-islam.com\\\/it\\\/fatima-dia-il-mio-ritorno-all-islam\\\/#primaryimage\"},\"image\":{\"@id\":\"https:\\\/\\\/r-islam.com\\\/it\\\/fatima-dia-il-mio-ritorno-all-islam\\\/#primaryimage\"},\"thumbnailUrl\":\"https:\\\/\\\/r-islam.com\\\/it\\\/wp-content\\\/uploads\\\/sites\\\/6\\\/2023\\\/07\\\/afatimadia.png\",\"datePublished\":\"2024-03-15T02:01:00+00:00\",\"dateModified\":\"2024-06-04T09:20:28+00:00\",\"description\":\"Fatima Dia \\\"Il mio Ritorno all'Islam\\\" II vero Islam Donne si sono convertiti all'isalm %\",\"breadcrumb\":{\"@id\":\"https:\\\/\\\/r-islam.com\\\/it\\\/fatima-dia-il-mio-ritorno-all-islam\\\/#breadcrumb\"},\"inLanguage\":\"it-IT\",\"potentialAction\":[{\"@type\":\"ReadAction\",\"target\":[\"https:\\\/\\\/r-islam.com\\\/it\\\/fatima-dia-il-mio-ritorno-all-islam\\\/\"]}]},{\"@type\":\"ImageObject\",\"inLanguage\":\"it-IT\",\"@id\":\"https:\\\/\\\/r-islam.com\\\/it\\\/fatima-dia-il-mio-ritorno-all-islam\\\/#primaryimage\",\"url\":\"https:\\\/\\\/r-islam.com\\\/it\\\/wp-content\\\/uploads\\\/sites\\\/6\\\/2023\\\/07\\\/afatimadia.png\",\"contentUrl\":\"https:\\\/\\\/r-islam.com\\\/it\\\/wp-content\\\/uploads\\\/sites\\\/6\\\/2023\\\/07\\\/afatimadia.png\",\"width\":520,\"height\":520},{\"@type\":\"BreadcrumbList\",\"@id\":\"https:\\\/\\\/r-islam.com\\\/it\\\/fatima-dia-il-mio-ritorno-all-islam\\\/#breadcrumb\",\"itemListElement\":[{\"@type\":\"ListItem\",\"position\":1,\"name\":\"Home\",\"item\":\"https:\\\/\\\/r-islam.com\\\/it\\\/\"},{\"@type\":\"ListItem\",\"position\":2,\"name\":\"Fatima Dia &#8220;Il mio Ritorno all&#8217;Islam&#8221;\"}]},{\"@type\":\"WebSite\",\"@id\":\"https:\\\/\\\/r-islam.com\\\/it\\\/#website\",\"url\":\"https:\\\/\\\/r-islam.com\\\/it\\\/\",\"name\":\"II vero Islam\",\"description\":\"\",\"publisher\":{\"@id\":\"https:\\\/\\\/r-islam.com\\\/it\\\/#organization\"},\"potentialAction\":[{\"@type\":\"SearchAction\",\"target\":{\"@type\":\"EntryPoint\",\"urlTemplate\":\"https:\\\/\\\/r-islam.com\\\/it\\\/?s={search_term_string}\"},\"query-input\":{\"@type\":\"PropertyValueSpecification\",\"valueRequired\":true,\"valueName\":\"search_term_string\"}}],\"inLanguage\":\"it-IT\"},{\"@type\":\"Organization\",\"@id\":\"https:\\\/\\\/r-islam.com\\\/it\\\/#organization\",\"name\":\"II vero Islam\",\"url\":\"https:\\\/\\\/r-islam.com\\\/it\\\/\",\"logo\":{\"@type\":\"ImageObject\",\"inLanguage\":\"it-IT\",\"@id\":\"https:\\\/\\\/r-islam.com\\\/it\\\/#\\\/schema\\\/logo\\\/image\\\/\",\"url\":\"https:\\\/\\\/r-islam.com\\\/it\\\/wp-content\\\/uploads\\\/sites\\\/6\\\/2024\\\/02\\\/cropped-logo-small.jpg\",\"contentUrl\":\"https:\\\/\\\/r-islam.com\\\/it\\\/wp-content\\\/uploads\\\/sites\\\/6\\\/2024\\\/02\\\/cropped-logo-small.jpg\",\"width\":512,\"height\":512,\"caption\":\"II vero Islam\"},\"image\":{\"@id\":\"https:\\\/\\\/r-islam.com\\\/it\\\/#\\\/schema\\\/logo\\\/image\\\/\"}},{\"@type\":\"Person\",\"@id\":\"https:\\\/\\\/r-islam.com\\\/it\\\/#\\\/schema\\\/person\\\/92de7dae6e843a9ee2e94aa4a9b5133d\",\"name\":\"Right Islam\",\"image\":{\"@type\":\"ImageObject\",\"inLanguage\":\"it-IT\",\"@id\":\"https:\\\/\\\/secure.gravatar.com\\\/avatar\\\/02bc82baefedb88212fdfbdbc558b74e6c80b15750921e0ebbcfc450427d426b?s=96&d=mm&r=g\",\"url\":\"https:\\\/\\\/secure.gravatar.com\\\/avatar\\\/02bc82baefedb88212fdfbdbc558b74e6c80b15750921e0ebbcfc450427d426b?s=96&d=mm&r=g\",\"contentUrl\":\"https:\\\/\\\/secure.gravatar.com\\\/avatar\\\/02bc82baefedb88212fdfbdbc558b74e6c80b15750921e0ebbcfc450427d426b?s=96&d=mm&r=g\",\"caption\":\"Right Islam\"},\"url\":\"https:\\\/\\\/r-islam.com\\\/it\\\/author\\\/it-admin\\\/\"}]}<\/script>\n<!-- \/ Yoast SEO plugin. -->","yoast_head_json":{"title":"Fatima Dia \"Il mio Ritorno all'Islam\" - II vero Islam II vero Islam","description":"Fatima Dia \"Il mio Ritorno all'Islam\" II vero Islam Donne si sono convertiti all'isalm %","robots":{"index":"index","follow":"follow","max-snippet":"max-snippet:-1","max-image-preview":"max-image-preview:large","max-video-preview":"max-video-preview:-1"},"canonical":"https:\/\/r-islam.com\/it\/fatima-dia-il-mio-ritorno-all-islam\/","og_locale":"it_IT","og_type":"article","og_title":"Fatima Dia \"Il mio Ritorno all'Islam\" - II vero Islam II vero Islam","og_description":"Fatima Dia \"Il mio Ritorno all'Islam\" II vero Islam Donne si sono convertiti all'isalm %","og_url":"https:\/\/r-islam.com\/it\/fatima-dia-il-mio-ritorno-all-islam\/","og_site_name":"II vero Islam","article_published_time":"2024-03-15T02:01:00+00:00","article_modified_time":"2024-06-04T09:20:28+00:00","og_image":[{"width":520,"height":520,"url":"https:\/\/r-islam.com\/it\/wp-content\/uploads\/sites\/6\/2023\/07\/afatimadia.png","type":"image\/png"}],"author":"Right Islam","twitter_card":"summary_large_image","twitter_misc":{"Scritto da":"Right Islam","Tempo di lettura stimato":"4 minuti"},"schema":{"@context":"https:\/\/schema.org","@graph":[{"@type":"Article","@id":"https:\/\/r-islam.com\/it\/fatima-dia-il-mio-ritorno-all-islam\/#article","isPartOf":{"@id":"https:\/\/r-islam.com\/it\/fatima-dia-il-mio-ritorno-all-islam\/"},"author":{"name":"Right Islam","@id":"https:\/\/r-islam.com\/it\/#\/schema\/person\/92de7dae6e843a9ee2e94aa4a9b5133d"},"headline":"Fatima Dia &#8220;Il mio Ritorno all&#8217;Islam&#8221;","datePublished":"2024-03-15T02:01:00+00:00","dateModified":"2024-06-04T09:20:28+00:00","mainEntityOfPage":{"@id":"https:\/\/r-islam.com\/it\/fatima-dia-il-mio-ritorno-all-islam\/"},"wordCount":513,"commentCount":0,"publisher":{"@id":"https:\/\/r-islam.com\/it\/#organization"},"image":{"@id":"https:\/\/r-islam.com\/it\/fatima-dia-il-mio-ritorno-all-islam\/#primaryimage"},"thumbnailUrl":"https:\/\/r-islam.com\/it\/wp-content\/uploads\/sites\/6\/2023\/07\/afatimadia.png","articleSection":["Donne si sono convertiti all'isalm"],"inLanguage":"it-IT","potentialAction":[{"@type":"CommentAction","name":"Comment","target":["https:\/\/r-islam.com\/it\/fatima-dia-il-mio-ritorno-all-islam\/#respond"]}]},{"@type":"WebPage","@id":"https:\/\/r-islam.com\/it\/fatima-dia-il-mio-ritorno-all-islam\/","url":"https:\/\/r-islam.com\/it\/fatima-dia-il-mio-ritorno-all-islam\/","name":"Fatima Dia \"Il mio Ritorno all'Islam\" - II vero Islam II vero Islam","isPartOf":{"@id":"https:\/\/r-islam.com\/it\/#website"},"primaryImageOfPage":{"@id":"https:\/\/r-islam.com\/it\/fatima-dia-il-mio-ritorno-all-islam\/#primaryimage"},"image":{"@id":"https:\/\/r-islam.com\/it\/fatima-dia-il-mio-ritorno-all-islam\/#primaryimage"},"thumbnailUrl":"https:\/\/r-islam.com\/it\/wp-content\/uploads\/sites\/6\/2023\/07\/afatimadia.png","datePublished":"2024-03-15T02:01:00+00:00","dateModified":"2024-06-04T09:20:28+00:00","description":"Fatima Dia \"Il mio Ritorno all'Islam\" II vero Islam Donne si sono convertiti all'isalm %","breadcrumb":{"@id":"https:\/\/r-islam.com\/it\/fatima-dia-il-mio-ritorno-all-islam\/#breadcrumb"},"inLanguage":"it-IT","potentialAction":[{"@type":"ReadAction","target":["https:\/\/r-islam.com\/it\/fatima-dia-il-mio-ritorno-all-islam\/"]}]},{"@type":"ImageObject","inLanguage":"it-IT","@id":"https:\/\/r-islam.com\/it\/fatima-dia-il-mio-ritorno-all-islam\/#primaryimage","url":"https:\/\/r-islam.com\/it\/wp-content\/uploads\/sites\/6\/2023\/07\/afatimadia.png","contentUrl":"https:\/\/r-islam.com\/it\/wp-content\/uploads\/sites\/6\/2023\/07\/afatimadia.png","width":520,"height":520},{"@type":"BreadcrumbList","@id":"https:\/\/r-islam.com\/it\/fatima-dia-il-mio-ritorno-all-islam\/#breadcrumb","itemListElement":[{"@type":"ListItem","position":1,"name":"Home","item":"https:\/\/r-islam.com\/it\/"},{"@type":"ListItem","position":2,"name":"Fatima Dia &#8220;Il mio Ritorno all&#8217;Islam&#8221;"}]},{"@type":"WebSite","@id":"https:\/\/r-islam.com\/it\/#website","url":"https:\/\/r-islam.com\/it\/","name":"II vero Islam","description":"","publisher":{"@id":"https:\/\/r-islam.com\/it\/#organization"},"potentialAction":[{"@type":"SearchAction","target":{"@type":"EntryPoint","urlTemplate":"https:\/\/r-islam.com\/it\/?s={search_term_string}"},"query-input":{"@type":"PropertyValueSpecification","valueRequired":true,"valueName":"search_term_string"}}],"inLanguage":"it-IT"},{"@type":"Organization","@id":"https:\/\/r-islam.com\/it\/#organization","name":"II vero Islam","url":"https:\/\/r-islam.com\/it\/","logo":{"@type":"ImageObject","inLanguage":"it-IT","@id":"https:\/\/r-islam.com\/it\/#\/schema\/logo\/image\/","url":"https:\/\/r-islam.com\/it\/wp-content\/uploads\/sites\/6\/2024\/02\/cropped-logo-small.jpg","contentUrl":"https:\/\/r-islam.com\/it\/wp-content\/uploads\/sites\/6\/2024\/02\/cropped-logo-small.jpg","width":512,"height":512,"caption":"II vero Islam"},"image":{"@id":"https:\/\/r-islam.com\/it\/#\/schema\/logo\/image\/"}},{"@type":"Person","@id":"https:\/\/r-islam.com\/it\/#\/schema\/person\/92de7dae6e843a9ee2e94aa4a9b5133d","name":"Right Islam","image":{"@type":"ImageObject","inLanguage":"it-IT","@id":"https:\/\/secure.gravatar.com\/avatar\/02bc82baefedb88212fdfbdbc558b74e6c80b15750921e0ebbcfc450427d426b?s=96&d=mm&r=g","url":"https:\/\/secure.gravatar.com\/avatar\/02bc82baefedb88212fdfbdbc558b74e6c80b15750921e0ebbcfc450427d426b?s=96&d=mm&r=g","contentUrl":"https:\/\/secure.gravatar.com\/avatar\/02bc82baefedb88212fdfbdbc558b74e6c80b15750921e0ebbcfc450427d426b?s=96&d=mm&r=g","caption":"Right Islam"},"url":"https:\/\/r-islam.com\/it\/author\/it-admin\/"}]}},"_links":{"self":[{"href":"https:\/\/r-islam.com\/it\/wp-json\/wp\/v2\/posts\/517","targetHints":{"allow":["GET"]}}],"collection":[{"href":"https:\/\/r-islam.com\/it\/wp-json\/wp\/v2\/posts"}],"about":[{"href":"https:\/\/r-islam.com\/it\/wp-json\/wp\/v2\/types\/post"}],"author":[{"embeddable":true,"href":"https:\/\/r-islam.com\/it\/wp-json\/wp\/v2\/users\/6"}],"replies":[{"embeddable":true,"href":"https:\/\/r-islam.com\/it\/wp-json\/wp\/v2\/comments?post=517"}],"version-history":[{"count":1,"href":"https:\/\/r-islam.com\/it\/wp-json\/wp\/v2\/posts\/517\/revisions"}],"predecessor-version":[{"id":1881,"href":"https:\/\/r-islam.com\/it\/wp-json\/wp\/v2\/posts\/517\/revisions\/1881"}],"wp:featuredmedia":[{"embeddable":true,"href":"https:\/\/r-islam.com\/it\/wp-json\/wp\/v2\/media\/516"}],"wp:attachment":[{"href":"https:\/\/r-islam.com\/it\/wp-json\/wp\/v2\/media?parent=517"}],"wp:term":[{"taxonomy":"category","embeddable":true,"href":"https:\/\/r-islam.com\/it\/wp-json\/wp\/v2\/categories?post=517"},{"taxonomy":"post_tag","embeddable":true,"href":"https:\/\/r-islam.com\/it\/wp-json\/wp\/v2\/tags?post=517"}],"curies":[{"name":"wp","href":"https:\/\/api.w.org\/{rel}","templated":true}]}}