{"id":652,"date":"2023-03-24T01:09:00","date_gmt":"2023-03-24T01:09:00","guid":{"rendered":"http:\/\/localhost\/rs\/it\/2023\/03\/24\/anche-i-musulmani-celebrano-gesu-su-di-lui-la-pace\/"},"modified":"2023-03-24T01:09:00","modified_gmt":"2023-03-24T01:09:00","slug":"anche-i-musulmani-celebrano-gesu-su-di-lui-la-pace","status":"publish","type":"post","link":"https:\/\/r-islam.com\/it\/anche-i-musulmani-celebrano-gesu-su-di-lui-la-pace\/","title":{"rendered":"Ges\u00f9 -su di lui la pace- nel Corano"},"content":{"rendered":"<p style=\"text-align: center;\"><img loading=\"lazy\" decoding=\"async\" class=\" size-full wp-image-651\" src=\"http:\/\/localhost\/rs\/it\/wp-content\/uploads\/sites\/6\/2023\/03\/agesu.png\" alt=\"\" width=\"450\" height=\"450\" srcset=\"https:\/\/r-islam.com\/it\/wp-content\/uploads\/sites\/6\/2023\/03\/agesu.png 450w, https:\/\/r-islam.com\/it\/wp-content\/uploads\/sites\/6\/2023\/03\/agesu-300x300.png 300w, https:\/\/r-islam.com\/it\/wp-content\/uploads\/sites\/6\/2023\/03\/agesu-150x150.png 150w\" sizes=\"auto, (max-width: 450px) 100vw, 450px\" \/><\/p>\n<p style=\"text-align: center;\"><span style=\"font-size: 14pt; font-family: 'times new roman', times;\">Ges\u00f9 -su di lui la pace- nel Corano<\/span><\/p>\n<p style=\"text-align: justify;\"><span style=\"font-size: 14pt; font-family: 'times new roman', times;\"><span style=\"color: #000000;\">Dice Allah -SWT- \u2018\u2019 <span style=\"color: #008000;\">Il Messaggero crede in quello che \u00e8 stato fatto scendere su di lui da parte del suo Signore, come del resto i credenti: tutti credono in Allah, nei Suoi Angeli, nei Suoi Libri e nei Suoi Messaggeri. \u201cNon facciamo differenza alcuna tra i Suoi Messaggeri.\u201d* E dicono: \u201cAbbiamo ascoltato e obbediamo. Perdo`no, Signore! E\u2019 a Te, che tutto ritorna\u201d.<\/span> Corano [285:2]<\/span><\/span><\/p>\n<p style=\"text-align: justify;\"><span style=\"font-size: large; font-family: 'times new roman', times;\"><span style=\"font-size: large;\"><span style=\"color: #000000;\"><span style=\"font-size: large;\"><span style=\"font-size: large;\">Crediamo in Ges\u00f9 -su di lui la pace- :<\/span><\/span><\/span><\/span><\/span><\/p>\n<p style=\"text-align: justify;\"><span style=\"font-size: large; font-family: 'times new roman', times;\"><span style=\"color: #000000;\"><span style=\"font-size: large;\"><span style=\"font-size: large;\">Uno dei nobili profeti di Allah, e uno dei cinque messageri Ulu&#8217;l azm.\u02e1<\/span><\/span><\/span><\/span><\/p>\n<p style=\"text-align: justify;\"><span style=\"font-size: large; font-family: 'times new roman', times;\"><span style=\"color: #000000;\"><span style=\"font-size: large;\"><span style=\"font-size: large;\">Nato come le altre creature, e cresciuto come si cresce ogni uomo da bambino a ragazzo a giovane e uomo.<br \/>E chi ha un\u2019inizio,avr\u00e0 una fine. E Ges\u00f9 \u2013su di lui la pace- \u00e8 iniziato quando ha voluto Allah -SWT- che inizi, e morir\u00e0\u00a0 quando verr\u00e0 la sua fine. <span style=\"color: #008000;\">\u201dPace su di me, il giorno in cui sono nato, il giorno in cui morr\u00f2 e il Giorno in cui sar\u00f2 resuscitato a nuova vita\u201d<\/span> Corano [33:19].<\/span><\/span><\/span><\/span><\/p>\n<p style=\"text-align: justify;\"><span style=\"font-size: large; font-family: 'times new roman', times;\"><span style=\"color: #000000;\"><span style=\"font-size: large;\"><span style=\"font-size: large;\">E i cristiani dicono che Ges\u00f9 -su di lui la pace- \u00e8 l\u2019unico che \u00e8 nato senza padre e che \u00e8\u00a0 dallo spirito di Dio e che \u00e8 suo figlio!, e la risposta \u00e8 che ci sono tanti versetti indicano che Adamo Allah ha soffiato in lui del Suo Spirito, dice Allah -SWT-:<\/span><\/span><\/span><\/span><\/p>\n<p style=\"text-align: justify;\"><span style=\"font-size: large; font-family: 'times new roman', times;\"><span style=\"color: #000000;\"><span style=\"font-size: large;\"><span style=\"font-size: large;\"> <span style=\"color: #008000;\">\u201dDopo che l&#8217;avr\u00f2 ben formato e avr\u00f2 soffiato in lui del Mio Spirito, gettatevi in prosternazione davanti a lui\u201d.<\/span> Corano [72:38] e ha ditto-SWT- anche: <span style=\"color: #008000;\">\u201cquindi gli ha dato forma e ha insufflato in lui del Suo Spirito\u2026\u201d\u00a0<\/span> [9:32].<\/span><\/span><\/span><\/span><\/p>\n<p style=\"text-align: justify;\"><span style=\"font-size: large; font-family: 'times new roman', times;\"><span style=\"color: #000000;\"><span style=\"font-size: large;\"><span style=\"font-size: large;\">e quindi tutte le nostre anime sono dello spirito di Allah -SWT-, allora siamo tutti figli di Dio?! E noi senza dubbio, siamo i servi devoti di Allah, ma gli associatori sono i Suoi schiavi, e c&#8217;\u00e8 una gran differenza tra i servi devoti e gli schiavi.<\/span><\/span><\/span><\/span><\/p>\n<p style=\"text-align: justify;\"><span style=\"font-size: large; font-family: 'times new roman', times;\"><span style=\"color: #000000;\"><span style=\"font-size: large;\"><span style=\"font-size: large;\">E diciamo a chi gli sorprende che nasca Ges\u00f9 senza padre: che Adamo \u00e8 nato senza n\u00e8 padre n\u00e8 madre, e questo \u00e8 pi\u00f9 sorprendente. e l\u2019ordine di Allah -SWT- consiste nel dire \u201cS\u00ec\u00ec\u201d ed essa \u00e8. Quindi non c\u2019\u00e8 da sorprendere, e Allah -SWT- ha indicato che la creazione di Ges\u00f9 \u00e8 come la creazione di Adamo -Pace su di loro-, e Allah fa ci\u00f2 che vuole.<\/span><\/span><\/span><\/span><\/p>\n<p style=\"text-align: justify;\"><span style=\"font-size: large; font-family: 'times new roman', times;\"><span style=\"color: #000000;\"><span style=\"font-size: large;\"><span style=\"font-size: large;\">E leggiamo insieme questa bellissima storia con i termini coranici per vedere la posizione di Ges\u00f9 -pace su di lui- dai musulmani che Lo amano e Lo rispettano come un nobile profeta e un\u2019uomo infallibile.<\/span><\/span><\/span><\/span><\/p>\n<p style=\"text-align: justify;\"><span style=\"font-size: large; font-family: 'times new roman', times;\"><span style=\"color: #000000;\"><span style=\"font-size: large;\"><span style=\"font-size: large;\"><span style=\"color: #008000;\">\u201cRicorda Maria nel Libro, quando si allontan\u00f2 dalla sua famiglia, in un luogo ad oriente.<br \/>Tese una cortina tra s\u00e9 e gli altri. Le inviammo il Nostro Spirito* che assunse le sembianze di un uomo perfetto.<\/span><\/span><\/span><\/span><\/span><\/p>\n<p style=\"text-align: justify;\"><span style=\"font-size: large; font-family: 'times new roman', times;\"><span style=\"color: #000000;\"><span style=\"font-size: large;\"><span style=\"font-size: large;\"><span style=\"color: #008000;\">Disse [Maria]: \u201cMi rifugio contro di te presso il Compassionevole, se sei [di Lui] timorato!\u201d<\/span> [16-18:19]E allora Maria -pace su di lei- \u00e8 pura e virtuosa.<\/span><\/span><\/span><\/span><\/p>\n<p style=\"text-align: justify;\"><span style=\"font-size: large; font-family: 'times new roman', times;\"><span style=\"color: #000000;\"><span style=\"font-size: large;\"><span style=\"font-size: large;\"><span style=\"color: #008000;\">\u201cRispose: \u201cNon sono altro che un messaggero del tuo Signore, per darti un figlio puro.<br \/>Disse: \u201cCome potrei avere un figlio,..<br \/>1- ch\u00e9 mai un uomo mi ha toccata.. 2- e non sono certo una libertina?\u201d<\/span>. [19-20:19]<\/span><\/span><\/span><\/span><\/p>\n<p style=\"text-align: justify;\"><span style=\"font-size: large; font-family: 'times new roman', times;\"><span style=\"color: #000000;\"><span style=\"font-size: large;\"><span style=\"font-size: large;\">e la pura donna non la tocca l\u2019uomo se non \u00e8 in modo lecito, e Maria non si \u00e8 sposata, e non \u00e8 una libertina. E quindi lei si stupisce di tutte le due.<\/span><\/span><\/span><\/span><\/p>\n<p style=\"text-align: justify;\"><span style=\"font-size: large; font-family: 'times new roman', times;\"><span style=\"color: #000000;\"><span style=\"font-size: large;\"><span style=\"font-size: large;\"><span style=\"color: #008000;\">\u201cRispose: \u201c\u00c8 cos\u00ec. Il tuo Signore ha detto: &#8220;Ci\u00f2 \u00e8 facile per Me&#8230; Faremo di lui un segno per le genti e una misericordia da parte Nostra. \u00c8 cosa stabilita&#8221;.\u00a0Lo concep\u00ec e, in quello stato, si ritir\u00f2 in un luogo lontano.. I dolori del parto la condussero presso il tronco di una palma. Diceva: \u201cMe disgraziata! Fossi morta prima di ci\u00f2 e fossi gi\u00e0 del tutto dimenticata!\u201d.\u00a0<\/span><\/span><\/span><\/span><\/span><span style=\"font-size: large; font-family: 'times new roman', times;\"><span style=\"color: #008000;\">scuoti il tronco della palma: lascer\u00e0 cadere su di te datteri freschi e maturi.\u00a0<\/span><\/span><span style=\"font-size: large; font-family: 'times new roman', times;\"><span style=\"color: #008000;\">Mangia, bevi e rinfrancati. Se poi incontrerai qualcuno, di&#8217;: &#8220;Ho fatto un voto al Compassionevole e oggi non parler\u00f2 a nessuno&#8221;\u201d<\/span>.\u201d\u00a0 [21-26:19]<\/span><\/p>\n<p style=\"text-align: justify;\"><span style=\"font-size: large; font-family: 'times new roman', times;\"><span style=\"color: #000000;\"><span style=\"font-size: large;\"><span style=\"font-size: large;\">Nota: Ges\u00f9 \u2013pace su di lui- non era nato in inverno, ma in estate, e la vergine Maria si \u00e8 rivolta alla palma in estate, e se fosse in inverno, sarebbero gi\u00e0 morti di freddo.<br \/>E dicono gli scienziati che Maria ha portato e partorito Ges\u00f9 nei giorni della maturit\u00e0 dei frutti delle palme.<\/span><\/span><\/span><\/span><\/p>\n<p style=\"text-align: justify;\"><span style=\"font-size: large; color: #008000; font-family: 'times new roman', times;\"><span style=\"font-size: large;\"><span style=\"font-size: large;\"><span style=\"font-size: large;\">\u201cTorn\u00f2 dai suoi portando [il bambino]. Dissero: \u201cO Maria, hai commesso un abominio!<\/span><\/span><\/span><\/span><\/p>\n<p style=\"text-align: justify;\"><span style=\"font-size: large; font-family: 'times new roman', times;\"><span style=\"font-size: large;\"><span style=\"color: #000000;\"><span style=\"font-size: large;\"><span style=\"font-size: large;\"><span style=\"color: #008000;\">O sorella di Aronne, tuo padre non era un empio, n\u00e9 tua madre una libertina\u201d.<\/span>\u201d\u00a0\u00a0\u00a0\u00a0\u00a0 [27-28:19]<\/span><\/span><\/span><\/span><\/span><\/p>\n<p style=\"text-align: justify;\"><span style=\"font-size: large; font-family: 'times new roman', times;\"><span style=\"font-size: large;\"><span style=\"color: #000000;\"><span style=\"font-size: large;\"><span style=\"font-size: large;\">E osserva il suo stato mentale allora e la pianificazione di Allah -SWT-\u00a0 per salvarla, e lei non ha parlato.<\/span><\/span><\/span><\/span><\/span><\/p>\n<p style=\"text-align: justify;\"><span style=\"font-size: large; color: #008000; font-family: 'times new roman', times;\"><span style=\"font-size: large;\"><span style=\"font-size: large;\"><span style=\"font-size: large;\">\u201cMaria indic\u00f2 loro [il bambino]. Dissero: \u201cCome potremmo parlare con un infante nella culla?\u201d,<\/span><\/span><\/span><\/span><\/p>\n<p style=\"text-align: justify;\"><span style=\"font-size: large; color: #008000; font-family: 'times new roman', times;\"><span style=\"font-size: large;\"><span style=\"font-size: large;\"><span style=\"font-size: large;\">[Ma Ges\u00f9] disse: \u201cIn verit\u00e0, sono un servo di Allah. Mi ha dato la Scrittura e ha fatto di me un profeta.<\/span><\/span><\/span><\/span><\/p>\n<p style=\"text-align: justify;\"><span style=\"font-size: large; color: #008000; font-family: 'times new roman', times;\"><span style=\"font-size: large;\"><span style=\"font-size: large;\"><span style=\"font-size: large;\">Mi ha benedetto ovunque sia e mi ha imposto l&#8217;orazione e la decima finch\u00e9 avr\u00f2 vita,<\/span><\/span><\/span><\/span><\/p>\n<p style=\"text-align: justify;\"><span style=\"font-size: large; font-family: 'times new roman', times;\"><span style=\"font-size: large;\"><span style=\"color: #000000;\"><span style=\"font-size: large;\"><span style=\"font-size: large;\"><span style=\"color: #008000;\">e la bont\u00e0 verso colei che mi ha generato. Non mi ha fatto n\u00e9 violento, n\u00e9 miserabile.\u201d<\/span> [29-32:19]<\/span><\/span><\/span><\/span><\/span><\/p>\n<p style=\"text-align: justify;\"><span style=\"font-size: large; font-family: 'times new roman', times;\"><span style=\"font-size: large;\"><span style=\"color: #000000;\"><span style=\"font-size: large;\"><span style=\"font-size: large;\">e Ges\u00f9 \u2013pace su di lui- quando scende a terra alla fine del mondo e giudica secondo l\u2019slam, Lo crederanno i Suoi seguaci,<span style=\"color: #008000;\"> \u201cNon vi \u00e8 alcuno della Gente della Scrittura che non creder\u00e0 in lui prima di morire*. Nel Giorno della Resurrezione testimonier\u00e0 contro di loro.\u201d<\/span> [159:4]<\/span><\/span><\/span><\/span><\/span><\/p>\n<p style=\"text-align: justify;\"><span style=\"font-size: large; font-family: 'times new roman', times;\"><span style=\"font-size: large;\"><span style=\"color: #000000;\"><span style=\"font-size: large;\"><span style=\"font-size: large;\">e vediamo Ges\u00f9 \u2013pace su di lui- annunciando la venuta di Muhammad -pace e benedizione su di lui-\u00a0 <span style=\"color: #008000;\">\u201c..e per annunciarvi un Messaggero che verr\u00e0 dopo di me, il cui nome sar\u00e0 A<span style=\"text-decoration: underline;\">h<\/span>mad\u201d<\/span>* [6:61], quindi i Suoi seguaci sono che Lo credono e credono il Profeta illetterato che \u00e8 stato mandato come misericordia per il creato. e guida per I timorati.<\/span><\/span><\/span><\/span><\/span><\/p>\n<h1 style=\"text-align: justify;\"><span style=\"font-size: large; font-family: 'times new roman', times;\"><span style=\"font-size: large;\"><span style=\"color: #000000;\"><span style=\"font-size: large;\"><span style=\"font-size: large;\">&#8212;&#8212;&#8212;&#8212;&#8212;&#8212;&#8212;&#8212;&#8212;&#8212;&#8212;&#8212;&#8212;-<\/span><\/span><\/span><\/span><\/span><\/h1>\n<p style=\"text-align: justify;\"><span style=\"font-size: large;\"><span style=\"font-size: large;\"><span style=\"color: #800000;\"><span style=\"font-size: large;\"><span style=\"font-size: large;\"><span style=\"font-family: 'times new roman', times;\"><span style=\"font-family: 'times new roman', times;\">\u02e1 Ulu&#8217;l azm \u00a0dei messaggeri sono i profeti che hanno portato l\u2019invito di Allah a tutta\u00a0 l\u2019umanit\u00e0<\/span>.<\/span><\/span><\/span><\/span><\/span><\/span><\/p>\n<p style=\"text-align: justify;\"><img loading=\"lazy\" decoding=\"async\" class=\" size-full wp-image-191\" src=\"http:\/\/localhost\/rs\/it\/wp-content\/uploads\/sites\/6\/2018\/04\/4.jpg\" alt=\"\" width=\"255\" height=\"60\" \/><\/p>\n<p style=\"text-align: justify;\"><span style=\"line-height: 1.3em;\"><span style=\"font-size: large;\"><span style=\"color: #000000;\"><span style=\"font-size: small;\"><span style=\"color: #800000;\"><span style=\"font-size: large;\"><span style=\"font-family: 'times new roman', times;\">\u00a0<\/span><\/span><\/span><\/span><\/span><\/span><\/span><\/p>\n","protected":false},"excerpt":{"rendered":"<p>Ges\u00f9 -su di lui la pace- nel Corano Dice Allah -SWT- \u2018\u2019 Il Messaggero crede in quello che \u00e8 stato fatto scendere su di lui da parte del suo Signore, come del resto i credenti: tutti credono in Allah, nei Suoi Angeli, nei Suoi Libri e nei Suoi Messaggeri. \u201cNon facciamo differenza alcuna tra i &hellip;<\/p>\n","protected":false},"author":6,"featured_media":651,"comment_status":"open","ping_status":"open","sticky":false,"template":"","format":"standard","meta":{"om_disable_all_campaigns":false,"_monsterinsights_skip_tracking":false,"_monsterinsights_sitenote_active":false,"_monsterinsights_sitenote_note":"","_monsterinsights_sitenote_category":0,"_uf_show_specific_survey":0,"_uf_disable_surveys":false,"footnotes":""},"categories":[7],"tags":[],"class_list":["post-652","post","type-post","status-publish","format-standard","has-post-thumbnail","hentry","category-gesu-pace-su-di-lui"],"yoast_head":"<!-- This site is optimized with the Yoast SEO plugin v27.5 - https:\/\/yoast.com\/product\/yoast-seo-wordpress\/ -->\n<title>Ges\u00f9 -su di lui la pace- nel Corano - II vero Islam II vero Islam<\/title>\n<meta name=\"description\" content=\"Ges\u00f9 -su di lui la pace- nel Corano II vero Islam %\" \/>\n<meta name=\"robots\" content=\"index, follow, max-snippet:-1, max-image-preview:large, max-video-preview:-1\" \/>\n<link rel=\"canonical\" href=\"https:\/\/r-islam.com\/it\/anche-i-musulmani-celebrano-gesu-su-di-lui-la-pace\/\" \/>\n<meta property=\"og:locale\" content=\"it_IT\" \/>\n<meta property=\"og:type\" content=\"article\" \/>\n<meta property=\"og:title\" content=\"Ges\u00f9 -su di lui la pace- nel Corano - II vero Islam II vero Islam\" \/>\n<meta property=\"og:description\" content=\"Ges\u00f9 -su di lui la pace- nel Corano II vero Islam %\" \/>\n<meta property=\"og:url\" content=\"https:\/\/r-islam.com\/it\/anche-i-musulmani-celebrano-gesu-su-di-lui-la-pace\/\" \/>\n<meta property=\"og:site_name\" content=\"II vero Islam\" \/>\n<meta property=\"article:published_time\" content=\"2023-03-24T01:09:00+00:00\" \/>\n<meta property=\"og:image\" content=\"https:\/\/r-islam.com\/it\/wp-content\/uploads\/sites\/6\/2023\/03\/agesu.png\" \/>\n\t<meta property=\"og:image:width\" content=\"450\" \/>\n\t<meta property=\"og:image:height\" content=\"450\" \/>\n\t<meta property=\"og:image:type\" content=\"image\/png\" \/>\n<meta name=\"author\" content=\"Right Islam\" \/>\n<meta name=\"twitter:card\" content=\"summary_large_image\" \/>\n<meta name=\"twitter:label1\" content=\"Scritto da\" \/>\n\t<meta name=\"twitter:data1\" content=\"Right Islam\" \/>\n\t<meta name=\"twitter:label2\" content=\"Tempo di lettura stimato\" \/>\n\t<meta name=\"twitter:data2\" content=\"5 minuti\" \/>\n<script type=\"application\/ld+json\" class=\"yoast-schema-graph\">{\"@context\":\"https:\\\/\\\/schema.org\",\"@graph\":[{\"@type\":\"Article\",\"@id\":\"https:\\\/\\\/r-islam.com\\\/it\\\/anche-i-musulmani-celebrano-gesu-su-di-lui-la-pace\\\/#article\",\"isPartOf\":{\"@id\":\"https:\\\/\\\/r-islam.com\\\/it\\\/anche-i-musulmani-celebrano-gesu-su-di-lui-la-pace\\\/\"},\"author\":{\"name\":\"Right Islam\",\"@id\":\"https:\\\/\\\/r-islam.com\\\/it\\\/#\\\/schema\\\/person\\\/92de7dae6e843a9ee2e94aa4a9b5133d\"},\"headline\":\"Ges\u00f9 -su di lui la pace- nel Corano\",\"datePublished\":\"2023-03-24T01:09:00+00:00\",\"mainEntityOfPage\":{\"@id\":\"https:\\\/\\\/r-islam.com\\\/it\\\/anche-i-musulmani-celebrano-gesu-su-di-lui-la-pace\\\/\"},\"wordCount\":939,\"commentCount\":0,\"publisher\":{\"@id\":\"https:\\\/\\\/r-islam.com\\\/it\\\/#organization\"},\"image\":{\"@id\":\"https:\\\/\\\/r-islam.com\\\/it\\\/anche-i-musulmani-celebrano-gesu-su-di-lui-la-pace\\\/#primaryimage\"},\"thumbnailUrl\":\"https:\\\/\\\/r-islam.com\\\/it\\\/wp-content\\\/uploads\\\/sites\\\/6\\\/2023\\\/03\\\/agesu.png\",\"articleSection\":[\"Ges\u00f9 pace su di lui\"],\"inLanguage\":\"it-IT\",\"potentialAction\":[{\"@type\":\"CommentAction\",\"name\":\"Comment\",\"target\":[\"https:\\\/\\\/r-islam.com\\\/it\\\/anche-i-musulmani-celebrano-gesu-su-di-lui-la-pace\\\/#respond\"]}]},{\"@type\":\"WebPage\",\"@id\":\"https:\\\/\\\/r-islam.com\\\/it\\\/anche-i-musulmani-celebrano-gesu-su-di-lui-la-pace\\\/\",\"url\":\"https:\\\/\\\/r-islam.com\\\/it\\\/anche-i-musulmani-celebrano-gesu-su-di-lui-la-pace\\\/\",\"name\":\"Ges\u00f9 -su di lui la pace- nel Corano - II vero Islam II vero Islam\",\"isPartOf\":{\"@id\":\"https:\\\/\\\/r-islam.com\\\/it\\\/#website\"},\"primaryImageOfPage\":{\"@id\":\"https:\\\/\\\/r-islam.com\\\/it\\\/anche-i-musulmani-celebrano-gesu-su-di-lui-la-pace\\\/#primaryimage\"},\"image\":{\"@id\":\"https:\\\/\\\/r-islam.com\\\/it\\\/anche-i-musulmani-celebrano-gesu-su-di-lui-la-pace\\\/#primaryimage\"},\"thumbnailUrl\":\"https:\\\/\\\/r-islam.com\\\/it\\\/wp-content\\\/uploads\\\/sites\\\/6\\\/2023\\\/03\\\/agesu.png\",\"datePublished\":\"2023-03-24T01:09:00+00:00\",\"description\":\"Ges\u00f9 -su di lui la pace- nel Corano II vero Islam %\",\"breadcrumb\":{\"@id\":\"https:\\\/\\\/r-islam.com\\\/it\\\/anche-i-musulmani-celebrano-gesu-su-di-lui-la-pace\\\/#breadcrumb\"},\"inLanguage\":\"it-IT\",\"potentialAction\":[{\"@type\":\"ReadAction\",\"target\":[\"https:\\\/\\\/r-islam.com\\\/it\\\/anche-i-musulmani-celebrano-gesu-su-di-lui-la-pace\\\/\"]}]},{\"@type\":\"ImageObject\",\"inLanguage\":\"it-IT\",\"@id\":\"https:\\\/\\\/r-islam.com\\\/it\\\/anche-i-musulmani-celebrano-gesu-su-di-lui-la-pace\\\/#primaryimage\",\"url\":\"https:\\\/\\\/r-islam.com\\\/it\\\/wp-content\\\/uploads\\\/sites\\\/6\\\/2023\\\/03\\\/agesu.png\",\"contentUrl\":\"https:\\\/\\\/r-islam.com\\\/it\\\/wp-content\\\/uploads\\\/sites\\\/6\\\/2023\\\/03\\\/agesu.png\",\"width\":450,\"height\":450},{\"@type\":\"BreadcrumbList\",\"@id\":\"https:\\\/\\\/r-islam.com\\\/it\\\/anche-i-musulmani-celebrano-gesu-su-di-lui-la-pace\\\/#breadcrumb\",\"itemListElement\":[{\"@type\":\"ListItem\",\"position\":1,\"name\":\"Home\",\"item\":\"https:\\\/\\\/r-islam.com\\\/it\\\/\"},{\"@type\":\"ListItem\",\"position\":2,\"name\":\"Ges\u00f9 -su di lui la pace- nel Corano\"}]},{\"@type\":\"WebSite\",\"@id\":\"https:\\\/\\\/r-islam.com\\\/it\\\/#website\",\"url\":\"https:\\\/\\\/r-islam.com\\\/it\\\/\",\"name\":\"II vero Islam\",\"description\":\"\",\"publisher\":{\"@id\":\"https:\\\/\\\/r-islam.com\\\/it\\\/#organization\"},\"potentialAction\":[{\"@type\":\"SearchAction\",\"target\":{\"@type\":\"EntryPoint\",\"urlTemplate\":\"https:\\\/\\\/r-islam.com\\\/it\\\/?s={search_term_string}\"},\"query-input\":{\"@type\":\"PropertyValueSpecification\",\"valueRequired\":true,\"valueName\":\"search_term_string\"}}],\"inLanguage\":\"it-IT\"},{\"@type\":\"Organization\",\"@id\":\"https:\\\/\\\/r-islam.com\\\/it\\\/#organization\",\"name\":\"II vero Islam\",\"url\":\"https:\\\/\\\/r-islam.com\\\/it\\\/\",\"logo\":{\"@type\":\"ImageObject\",\"inLanguage\":\"it-IT\",\"@id\":\"https:\\\/\\\/r-islam.com\\\/it\\\/#\\\/schema\\\/logo\\\/image\\\/\",\"url\":\"https:\\\/\\\/r-islam.com\\\/it\\\/wp-content\\\/uploads\\\/sites\\\/6\\\/2024\\\/02\\\/cropped-logo-small.jpg\",\"contentUrl\":\"https:\\\/\\\/r-islam.com\\\/it\\\/wp-content\\\/uploads\\\/sites\\\/6\\\/2024\\\/02\\\/cropped-logo-small.jpg\",\"width\":512,\"height\":512,\"caption\":\"II vero Islam\"},\"image\":{\"@id\":\"https:\\\/\\\/r-islam.com\\\/it\\\/#\\\/schema\\\/logo\\\/image\\\/\"}},{\"@type\":\"Person\",\"@id\":\"https:\\\/\\\/r-islam.com\\\/it\\\/#\\\/schema\\\/person\\\/92de7dae6e843a9ee2e94aa4a9b5133d\",\"name\":\"Right Islam\",\"image\":{\"@type\":\"ImageObject\",\"inLanguage\":\"it-IT\",\"@id\":\"https:\\\/\\\/secure.gravatar.com\\\/avatar\\\/02bc82baefedb88212fdfbdbc558b74e6c80b15750921e0ebbcfc450427d426b?s=96&d=mm&r=g\",\"url\":\"https:\\\/\\\/secure.gravatar.com\\\/avatar\\\/02bc82baefedb88212fdfbdbc558b74e6c80b15750921e0ebbcfc450427d426b?s=96&d=mm&r=g\",\"contentUrl\":\"https:\\\/\\\/secure.gravatar.com\\\/avatar\\\/02bc82baefedb88212fdfbdbc558b74e6c80b15750921e0ebbcfc450427d426b?s=96&d=mm&r=g\",\"caption\":\"Right Islam\"},\"url\":\"https:\\\/\\\/r-islam.com\\\/it\\\/author\\\/it-admin\\\/\"}]}<\/script>\n<!-- \/ Yoast SEO plugin. -->","yoast_head_json":{"title":"Ges\u00f9 -su di lui la pace- nel Corano - II vero Islam II vero Islam","description":"Ges\u00f9 -su di lui la pace- nel Corano II vero Islam %","robots":{"index":"index","follow":"follow","max-snippet":"max-snippet:-1","max-image-preview":"max-image-preview:large","max-video-preview":"max-video-preview:-1"},"canonical":"https:\/\/r-islam.com\/it\/anche-i-musulmani-celebrano-gesu-su-di-lui-la-pace\/","og_locale":"it_IT","og_type":"article","og_title":"Ges\u00f9 -su di lui la pace- nel Corano - II vero Islam II vero Islam","og_description":"Ges\u00f9 -su di lui la pace- nel Corano II vero Islam %","og_url":"https:\/\/r-islam.com\/it\/anche-i-musulmani-celebrano-gesu-su-di-lui-la-pace\/","og_site_name":"II vero Islam","article_published_time":"2023-03-24T01:09:00+00:00","og_image":[{"width":450,"height":450,"url":"https:\/\/r-islam.com\/it\/wp-content\/uploads\/sites\/6\/2023\/03\/agesu.png","type":"image\/png"}],"author":"Right Islam","twitter_card":"summary_large_image","twitter_misc":{"Scritto da":"Right Islam","Tempo di lettura stimato":"5 minuti"},"schema":{"@context":"https:\/\/schema.org","@graph":[{"@type":"Article","@id":"https:\/\/r-islam.com\/it\/anche-i-musulmani-celebrano-gesu-su-di-lui-la-pace\/#article","isPartOf":{"@id":"https:\/\/r-islam.com\/it\/anche-i-musulmani-celebrano-gesu-su-di-lui-la-pace\/"},"author":{"name":"Right Islam","@id":"https:\/\/r-islam.com\/it\/#\/schema\/person\/92de7dae6e843a9ee2e94aa4a9b5133d"},"headline":"Ges\u00f9 -su di lui la pace- nel Corano","datePublished":"2023-03-24T01:09:00+00:00","mainEntityOfPage":{"@id":"https:\/\/r-islam.com\/it\/anche-i-musulmani-celebrano-gesu-su-di-lui-la-pace\/"},"wordCount":939,"commentCount":0,"publisher":{"@id":"https:\/\/r-islam.com\/it\/#organization"},"image":{"@id":"https:\/\/r-islam.com\/it\/anche-i-musulmani-celebrano-gesu-su-di-lui-la-pace\/#primaryimage"},"thumbnailUrl":"https:\/\/r-islam.com\/it\/wp-content\/uploads\/sites\/6\/2023\/03\/agesu.png","articleSection":["Ges\u00f9 pace su di lui"],"inLanguage":"it-IT","potentialAction":[{"@type":"CommentAction","name":"Comment","target":["https:\/\/r-islam.com\/it\/anche-i-musulmani-celebrano-gesu-su-di-lui-la-pace\/#respond"]}]},{"@type":"WebPage","@id":"https:\/\/r-islam.com\/it\/anche-i-musulmani-celebrano-gesu-su-di-lui-la-pace\/","url":"https:\/\/r-islam.com\/it\/anche-i-musulmani-celebrano-gesu-su-di-lui-la-pace\/","name":"Ges\u00f9 -su di lui la pace- nel Corano - II vero Islam II vero Islam","isPartOf":{"@id":"https:\/\/r-islam.com\/it\/#website"},"primaryImageOfPage":{"@id":"https:\/\/r-islam.com\/it\/anche-i-musulmani-celebrano-gesu-su-di-lui-la-pace\/#primaryimage"},"image":{"@id":"https:\/\/r-islam.com\/it\/anche-i-musulmani-celebrano-gesu-su-di-lui-la-pace\/#primaryimage"},"thumbnailUrl":"https:\/\/r-islam.com\/it\/wp-content\/uploads\/sites\/6\/2023\/03\/agesu.png","datePublished":"2023-03-24T01:09:00+00:00","description":"Ges\u00f9 -su di lui la pace- nel Corano II vero Islam %","breadcrumb":{"@id":"https:\/\/r-islam.com\/it\/anche-i-musulmani-celebrano-gesu-su-di-lui-la-pace\/#breadcrumb"},"inLanguage":"it-IT","potentialAction":[{"@type":"ReadAction","target":["https:\/\/r-islam.com\/it\/anche-i-musulmani-celebrano-gesu-su-di-lui-la-pace\/"]}]},{"@type":"ImageObject","inLanguage":"it-IT","@id":"https:\/\/r-islam.com\/it\/anche-i-musulmani-celebrano-gesu-su-di-lui-la-pace\/#primaryimage","url":"https:\/\/r-islam.com\/it\/wp-content\/uploads\/sites\/6\/2023\/03\/agesu.png","contentUrl":"https:\/\/r-islam.com\/it\/wp-content\/uploads\/sites\/6\/2023\/03\/agesu.png","width":450,"height":450},{"@type":"BreadcrumbList","@id":"https:\/\/r-islam.com\/it\/anche-i-musulmani-celebrano-gesu-su-di-lui-la-pace\/#breadcrumb","itemListElement":[{"@type":"ListItem","position":1,"name":"Home","item":"https:\/\/r-islam.com\/it\/"},{"@type":"ListItem","position":2,"name":"Ges\u00f9 -su di lui la pace- nel Corano"}]},{"@type":"WebSite","@id":"https:\/\/r-islam.com\/it\/#website","url":"https:\/\/r-islam.com\/it\/","name":"II vero Islam","description":"","publisher":{"@id":"https:\/\/r-islam.com\/it\/#organization"},"potentialAction":[{"@type":"SearchAction","target":{"@type":"EntryPoint","urlTemplate":"https:\/\/r-islam.com\/it\/?s={search_term_string}"},"query-input":{"@type":"PropertyValueSpecification","valueRequired":true,"valueName":"search_term_string"}}],"inLanguage":"it-IT"},{"@type":"Organization","@id":"https:\/\/r-islam.com\/it\/#organization","name":"II vero Islam","url":"https:\/\/r-islam.com\/it\/","logo":{"@type":"ImageObject","inLanguage":"it-IT","@id":"https:\/\/r-islam.com\/it\/#\/schema\/logo\/image\/","url":"https:\/\/r-islam.com\/it\/wp-content\/uploads\/sites\/6\/2024\/02\/cropped-logo-small.jpg","contentUrl":"https:\/\/r-islam.com\/it\/wp-content\/uploads\/sites\/6\/2024\/02\/cropped-logo-small.jpg","width":512,"height":512,"caption":"II vero Islam"},"image":{"@id":"https:\/\/r-islam.com\/it\/#\/schema\/logo\/image\/"}},{"@type":"Person","@id":"https:\/\/r-islam.com\/it\/#\/schema\/person\/92de7dae6e843a9ee2e94aa4a9b5133d","name":"Right Islam","image":{"@type":"ImageObject","inLanguage":"it-IT","@id":"https:\/\/secure.gravatar.com\/avatar\/02bc82baefedb88212fdfbdbc558b74e6c80b15750921e0ebbcfc450427d426b?s=96&d=mm&r=g","url":"https:\/\/secure.gravatar.com\/avatar\/02bc82baefedb88212fdfbdbc558b74e6c80b15750921e0ebbcfc450427d426b?s=96&d=mm&r=g","contentUrl":"https:\/\/secure.gravatar.com\/avatar\/02bc82baefedb88212fdfbdbc558b74e6c80b15750921e0ebbcfc450427d426b?s=96&d=mm&r=g","caption":"Right Islam"},"url":"https:\/\/r-islam.com\/it\/author\/it-admin\/"}]}},"_links":{"self":[{"href":"https:\/\/r-islam.com\/it\/wp-json\/wp\/v2\/posts\/652","targetHints":{"allow":["GET"]}}],"collection":[{"href":"https:\/\/r-islam.com\/it\/wp-json\/wp\/v2\/posts"}],"about":[{"href":"https:\/\/r-islam.com\/it\/wp-json\/wp\/v2\/types\/post"}],"author":[{"embeddable":true,"href":"https:\/\/r-islam.com\/it\/wp-json\/wp\/v2\/users\/6"}],"replies":[{"embeddable":true,"href":"https:\/\/r-islam.com\/it\/wp-json\/wp\/v2\/comments?post=652"}],"version-history":[{"count":0,"href":"https:\/\/r-islam.com\/it\/wp-json\/wp\/v2\/posts\/652\/revisions"}],"wp:featuredmedia":[{"embeddable":true,"href":"https:\/\/r-islam.com\/it\/wp-json\/wp\/v2\/media\/651"}],"wp:attachment":[{"href":"https:\/\/r-islam.com\/it\/wp-json\/wp\/v2\/media?parent=652"}],"wp:term":[{"taxonomy":"category","embeddable":true,"href":"https:\/\/r-islam.com\/it\/wp-json\/wp\/v2\/categories?post=652"},{"taxonomy":"post_tag","embeddable":true,"href":"https:\/\/r-islam.com\/it\/wp-json\/wp\/v2\/tags?post=652"}],"curies":[{"name":"wp","href":"https:\/\/api.w.org\/{rel}","templated":true}]}}