{"id":703,"date":"2022-09-07T08:51:24","date_gmt":"2022-09-07T08:51:24","guid":{"rendered":"http:\/\/localhost\/rs\/it\/2022\/09\/07\/aaaaaaa\/"},"modified":"2022-09-07T08:51:24","modified_gmt":"2022-09-07T08:51:24","slug":"aaaaaaa","status":"publish","type":"post","link":"https:\/\/r-islam.com\/it\/aaaaaaa\/","title":{"rendered":"l&#8217;elevazione di Ges\u00f9 al cielo"},"content":{"rendered":"<p style=\"text-align: center;\"><span style=\"font-family: times new roman,times;\"><span style=\"font-size: large;\"><img loading=\"lazy\" decoding=\"async\" class=\" size-full wp-image-702\" src=\"http:\/\/localhost\/rs\/it\/wp-content\/uploads\/sites\/6\/2022\/09\/heavens.jpg\" border=\"0\" width=\"680\" height=\"440\" srcset=\"https:\/\/r-islam.com\/it\/wp-content\/uploads\/sites\/6\/2022\/09\/heavens.jpg 680w, https:\/\/r-islam.com\/it\/wp-content\/uploads\/sites\/6\/2022\/09\/heavens-300x194.jpg 300w\" sizes=\"auto, (max-width: 680px) 100vw, 680px\" \/><\/span><\/span><\/p>\n<p>\u00a0<\/p>\n<p style=\"text-align: center;\"><span style=\"font-family: times new roman,times;\">\u00a0<\/span><\/p>\n<p>\u00a0<\/p>\n<p style=\"text-align: justify;\"><span style=\"font-family: times new roman,times;\"><span style=\"font-size: large;\"><span style=\"color: #000000;\"><br \/> <span style=\"color: #000000;\">L<\/span><\/span><span style=\"color: #000000;\">\u2019\u201carresto\u201d, il \u201cprocesso\u201d e la \u201ccrocifissione\u201d di Ges\u00f9 sono circondati da tante contraddizioni e dichiarazioni inesatte che \u00e8 estremamente difficile snodare e penetrare tra loro per arrivare a sapere quello che effettivamente accadde. Quello che sappiamo \u00e8 che l\u2019amministrazione romana riusc\u00ec ad utilizzare i servigi di una piccola minoranza di Ebrei che aveva irrinunciabili interessi nella continuazione del potere romano su Gerusalemme.<\/span><\/span><\/span><\/p>\n<p>\u00a0<\/p>\n<p style=\"text-align: justify;\"><span style=\"font-family: times new roman,times;\"><span style=\"font-size: large;\"><span style=\"color: #000000;\">Giuda Iscariota, un discepolo di Ges\u00f9, fu persuaso dalla promessa di ottenere trenta monete d\u2019argento se, con il suo aiuto, Ges\u00f9 fosse stato arrestato. Per evitare ogni ulteriore problema, fu deciso di fare il tentativo di notte. Fu detto a Giuda che, una volta giunto nel posto in cui Ges\u00f9 si era recato con alcuni dei suoi discepoli, avrebbe dovuto baciarlo, in modo che i soldati romani avrebbero potuto identificarlo. Il piano fall\u00ec: quando i soldati vennero fuori dall\u2019oscurit\u00e0 avvenne una confusione. Nell\u2019oscurit\u00e0, i soldati arrestarono per errore Giuda invece di Ges\u00f9 e cos\u00ec quest\u2019ultimo la fece franca. Dice il Corano:<\/span> \u201c<span style=\"color: #008000;\">Invece non lo hanno n\u00e9 ucciso n\u00e9 crocifisso, ma cos\u00ec parve loro<\/span>\u201d. [157:4] \u00a0(Corano).<\/span><\/span><\/p>\n<p>\u00a0<\/p>\n<p style=\"text-align: justify;\"><span style=\"font-family: times new roman,times;\"><span style=\"color: #000000;\"><span style=\"font-size: large;\">Dal racconto fatto da Barnaba sappiamo che, al momento dell\u2019arresto, Giuda fu trasformato dal Creatore e persino sua madre ed i suoi discepoli pi\u00f9 vicini credettero \u00a0che egli fosse Ges\u00f9. Fu solo quando Ges\u00f9 apparve loro, dopo la sua presunta morte, che essi furono informati di quanto era effettivamente accaduto. Questo spiegherebbe il motivo di tanta confusione che circonda gli eventi che ebbero luogo in quel tempo e spiegherebbe anche la ragione per cui alcune narrazioni, scritte da persone che non assistettero personalmente a quegli eventi, sostennero l\u2019errata credenza che fu Ges\u00f9 ad essere crocifisso.<\/span><\/span><\/span><\/p>\n<p>\u00a0<\/p>\n<p style=\"text-align: justify;\"><span style=\"font-family: times new roman,times;\"><span style=\"font-size: large;\"><span style=\"color: #000000;\">I primi cristiani negavano che Ges\u00f9 fosse stato crocifisso, ma sarebbe stato uno dei suoi discepoli, a lui molto somigliante, a essere crocifisso al suo posto. Non esistono altre testimonianze storiche di quello che \u00e8 avvenuto a Ges\u00f9 dopo la crocifissione se non il Vangelo di Barnaba ed il Corano. Entrambi descrivono \u00a0l\u2019evento che \u00e8 generalmente conosciuto nei quattro Vangeli accettati dalla Chiesa come l\u2019ascensione, nel quale Ges\u00f9 fu portato via da questo mondo. Il Corano nega la crocifissione di Ges\u00f9 ma afferma l\u2019ascensione:<\/span> \u201c\u00a0<span style=\"color: #008000;\">E dissero : \u201c Abbiamo ucciso il Messia Ges\u00f9 figlio di Maria, il Messaggero di Allah!\u201d. Invece non l\u2019hanno n\u00e9 ucciso n\u00e9 crocifisso, ma cos\u00ec parve loro. Per certo non l\u2019hanno ucciso ma Allah lo ha elevato fino a s\u00e9\u201d<\/span> [157:4] \u00a0(Corano). <span style=\"color: #000000;\">Il Corano parla dell\u2019innalzamento di Ges\u00f9 ad opera di Dio, il che significa il trasferimento del corpo di un mortale in cielo; e questo significa elevazione di rango.<\/span><\/span><\/span><\/p>\n<p>\u00a0<\/p>\n<p style=\"text-align: justify;\"><span style=\"font-family: times new roman,times;\"><span style=\"color: #000000;\"><span style=\"font-size: large;\">Ges\u00f9 se ne and\u00f2 e non dett\u00f2 il Vangelo ai suoi apostoli, come fece il Sacro Profeta Muhammad, ma lo lasci\u00f2 solo come insegnamenti conservati nei loro cuori. Ges\u00f9 non lasci\u00f2 tanti seguaci e i suoi apostoli erano solo 12 tra cui Giuda il traditore che vennero perseguitati e dispersi nel mondo.<\/span><\/span><\/span><\/p>\n<p>\u00a0<\/p>\n<p style=\"text-align: justify;\"><span style=\"font-family: times new roman,times;\"><span style=\"font-size: large;\">\u00a0<\/span><\/span><\/p>\n<p>\u00a0<\/p>\n<p style=\"text-align: justify;\"><span style=\"font-family: times new roman,times;\"><span style=\"font-size: large;\">tratto dal libro:<span style=\"color: #ff0000;\"> Ges\u00f9\u00a0Profeta\u00a0Dell\u2019Islam<\/span><\/span><\/span><\/p>\n","protected":false},"excerpt":{"rendered":"<p>\u00a0 \u00a0 \u00a0 L\u2019\u201carresto\u201d, il \u201cprocesso\u201d e la \u201ccrocifissione\u201d di Ges\u00f9 sono circondati da tante contraddizioni e dichiarazioni inesatte che \u00e8 estremamente difficile snodare e penetrare tra loro per arrivare a sapere quello che effettivamente accadde. Quello che sappiamo \u00e8 che l\u2019amministrazione romana riusc\u00ec ad utilizzare i servigi di una piccola minoranza di Ebrei che &hellip;<\/p>\n","protected":false},"author":6,"featured_media":702,"comment_status":"open","ping_status":"open","sticky":false,"template":"","format":"standard","meta":{"om_disable_all_campaigns":false,"_monsterinsights_skip_tracking":false,"_monsterinsights_sitenote_active":false,"_monsterinsights_sitenote_note":"","_monsterinsights_sitenote_category":0,"_uf_show_specific_survey":0,"_uf_disable_surveys":false,"footnotes":""},"categories":[7],"tags":[],"class_list":["post-703","post","type-post","status-publish","format-standard","has-post-thumbnail","hentry","category-gesu-pace-su-di-lui"],"yoast_head":"<!-- This site is optimized with the Yoast SEO plugin v27.4 - https:\/\/yoast.com\/product\/yoast-seo-wordpress\/ -->\n<title>l&#039;elevazione di Ges\u00f9 al cielo - II vero Islam II vero Islam<\/title>\n<meta name=\"description\" content=\"l&#039;elevazione di Ges\u00f9 al cielo II vero Islam %\" \/>\n<meta name=\"robots\" content=\"index, follow, max-snippet:-1, max-image-preview:large, max-video-preview:-1\" \/>\n<link rel=\"canonical\" href=\"https:\/\/r-islam.com\/it\/aaaaaaa\/\" \/>\n<meta property=\"og:locale\" content=\"it_IT\" \/>\n<meta property=\"og:type\" content=\"article\" \/>\n<meta property=\"og:title\" content=\"l&#039;elevazione di Ges\u00f9 al cielo - II vero Islam II vero Islam\" \/>\n<meta property=\"og:description\" content=\"l&#039;elevazione di Ges\u00f9 al cielo II vero Islam %\" \/>\n<meta property=\"og:url\" content=\"https:\/\/r-islam.com\/it\/aaaaaaa\/\" \/>\n<meta property=\"og:site_name\" content=\"II vero Islam\" \/>\n<meta property=\"article:published_time\" content=\"2022-09-07T08:51:24+00:00\" \/>\n<meta property=\"og:image\" content=\"https:\/\/r-islam.com\/it\/wp-content\/uploads\/sites\/6\/2022\/09\/heavens.jpg\" \/>\n\t<meta property=\"og:image:width\" content=\"680\" \/>\n\t<meta property=\"og:image:height\" content=\"440\" \/>\n\t<meta property=\"og:image:type\" content=\"image\/jpeg\" \/>\n<meta name=\"author\" content=\"Right Islam\" \/>\n<meta name=\"twitter:card\" content=\"summary_large_image\" \/>\n<meta name=\"twitter:label1\" content=\"Scritto da\" \/>\n\t<meta name=\"twitter:data1\" content=\"Right Islam\" \/>\n\t<meta name=\"twitter:label2\" content=\"Tempo di lettura stimato\" \/>\n\t<meta name=\"twitter:data2\" content=\"2 minuti\" \/>\n<script type=\"application\/ld+json\" class=\"yoast-schema-graph\">{\"@context\":\"https:\\\/\\\/schema.org\",\"@graph\":[{\"@type\":\"Article\",\"@id\":\"https:\\\/\\\/r-islam.com\\\/it\\\/aaaaaaa\\\/#article\",\"isPartOf\":{\"@id\":\"https:\\\/\\\/r-islam.com\\\/it\\\/aaaaaaa\\\/\"},\"author\":{\"name\":\"Right Islam\",\"@id\":\"https:\\\/\\\/r-islam.com\\\/it\\\/#\\\/schema\\\/person\\\/92de7dae6e843a9ee2e94aa4a9b5133d\"},\"headline\":\"l&#8217;elevazione di Ges\u00f9 al cielo\",\"datePublished\":\"2022-09-07T08:51:24+00:00\",\"mainEntityOfPage\":{\"@id\":\"https:\\\/\\\/r-islam.com\\\/it\\\/aaaaaaa\\\/\"},\"wordCount\":495,\"commentCount\":0,\"publisher\":{\"@id\":\"https:\\\/\\\/r-islam.com\\\/it\\\/#organization\"},\"image\":{\"@id\":\"https:\\\/\\\/r-islam.com\\\/it\\\/aaaaaaa\\\/#primaryimage\"},\"thumbnailUrl\":\"https:\\\/\\\/r-islam.com\\\/it\\\/wp-content\\\/uploads\\\/sites\\\/6\\\/2022\\\/09\\\/heavens.jpg\",\"articleSection\":[\"Ges\u00f9 pace su di lui\"],\"inLanguage\":\"it-IT\",\"potentialAction\":[{\"@type\":\"CommentAction\",\"name\":\"Comment\",\"target\":[\"https:\\\/\\\/r-islam.com\\\/it\\\/aaaaaaa\\\/#respond\"]}]},{\"@type\":\"WebPage\",\"@id\":\"https:\\\/\\\/r-islam.com\\\/it\\\/aaaaaaa\\\/\",\"url\":\"https:\\\/\\\/r-islam.com\\\/it\\\/aaaaaaa\\\/\",\"name\":\"l'elevazione di Ges\u00f9 al cielo - II vero Islam II vero Islam\",\"isPartOf\":{\"@id\":\"https:\\\/\\\/r-islam.com\\\/it\\\/#website\"},\"primaryImageOfPage\":{\"@id\":\"https:\\\/\\\/r-islam.com\\\/it\\\/aaaaaaa\\\/#primaryimage\"},\"image\":{\"@id\":\"https:\\\/\\\/r-islam.com\\\/it\\\/aaaaaaa\\\/#primaryimage\"},\"thumbnailUrl\":\"https:\\\/\\\/r-islam.com\\\/it\\\/wp-content\\\/uploads\\\/sites\\\/6\\\/2022\\\/09\\\/heavens.jpg\",\"datePublished\":\"2022-09-07T08:51:24+00:00\",\"description\":\"l'elevazione di Ges\u00f9 al cielo II vero Islam %\",\"breadcrumb\":{\"@id\":\"https:\\\/\\\/r-islam.com\\\/it\\\/aaaaaaa\\\/#breadcrumb\"},\"inLanguage\":\"it-IT\",\"potentialAction\":[{\"@type\":\"ReadAction\",\"target\":[\"https:\\\/\\\/r-islam.com\\\/it\\\/aaaaaaa\\\/\"]}]},{\"@type\":\"ImageObject\",\"inLanguage\":\"it-IT\",\"@id\":\"https:\\\/\\\/r-islam.com\\\/it\\\/aaaaaaa\\\/#primaryimage\",\"url\":\"https:\\\/\\\/r-islam.com\\\/it\\\/wp-content\\\/uploads\\\/sites\\\/6\\\/2022\\\/09\\\/heavens.jpg\",\"contentUrl\":\"https:\\\/\\\/r-islam.com\\\/it\\\/wp-content\\\/uploads\\\/sites\\\/6\\\/2022\\\/09\\\/heavens.jpg\",\"width\":680,\"height\":440},{\"@type\":\"BreadcrumbList\",\"@id\":\"https:\\\/\\\/r-islam.com\\\/it\\\/aaaaaaa\\\/#breadcrumb\",\"itemListElement\":[{\"@type\":\"ListItem\",\"position\":1,\"name\":\"Home\",\"item\":\"https:\\\/\\\/r-islam.com\\\/it\\\/\"},{\"@type\":\"ListItem\",\"position\":2,\"name\":\"l&#8217;elevazione di Ges\u00f9 al cielo\"}]},{\"@type\":\"WebSite\",\"@id\":\"https:\\\/\\\/r-islam.com\\\/it\\\/#website\",\"url\":\"https:\\\/\\\/r-islam.com\\\/it\\\/\",\"name\":\"II vero Islam\",\"description\":\"\",\"publisher\":{\"@id\":\"https:\\\/\\\/r-islam.com\\\/it\\\/#organization\"},\"potentialAction\":[{\"@type\":\"SearchAction\",\"target\":{\"@type\":\"EntryPoint\",\"urlTemplate\":\"https:\\\/\\\/r-islam.com\\\/it\\\/?s={search_term_string}\"},\"query-input\":{\"@type\":\"PropertyValueSpecification\",\"valueRequired\":true,\"valueName\":\"search_term_string\"}}],\"inLanguage\":\"it-IT\"},{\"@type\":\"Organization\",\"@id\":\"https:\\\/\\\/r-islam.com\\\/it\\\/#organization\",\"name\":\"II vero Islam\",\"url\":\"https:\\\/\\\/r-islam.com\\\/it\\\/\",\"logo\":{\"@type\":\"ImageObject\",\"inLanguage\":\"it-IT\",\"@id\":\"https:\\\/\\\/r-islam.com\\\/it\\\/#\\\/schema\\\/logo\\\/image\\\/\",\"url\":\"https:\\\/\\\/r-islam.com\\\/it\\\/wp-content\\\/uploads\\\/sites\\\/6\\\/2024\\\/02\\\/cropped-logo-small.jpg\",\"contentUrl\":\"https:\\\/\\\/r-islam.com\\\/it\\\/wp-content\\\/uploads\\\/sites\\\/6\\\/2024\\\/02\\\/cropped-logo-small.jpg\",\"width\":512,\"height\":512,\"caption\":\"II vero Islam\"},\"image\":{\"@id\":\"https:\\\/\\\/r-islam.com\\\/it\\\/#\\\/schema\\\/logo\\\/image\\\/\"}},{\"@type\":\"Person\",\"@id\":\"https:\\\/\\\/r-islam.com\\\/it\\\/#\\\/schema\\\/person\\\/92de7dae6e843a9ee2e94aa4a9b5133d\",\"name\":\"Right Islam\",\"image\":{\"@type\":\"ImageObject\",\"inLanguage\":\"it-IT\",\"@id\":\"https:\\\/\\\/secure.gravatar.com\\\/avatar\\\/02bc82baefedb88212fdfbdbc558b74e6c80b15750921e0ebbcfc450427d426b?s=96&d=mm&r=g\",\"url\":\"https:\\\/\\\/secure.gravatar.com\\\/avatar\\\/02bc82baefedb88212fdfbdbc558b74e6c80b15750921e0ebbcfc450427d426b?s=96&d=mm&r=g\",\"contentUrl\":\"https:\\\/\\\/secure.gravatar.com\\\/avatar\\\/02bc82baefedb88212fdfbdbc558b74e6c80b15750921e0ebbcfc450427d426b?s=96&d=mm&r=g\",\"caption\":\"Right Islam\"},\"url\":\"https:\\\/\\\/r-islam.com\\\/it\\\/author\\\/it-admin\\\/\"}]}<\/script>\n<!-- \/ Yoast SEO plugin. -->","yoast_head_json":{"title":"l'elevazione di Ges\u00f9 al cielo - II vero Islam II vero Islam","description":"l'elevazione di Ges\u00f9 al cielo II vero Islam %","robots":{"index":"index","follow":"follow","max-snippet":"max-snippet:-1","max-image-preview":"max-image-preview:large","max-video-preview":"max-video-preview:-1"},"canonical":"https:\/\/r-islam.com\/it\/aaaaaaa\/","og_locale":"it_IT","og_type":"article","og_title":"l'elevazione di Ges\u00f9 al cielo - II vero Islam II vero Islam","og_description":"l'elevazione di Ges\u00f9 al cielo II vero Islam %","og_url":"https:\/\/r-islam.com\/it\/aaaaaaa\/","og_site_name":"II vero Islam","article_published_time":"2022-09-07T08:51:24+00:00","og_image":[{"width":680,"height":440,"url":"https:\/\/r-islam.com\/it\/wp-content\/uploads\/sites\/6\/2022\/09\/heavens.jpg","type":"image\/jpeg"}],"author":"Right Islam","twitter_card":"summary_large_image","twitter_misc":{"Scritto da":"Right Islam","Tempo di lettura stimato":"2 minuti"},"schema":{"@context":"https:\/\/schema.org","@graph":[{"@type":"Article","@id":"https:\/\/r-islam.com\/it\/aaaaaaa\/#article","isPartOf":{"@id":"https:\/\/r-islam.com\/it\/aaaaaaa\/"},"author":{"name":"Right Islam","@id":"https:\/\/r-islam.com\/it\/#\/schema\/person\/92de7dae6e843a9ee2e94aa4a9b5133d"},"headline":"l&#8217;elevazione di Ges\u00f9 al cielo","datePublished":"2022-09-07T08:51:24+00:00","mainEntityOfPage":{"@id":"https:\/\/r-islam.com\/it\/aaaaaaa\/"},"wordCount":495,"commentCount":0,"publisher":{"@id":"https:\/\/r-islam.com\/it\/#organization"},"image":{"@id":"https:\/\/r-islam.com\/it\/aaaaaaa\/#primaryimage"},"thumbnailUrl":"https:\/\/r-islam.com\/it\/wp-content\/uploads\/sites\/6\/2022\/09\/heavens.jpg","articleSection":["Ges\u00f9 pace su di lui"],"inLanguage":"it-IT","potentialAction":[{"@type":"CommentAction","name":"Comment","target":["https:\/\/r-islam.com\/it\/aaaaaaa\/#respond"]}]},{"@type":"WebPage","@id":"https:\/\/r-islam.com\/it\/aaaaaaa\/","url":"https:\/\/r-islam.com\/it\/aaaaaaa\/","name":"l'elevazione di Ges\u00f9 al cielo - II vero Islam II vero Islam","isPartOf":{"@id":"https:\/\/r-islam.com\/it\/#website"},"primaryImageOfPage":{"@id":"https:\/\/r-islam.com\/it\/aaaaaaa\/#primaryimage"},"image":{"@id":"https:\/\/r-islam.com\/it\/aaaaaaa\/#primaryimage"},"thumbnailUrl":"https:\/\/r-islam.com\/it\/wp-content\/uploads\/sites\/6\/2022\/09\/heavens.jpg","datePublished":"2022-09-07T08:51:24+00:00","description":"l'elevazione di Ges\u00f9 al cielo II vero Islam %","breadcrumb":{"@id":"https:\/\/r-islam.com\/it\/aaaaaaa\/#breadcrumb"},"inLanguage":"it-IT","potentialAction":[{"@type":"ReadAction","target":["https:\/\/r-islam.com\/it\/aaaaaaa\/"]}]},{"@type":"ImageObject","inLanguage":"it-IT","@id":"https:\/\/r-islam.com\/it\/aaaaaaa\/#primaryimage","url":"https:\/\/r-islam.com\/it\/wp-content\/uploads\/sites\/6\/2022\/09\/heavens.jpg","contentUrl":"https:\/\/r-islam.com\/it\/wp-content\/uploads\/sites\/6\/2022\/09\/heavens.jpg","width":680,"height":440},{"@type":"BreadcrumbList","@id":"https:\/\/r-islam.com\/it\/aaaaaaa\/#breadcrumb","itemListElement":[{"@type":"ListItem","position":1,"name":"Home","item":"https:\/\/r-islam.com\/it\/"},{"@type":"ListItem","position":2,"name":"l&#8217;elevazione di Ges\u00f9 al cielo"}]},{"@type":"WebSite","@id":"https:\/\/r-islam.com\/it\/#website","url":"https:\/\/r-islam.com\/it\/","name":"II vero Islam","description":"","publisher":{"@id":"https:\/\/r-islam.com\/it\/#organization"},"potentialAction":[{"@type":"SearchAction","target":{"@type":"EntryPoint","urlTemplate":"https:\/\/r-islam.com\/it\/?s={search_term_string}"},"query-input":{"@type":"PropertyValueSpecification","valueRequired":true,"valueName":"search_term_string"}}],"inLanguage":"it-IT"},{"@type":"Organization","@id":"https:\/\/r-islam.com\/it\/#organization","name":"II vero Islam","url":"https:\/\/r-islam.com\/it\/","logo":{"@type":"ImageObject","inLanguage":"it-IT","@id":"https:\/\/r-islam.com\/it\/#\/schema\/logo\/image\/","url":"https:\/\/r-islam.com\/it\/wp-content\/uploads\/sites\/6\/2024\/02\/cropped-logo-small.jpg","contentUrl":"https:\/\/r-islam.com\/it\/wp-content\/uploads\/sites\/6\/2024\/02\/cropped-logo-small.jpg","width":512,"height":512,"caption":"II vero Islam"},"image":{"@id":"https:\/\/r-islam.com\/it\/#\/schema\/logo\/image\/"}},{"@type":"Person","@id":"https:\/\/r-islam.com\/it\/#\/schema\/person\/92de7dae6e843a9ee2e94aa4a9b5133d","name":"Right Islam","image":{"@type":"ImageObject","inLanguage":"it-IT","@id":"https:\/\/secure.gravatar.com\/avatar\/02bc82baefedb88212fdfbdbc558b74e6c80b15750921e0ebbcfc450427d426b?s=96&d=mm&r=g","url":"https:\/\/secure.gravatar.com\/avatar\/02bc82baefedb88212fdfbdbc558b74e6c80b15750921e0ebbcfc450427d426b?s=96&d=mm&r=g","contentUrl":"https:\/\/secure.gravatar.com\/avatar\/02bc82baefedb88212fdfbdbc558b74e6c80b15750921e0ebbcfc450427d426b?s=96&d=mm&r=g","caption":"Right Islam"},"url":"https:\/\/r-islam.com\/it\/author\/it-admin\/"}]}},"_links":{"self":[{"href":"https:\/\/r-islam.com\/it\/wp-json\/wp\/v2\/posts\/703","targetHints":{"allow":["GET"]}}],"collection":[{"href":"https:\/\/r-islam.com\/it\/wp-json\/wp\/v2\/posts"}],"about":[{"href":"https:\/\/r-islam.com\/it\/wp-json\/wp\/v2\/types\/post"}],"author":[{"embeddable":true,"href":"https:\/\/r-islam.com\/it\/wp-json\/wp\/v2\/users\/6"}],"replies":[{"embeddable":true,"href":"https:\/\/r-islam.com\/it\/wp-json\/wp\/v2\/comments?post=703"}],"version-history":[{"count":0,"href":"https:\/\/r-islam.com\/it\/wp-json\/wp\/v2\/posts\/703\/revisions"}],"wp:featuredmedia":[{"embeddable":true,"href":"https:\/\/r-islam.com\/it\/wp-json\/wp\/v2\/media\/702"}],"wp:attachment":[{"href":"https:\/\/r-islam.com\/it\/wp-json\/wp\/v2\/media?parent=703"}],"wp:term":[{"taxonomy":"category","embeddable":true,"href":"https:\/\/r-islam.com\/it\/wp-json\/wp\/v2\/categories?post=703"},{"taxonomy":"post_tag","embeddable":true,"href":"https:\/\/r-islam.com\/it\/wp-json\/wp\/v2\/tags?post=703"}],"curies":[{"name":"wp","href":"https:\/\/api.w.org\/{rel}","templated":true}]}}