{"id":722,"date":"2023-04-22T00:00:00","date_gmt":"2023-04-22T00:00:00","guid":{"rendered":"http:\/\/localhost\/rs\/it\/2023\/04\/22\/angelene-mclaren-dall-oscurita-alla-luce-il-mio-incontro-con-l-islam\/"},"modified":"2023-04-22T00:00:00","modified_gmt":"2023-04-22T00:00:00","slug":"angelene-mclaren-dall-oscurita-alla-luce-il-mio-incontro-con-l-islam","status":"publish","type":"post","link":"https:\/\/r-islam.com\/it\/angelene-mclaren-dall-oscurita-alla-luce-il-mio-incontro-con-l-islam\/","title":{"rendered":"Angelene McLaren  &#8221; Dall&#8217;oscurit\u00e0 alla Luce: Il mio incontro con l&#8217;Isl\u00e2m &#8220;"},"content":{"rendered":"<p style=\"text-align: center;\"><img loading=\"lazy\" decoding=\"async\" class=\" size-full wp-image-721\" src=\"http:\/\/localhost\/rs\/it\/wp-content\/uploads\/sites\/6\/2023\/04\/allah-guidera.png\" alt=\"\" width=\"500\" height=\"500\" srcset=\"https:\/\/r-islam.com\/it\/wp-content\/uploads\/sites\/6\/2023\/04\/allah-guidera.png 500w, https:\/\/r-islam.com\/it\/wp-content\/uploads\/sites\/6\/2023\/04\/allah-guidera-300x300.png 300w, https:\/\/r-islam.com\/it\/wp-content\/uploads\/sites\/6\/2023\/04\/allah-guidera-150x150.png 150w\" sizes=\"auto, (max-width: 500px) 100vw, 500px\" \/><\/p>\n<p style=\"text-align: center;\"><span style=\"color: #0000ff;\"><span style=\"font-size: large;\"><span style=\"font-family: 'times new roman', times;\">Angelene McLaren\u00a0 &#8221; Dall&#8217;oscurit\u00e0 alla Luce: Il mio incontro con l&#8217;Isl\u00e2m\u00a0&#8220;<\/span><\/span><\/span><\/p>\n<p style=\"text-align: justify;\"><span style=\"font-size: large;\"><span style=\"font-family: 'times new roman', times;\"><br \/> Fin da quando ero bambina, ho sempre avuto un rapporto molto profondo con Allah (subh\u00e2naHu waTa\u02da\u00e2l\u00e2). Sono stata allevata nella fede cattolica, con tutte le sue ambiguit\u00e0, contraddizioni e confusione, ma io ho sempre fatto del mio meglio per concentrarmi sull&#8217;obbedienza a Dio (subh\u00e2naHu waTa\u02da\u00e2l\u00e2), e non sugli insegnamenti della Chiesa, perch\u00e9 fin da piccola mi sembravano privi di qualsiasi buon senso.<\/span><\/span><\/p>\n<p style=\"text-align: justify;\"><span style=\"font-size: large;\"><span style=\"font-family: 'times new roman', times;\">Negli anni della scuola superiore, presi coscientemente la decisione di applicarmi maggiormente nella conoscenza della religione.Andavo a messa ogni due giorni, poi ogni giorno; mi confessavo almeno una volta alla settimana, e cercavo di impegnarmi in tutte le pratiche di culto sulle quali il mio sacerdote insisteva tanto.Tutto ci\u00f2 nello sforzo di sentirmi pi\u00f9 vicina a Dio (subh\u00e2naHu waTa\u02da\u00e2l\u00e2).<\/span><\/span><\/p>\n<p style=\"text-align: justify;\"><span style=\"font-size: large;\"><span style=\"font-family: 'times new roman', times;\">Avevo delle domande fondamentali della vita: chi sono io? Chi \u00e8 Dio (subh\u00e2naHu waTa\u02da\u00e2l\u00e2)? Perch\u00e9 io sono qui, e qual \u00e8 la mia relazione con l&#8217;Essere Superiore Che ha creato l&#8217;universo? Come dovrei vivere la mia vita? Chi mi dovrebbe essere d&#8217;esempio e come lo dovrei imitare? Perch\u00e9 Dio (subh\u00e2naHu waTa\u02da\u00e2l\u00e2) avrebbe avuto &#8216;bisogno&#8217; di un figlio ad un certo punto, quando \u00e8 sempre stato Unico in precedenza, creando tutto ci\u00f2 che esiste da Solo?&#8230;<\/span><\/span><\/p>\n<p style=\"text-align: justify;\"><span style=\"font-size: large;\"><span style=\"font-family: 'times new roman', times;\">Il mio sacerdote era incapace di sciogliere i miei dubbi, assicurandomi nel contempo che, se la mia fede fosse stata abbastanza forte, non ci sarebbe pi\u00f9 stato bisogno di trovare un senso in tutte le cose&#8230; Ci\u00f2 non poteva soddisfarmi, cos\u00ec, alla fine della scuola superiore, lasciai la Chiesa cattolica e mi misi alla ricerca della Retta Via, del Vero Credo, della Vera Religione.<br \/> Investigai numerose religioni nello sforzo di liberarmi dal mio vuoto interiore.<\/span><\/span><\/p>\n<p style=\"text-align: justify;\"><span style=\"font-size: large;\"><span style=\"font-family: 'times new roman', times;\">Praticai l&#8217;Induismo, il Taoismo, il Buddismo Zen e arivai ad avvicinarmi alla setta &#8220;White Witchcraft&#8221;. Molta gente trover\u00e0 tutto ci\u00f2 assurdo, ma dovete capire che io ero veramente alla ricerca di una &#8220;risposta&#8221;, ma tutti questi percorsi lasciavano in me un vuoto che sembrava incolmabile.<\/span><\/span><\/p>\n<p style=\"text-align: justify;\"><span style=\"font-size: large;\"><span style=\"font-family: 'times new roman', times;\">Poi, un giorno, mia sorella venne a trovarmi, e ci\u00f2 che vidi mi sorprese enormemente. Entr\u00f2 in casa indossando un abito lungo, coperta dalla testa ai piedi; un&#8217;enorme sciarpa opaca le nascondeva i capelli e scendeva a coprirle il seno, fino alla vita. Le chiesi come mai fosse vestita cos\u00ec, nel bel mezzo dell&#8217;estate e con la temperatura di 40 gradi, e lei mi rispose che era diventata Musulmana.<\/span><\/span><\/p>\n<p style=\"text-align: justify;\"><span style=\"font-size: large;\"><span style=\"font-family: 'times new roman', times;\">Nonostante mi fossi interessata a cos\u00ec tante e diverse religioni, non avevo mai pensato di compiere una ricerca sull&#8217;Islam, principalmente perch\u00e9 la mia mente era piena di stereotipi che mi impedivano di studiare serenamente questa Religione, quegli stessi stereotipi che oggi io ritrovo nelle altre persone e che sono cos\u00ec difficili da cancellare.<\/span><\/span><\/p>\n<p style=\"text-align: justify;\"><span style=\"font-size: large;\"><span style=\"font-family: 'times new roman', times;\">Lasciai la mia famiglia e partii per l&#8217;universit\u00e0 della California, sempre alla ricerca della vera Religione&#8230;Ad un certo punto, decisi semplicemente di vivere facendomi trascinare dalla corrente, senza pensare troppo&#8230; E in questo modo passarono due anni, durante i quali mi innamorai di un mio compagno di universit\u00e0 e decisi di sposarlo.<\/span><\/span><\/p>\n<p style=\"text-align: justify;\"><span style=\"font-size: large;\"><span style=\"font-family: 'times new roman', times;\">Vi era sempre qualcosa che &#8220;mi mancava&#8221;, in un angolino della mia mente vi era sempre quella vocetta persistente a ricordarmi che la mia vita era disordinata, ma io facevo del mio meglio per ignorarla, fino ad una notte fatale&#8230;<br \/> Proprio prima di lasciare la California per tornare a casa ed iniziare a costruire, insieme al mio fidanzato, una nuova vita insieme, feci il sogno pi\u00f9 spaventoso di tutta la mia vita. In questo sogno vidi due uomini molto alti vestiti di bianco diritti in piedi al fondo del mio letto.<\/span><\/span><\/p>\n<p style=\"text-align: justify;\"><span style=\"font-size: large;\"><span style=\"font-family: 'times new roman', times;\">Quando li vidi, pensai che fossero alieni o angeli, non ne ero sicura, ma certamente ne fui molto spaventata e feci tutto il possibile per scappare da loro, ma pi\u00f9 cercavo di allontanarmi pi\u00f9 li sentivo vicini. Alla fine, ci trovammo sulla cima di un&#8217;alta montagna, e sotto di noi vi era un mare rosso come il sangue e caldo come la lava. I due uomini mi indicarono il mare, e ci\u00f2 che vidi rester\u00e0 nella mia mente fino a che morir\u00f2.<\/span><\/span><\/p>\n<p style=\"text-align: justify;\"><span style=\"font-size: large;\"><span style=\"font-family: 'times new roman', times;\">Il mare era pieno di persone nude, che venivano girate di qua e di l\u00e0, come la carne quando viene arrostita, e gridavano: &#8220;Aiuto! aiuto!&#8221;. E&#8217; necessario precisare che sentivo di avere gettato un&#8217;occhiata sull&#8217;Inferno, e ne ero terrorizzata. Raccontai al mio fidanzato questo sogno, ma egli si mise a ridere e mi disse che avevo un&#8217;immaginazione troppo sviluppata&#8230; Ma io non potevo accantonare la faccenda cos\u00ec in fretta.<\/span><\/span><\/p>\n<p style=\"text-align: justify;\"><span style=\"font-size: large;\"><span style=\"font-family: 'times new roman', times;\">Quando tornai nel Michigan, scoprii che anche un&#8217;altra mia sorella e un mio cugino avevano abbracciato l&#8217;Islam durante la mia assenza. Ci\u00f2 mi incurios\u00ec, quindi chiesi a mia sorella di prestarmi qualche libro da leggere.<\/span><\/span><\/p>\n<p style=\"text-align: justify;\"><span style=\"font-size: large;\"><span style=\"font-family: 'times new roman', times;\">Cos\u00ec cominciai a leggere, e a leggere, a cercare libri e a porre domande, e pi\u00f9 studiavo l&#8217;Islam, pi\u00f9 la mia mente e il mio cuore mi dicevano che era questo ci\u00f2 che avevo cercato per cos\u00ec tanto tempo. Possedevo da anni una copia del Corano, ma non lo avevo mai letto prima&#8230; Finalmente mi sedetti e cominciai a studiarlo&#8230; La mia mente ed il mio cuore si aprirono all&#8217;Islam, e capii che volevo convertirmi.<\/span><\/span><\/p>\n<p style=\"text-align: justify;\"><span style=\"font-size: large;\"><span style=\"font-family: 'times new roman', times;\"><br \/> Ma c&#8217;era un grosso problema: il mio fidanzato. Fu subito chiaro che lui non aveva nessuna intenzione di divenire Musulmano, dunque io dovevo scegliere tra lo sposare l&#8217;uomo che amavo o il percorrere la via che il mio cuore aveva riconosciuto come quella giusta&#8230; Allah (subh\u00e2naHu waTa\u02da\u00e2l\u00e2) dice che se tu credi veramente in Lui (subh\u00e2naHu waTa\u02da\u00e2l\u00e2) e nel Suo Messaggero (s), Egli (subh\u00e2naHu waTa\u02da\u00e2l\u00e2) ti metter\u00e0 alla prova.<\/span><\/span><\/p>\n<p style=\"text-align: justify;\"><span style=\"font-size: large;\"><span style=\"font-family: 'times new roman', times;\">Questa era la mia &#8220;prova&#8221;, e, nonostante il dolore che in quel momento provavo nel mio coure, scelsi l&#8217;Islam piuttosto che il mio fidanzato. Ci\u00f2 avveniva nel 1995. In seguito Allah l&#8217;Altissimo mi ricompens\u00f2 e mi benedisse facendomi conoscere e sposare, tramite un amico del marito di mia sorella, un ottimo fratello Musulmano, che ama Allah Ta&#8217;ala e il Suo Profeta (sallAllahu &#8216;alayhi waSallam), e donandoci un meraviglioso bambino mashaAllah.<\/p>\n<p> Allah (subh\u00e2naHu waTa\u02da\u00e2l\u00e2) guider\u00e0 dalle tenebre alla Luce chiunque cerchi la Guida, ed io so che \u00e8 ci\u00f2 che Egli (subh\u00e2naHu waTa\u02da\u00e2l\u00e2) ha fatto per me. I miei sforzi relativi alla Da&#8217;wah sono oggi concentrati negli scritti per le riviste islamiche &#8220;ISlamic Voice&#8221; e &#8220;Al-Jumuah&#8221;.<\/span><\/span><\/p>\n<p style=\"text-align: justify;\"><span style=\"font-size: large;\"><span style=\"font-family: 'times new roman', times;\">Lo stereotipo pi\u00f9 comune con il quale mi trovo a confrontarmi \u00e8 il mito secondo il quale, poich\u00e9 indosso un hijab completo, non sarei educata n\u00e9 sofisticata e sarei &#8220;oppressa&#8221;. Detesto questo pregiudizio.<\/span><\/span><\/p>\n<p style=\"text-align: justify;\"><span style=\"font-size: large;\"><span style=\"font-family: 'times new roman', times;\">Ma quando parlo alle persone ed esse capiscono che posso fare un discorso coerente, dapprima restano stupite, ma poi comprendono il loro errore di valutazione. La maggior parte dei problemi deriva dal fatto che noi Musulmani non spendiamo abbastanza energie per spiegare chi siamo. Finch\u00e9 non prenderemo in mano il microfono per cominciare a spiegare alla gente cosa significhino &#8220;Islam&#8221; e &#8220;Musulmani&#8221;, la gente continuer\u00e0 a ragionare seguendo gli stessi stereotipi, basati sull&#8217;ignoranza.<br \/> L&#8217;America ha bisogno dell&#8217;Islam.<\/span><\/span><\/p>\n<p style=\"text-align: justify;\"><span style=\"font-size: large;\"><span style=\"font-family: 'times new roman', times;\">Questo Paese \u00e8 cos\u00ec amorale, eppure la gente &#8220;cerca&#8221; la Verit\u00e0. Il problema \u00e8 che la maggior parte dei Musulmani che sono qui cercano il dunya (basso mondo), e non sono qui per la Da&#8217;wah (Appello all&#8217;Islam), e vediamo che alcuni Musulmani si comportano come i miscredenti.<\/span><\/span><\/p>\n<p style=\"text-align: justify;\"><span style=\"font-size: large;\"><span style=\"font-family: 'times new roman', times;\">Perci\u00f2, finch\u00e9 i Musulmani non cominceranno ad amare veramente l&#8217;Islam e ad assumersi le proprie responsabilit\u00e0 verso il resto dell&#8217;umanit\u00e0, le cose potranno solo peggiorare. Ma, a dispetto della nostra attuale apatia, l&#8217;Islam qui sta crescendo in modo esponenziale, e inshaAllah continuer\u00e0 cos\u00ec.<\/p>\n<p><\/span><\/span><\/p>\n<p style=\"text-align: justify;\"><em><span style=\"font-size: large;\"><span style=\"font-family: 'times new roman', times;\">Angelene McLaren <\/span><\/span><\/em><\/p>\n<p style=\"text-align: justify;\"><span style=\"font-size: large;\"><em><span style=\"font-size: large;\"><span style=\"font-family: 'times new roman', times;\">una giornalista originaria della Jamaica che vive a Detroit (USA)<\/span><\/span><\/em> <\/p>\n<p><span style=\"color: #ff0000;\"><span style=\"font-family: 'times new roman', times;\"> fonte: Islamic Voice<\/span><\/span><\/span><\/p>\n","protected":false},"excerpt":{"rendered":"<p>Angelene McLaren\u00a0 &#8221; Dall&#8217;oscurit\u00e0 alla Luce: Il mio incontro con l&#8217;Isl\u00e2m\u00a0&#8220; Fin da quando ero bambina, ho sempre avuto un rapporto molto profondo con Allah (subh\u00e2naHu waTa\u02da\u00e2l\u00e2). Sono stata allevata nella fede cattolica, con tutte le sue ambiguit\u00e0, contraddizioni e confusione, ma io ho sempre fatto del mio meglio per concentrarmi sull&#8217;obbedienza a Dio (subh\u00e2naHu &hellip;<\/p>\n","protected":false},"author":6,"featured_media":721,"comment_status":"open","ping_status":"open","sticky":false,"template":"","format":"standard","meta":{"om_disable_all_campaigns":false,"_monsterinsights_skip_tracking":false,"_monsterinsights_sitenote_active":false,"_monsterinsights_sitenote_note":"","_monsterinsights_sitenote_category":0,"_uf_show_specific_survey":0,"_uf_disable_surveys":false,"footnotes":""},"categories":[13],"tags":[],"class_list":["post-722","post","type-post","status-publish","format-standard","has-post-thumbnail","hentry","category-donne-si-sono-convertiti-all-isalm"],"yoast_head":"<!-- This site is optimized with the Yoast SEO plugin v27.5 - https:\/\/yoast.com\/product\/yoast-seo-wordpress\/ -->\n<title>Angelene McLaren &quot; Dall&#039;oscurit\u00e0 alla Luce: Il mio incontro con l&#039;Isl\u00e2m &quot; - II vero Islam II vero Islam<\/title>\n<meta name=\"description\" content=\"Angelene McLaren &quot; Dall&#039;oscurit\u00e0 alla Luce: Il mio incontro con l&#039;Isl\u00e2m &quot; II vero Islam %\" \/>\n<meta name=\"robots\" content=\"index, follow, max-snippet:-1, max-image-preview:large, max-video-preview:-1\" \/>\n<link rel=\"canonical\" href=\"https:\/\/r-islam.com\/it\/angelene-mclaren-dall-oscurita-alla-luce-il-mio-incontro-con-l-islam\/\" \/>\n<meta property=\"og:locale\" content=\"it_IT\" \/>\n<meta property=\"og:type\" content=\"article\" \/>\n<meta property=\"og:title\" content=\"Angelene McLaren &quot; Dall&#039;oscurit\u00e0 alla Luce: Il mio incontro con l&#039;Isl\u00e2m &quot; - II vero Islam II vero Islam\" \/>\n<meta property=\"og:description\" content=\"Angelene McLaren &quot; Dall&#039;oscurit\u00e0 alla Luce: Il mio incontro con l&#039;Isl\u00e2m &quot; II vero Islam %\" \/>\n<meta property=\"og:url\" content=\"https:\/\/r-islam.com\/it\/angelene-mclaren-dall-oscurita-alla-luce-il-mio-incontro-con-l-islam\/\" \/>\n<meta property=\"og:site_name\" content=\"II vero Islam\" \/>\n<meta property=\"article:published_time\" content=\"2023-04-22T00:00:00+00:00\" \/>\n<meta property=\"og:image\" content=\"https:\/\/r-islam.com\/it\/wp-content\/uploads\/sites\/6\/2023\/04\/allah-guidera.png\" \/>\n\t<meta property=\"og:image:width\" content=\"500\" \/>\n\t<meta property=\"og:image:height\" content=\"500\" \/>\n\t<meta property=\"og:image:type\" content=\"image\/png\" \/>\n<meta name=\"author\" content=\"Right Islam\" \/>\n<meta name=\"twitter:card\" content=\"summary_large_image\" \/>\n<meta name=\"twitter:label1\" content=\"Scritto da\" \/>\n\t<meta name=\"twitter:data1\" content=\"Right Islam\" \/>\n\t<meta name=\"twitter:label2\" content=\"Tempo di lettura stimato\" \/>\n\t<meta name=\"twitter:data2\" content=\"6 minuti\" \/>\n<script type=\"application\/ld+json\" class=\"yoast-schema-graph\">{\"@context\":\"https:\\\/\\\/schema.org\",\"@graph\":[{\"@type\":\"Article\",\"@id\":\"https:\\\/\\\/r-islam.com\\\/it\\\/angelene-mclaren-dall-oscurita-alla-luce-il-mio-incontro-con-l-islam\\\/#article\",\"isPartOf\":{\"@id\":\"https:\\\/\\\/r-islam.com\\\/it\\\/angelene-mclaren-dall-oscurita-alla-luce-il-mio-incontro-con-l-islam\\\/\"},\"author\":{\"name\":\"Right Islam\",\"@id\":\"https:\\\/\\\/r-islam.com\\\/it\\\/#\\\/schema\\\/person\\\/92de7dae6e843a9ee2e94aa4a9b5133d\"},\"headline\":\"Angelene McLaren &#8221; Dall&#8217;oscurit\u00e0 alla Luce: Il mio incontro con l&#8217;Isl\u00e2m &#8220;\",\"datePublished\":\"2023-04-22T00:00:00+00:00\",\"mainEntityOfPage\":{\"@id\":\"https:\\\/\\\/r-islam.com\\\/it\\\/angelene-mclaren-dall-oscurita-alla-luce-il-mio-incontro-con-l-islam\\\/\"},\"wordCount\":1277,\"commentCount\":0,\"publisher\":{\"@id\":\"https:\\\/\\\/r-islam.com\\\/it\\\/#organization\"},\"image\":{\"@id\":\"https:\\\/\\\/r-islam.com\\\/it\\\/angelene-mclaren-dall-oscurita-alla-luce-il-mio-incontro-con-l-islam\\\/#primaryimage\"},\"thumbnailUrl\":\"https:\\\/\\\/r-islam.com\\\/it\\\/wp-content\\\/uploads\\\/sites\\\/6\\\/2023\\\/04\\\/allah-guidera.png\",\"articleSection\":[\"Donne si sono convertiti all'isalm\"],\"inLanguage\":\"it-IT\",\"potentialAction\":[{\"@type\":\"CommentAction\",\"name\":\"Comment\",\"target\":[\"https:\\\/\\\/r-islam.com\\\/it\\\/angelene-mclaren-dall-oscurita-alla-luce-il-mio-incontro-con-l-islam\\\/#respond\"]}]},{\"@type\":\"WebPage\",\"@id\":\"https:\\\/\\\/r-islam.com\\\/it\\\/angelene-mclaren-dall-oscurita-alla-luce-il-mio-incontro-con-l-islam\\\/\",\"url\":\"https:\\\/\\\/r-islam.com\\\/it\\\/angelene-mclaren-dall-oscurita-alla-luce-il-mio-incontro-con-l-islam\\\/\",\"name\":\"Angelene McLaren \\\" Dall'oscurit\u00e0 alla Luce: Il mio incontro con l'Isl\u00e2m \\\" - II vero Islam II vero Islam\",\"isPartOf\":{\"@id\":\"https:\\\/\\\/r-islam.com\\\/it\\\/#website\"},\"primaryImageOfPage\":{\"@id\":\"https:\\\/\\\/r-islam.com\\\/it\\\/angelene-mclaren-dall-oscurita-alla-luce-il-mio-incontro-con-l-islam\\\/#primaryimage\"},\"image\":{\"@id\":\"https:\\\/\\\/r-islam.com\\\/it\\\/angelene-mclaren-dall-oscurita-alla-luce-il-mio-incontro-con-l-islam\\\/#primaryimage\"},\"thumbnailUrl\":\"https:\\\/\\\/r-islam.com\\\/it\\\/wp-content\\\/uploads\\\/sites\\\/6\\\/2023\\\/04\\\/allah-guidera.png\",\"datePublished\":\"2023-04-22T00:00:00+00:00\",\"description\":\"Angelene McLaren \\\" Dall'oscurit\u00e0 alla Luce: Il mio incontro con l'Isl\u00e2m \\\" II vero Islam %\",\"breadcrumb\":{\"@id\":\"https:\\\/\\\/r-islam.com\\\/it\\\/angelene-mclaren-dall-oscurita-alla-luce-il-mio-incontro-con-l-islam\\\/#breadcrumb\"},\"inLanguage\":\"it-IT\",\"potentialAction\":[{\"@type\":\"ReadAction\",\"target\":[\"https:\\\/\\\/r-islam.com\\\/it\\\/angelene-mclaren-dall-oscurita-alla-luce-il-mio-incontro-con-l-islam\\\/\"]}]},{\"@type\":\"ImageObject\",\"inLanguage\":\"it-IT\",\"@id\":\"https:\\\/\\\/r-islam.com\\\/it\\\/angelene-mclaren-dall-oscurita-alla-luce-il-mio-incontro-con-l-islam\\\/#primaryimage\",\"url\":\"https:\\\/\\\/r-islam.com\\\/it\\\/wp-content\\\/uploads\\\/sites\\\/6\\\/2023\\\/04\\\/allah-guidera.png\",\"contentUrl\":\"https:\\\/\\\/r-islam.com\\\/it\\\/wp-content\\\/uploads\\\/sites\\\/6\\\/2023\\\/04\\\/allah-guidera.png\",\"width\":500,\"height\":500},{\"@type\":\"BreadcrumbList\",\"@id\":\"https:\\\/\\\/r-islam.com\\\/it\\\/angelene-mclaren-dall-oscurita-alla-luce-il-mio-incontro-con-l-islam\\\/#breadcrumb\",\"itemListElement\":[{\"@type\":\"ListItem\",\"position\":1,\"name\":\"Home\",\"item\":\"https:\\\/\\\/r-islam.com\\\/it\\\/\"},{\"@type\":\"ListItem\",\"position\":2,\"name\":\"Angelene McLaren &#8221; Dall&#8217;oscurit\u00e0 alla Luce: Il mio incontro con l&#8217;Isl\u00e2m &#8220;\"}]},{\"@type\":\"WebSite\",\"@id\":\"https:\\\/\\\/r-islam.com\\\/it\\\/#website\",\"url\":\"https:\\\/\\\/r-islam.com\\\/it\\\/\",\"name\":\"II vero Islam\",\"description\":\"\",\"publisher\":{\"@id\":\"https:\\\/\\\/r-islam.com\\\/it\\\/#organization\"},\"potentialAction\":[{\"@type\":\"SearchAction\",\"target\":{\"@type\":\"EntryPoint\",\"urlTemplate\":\"https:\\\/\\\/r-islam.com\\\/it\\\/?s={search_term_string}\"},\"query-input\":{\"@type\":\"PropertyValueSpecification\",\"valueRequired\":true,\"valueName\":\"search_term_string\"}}],\"inLanguage\":\"it-IT\"},{\"@type\":\"Organization\",\"@id\":\"https:\\\/\\\/r-islam.com\\\/it\\\/#organization\",\"name\":\"II vero Islam\",\"url\":\"https:\\\/\\\/r-islam.com\\\/it\\\/\",\"logo\":{\"@type\":\"ImageObject\",\"inLanguage\":\"it-IT\",\"@id\":\"https:\\\/\\\/r-islam.com\\\/it\\\/#\\\/schema\\\/logo\\\/image\\\/\",\"url\":\"https:\\\/\\\/r-islam.com\\\/it\\\/wp-content\\\/uploads\\\/sites\\\/6\\\/2024\\\/02\\\/cropped-logo-small.jpg\",\"contentUrl\":\"https:\\\/\\\/r-islam.com\\\/it\\\/wp-content\\\/uploads\\\/sites\\\/6\\\/2024\\\/02\\\/cropped-logo-small.jpg\",\"width\":512,\"height\":512,\"caption\":\"II vero Islam\"},\"image\":{\"@id\":\"https:\\\/\\\/r-islam.com\\\/it\\\/#\\\/schema\\\/logo\\\/image\\\/\"}},{\"@type\":\"Person\",\"@id\":\"https:\\\/\\\/r-islam.com\\\/it\\\/#\\\/schema\\\/person\\\/92de7dae6e843a9ee2e94aa4a9b5133d\",\"name\":\"Right Islam\",\"image\":{\"@type\":\"ImageObject\",\"inLanguage\":\"it-IT\",\"@id\":\"https:\\\/\\\/secure.gravatar.com\\\/avatar\\\/02bc82baefedb88212fdfbdbc558b74e6c80b15750921e0ebbcfc450427d426b?s=96&d=mm&r=g\",\"url\":\"https:\\\/\\\/secure.gravatar.com\\\/avatar\\\/02bc82baefedb88212fdfbdbc558b74e6c80b15750921e0ebbcfc450427d426b?s=96&d=mm&r=g\",\"contentUrl\":\"https:\\\/\\\/secure.gravatar.com\\\/avatar\\\/02bc82baefedb88212fdfbdbc558b74e6c80b15750921e0ebbcfc450427d426b?s=96&d=mm&r=g\",\"caption\":\"Right Islam\"},\"url\":\"https:\\\/\\\/r-islam.com\\\/it\\\/author\\\/it-admin\\\/\"}]}<\/script>\n<!-- \/ Yoast SEO plugin. -->","yoast_head_json":{"title":"Angelene McLaren \" Dall'oscurit\u00e0 alla Luce: Il mio incontro con l'Isl\u00e2m \" - II vero Islam II vero Islam","description":"Angelene McLaren \" Dall'oscurit\u00e0 alla Luce: Il mio incontro con l'Isl\u00e2m \" II vero Islam %","robots":{"index":"index","follow":"follow","max-snippet":"max-snippet:-1","max-image-preview":"max-image-preview:large","max-video-preview":"max-video-preview:-1"},"canonical":"https:\/\/r-islam.com\/it\/angelene-mclaren-dall-oscurita-alla-luce-il-mio-incontro-con-l-islam\/","og_locale":"it_IT","og_type":"article","og_title":"Angelene McLaren \" Dall'oscurit\u00e0 alla Luce: Il mio incontro con l'Isl\u00e2m \" - II vero Islam II vero Islam","og_description":"Angelene McLaren \" Dall'oscurit\u00e0 alla Luce: Il mio incontro con l'Isl\u00e2m \" II vero Islam %","og_url":"https:\/\/r-islam.com\/it\/angelene-mclaren-dall-oscurita-alla-luce-il-mio-incontro-con-l-islam\/","og_site_name":"II vero Islam","article_published_time":"2023-04-22T00:00:00+00:00","og_image":[{"width":500,"height":500,"url":"https:\/\/r-islam.com\/it\/wp-content\/uploads\/sites\/6\/2023\/04\/allah-guidera.png","type":"image\/png"}],"author":"Right Islam","twitter_card":"summary_large_image","twitter_misc":{"Scritto da":"Right Islam","Tempo di lettura stimato":"6 minuti"},"schema":{"@context":"https:\/\/schema.org","@graph":[{"@type":"Article","@id":"https:\/\/r-islam.com\/it\/angelene-mclaren-dall-oscurita-alla-luce-il-mio-incontro-con-l-islam\/#article","isPartOf":{"@id":"https:\/\/r-islam.com\/it\/angelene-mclaren-dall-oscurita-alla-luce-il-mio-incontro-con-l-islam\/"},"author":{"name":"Right Islam","@id":"https:\/\/r-islam.com\/it\/#\/schema\/person\/92de7dae6e843a9ee2e94aa4a9b5133d"},"headline":"Angelene McLaren &#8221; Dall&#8217;oscurit\u00e0 alla Luce: Il mio incontro con l&#8217;Isl\u00e2m &#8220;","datePublished":"2023-04-22T00:00:00+00:00","mainEntityOfPage":{"@id":"https:\/\/r-islam.com\/it\/angelene-mclaren-dall-oscurita-alla-luce-il-mio-incontro-con-l-islam\/"},"wordCount":1277,"commentCount":0,"publisher":{"@id":"https:\/\/r-islam.com\/it\/#organization"},"image":{"@id":"https:\/\/r-islam.com\/it\/angelene-mclaren-dall-oscurita-alla-luce-il-mio-incontro-con-l-islam\/#primaryimage"},"thumbnailUrl":"https:\/\/r-islam.com\/it\/wp-content\/uploads\/sites\/6\/2023\/04\/allah-guidera.png","articleSection":["Donne si sono convertiti all'isalm"],"inLanguage":"it-IT","potentialAction":[{"@type":"CommentAction","name":"Comment","target":["https:\/\/r-islam.com\/it\/angelene-mclaren-dall-oscurita-alla-luce-il-mio-incontro-con-l-islam\/#respond"]}]},{"@type":"WebPage","@id":"https:\/\/r-islam.com\/it\/angelene-mclaren-dall-oscurita-alla-luce-il-mio-incontro-con-l-islam\/","url":"https:\/\/r-islam.com\/it\/angelene-mclaren-dall-oscurita-alla-luce-il-mio-incontro-con-l-islam\/","name":"Angelene McLaren \" Dall'oscurit\u00e0 alla Luce: Il mio incontro con l'Isl\u00e2m \" - II vero Islam II vero Islam","isPartOf":{"@id":"https:\/\/r-islam.com\/it\/#website"},"primaryImageOfPage":{"@id":"https:\/\/r-islam.com\/it\/angelene-mclaren-dall-oscurita-alla-luce-il-mio-incontro-con-l-islam\/#primaryimage"},"image":{"@id":"https:\/\/r-islam.com\/it\/angelene-mclaren-dall-oscurita-alla-luce-il-mio-incontro-con-l-islam\/#primaryimage"},"thumbnailUrl":"https:\/\/r-islam.com\/it\/wp-content\/uploads\/sites\/6\/2023\/04\/allah-guidera.png","datePublished":"2023-04-22T00:00:00+00:00","description":"Angelene McLaren \" Dall'oscurit\u00e0 alla Luce: Il mio incontro con l'Isl\u00e2m \" II vero Islam %","breadcrumb":{"@id":"https:\/\/r-islam.com\/it\/angelene-mclaren-dall-oscurita-alla-luce-il-mio-incontro-con-l-islam\/#breadcrumb"},"inLanguage":"it-IT","potentialAction":[{"@type":"ReadAction","target":["https:\/\/r-islam.com\/it\/angelene-mclaren-dall-oscurita-alla-luce-il-mio-incontro-con-l-islam\/"]}]},{"@type":"ImageObject","inLanguage":"it-IT","@id":"https:\/\/r-islam.com\/it\/angelene-mclaren-dall-oscurita-alla-luce-il-mio-incontro-con-l-islam\/#primaryimage","url":"https:\/\/r-islam.com\/it\/wp-content\/uploads\/sites\/6\/2023\/04\/allah-guidera.png","contentUrl":"https:\/\/r-islam.com\/it\/wp-content\/uploads\/sites\/6\/2023\/04\/allah-guidera.png","width":500,"height":500},{"@type":"BreadcrumbList","@id":"https:\/\/r-islam.com\/it\/angelene-mclaren-dall-oscurita-alla-luce-il-mio-incontro-con-l-islam\/#breadcrumb","itemListElement":[{"@type":"ListItem","position":1,"name":"Home","item":"https:\/\/r-islam.com\/it\/"},{"@type":"ListItem","position":2,"name":"Angelene McLaren &#8221; Dall&#8217;oscurit\u00e0 alla Luce: Il mio incontro con l&#8217;Isl\u00e2m &#8220;"}]},{"@type":"WebSite","@id":"https:\/\/r-islam.com\/it\/#website","url":"https:\/\/r-islam.com\/it\/","name":"II vero Islam","description":"","publisher":{"@id":"https:\/\/r-islam.com\/it\/#organization"},"potentialAction":[{"@type":"SearchAction","target":{"@type":"EntryPoint","urlTemplate":"https:\/\/r-islam.com\/it\/?s={search_term_string}"},"query-input":{"@type":"PropertyValueSpecification","valueRequired":true,"valueName":"search_term_string"}}],"inLanguage":"it-IT"},{"@type":"Organization","@id":"https:\/\/r-islam.com\/it\/#organization","name":"II vero Islam","url":"https:\/\/r-islam.com\/it\/","logo":{"@type":"ImageObject","inLanguage":"it-IT","@id":"https:\/\/r-islam.com\/it\/#\/schema\/logo\/image\/","url":"https:\/\/r-islam.com\/it\/wp-content\/uploads\/sites\/6\/2024\/02\/cropped-logo-small.jpg","contentUrl":"https:\/\/r-islam.com\/it\/wp-content\/uploads\/sites\/6\/2024\/02\/cropped-logo-small.jpg","width":512,"height":512,"caption":"II vero Islam"},"image":{"@id":"https:\/\/r-islam.com\/it\/#\/schema\/logo\/image\/"}},{"@type":"Person","@id":"https:\/\/r-islam.com\/it\/#\/schema\/person\/92de7dae6e843a9ee2e94aa4a9b5133d","name":"Right Islam","image":{"@type":"ImageObject","inLanguage":"it-IT","@id":"https:\/\/secure.gravatar.com\/avatar\/02bc82baefedb88212fdfbdbc558b74e6c80b15750921e0ebbcfc450427d426b?s=96&d=mm&r=g","url":"https:\/\/secure.gravatar.com\/avatar\/02bc82baefedb88212fdfbdbc558b74e6c80b15750921e0ebbcfc450427d426b?s=96&d=mm&r=g","contentUrl":"https:\/\/secure.gravatar.com\/avatar\/02bc82baefedb88212fdfbdbc558b74e6c80b15750921e0ebbcfc450427d426b?s=96&d=mm&r=g","caption":"Right Islam"},"url":"https:\/\/r-islam.com\/it\/author\/it-admin\/"}]}},"_links":{"self":[{"href":"https:\/\/r-islam.com\/it\/wp-json\/wp\/v2\/posts\/722","targetHints":{"allow":["GET"]}}],"collection":[{"href":"https:\/\/r-islam.com\/it\/wp-json\/wp\/v2\/posts"}],"about":[{"href":"https:\/\/r-islam.com\/it\/wp-json\/wp\/v2\/types\/post"}],"author":[{"embeddable":true,"href":"https:\/\/r-islam.com\/it\/wp-json\/wp\/v2\/users\/6"}],"replies":[{"embeddable":true,"href":"https:\/\/r-islam.com\/it\/wp-json\/wp\/v2\/comments?post=722"}],"version-history":[{"count":0,"href":"https:\/\/r-islam.com\/it\/wp-json\/wp\/v2\/posts\/722\/revisions"}],"wp:featuredmedia":[{"embeddable":true,"href":"https:\/\/r-islam.com\/it\/wp-json\/wp\/v2\/media\/721"}],"wp:attachment":[{"href":"https:\/\/r-islam.com\/it\/wp-json\/wp\/v2\/media?parent=722"}],"wp:term":[{"taxonomy":"category","embeddable":true,"href":"https:\/\/r-islam.com\/it\/wp-json\/wp\/v2\/categories?post=722"},{"taxonomy":"post_tag","embeddable":true,"href":"https:\/\/r-islam.com\/it\/wp-json\/wp\/v2\/tags?post=722"}],"curies":[{"name":"wp","href":"https:\/\/api.w.org\/{rel}","templated":true}]}}