{"id":730,"date":"2014-02-08T10:35:45","date_gmt":"2014-02-08T10:35:45","guid":{"rendered":"http:\/\/localhost\/rs\/it\/2014\/02\/08\/noor-lepaulle-torna-all-islam-all-eta-di-91-anni\/"},"modified":"2014-02-08T10:35:45","modified_gmt":"2014-02-08T10:35:45","slug":"noor-lepaulle-torna-all-islam-all-eta-di-91-anni","status":"publish","type":"post","link":"https:\/\/r-islam.com\/it\/noor-lepaulle-torna-all-islam-all-eta-di-91-anni\/","title":{"rendered":"Noor Lepaulle  &#8220;Torna all&#8217;islam all&#8217;et\u00e0 di 91 anni &#8220;"},"content":{"rendered":"<h2 style=\"text-align: center;\"><span style=\"font-size: large;\"><span style=\"font-family: 'times new roman', times;\"><img loading=\"lazy\" decoding=\"async\" class=\" size-full wp-image-729\" src=\"http:\/\/localhost\/rs\/it\/wp-content\/uploads\/sites\/6\/2014\/02\/noor%2091.jpg\" border=\"0\" width=\"426\" height=\"289\" \/><\/span><\/span><\/h2>\n<p style=\"text-align: center;\"><span style=\"font-size: large;\"><span style=\"color: #0000ff;\"><span style=\"font-family: 'times new roman', times;\">Noor Lepaulle\u00a0 &#8220;Torna all&#8217;islam all&#8217;et\u00e0 di 91 anni &#8220;<\/span><\/span><\/span><\/p>\n<p style=\"text-align: center;\"><span style=\"font-size: large;\"><span style=\"color: #0000ff;\"><span style=\"font-family: 'times new roman', times;\"> &#8220;prima dell\u2019Islam la religione non mi ha mai toccata&#8221;.<\/span><\/span><\/span><\/p>\n<p><span style=\"font-size: large;\"><span style=\"font-family: 'times new roman', times;\"><br \/> Non c&#8217;\u00e8 un&#8217;et\u00e0 per soddisfare le insopprimibili inclinazione del cuore.<\/span><\/span><\/p>\n<p><span style=\"font-size: large;\"><span style=\"font-family: 'times new roman', times;\">Nel caso di Georgette Lepaulle, una belga di 91 anni, l&#8217;impulso spirituale ha aspettato molti anni per manifestarsi, e alcune vicissitudini personali le hanno permesso verso la sera della sua vita di acquisire familiarit\u00e0 con l&#8217;Islam attraverso una generosa famiglia musulmana e solidale che ne divenne la famiglia affidataria.<\/span><\/span><\/p>\n<p><span style=\"font-size: large;\"><span style=\"font-family: 'times new roman', times;\">Quando la novantenne della regione di Anversa, che ora si chiama Noor, ha scelto di abbracciare l&#8217;Islam, non avrebbe mai immaginato che avrebbe battuto un record mondiale.<\/span><\/span><\/p>\n<p><span style=\"font-size: large;\"><span style=\"font-family: 'times new roman', times;\">Infatti dagli archivi dell&#8217;Arabia Saudita risulta essere la pi\u00f9 anziana ad essersi convertita all&#8217;islam.Georgette Lepaulle \u00e8 sfuggita al collocamento in una casa di cura in cui i suoi figli naturali avevano deciso di destinarla, la figlia non visitava la madre da due anni.<\/span><\/span><\/p>\n<p><span style=\"font-size: large;\"><span style=\"font-family: 'times new roman', times;\">Una cosa che non era accettabile dal punto di vista della famiglia Maddah che conoscevano bene nour perche erano vicini da 40anni .<\/span><\/span><\/p>\n<p><span style=\"font-size: large;\"><span style=\"font-family: 'times new roman', times;\">Maddah Mohamed\u00a0 che aveva perso sua madre ha deciso di portare Georgette Lepaulle\u00a0 a vivere con la sua famiglia a casa sua ,poich\u00e9 la protezione degli anziani \u00e8 una cosa di primaria importanza<br \/> Immersa nella vita quotidiana di questa famiglia di origine marocchina, la vecchia signora, cristiana, sent\u00ec una fiammella scaldarle il cuore, prima ancora che la sua vita fosse illuminata dall&#8217;intensit\u00e0 della sua spiritualit\u00e0.<\/span><\/span><\/p>\n<p><span style=\"font-size: large;\"><span style=\"font-family: 'times new roman', times;\">Della sua vita con la famiglia marocchina ha detto &#8220;ho visto le persone in questa famiglia fanno la preghiera insieme ,ho visto come loro si prendono cura l&#8217;uno all&#8217;altro, come loro si parlano\u00a0 l&#8217;uno all&#8217;altro , ho visto quanto \u00e8 importante la famiglia per loro,completamente diversa dalla mia famiglia fredda. Convertita all\u2019Islam , non ho sentito dal mia 72 anni figlia.&#8221;<\/span><\/span><\/p>\n<p><span style=\"font-size: large;\"><span style=\"font-family: 'times new roman', times;\">Dopo aver pronunciato la Shahada Noor Lepaulle ha voluto formalizzare la sua conversione al Centro islamico e culturale del Belgio, insieme a Mohamed Maddah.<\/span><\/span><\/p>\n<p><span style=\"line-height: 1.3em;\"><span style=\"font-size: large;\"><span style=\"font-family: 'times new roman', times;\">In un\u2019 intervista quando hanno chiesta a Nour se qualcuno le aveva pagato per convertirsi all\u00a0\u2018Isalm , lei ha rispostao ridendo &#8220;non si tratta di soldi , ho preso volontariamente quella decisione con piena voglia, \u00a0prima dell\u2019Islam la religione non mi ha mai toccata. &#8220;<\/span><\/span><\/span><\/p>\n<p><span style=\"line-height: 1.3em;\"><span style=\"font-size: large;\"><span style=\"color: #ff0000;\"><span style=\"font-family: 'times new roman', times;\">la fonte : www.r-islam.com<\/span><\/span><\/span><\/span><\/p>\n<h2 style=\"text-align: justify;\"><span style=\"font-size: large;\"><span style=\"font-size: large;\"><img loading=\"lazy\" decoding=\"async\" class=\" size-full wp-image-151\" src=\"http:\/\/localhost\/rs\/it\/wp-content\/uploads\/sites\/6\/2022\/09\/115.png\" border=\"0\" width=\"150\" height=\"115\" \/><\/span><\/span><\/h2>\n","protected":false},"excerpt":{"rendered":"<p>Noor Lepaulle\u00a0 &#8220;Torna all&#8217;islam all&#8217;et\u00e0 di 91 anni &#8220; &#8220;prima dell\u2019Islam la religione non mi ha mai toccata&#8221;. Non c&#8217;\u00e8 un&#8217;et\u00e0 per soddisfare le insopprimibili inclinazione del cuore. Nel caso di Georgette Lepaulle, una belga di 91 anni, l&#8217;impulso spirituale ha aspettato molti anni per manifestarsi, e alcune vicissitudini personali le hanno permesso verso la &hellip;<\/p>\n","protected":false},"author":6,"featured_media":729,"comment_status":"open","ping_status":"open","sticky":false,"template":"","format":"standard","meta":{"om_disable_all_campaigns":false,"_monsterinsights_skip_tracking":false,"_monsterinsights_sitenote_active":false,"_monsterinsights_sitenote_note":"","_monsterinsights_sitenote_category":0,"_uf_show_specific_survey":0,"_uf_disable_surveys":false,"footnotes":""},"categories":[13],"tags":[],"class_list":["post-730","post","type-post","status-publish","format-standard","has-post-thumbnail","hentry","category-donne-si-sono-convertiti-all-isalm"],"yoast_head":"<!-- This site is optimized with the Yoast SEO plugin v27.5 - https:\/\/yoast.com\/product\/yoast-seo-wordpress\/ -->\n<title>Noor Lepaulle &quot;Torna all&#039;islam all&#039;et\u00e0 di 91 anni &quot; - II vero Islam II vero Islam<\/title>\n<meta name=\"description\" content=\"Noor Lepaulle &quot;Torna all&#039;islam all&#039;et\u00e0 di 91 anni &quot; II vero Islam %\" \/>\n<meta name=\"robots\" content=\"index, follow, max-snippet:-1, max-image-preview:large, max-video-preview:-1\" \/>\n<link rel=\"canonical\" href=\"https:\/\/r-islam.com\/it\/noor-lepaulle-torna-all-islam-all-eta-di-91-anni\/\" \/>\n<meta property=\"og:locale\" content=\"it_IT\" \/>\n<meta property=\"og:type\" content=\"article\" \/>\n<meta property=\"og:title\" content=\"Noor Lepaulle &quot;Torna all&#039;islam all&#039;et\u00e0 di 91 anni &quot; - II vero Islam II vero Islam\" \/>\n<meta property=\"og:description\" content=\"Noor Lepaulle &quot;Torna all&#039;islam all&#039;et\u00e0 di 91 anni &quot; II vero Islam %\" \/>\n<meta property=\"og:url\" content=\"https:\/\/r-islam.com\/it\/noor-lepaulle-torna-all-islam-all-eta-di-91-anni\/\" \/>\n<meta property=\"og:site_name\" content=\"II vero Islam\" \/>\n<meta property=\"article:published_time\" content=\"2014-02-08T10:35:45+00:00\" \/>\n<meta property=\"og:image\" content=\"https:\/\/r-islam.com\/it\/wp-content\/uploads\/sites\/6\/2014\/02\/noor%2091.jpg\" \/>\n\t<meta property=\"og:image:width\" content=\"426\" \/>\n\t<meta property=\"og:image:height\" content=\"289\" \/>\n\t<meta property=\"og:image:type\" content=\"image\/jpeg\" \/>\n<meta name=\"author\" content=\"Right Islam\" \/>\n<meta name=\"twitter:card\" content=\"summary_large_image\" \/>\n<meta name=\"twitter:label1\" content=\"Scritto da\" \/>\n\t<meta name=\"twitter:data1\" content=\"Right Islam\" \/>\n\t<meta name=\"twitter:label2\" content=\"Tempo di lettura stimato\" \/>\n\t<meta name=\"twitter:data2\" content=\"2 minuti\" \/>\n<script type=\"application\/ld+json\" class=\"yoast-schema-graph\">{\"@context\":\"https:\\\/\\\/schema.org\",\"@graph\":[{\"@type\":\"Article\",\"@id\":\"https:\\\/\\\/r-islam.com\\\/it\\\/noor-lepaulle-torna-all-islam-all-eta-di-91-anni\\\/#article\",\"isPartOf\":{\"@id\":\"https:\\\/\\\/r-islam.com\\\/it\\\/noor-lepaulle-torna-all-islam-all-eta-di-91-anni\\\/\"},\"author\":{\"name\":\"Right Islam\",\"@id\":\"https:\\\/\\\/r-islam.com\\\/it\\\/#\\\/schema\\\/person\\\/92de7dae6e843a9ee2e94aa4a9b5133d\"},\"headline\":\"Noor Lepaulle &#8220;Torna all&#8217;islam all&#8217;et\u00e0 di 91 anni &#8220;\",\"datePublished\":\"2014-02-08T10:35:45+00:00\",\"mainEntityOfPage\":{\"@id\":\"https:\\\/\\\/r-islam.com\\\/it\\\/noor-lepaulle-torna-all-islam-all-eta-di-91-anni\\\/\"},\"wordCount\":370,\"commentCount\":0,\"publisher\":{\"@id\":\"https:\\\/\\\/r-islam.com\\\/it\\\/#organization\"},\"image\":{\"@id\":\"https:\\\/\\\/r-islam.com\\\/it\\\/noor-lepaulle-torna-all-islam-all-eta-di-91-anni\\\/#primaryimage\"},\"thumbnailUrl\":\"https:\\\/\\\/r-islam.com\\\/it\\\/wp-content\\\/uploads\\\/sites\\\/6\\\/2014\\\/02\\\/noor 91.jpg\",\"articleSection\":[\"Donne si sono convertiti all'isalm\"],\"inLanguage\":\"it-IT\",\"potentialAction\":[{\"@type\":\"CommentAction\",\"name\":\"Comment\",\"target\":[\"https:\\\/\\\/r-islam.com\\\/it\\\/noor-lepaulle-torna-all-islam-all-eta-di-91-anni\\\/#respond\"]}]},{\"@type\":\"WebPage\",\"@id\":\"https:\\\/\\\/r-islam.com\\\/it\\\/noor-lepaulle-torna-all-islam-all-eta-di-91-anni\\\/\",\"url\":\"https:\\\/\\\/r-islam.com\\\/it\\\/noor-lepaulle-torna-all-islam-all-eta-di-91-anni\\\/\",\"name\":\"Noor Lepaulle \\\"Torna all'islam all'et\u00e0 di 91 anni \\\" - II vero Islam II vero Islam\",\"isPartOf\":{\"@id\":\"https:\\\/\\\/r-islam.com\\\/it\\\/#website\"},\"primaryImageOfPage\":{\"@id\":\"https:\\\/\\\/r-islam.com\\\/it\\\/noor-lepaulle-torna-all-islam-all-eta-di-91-anni\\\/#primaryimage\"},\"image\":{\"@id\":\"https:\\\/\\\/r-islam.com\\\/it\\\/noor-lepaulle-torna-all-islam-all-eta-di-91-anni\\\/#primaryimage\"},\"thumbnailUrl\":\"https:\\\/\\\/r-islam.com\\\/it\\\/wp-content\\\/uploads\\\/sites\\\/6\\\/2014\\\/02\\\/noor 91.jpg\",\"datePublished\":\"2014-02-08T10:35:45+00:00\",\"description\":\"Noor Lepaulle \\\"Torna all'islam all'et\u00e0 di 91 anni \\\" II vero Islam %\",\"breadcrumb\":{\"@id\":\"https:\\\/\\\/r-islam.com\\\/it\\\/noor-lepaulle-torna-all-islam-all-eta-di-91-anni\\\/#breadcrumb\"},\"inLanguage\":\"it-IT\",\"potentialAction\":[{\"@type\":\"ReadAction\",\"target\":[\"https:\\\/\\\/r-islam.com\\\/it\\\/noor-lepaulle-torna-all-islam-all-eta-di-91-anni\\\/\"]}]},{\"@type\":\"ImageObject\",\"inLanguage\":\"it-IT\",\"@id\":\"https:\\\/\\\/r-islam.com\\\/it\\\/noor-lepaulle-torna-all-islam-all-eta-di-91-anni\\\/#primaryimage\",\"url\":\"https:\\\/\\\/r-islam.com\\\/it\\\/wp-content\\\/uploads\\\/sites\\\/6\\\/2014\\\/02\\\/noor 91.jpg\",\"contentUrl\":\"https:\\\/\\\/r-islam.com\\\/it\\\/wp-content\\\/uploads\\\/sites\\\/6\\\/2014\\\/02\\\/noor 91.jpg\",\"width\":426,\"height\":289},{\"@type\":\"BreadcrumbList\",\"@id\":\"https:\\\/\\\/r-islam.com\\\/it\\\/noor-lepaulle-torna-all-islam-all-eta-di-91-anni\\\/#breadcrumb\",\"itemListElement\":[{\"@type\":\"ListItem\",\"position\":1,\"name\":\"Home\",\"item\":\"https:\\\/\\\/r-islam.com\\\/it\\\/\"},{\"@type\":\"ListItem\",\"position\":2,\"name\":\"Noor Lepaulle &#8220;Torna all&#8217;islam all&#8217;et\u00e0 di 91 anni &#8220;\"}]},{\"@type\":\"WebSite\",\"@id\":\"https:\\\/\\\/r-islam.com\\\/it\\\/#website\",\"url\":\"https:\\\/\\\/r-islam.com\\\/it\\\/\",\"name\":\"II vero Islam\",\"description\":\"\",\"publisher\":{\"@id\":\"https:\\\/\\\/r-islam.com\\\/it\\\/#organization\"},\"potentialAction\":[{\"@type\":\"SearchAction\",\"target\":{\"@type\":\"EntryPoint\",\"urlTemplate\":\"https:\\\/\\\/r-islam.com\\\/it\\\/?s={search_term_string}\"},\"query-input\":{\"@type\":\"PropertyValueSpecification\",\"valueRequired\":true,\"valueName\":\"search_term_string\"}}],\"inLanguage\":\"it-IT\"},{\"@type\":\"Organization\",\"@id\":\"https:\\\/\\\/r-islam.com\\\/it\\\/#organization\",\"name\":\"II vero Islam\",\"url\":\"https:\\\/\\\/r-islam.com\\\/it\\\/\",\"logo\":{\"@type\":\"ImageObject\",\"inLanguage\":\"it-IT\",\"@id\":\"https:\\\/\\\/r-islam.com\\\/it\\\/#\\\/schema\\\/logo\\\/image\\\/\",\"url\":\"https:\\\/\\\/r-islam.com\\\/it\\\/wp-content\\\/uploads\\\/sites\\\/6\\\/2024\\\/02\\\/cropped-logo-small.jpg\",\"contentUrl\":\"https:\\\/\\\/r-islam.com\\\/it\\\/wp-content\\\/uploads\\\/sites\\\/6\\\/2024\\\/02\\\/cropped-logo-small.jpg\",\"width\":512,\"height\":512,\"caption\":\"II vero Islam\"},\"image\":{\"@id\":\"https:\\\/\\\/r-islam.com\\\/it\\\/#\\\/schema\\\/logo\\\/image\\\/\"}},{\"@type\":\"Person\",\"@id\":\"https:\\\/\\\/r-islam.com\\\/it\\\/#\\\/schema\\\/person\\\/92de7dae6e843a9ee2e94aa4a9b5133d\",\"name\":\"Right Islam\",\"image\":{\"@type\":\"ImageObject\",\"inLanguage\":\"it-IT\",\"@id\":\"https:\\\/\\\/secure.gravatar.com\\\/avatar\\\/02bc82baefedb88212fdfbdbc558b74e6c80b15750921e0ebbcfc450427d426b?s=96&d=mm&r=g\",\"url\":\"https:\\\/\\\/secure.gravatar.com\\\/avatar\\\/02bc82baefedb88212fdfbdbc558b74e6c80b15750921e0ebbcfc450427d426b?s=96&d=mm&r=g\",\"contentUrl\":\"https:\\\/\\\/secure.gravatar.com\\\/avatar\\\/02bc82baefedb88212fdfbdbc558b74e6c80b15750921e0ebbcfc450427d426b?s=96&d=mm&r=g\",\"caption\":\"Right Islam\"},\"url\":\"https:\\\/\\\/r-islam.com\\\/it\\\/author\\\/it-admin\\\/\"}]}<\/script>\n<!-- \/ Yoast SEO plugin. -->","yoast_head_json":{"title":"Noor Lepaulle \"Torna all'islam all'et\u00e0 di 91 anni \" - II vero Islam II vero Islam","description":"Noor Lepaulle \"Torna all'islam all'et\u00e0 di 91 anni \" II vero Islam %","robots":{"index":"index","follow":"follow","max-snippet":"max-snippet:-1","max-image-preview":"max-image-preview:large","max-video-preview":"max-video-preview:-1"},"canonical":"https:\/\/r-islam.com\/it\/noor-lepaulle-torna-all-islam-all-eta-di-91-anni\/","og_locale":"it_IT","og_type":"article","og_title":"Noor Lepaulle \"Torna all'islam all'et\u00e0 di 91 anni \" - II vero Islam II vero Islam","og_description":"Noor Lepaulle \"Torna all'islam all'et\u00e0 di 91 anni \" II vero Islam %","og_url":"https:\/\/r-islam.com\/it\/noor-lepaulle-torna-all-islam-all-eta-di-91-anni\/","og_site_name":"II vero Islam","article_published_time":"2014-02-08T10:35:45+00:00","og_image":[{"width":426,"height":289,"url":"https:\/\/r-islam.com\/it\/wp-content\/uploads\/sites\/6\/2014\/02\/noor 91.jpg","type":"image\/jpeg"}],"author":"Right Islam","twitter_card":"summary_large_image","twitter_misc":{"Scritto da":"Right Islam","Tempo di lettura stimato":"2 minuti"},"schema":{"@context":"https:\/\/schema.org","@graph":[{"@type":"Article","@id":"https:\/\/r-islam.com\/it\/noor-lepaulle-torna-all-islam-all-eta-di-91-anni\/#article","isPartOf":{"@id":"https:\/\/r-islam.com\/it\/noor-lepaulle-torna-all-islam-all-eta-di-91-anni\/"},"author":{"name":"Right Islam","@id":"https:\/\/r-islam.com\/it\/#\/schema\/person\/92de7dae6e843a9ee2e94aa4a9b5133d"},"headline":"Noor Lepaulle &#8220;Torna all&#8217;islam all&#8217;et\u00e0 di 91 anni &#8220;","datePublished":"2014-02-08T10:35:45+00:00","mainEntityOfPage":{"@id":"https:\/\/r-islam.com\/it\/noor-lepaulle-torna-all-islam-all-eta-di-91-anni\/"},"wordCount":370,"commentCount":0,"publisher":{"@id":"https:\/\/r-islam.com\/it\/#organization"},"image":{"@id":"https:\/\/r-islam.com\/it\/noor-lepaulle-torna-all-islam-all-eta-di-91-anni\/#primaryimage"},"thumbnailUrl":"https:\/\/r-islam.com\/it\/wp-content\/uploads\/sites\/6\/2014\/02\/noor 91.jpg","articleSection":["Donne si sono convertiti all'isalm"],"inLanguage":"it-IT","potentialAction":[{"@type":"CommentAction","name":"Comment","target":["https:\/\/r-islam.com\/it\/noor-lepaulle-torna-all-islam-all-eta-di-91-anni\/#respond"]}]},{"@type":"WebPage","@id":"https:\/\/r-islam.com\/it\/noor-lepaulle-torna-all-islam-all-eta-di-91-anni\/","url":"https:\/\/r-islam.com\/it\/noor-lepaulle-torna-all-islam-all-eta-di-91-anni\/","name":"Noor Lepaulle \"Torna all'islam all'et\u00e0 di 91 anni \" - II vero Islam II vero Islam","isPartOf":{"@id":"https:\/\/r-islam.com\/it\/#website"},"primaryImageOfPage":{"@id":"https:\/\/r-islam.com\/it\/noor-lepaulle-torna-all-islam-all-eta-di-91-anni\/#primaryimage"},"image":{"@id":"https:\/\/r-islam.com\/it\/noor-lepaulle-torna-all-islam-all-eta-di-91-anni\/#primaryimage"},"thumbnailUrl":"https:\/\/r-islam.com\/it\/wp-content\/uploads\/sites\/6\/2014\/02\/noor 91.jpg","datePublished":"2014-02-08T10:35:45+00:00","description":"Noor Lepaulle \"Torna all'islam all'et\u00e0 di 91 anni \" II vero Islam %","breadcrumb":{"@id":"https:\/\/r-islam.com\/it\/noor-lepaulle-torna-all-islam-all-eta-di-91-anni\/#breadcrumb"},"inLanguage":"it-IT","potentialAction":[{"@type":"ReadAction","target":["https:\/\/r-islam.com\/it\/noor-lepaulle-torna-all-islam-all-eta-di-91-anni\/"]}]},{"@type":"ImageObject","inLanguage":"it-IT","@id":"https:\/\/r-islam.com\/it\/noor-lepaulle-torna-all-islam-all-eta-di-91-anni\/#primaryimage","url":"https:\/\/r-islam.com\/it\/wp-content\/uploads\/sites\/6\/2014\/02\/noor 91.jpg","contentUrl":"https:\/\/r-islam.com\/it\/wp-content\/uploads\/sites\/6\/2014\/02\/noor 91.jpg","width":426,"height":289},{"@type":"BreadcrumbList","@id":"https:\/\/r-islam.com\/it\/noor-lepaulle-torna-all-islam-all-eta-di-91-anni\/#breadcrumb","itemListElement":[{"@type":"ListItem","position":1,"name":"Home","item":"https:\/\/r-islam.com\/it\/"},{"@type":"ListItem","position":2,"name":"Noor Lepaulle &#8220;Torna all&#8217;islam all&#8217;et\u00e0 di 91 anni &#8220;"}]},{"@type":"WebSite","@id":"https:\/\/r-islam.com\/it\/#website","url":"https:\/\/r-islam.com\/it\/","name":"II vero Islam","description":"","publisher":{"@id":"https:\/\/r-islam.com\/it\/#organization"},"potentialAction":[{"@type":"SearchAction","target":{"@type":"EntryPoint","urlTemplate":"https:\/\/r-islam.com\/it\/?s={search_term_string}"},"query-input":{"@type":"PropertyValueSpecification","valueRequired":true,"valueName":"search_term_string"}}],"inLanguage":"it-IT"},{"@type":"Organization","@id":"https:\/\/r-islam.com\/it\/#organization","name":"II vero Islam","url":"https:\/\/r-islam.com\/it\/","logo":{"@type":"ImageObject","inLanguage":"it-IT","@id":"https:\/\/r-islam.com\/it\/#\/schema\/logo\/image\/","url":"https:\/\/r-islam.com\/it\/wp-content\/uploads\/sites\/6\/2024\/02\/cropped-logo-small.jpg","contentUrl":"https:\/\/r-islam.com\/it\/wp-content\/uploads\/sites\/6\/2024\/02\/cropped-logo-small.jpg","width":512,"height":512,"caption":"II vero Islam"},"image":{"@id":"https:\/\/r-islam.com\/it\/#\/schema\/logo\/image\/"}},{"@type":"Person","@id":"https:\/\/r-islam.com\/it\/#\/schema\/person\/92de7dae6e843a9ee2e94aa4a9b5133d","name":"Right Islam","image":{"@type":"ImageObject","inLanguage":"it-IT","@id":"https:\/\/secure.gravatar.com\/avatar\/02bc82baefedb88212fdfbdbc558b74e6c80b15750921e0ebbcfc450427d426b?s=96&d=mm&r=g","url":"https:\/\/secure.gravatar.com\/avatar\/02bc82baefedb88212fdfbdbc558b74e6c80b15750921e0ebbcfc450427d426b?s=96&d=mm&r=g","contentUrl":"https:\/\/secure.gravatar.com\/avatar\/02bc82baefedb88212fdfbdbc558b74e6c80b15750921e0ebbcfc450427d426b?s=96&d=mm&r=g","caption":"Right Islam"},"url":"https:\/\/r-islam.com\/it\/author\/it-admin\/"}]}},"_links":{"self":[{"href":"https:\/\/r-islam.com\/it\/wp-json\/wp\/v2\/posts\/730","targetHints":{"allow":["GET"]}}],"collection":[{"href":"https:\/\/r-islam.com\/it\/wp-json\/wp\/v2\/posts"}],"about":[{"href":"https:\/\/r-islam.com\/it\/wp-json\/wp\/v2\/types\/post"}],"author":[{"embeddable":true,"href":"https:\/\/r-islam.com\/it\/wp-json\/wp\/v2\/users\/6"}],"replies":[{"embeddable":true,"href":"https:\/\/r-islam.com\/it\/wp-json\/wp\/v2\/comments?post=730"}],"version-history":[{"count":0,"href":"https:\/\/r-islam.com\/it\/wp-json\/wp\/v2\/posts\/730\/revisions"}],"wp:featuredmedia":[{"embeddable":true,"href":"https:\/\/r-islam.com\/it\/wp-json\/wp\/v2\/media\/729"}],"wp:attachment":[{"href":"https:\/\/r-islam.com\/it\/wp-json\/wp\/v2\/media?parent=730"}],"wp:term":[{"taxonomy":"category","embeddable":true,"href":"https:\/\/r-islam.com\/it\/wp-json\/wp\/v2\/categories?post=730"},{"taxonomy":"post_tag","embeddable":true,"href":"https:\/\/r-islam.com\/it\/wp-json\/wp\/v2\/tags?post=730"}],"curies":[{"name":"wp","href":"https:\/\/api.w.org\/{rel}","templated":true}]}}