{"id":782,"date":"2014-04-02T12:00:46","date_gmt":"2014-04-02T12:00:46","guid":{"rendered":"http:\/\/localhost\/rs\/it\/2014\/04\/02\/loccidente-cristiano-e-l-islam-nel-medioevo-e-nell-europa\/"},"modified":"2014-04-02T12:00:46","modified_gmt":"2014-04-02T12:00:46","slug":"loccidente-cristiano-e-l-islam-nel-medioevo-e-nell-europa","status":"publish","type":"post","link":"https:\/\/r-islam.com\/it\/loccidente-cristiano-e-l-islam-nel-medioevo-e-nell-europa\/","title":{"rendered":"L\u2019Occidente cristiano e l&#8217;Islam nel Medioevo e nell&#8217;Europa"},"content":{"rendered":"<p style=\"text-align: center;\"><img loading=\"lazy\" decoding=\"async\" class=\" size-full wp-image-781\" src=\"http:\/\/localhost\/rs\/it\/wp-content\/uploads\/sites\/6\/2014\/04\/wwww.jpg\" border=\"0\" width=\"496\" height=\"310\" srcset=\"https:\/\/r-islam.com\/it\/wp-content\/uploads\/sites\/6\/2014\/04\/wwww.jpg 496w, https:\/\/r-islam.com\/it\/wp-content\/uploads\/sites\/6\/2014\/04\/wwww-300x188.jpg 300w\" sizes=\"auto, (max-width: 496px) 100vw, 496px\" \/><\/p>\n<p style=\"text-align: justify;\">\u00a0<\/p>\n<p style=\"text-align: justify;\"><span style=\"font-family: times new roman,times;\"><span style=\"font-size: large;\"><span style=\"font-family: 'times new roman', times;\">Tra l&#8217;VIII e il X secolo, l&#8217;occidente cristiano \u00e8 stato profondamente scosso dagli ultimi epigoni della\u00a0conquista\u00a0araba, anche se questo mondo, come abbiamo visto, \u00e8 stato solo marginalmente toccato dall&#8217;ondata saracena: in particolare la Spagna, l&#8217;Italia\u00a0del Sud, la Gallia meridionale.<\/span><\/span><\/span><\/p>\n<p style=\"text-align: justify;\">\u00a0<\/p>\n<p style=\"text-align: justify;\"><span style=\"font-family: times new roman,times;\"><span style=\"font-size: large;\"><span style=\"font-family: 'times new roman', times;\">All&#8217;inizio l&#8217;Occidente\u00a0confuse\u00a0queste incursioni incessanti con le molte altre invasioni barbariche di cui era stato oggetto. Questa confusione resta ancora oggi. Ed \u00e8 proprio da questa originaria esperienza di aggressione che la coscienza medievale forma la sua immagine dell&#8217;Islam, un&#8217;immagine essenzialmente ostile. Nell&#8217;Alto Medioevo tuttavia, l&#8217;Occidente, chiuso entro angusti confini, aveva una conoscenza molto limitata dell&#8217;Islam, ma le cose cambiarono quando l&#8217;Europa cristiana, attraverso le crociate super\u00f2 i limiti del proprio territorio e si proiett\u00f2 all&#8217;esterno.<\/span><\/span><\/span><\/p>\n<p style=\"text-align: justify;\">\u00a0<\/p>\n<p style=\"text-align: justify;\"><span style=\"font-family: times new roman,times;\"><span style=\"font-size: large;\"><span style=\"font-family: 'times new roman', times;\">Dobbiamo a questo punto distinguere tra la visione dell&#8217;Islam del mondo popolare e quella della\u00a0filosofia\u00a0scolastica. La prima era nutrita dalle crociate e si sviluppava a livello dell&#8217;immaginario, la seconda si nutriva del confronto islamo &#8211; cristiano in Spagna e si sviluppava a livello razionale. Nella letteratura popolare i musulmani erano visti come pagani e il Profeta Muhammad era considerato un mago corrotto, capo di un popolo di &#8221; infedeli &#8220;, gli eruditi invece conoscevano il corpo dottrinale dell&#8217;Islam in quanto esisteva una traduzione del Corano a cui attingere. Se l&#8217;Islam viene riconosciuto per le sue conquiste scientifiche e per le sua filosofia, viene contemporaneamente negato in quanto religione e morale.<\/span><\/span><\/span><\/p>\n<p style=\"text-align: justify;\">\u00a0<\/p>\n<p style=\"text-align: justify;\"><span style=\"font-family: times new roman,times;\"><span style=\"font-size: large;\"><span style=\"font-family: 'times new roman', times;\">L&#8217;Occidente dissocia l&#8217;apporto del pensiero arabo dal giudizio\u00a0sul\u00a0valore\u00a0morale\u00a0dell&#8217;Islam. Si \u00e8 dunque formata una visione intellettuale che dal XII secolo si \u00e8 prolungata fino al XVIII e si potrebbe\u00a0dire, per certi elementi, fino all&#8217;epoca coloniale in modo\u00a0praticamenteuguale.\u00a0Questa\u00a0visione si basa in primo luogo su una profonda collera contro il Profeta che ha fermato l&#8217;evoluzione dei popoli verso il cristianesimo . Il Profeta non solo ha abusato della credulit\u00e0 della folla, ma la sua vita \u00e8 stata esempio di sensualit\u00e0 e violenza. Il suo messaggio viene considerato un messaggio umano e il Corano non sarebbe che un&#8217;insieme deformato di leggende prese a prestito dalla Bibbia. L&#8217;Islam \u00e8 considerato come un elemento perturbatore, un ultimo arrivato, senza elaborazione dottrinale e in ultima analisi semplicistico che pretende di collocarsi sullo stesso piano del cristianesimo. Da qui ne deriva una visione dell&#8217;anima musulmana che scaturisce dal comportamento del suo pseudo-profeta e che \u00e8 l&#8217; antitesi del comportamento di santit\u00e0 fondata sulla repressione degli istinti. L&#8217;Islam, ha una concezione del Paradiso carnale e materiale, ammette la poligamia e viene visto quindi come la religione del sesso, della licenza, dell&#8217;istinto che prevale. Ci si pu\u00f2 domandare se all&#8217;origine di questa visione eccessivamente negativa non ci sia l&#8217;ossessione del sesso che abitava questo\u00a0piccolo mondo\u00a0intellettuale.<\/span><\/span><\/span><\/p>\n<p style=\"text-align: justify;\">\u00a0<\/p>\n<p style=\"text-align: justify;\"><span style=\"font-family: times new roman,times;\"><span style=\"font-size: large;\"><span style=\"font-family: 'times new roman', times;\">accanto alla sessualit\u00e0, il secondo tema sviluppato dalla visione medievale occidentale \u00e8 quella della violenza e dell&#8217;aggressione. Questa violenza musulmana sentita all&#8217;unanimit\u00e0 \u00e8 proiezione sull&#8217;Islam della propria violenza. Gli autori che esprimono il loro pensiero in modo razionale fanno un confronto tra il Cristianesimo che si \u00e8 diffuso attraverso la conversione e il sacrificio degli Apostoli e l&#8217;Islam che all&#8217;inizio si \u00e8 diffuso anche con la conquista armata.<\/span><\/span><\/span><\/p>\n<p style=\"text-align: justify;\">\u00a0<\/p>\n<p style=\"text-align: justify;\"><span style=\"font-family: times new roman,times;\"><span style=\"font-size: large;\"><span style=\"font-family: 'times new roman', times;\">L&#8217;esistenza di un Islam autonomo e nello stesso tempo che si richiama ad una tradizione comune, appare come una sfida al totalitarismo cristiano che non ha conosciuto l&#8217;esperienza del pluralismo religioso della societ\u00e0, come invece \u00e8 successo all&#8217;Islam.<\/span><\/span><\/span><\/p>\n<p style=\"text-align: justify;\">\u00a0<\/p>\n<p style=\"text-align: justify;\"><span style=\"font-family: times new roman,times;\"><span style=\"font-size: large;\"><span style=\"font-family: 'times new roman', times;\">Questa visione cos\u00ec polemica non serve a conoscere l&#8217;Islam, forse\u00a0ci\u00a0fa capire la mentalit\u00e0 di certi ambienti intellettuali del Medio Evo, purtroppo i pregiudizi medievali si sono talmente insinuati nell&#8217;inconscio collettivo dell&#8217;Occidente che ci si chiede se mai potranno essere estirpati.<\/span><\/span><\/span><\/p>\n<p style=\"text-align: justify;\">\u00a0<\/p>\n<p style=\"text-align: justify;\"><span style=\"font-family: times new roman,times;\"><span style=\"font-size: large;\"><span style=\"font-family: 'times new roman', times;\">Quando il cristianesimo perder\u00e0 il monopolio ideologico della cristianit\u00e0, emerger\u00e0 l&#8217;Europa e l&#8217;Islam non sar\u00e0 pi\u00f9 considerato il nemico per eccellenza anche\u00a0se\u00a0l&#8217;immaginario medievale rischia sempre di risorgere in caso di conflitti.<\/span><\/span><\/span><\/p>\n<p style=\"text-align: justify;\">\u00a0<\/p>\n<p style=\"text-align: justify;\"><span style=\"font-family: times new roman,times;\"><span style=\"font-size: large;\"><span style=\"font-family: 'times new roman', times;\">Molti sono i volti dell&#8217;Europa moderna: l&#8217;Europa del Rinascimento e della Riforma, l&#8217;Europa illuminista, l&#8217;Europa colonialista dalla seconda met\u00e0 del XIX secolo. All&#8217;interno di ogni Europa ci sono diversi punti di vista: quella del religioso, del commerciante, dell&#8217;intellettuale libero, del colono.<\/span><\/span><\/span><\/p>\n<p style=\"text-align: justify;\">\u00a0<\/p>\n<p style=\"text-align: justify;\"><span style=\"font-family: times new roman,times;\"><span style=\"font-size: large;\"><span style=\"font-family: 'times new roman', times;\">Nel XVI e nel XVII secolo il mondo religioso non polemizza pi\u00f9 con l&#8217;Islam, a volte lo ignora, ma in ogni caso non riconosce nella religione musulmana una religione rivelata. Rimane diffuso un sentimento di superiorit\u00e0 che coincide con una coscienza di supremazia politica e di civilt\u00e0. E l&#8217;Islam ritorna alla barbarie, non viene nemmeno pi\u00f9 considerato, come nel Medioevo come avversario teologico. Nel mondo laico le cose vanno diversamente. Sul\u00a0piano\u00a0politico l&#8217;Islam viene identificato con l&#8217;Impero ottomano e i rapporti tra queste due realt\u00e0 politiche obbediranno soprattutto alla razionalit\u00e0 diplomatica. Gli intellettuali guardano all&#8217;Oriente con sguardo pi\u00f9 sereno e obiettivo. La visione popolare oscilla tra l&#8217;immagine\u00a0di un Oriente splendido e meraviglioso e quella di un Oriente lascivo e crudele, caratterizzato da una religione fanatica, aggressiva, elementare.<\/span><\/span><\/span><\/p>\n<p style=\"text-align: justify;\">\u00a0<\/p>\n<p style=\"text-align: justify;\"><span style=\"font-family: times new roman,times;\"><span style=\"font-size: large;\"><span style=\"font-family: 'times new roman', times;\">Nel XVIII secolo, l&#8217;entusiasmo, l&#8217;ottimismo e l&#8217;universalismo dell&#8217;Europa gettano le basi per una maggior comprensione dell&#8217;Islam. Secondo il pensiero illuminista le diverse culture hanno eguale potenzialit\u00e0. Nella seconda met\u00e0 del XIX secolo appare per\u00f2 il fenomeno del colonialismo, prodotto dallo sviluppo industriale e dall&#8217;emergente classe borghese. Il mondo non europeo si trova ad essere svalorizzato, privato di dignit\u00e0 e l&#8217;arsenale polemico medievale nei riguardi dell&#8217;Islam risorge. L&#8217;eurocentrismo affiora chiaramente nei gruppi impegnati ideologicamente, siano cristiani o marxisti. Il cristiano \u00e8 attirato dalla spiritualit\u00e0 dell&#8217;Islam, ma preferisce avere come interlocutore il non credente. Il marxista \u00e8 sensibile\u00a0solo\u00a0alle dimensioni moderne dell&#8217;Islam, vuole ignorare la sua cultura pi\u00f9 profonda legata al passato. L&#8217;umanesimo cristiano coltiva la differenza, il marxista coltiva la sola universalit\u00e0 riconosciuta valida, cio\u00e8 il marxismo stesso. Si potrebbe dire che l&#8217;uomo pi\u00f9 libero \u00e8 quello che non condivide nessuna ideologia. Meno cose conoscer\u00e0 dell&#8217;Islam, pi\u00f9 avr\u00e0 la possibilit\u00e0 di percepirlo con obiettivit\u00e0 e simpatia. Il concetto di Islam come totalit\u00e0 lo ha infatti inventato l&#8217;Europa che ancora fa riferimento a questo concetto, quando ormai il mondo musulmano si \u00e8 politicamente differenziato e l&#8217;Islam stesso pu\u00f2 essere ricondotto alla sua sola funzione religiosa.<\/span><\/span><\/span><\/p>\n<p style=\"text-align: justify;\"><span style=\"font-family: times new roman,times;\"><span style=\"font-size: large;\"><span style=\"font-family: 'times new roman', times;\">tratto da: Arab.it<\/span><\/span><\/span><\/p>\n<p style=\"text-align: justify;\">\u00a0<\/p>\n<p style=\"text-align: justify;\">\u00a0<\/p>\n","protected":false},"excerpt":{"rendered":"<p>\u00a0 Tra l&#8217;VIII e il X secolo, l&#8217;occidente cristiano \u00e8 stato profondamente scosso dagli ultimi epigoni della\u00a0conquista\u00a0araba, anche se questo mondo, come abbiamo visto, \u00e8 stato solo marginalmente toccato dall&#8217;ondata saracena: in particolare la Spagna, l&#8217;Italia\u00a0del Sud, la Gallia meridionale. \u00a0 All&#8217;inizio l&#8217;Occidente\u00a0confuse\u00a0queste incursioni incessanti con le molte altre invasioni barbariche di cui era stato &hellip;<\/p>\n","protected":false},"author":6,"featured_media":781,"comment_status":"open","ping_status":"open","sticky":false,"template":"","format":"standard","meta":{"om_disable_all_campaigns":false,"_monsterinsights_skip_tracking":false,"_monsterinsights_sitenote_active":false,"_monsterinsights_sitenote_note":"","_monsterinsights_sitenote_category":0,"_uf_show_specific_survey":0,"_uf_disable_surveys":false,"footnotes":""},"categories":[6],"tags":[],"class_list":["post-782","post","type-post","status-publish","format-standard","has-post-thumbnail","hentry","category-il-cristianesimo"],"yoast_head":"<!-- This site is optimized with the Yoast SEO plugin v27.4 - https:\/\/yoast.com\/product\/yoast-seo-wordpress\/ -->\n<title>L\u2019Occidente cristiano e l&#039;Islam nel Medioevo e nell&#039;Europa - II vero Islam II vero Islam<\/title>\n<meta name=\"description\" content=\"L\u2019Occidente cristiano e l&#039;Islam nel Medioevo e nell&#039;Europa II vero Islam %\" \/>\n<meta name=\"robots\" content=\"index, follow, max-snippet:-1, max-image-preview:large, max-video-preview:-1\" \/>\n<link rel=\"canonical\" href=\"https:\/\/r-islam.com\/it\/loccidente-cristiano-e-l-islam-nel-medioevo-e-nell-europa\/\" \/>\n<meta property=\"og:locale\" content=\"it_IT\" \/>\n<meta property=\"og:type\" content=\"article\" \/>\n<meta property=\"og:title\" content=\"L\u2019Occidente cristiano e l&#039;Islam nel Medioevo e nell&#039;Europa - II vero Islam II vero Islam\" \/>\n<meta property=\"og:description\" content=\"L\u2019Occidente cristiano e l&#039;Islam nel Medioevo e nell&#039;Europa II vero Islam %\" \/>\n<meta property=\"og:url\" content=\"https:\/\/r-islam.com\/it\/loccidente-cristiano-e-l-islam-nel-medioevo-e-nell-europa\/\" \/>\n<meta property=\"og:site_name\" content=\"II vero Islam\" \/>\n<meta property=\"article:published_time\" content=\"2014-04-02T12:00:46+00:00\" \/>\n<meta property=\"og:image\" content=\"https:\/\/r-islam.com\/it\/wp-content\/uploads\/sites\/6\/2014\/04\/wwww.jpg\" \/>\n\t<meta property=\"og:image:width\" content=\"496\" \/>\n\t<meta property=\"og:image:height\" content=\"310\" \/>\n\t<meta property=\"og:image:type\" content=\"image\/jpeg\" \/>\n<meta name=\"author\" content=\"Right Islam\" \/>\n<meta name=\"twitter:card\" content=\"summary_large_image\" \/>\n<meta name=\"twitter:label1\" content=\"Scritto da\" \/>\n\t<meta name=\"twitter:data1\" content=\"Right Islam\" \/>\n\t<meta name=\"twitter:label2\" content=\"Tempo di lettura stimato\" \/>\n\t<meta name=\"twitter:data2\" content=\"5 minuti\" \/>\n<script type=\"application\/ld+json\" class=\"yoast-schema-graph\">{\"@context\":\"https:\\\/\\\/schema.org\",\"@graph\":[{\"@type\":\"Article\",\"@id\":\"https:\\\/\\\/r-islam.com\\\/it\\\/loccidente-cristiano-e-l-islam-nel-medioevo-e-nell-europa\\\/#article\",\"isPartOf\":{\"@id\":\"https:\\\/\\\/r-islam.com\\\/it\\\/loccidente-cristiano-e-l-islam-nel-medioevo-e-nell-europa\\\/\"},\"author\":{\"name\":\"Right Islam\",\"@id\":\"https:\\\/\\\/r-islam.com\\\/it\\\/#\\\/schema\\\/person\\\/92de7dae6e843a9ee2e94aa4a9b5133d\"},\"headline\":\"L\u2019Occidente cristiano e l&#8217;Islam nel Medioevo e nell&#8217;Europa\",\"datePublished\":\"2014-04-02T12:00:46+00:00\",\"mainEntityOfPage\":{\"@id\":\"https:\\\/\\\/r-islam.com\\\/it\\\/loccidente-cristiano-e-l-islam-nel-medioevo-e-nell-europa\\\/\"},\"wordCount\":984,\"commentCount\":0,\"publisher\":{\"@id\":\"https:\\\/\\\/r-islam.com\\\/it\\\/#organization\"},\"image\":{\"@id\":\"https:\\\/\\\/r-islam.com\\\/it\\\/loccidente-cristiano-e-l-islam-nel-medioevo-e-nell-europa\\\/#primaryimage\"},\"thumbnailUrl\":\"https:\\\/\\\/r-islam.com\\\/it\\\/wp-content\\\/uploads\\\/sites\\\/6\\\/2014\\\/04\\\/wwww.jpg\",\"articleSection\":[\"Il Cristianesimo\"],\"inLanguage\":\"it-IT\",\"potentialAction\":[{\"@type\":\"CommentAction\",\"name\":\"Comment\",\"target\":[\"https:\\\/\\\/r-islam.com\\\/it\\\/loccidente-cristiano-e-l-islam-nel-medioevo-e-nell-europa\\\/#respond\"]}]},{\"@type\":\"WebPage\",\"@id\":\"https:\\\/\\\/r-islam.com\\\/it\\\/loccidente-cristiano-e-l-islam-nel-medioevo-e-nell-europa\\\/\",\"url\":\"https:\\\/\\\/r-islam.com\\\/it\\\/loccidente-cristiano-e-l-islam-nel-medioevo-e-nell-europa\\\/\",\"name\":\"L\u2019Occidente cristiano e l'Islam nel Medioevo e nell'Europa - II vero Islam II vero Islam\",\"isPartOf\":{\"@id\":\"https:\\\/\\\/r-islam.com\\\/it\\\/#website\"},\"primaryImageOfPage\":{\"@id\":\"https:\\\/\\\/r-islam.com\\\/it\\\/loccidente-cristiano-e-l-islam-nel-medioevo-e-nell-europa\\\/#primaryimage\"},\"image\":{\"@id\":\"https:\\\/\\\/r-islam.com\\\/it\\\/loccidente-cristiano-e-l-islam-nel-medioevo-e-nell-europa\\\/#primaryimage\"},\"thumbnailUrl\":\"https:\\\/\\\/r-islam.com\\\/it\\\/wp-content\\\/uploads\\\/sites\\\/6\\\/2014\\\/04\\\/wwww.jpg\",\"datePublished\":\"2014-04-02T12:00:46+00:00\",\"description\":\"L\u2019Occidente cristiano e l'Islam nel Medioevo e nell'Europa II vero Islam %\",\"breadcrumb\":{\"@id\":\"https:\\\/\\\/r-islam.com\\\/it\\\/loccidente-cristiano-e-l-islam-nel-medioevo-e-nell-europa\\\/#breadcrumb\"},\"inLanguage\":\"it-IT\",\"potentialAction\":[{\"@type\":\"ReadAction\",\"target\":[\"https:\\\/\\\/r-islam.com\\\/it\\\/loccidente-cristiano-e-l-islam-nel-medioevo-e-nell-europa\\\/\"]}]},{\"@type\":\"ImageObject\",\"inLanguage\":\"it-IT\",\"@id\":\"https:\\\/\\\/r-islam.com\\\/it\\\/loccidente-cristiano-e-l-islam-nel-medioevo-e-nell-europa\\\/#primaryimage\",\"url\":\"https:\\\/\\\/r-islam.com\\\/it\\\/wp-content\\\/uploads\\\/sites\\\/6\\\/2014\\\/04\\\/wwww.jpg\",\"contentUrl\":\"https:\\\/\\\/r-islam.com\\\/it\\\/wp-content\\\/uploads\\\/sites\\\/6\\\/2014\\\/04\\\/wwww.jpg\",\"width\":496,\"height\":310},{\"@type\":\"BreadcrumbList\",\"@id\":\"https:\\\/\\\/r-islam.com\\\/it\\\/loccidente-cristiano-e-l-islam-nel-medioevo-e-nell-europa\\\/#breadcrumb\",\"itemListElement\":[{\"@type\":\"ListItem\",\"position\":1,\"name\":\"Home\",\"item\":\"https:\\\/\\\/r-islam.com\\\/it\\\/\"},{\"@type\":\"ListItem\",\"position\":2,\"name\":\"L\u2019Occidente cristiano e l&#8217;Islam nel Medioevo e nell&#8217;Europa\"}]},{\"@type\":\"WebSite\",\"@id\":\"https:\\\/\\\/r-islam.com\\\/it\\\/#website\",\"url\":\"https:\\\/\\\/r-islam.com\\\/it\\\/\",\"name\":\"II vero Islam\",\"description\":\"\",\"publisher\":{\"@id\":\"https:\\\/\\\/r-islam.com\\\/it\\\/#organization\"},\"potentialAction\":[{\"@type\":\"SearchAction\",\"target\":{\"@type\":\"EntryPoint\",\"urlTemplate\":\"https:\\\/\\\/r-islam.com\\\/it\\\/?s={search_term_string}\"},\"query-input\":{\"@type\":\"PropertyValueSpecification\",\"valueRequired\":true,\"valueName\":\"search_term_string\"}}],\"inLanguage\":\"it-IT\"},{\"@type\":\"Organization\",\"@id\":\"https:\\\/\\\/r-islam.com\\\/it\\\/#organization\",\"name\":\"II vero Islam\",\"url\":\"https:\\\/\\\/r-islam.com\\\/it\\\/\",\"logo\":{\"@type\":\"ImageObject\",\"inLanguage\":\"it-IT\",\"@id\":\"https:\\\/\\\/r-islam.com\\\/it\\\/#\\\/schema\\\/logo\\\/image\\\/\",\"url\":\"https:\\\/\\\/r-islam.com\\\/it\\\/wp-content\\\/uploads\\\/sites\\\/6\\\/2024\\\/02\\\/cropped-logo-small.jpg\",\"contentUrl\":\"https:\\\/\\\/r-islam.com\\\/it\\\/wp-content\\\/uploads\\\/sites\\\/6\\\/2024\\\/02\\\/cropped-logo-small.jpg\",\"width\":512,\"height\":512,\"caption\":\"II vero Islam\"},\"image\":{\"@id\":\"https:\\\/\\\/r-islam.com\\\/it\\\/#\\\/schema\\\/logo\\\/image\\\/\"}},{\"@type\":\"Person\",\"@id\":\"https:\\\/\\\/r-islam.com\\\/it\\\/#\\\/schema\\\/person\\\/92de7dae6e843a9ee2e94aa4a9b5133d\",\"name\":\"Right Islam\",\"image\":{\"@type\":\"ImageObject\",\"inLanguage\":\"it-IT\",\"@id\":\"https:\\\/\\\/secure.gravatar.com\\\/avatar\\\/02bc82baefedb88212fdfbdbc558b74e6c80b15750921e0ebbcfc450427d426b?s=96&d=mm&r=g\",\"url\":\"https:\\\/\\\/secure.gravatar.com\\\/avatar\\\/02bc82baefedb88212fdfbdbc558b74e6c80b15750921e0ebbcfc450427d426b?s=96&d=mm&r=g\",\"contentUrl\":\"https:\\\/\\\/secure.gravatar.com\\\/avatar\\\/02bc82baefedb88212fdfbdbc558b74e6c80b15750921e0ebbcfc450427d426b?s=96&d=mm&r=g\",\"caption\":\"Right Islam\"},\"url\":\"https:\\\/\\\/r-islam.com\\\/it\\\/author\\\/it-admin\\\/\"}]}<\/script>\n<!-- \/ Yoast SEO plugin. -->","yoast_head_json":{"title":"L\u2019Occidente cristiano e l'Islam nel Medioevo e nell'Europa - II vero Islam II vero Islam","description":"L\u2019Occidente cristiano e l'Islam nel Medioevo e nell'Europa II vero Islam %","robots":{"index":"index","follow":"follow","max-snippet":"max-snippet:-1","max-image-preview":"max-image-preview:large","max-video-preview":"max-video-preview:-1"},"canonical":"https:\/\/r-islam.com\/it\/loccidente-cristiano-e-l-islam-nel-medioevo-e-nell-europa\/","og_locale":"it_IT","og_type":"article","og_title":"L\u2019Occidente cristiano e l'Islam nel Medioevo e nell'Europa - II vero Islam II vero Islam","og_description":"L\u2019Occidente cristiano e l'Islam nel Medioevo e nell'Europa II vero Islam %","og_url":"https:\/\/r-islam.com\/it\/loccidente-cristiano-e-l-islam-nel-medioevo-e-nell-europa\/","og_site_name":"II vero Islam","article_published_time":"2014-04-02T12:00:46+00:00","og_image":[{"width":496,"height":310,"url":"https:\/\/r-islam.com\/it\/wp-content\/uploads\/sites\/6\/2014\/04\/wwww.jpg","type":"image\/jpeg"}],"author":"Right Islam","twitter_card":"summary_large_image","twitter_misc":{"Scritto da":"Right Islam","Tempo di lettura stimato":"5 minuti"},"schema":{"@context":"https:\/\/schema.org","@graph":[{"@type":"Article","@id":"https:\/\/r-islam.com\/it\/loccidente-cristiano-e-l-islam-nel-medioevo-e-nell-europa\/#article","isPartOf":{"@id":"https:\/\/r-islam.com\/it\/loccidente-cristiano-e-l-islam-nel-medioevo-e-nell-europa\/"},"author":{"name":"Right Islam","@id":"https:\/\/r-islam.com\/it\/#\/schema\/person\/92de7dae6e843a9ee2e94aa4a9b5133d"},"headline":"L\u2019Occidente cristiano e l&#8217;Islam nel Medioevo e nell&#8217;Europa","datePublished":"2014-04-02T12:00:46+00:00","mainEntityOfPage":{"@id":"https:\/\/r-islam.com\/it\/loccidente-cristiano-e-l-islam-nel-medioevo-e-nell-europa\/"},"wordCount":984,"commentCount":0,"publisher":{"@id":"https:\/\/r-islam.com\/it\/#organization"},"image":{"@id":"https:\/\/r-islam.com\/it\/loccidente-cristiano-e-l-islam-nel-medioevo-e-nell-europa\/#primaryimage"},"thumbnailUrl":"https:\/\/r-islam.com\/it\/wp-content\/uploads\/sites\/6\/2014\/04\/wwww.jpg","articleSection":["Il Cristianesimo"],"inLanguage":"it-IT","potentialAction":[{"@type":"CommentAction","name":"Comment","target":["https:\/\/r-islam.com\/it\/loccidente-cristiano-e-l-islam-nel-medioevo-e-nell-europa\/#respond"]}]},{"@type":"WebPage","@id":"https:\/\/r-islam.com\/it\/loccidente-cristiano-e-l-islam-nel-medioevo-e-nell-europa\/","url":"https:\/\/r-islam.com\/it\/loccidente-cristiano-e-l-islam-nel-medioevo-e-nell-europa\/","name":"L\u2019Occidente cristiano e l'Islam nel Medioevo e nell'Europa - II vero Islam II vero Islam","isPartOf":{"@id":"https:\/\/r-islam.com\/it\/#website"},"primaryImageOfPage":{"@id":"https:\/\/r-islam.com\/it\/loccidente-cristiano-e-l-islam-nel-medioevo-e-nell-europa\/#primaryimage"},"image":{"@id":"https:\/\/r-islam.com\/it\/loccidente-cristiano-e-l-islam-nel-medioevo-e-nell-europa\/#primaryimage"},"thumbnailUrl":"https:\/\/r-islam.com\/it\/wp-content\/uploads\/sites\/6\/2014\/04\/wwww.jpg","datePublished":"2014-04-02T12:00:46+00:00","description":"L\u2019Occidente cristiano e l'Islam nel Medioevo e nell'Europa II vero Islam %","breadcrumb":{"@id":"https:\/\/r-islam.com\/it\/loccidente-cristiano-e-l-islam-nel-medioevo-e-nell-europa\/#breadcrumb"},"inLanguage":"it-IT","potentialAction":[{"@type":"ReadAction","target":["https:\/\/r-islam.com\/it\/loccidente-cristiano-e-l-islam-nel-medioevo-e-nell-europa\/"]}]},{"@type":"ImageObject","inLanguage":"it-IT","@id":"https:\/\/r-islam.com\/it\/loccidente-cristiano-e-l-islam-nel-medioevo-e-nell-europa\/#primaryimage","url":"https:\/\/r-islam.com\/it\/wp-content\/uploads\/sites\/6\/2014\/04\/wwww.jpg","contentUrl":"https:\/\/r-islam.com\/it\/wp-content\/uploads\/sites\/6\/2014\/04\/wwww.jpg","width":496,"height":310},{"@type":"BreadcrumbList","@id":"https:\/\/r-islam.com\/it\/loccidente-cristiano-e-l-islam-nel-medioevo-e-nell-europa\/#breadcrumb","itemListElement":[{"@type":"ListItem","position":1,"name":"Home","item":"https:\/\/r-islam.com\/it\/"},{"@type":"ListItem","position":2,"name":"L\u2019Occidente cristiano e l&#8217;Islam nel Medioevo e nell&#8217;Europa"}]},{"@type":"WebSite","@id":"https:\/\/r-islam.com\/it\/#website","url":"https:\/\/r-islam.com\/it\/","name":"II vero Islam","description":"","publisher":{"@id":"https:\/\/r-islam.com\/it\/#organization"},"potentialAction":[{"@type":"SearchAction","target":{"@type":"EntryPoint","urlTemplate":"https:\/\/r-islam.com\/it\/?s={search_term_string}"},"query-input":{"@type":"PropertyValueSpecification","valueRequired":true,"valueName":"search_term_string"}}],"inLanguage":"it-IT"},{"@type":"Organization","@id":"https:\/\/r-islam.com\/it\/#organization","name":"II vero Islam","url":"https:\/\/r-islam.com\/it\/","logo":{"@type":"ImageObject","inLanguage":"it-IT","@id":"https:\/\/r-islam.com\/it\/#\/schema\/logo\/image\/","url":"https:\/\/r-islam.com\/it\/wp-content\/uploads\/sites\/6\/2024\/02\/cropped-logo-small.jpg","contentUrl":"https:\/\/r-islam.com\/it\/wp-content\/uploads\/sites\/6\/2024\/02\/cropped-logo-small.jpg","width":512,"height":512,"caption":"II vero Islam"},"image":{"@id":"https:\/\/r-islam.com\/it\/#\/schema\/logo\/image\/"}},{"@type":"Person","@id":"https:\/\/r-islam.com\/it\/#\/schema\/person\/92de7dae6e843a9ee2e94aa4a9b5133d","name":"Right Islam","image":{"@type":"ImageObject","inLanguage":"it-IT","@id":"https:\/\/secure.gravatar.com\/avatar\/02bc82baefedb88212fdfbdbc558b74e6c80b15750921e0ebbcfc450427d426b?s=96&d=mm&r=g","url":"https:\/\/secure.gravatar.com\/avatar\/02bc82baefedb88212fdfbdbc558b74e6c80b15750921e0ebbcfc450427d426b?s=96&d=mm&r=g","contentUrl":"https:\/\/secure.gravatar.com\/avatar\/02bc82baefedb88212fdfbdbc558b74e6c80b15750921e0ebbcfc450427d426b?s=96&d=mm&r=g","caption":"Right Islam"},"url":"https:\/\/r-islam.com\/it\/author\/it-admin\/"}]}},"_links":{"self":[{"href":"https:\/\/r-islam.com\/it\/wp-json\/wp\/v2\/posts\/782","targetHints":{"allow":["GET"]}}],"collection":[{"href":"https:\/\/r-islam.com\/it\/wp-json\/wp\/v2\/posts"}],"about":[{"href":"https:\/\/r-islam.com\/it\/wp-json\/wp\/v2\/types\/post"}],"author":[{"embeddable":true,"href":"https:\/\/r-islam.com\/it\/wp-json\/wp\/v2\/users\/6"}],"replies":[{"embeddable":true,"href":"https:\/\/r-islam.com\/it\/wp-json\/wp\/v2\/comments?post=782"}],"version-history":[{"count":0,"href":"https:\/\/r-islam.com\/it\/wp-json\/wp\/v2\/posts\/782\/revisions"}],"wp:featuredmedia":[{"embeddable":true,"href":"https:\/\/r-islam.com\/it\/wp-json\/wp\/v2\/media\/781"}],"wp:attachment":[{"href":"https:\/\/r-islam.com\/it\/wp-json\/wp\/v2\/media?parent=782"}],"wp:term":[{"taxonomy":"category","embeddable":true,"href":"https:\/\/r-islam.com\/it\/wp-json\/wp\/v2\/categories?post=782"},{"taxonomy":"post_tag","embeddable":true,"href":"https:\/\/r-islam.com\/it\/wp-json\/wp\/v2\/tags?post=782"}],"curies":[{"name":"wp","href":"https:\/\/api.w.org\/{rel}","templated":true}]}}