{"id":896,"date":"2014-12-16T09:33:01","date_gmt":"2014-12-16T09:33:01","guid":{"rendered":"http:\/\/localhost\/rs\/it\/2014\/12\/16\/i-musulmani-in-fila-per-donare-sangue-all-avis\/"},"modified":"2014-12-16T09:33:01","modified_gmt":"2014-12-16T09:33:01","slug":"i-musulmani-in-fila-per-donare-sangue-all-avis","status":"publish","type":"post","link":"https:\/\/r-islam.com\/it\/i-musulmani-in-fila-per-donare-sangue-all-avis\/","title":{"rendered":"I musulmani in fila per donare sangue all&#8217;Avis"},"content":{"rendered":"<p style=\"text-align: center;\"><img loading=\"lazy\" decoding=\"async\" class=\" size-full wp-image-895\" src=\"http:\/\/localhost\/rs\/it\/wp-content\/uploads\/sites\/6\/2014\/12\/donaresangue.jpg\" alt=\"\" width=\"960\" height=\"540\" srcset=\"https:\/\/r-islam.com\/it\/wp-content\/uploads\/sites\/6\/2014\/12\/donaresangue.jpg 960w, https:\/\/r-islam.com\/it\/wp-content\/uploads\/sites\/6\/2014\/12\/donaresangue-300x169.jpg 300w, https:\/\/r-islam.com\/it\/wp-content\/uploads\/sites\/6\/2014\/12\/donaresangue-768x432.jpg 768w\" sizes=\"auto, (max-width: 960px) 100vw, 960px\" \/>&nbsp;<\/p>\n<p style=\"text-align: center;\"><span style=\"color: #0000ff; font-size: 14pt; font-family: 'times new roman', times;\">I musulmani in fila per donare sangue all&#8217;Avis<\/span><\/p>\n<p style=\"text-align: justify;\"><span style=\"font-size: 14pt; font-family: 'times new roman', times;\">Dopo gli appelli per superare la carenza di plasma i musulmani del centro &#8220;Salam&#8221; hanno risposto in massa: &#8220;Fare il bene non ha colore n\u00e8 nazionalit\u00e0&#8221;<\/span><\/p>\n<p style=\"text-align: justify;\"><span style=\"font-size: 14pt; font-family: 'times new roman', times;\"><span style=\"color: #0000ff;\">SPINEA<\/span> \u00abIl sangue ha un solo colore, nessuna etn\u00eca o religione\u00bb. Parole che campeggiano sulla locandina che invita i fedeli del centro islamico di Spinea a donare il sangue: cos\u00ec, sabato scorso, si \u00e8 materializzato il primo accordo tra Avis di Mirano e S. Maria di Sala e l&#8217;associazione islamica Salam di Spinea: <\/span><\/p>\n<p style=\"text-align: justify;\"><span style=\"font-size: 14pt; font-family: 'times new roman', times;\">una raccolta di sangue straordinaria, voluta dagli stessi aderenti all&#8217;associazione, che oltre a permettere di dare una mano in una situazione di carenza ematica cronica sul territorio, ha permesso di superare una buona dose di pregiudizi.<\/span><\/p>\n<p style=\"text-align: justify;\"><span style=\"font-size: 14pt; font-family: 'times new roman', times;\">A raccontare la giornata \u00e8 il vicepresidente dell&#8217;Avis comunale di Mirano e Santa Maria di Sala, Giuliano Casotto:<\/span><\/p>\n<p style=\"text-align: justify;\"><span style=\"font-size: 14pt; font-family: 'times new roman', times;\"> \u00ab<span style=\"color: #993366;\">I membri dell&#8217;associazione marocchina hanno deciso di essere parte attiva nel problema della mancanza di sangue nel Miranese. La mancanza di donatori \u00e8 un&#8217;emergenza nazionale, ma qui da noi la comunit\u00e0 islamica si \u00e8 voluta rendere disponibile contribuendo a migliorare la situazione<\/span>\u00bb.<\/span><\/p>\n<p style=\"text-align: justify;\"><span style=\"color: #ff0000; font-size: 14pt; font-family: 'times new roman', times;\">la fonte : www.alukah.net\/world_muslims\/0\/79821\/#ixzz3M2iYkPt5<\/span><\/p>\n","protected":false},"excerpt":{"rendered":"<p>&nbsp; I musulmani in fila per donare sangue all&#8217;Avis Dopo gli appelli per superare la carenza di plasma i musulmani del centro &#8220;Salam&#8221; hanno risposto in massa: &#8220;Fare il bene non ha colore n\u00e8 nazionalit\u00e0&#8221; SPINEA \u00abIl sangue ha un solo colore, nessuna etn\u00eca o religione\u00bb. Parole che campeggiano sulla locandina che invita i fedeli &hellip;<\/p>\n","protected":false},"author":7,"featured_media":895,"comment_status":"open","ping_status":"open","sticky":false,"template":"","format":"standard","meta":{"om_disable_all_campaigns":false,"_monsterinsights_skip_tracking":false,"_monsterinsights_sitenote_active":false,"_monsterinsights_sitenote_note":"","_monsterinsights_sitenote_category":0,"_uf_show_specific_survey":0,"_uf_disable_surveys":false,"footnotes":""},"categories":[28],"tags":[56],"class_list":["post-896","post","type-post","status-publish","format-standard","has-post-thumbnail","hentry","category-le-notizie","tag-convertirsi-convertito-islam"],"yoast_head":"<!-- This site is optimized with the Yoast SEO plugin v27.4 - https:\/\/yoast.com\/product\/yoast-seo-wordpress\/ -->\n<title>I musulmani in fila per donare sangue all&#039;Avis - II vero Islam II vero Islam<\/title>\n<meta name=\"description\" content=\"I musulmani in fila per donare sangue all&#039;Avis II vero Islam %\" \/>\n<meta name=\"robots\" content=\"index, follow, max-snippet:-1, max-image-preview:large, max-video-preview:-1\" \/>\n<link rel=\"canonical\" href=\"https:\/\/r-islam.com\/it\/i-musulmani-in-fila-per-donare-sangue-all-avis\/\" \/>\n<meta property=\"og:locale\" content=\"it_IT\" \/>\n<meta property=\"og:type\" content=\"article\" \/>\n<meta property=\"og:title\" content=\"I musulmani in fila per donare sangue all&#039;Avis - II vero Islam II vero Islam\" \/>\n<meta property=\"og:description\" content=\"I musulmani in fila per donare sangue all&#039;Avis II vero Islam %\" \/>\n<meta property=\"og:url\" content=\"https:\/\/r-islam.com\/it\/i-musulmani-in-fila-per-donare-sangue-all-avis\/\" \/>\n<meta property=\"og:site_name\" content=\"II vero Islam\" \/>\n<meta property=\"article:published_time\" content=\"2014-12-16T09:33:01+00:00\" \/>\n<meta property=\"og:image\" content=\"https:\/\/r-islam.com\/it\/wp-content\/uploads\/sites\/6\/2014\/12\/donaresangue.jpg\" \/>\n\t<meta property=\"og:image:width\" content=\"960\" \/>\n\t<meta property=\"og:image:height\" content=\"540\" \/>\n\t<meta property=\"og:image:type\" content=\"image\/jpeg\" \/>\n<meta name=\"author\" content=\"Ahmed Abdallah\" \/>\n<meta name=\"twitter:card\" content=\"summary_large_image\" \/>\n<meta name=\"twitter:label1\" content=\"Scritto da\" \/>\n\t<meta name=\"twitter:data1\" content=\"Ahmed Abdallah\" \/>\n\t<meta name=\"twitter:label2\" content=\"Tempo di lettura stimato\" \/>\n\t<meta name=\"twitter:data2\" content=\"1 minuto\" \/>\n<script type=\"application\/ld+json\" class=\"yoast-schema-graph\">{\"@context\":\"https:\\\/\\\/schema.org\",\"@graph\":[{\"@type\":\"Article\",\"@id\":\"https:\\\/\\\/r-islam.com\\\/it\\\/i-musulmani-in-fila-per-donare-sangue-all-avis\\\/#article\",\"isPartOf\":{\"@id\":\"https:\\\/\\\/r-islam.com\\\/it\\\/i-musulmani-in-fila-per-donare-sangue-all-avis\\\/\"},\"author\":{\"name\":\"Ahmed Abdallah\",\"@id\":\"https:\\\/\\\/r-islam.com\\\/it\\\/#\\\/schema\\\/person\\\/50843a866a13df1a858ff77dda9b0e24\"},\"headline\":\"I musulmani in fila per donare sangue all&#8217;Avis\",\"datePublished\":\"2014-12-16T09:33:01+00:00\",\"mainEntityOfPage\":{\"@id\":\"https:\\\/\\\/r-islam.com\\\/it\\\/i-musulmani-in-fila-per-donare-sangue-all-avis\\\/\"},\"wordCount\":199,\"commentCount\":0,\"publisher\":{\"@id\":\"https:\\\/\\\/r-islam.com\\\/it\\\/#organization\"},\"image\":{\"@id\":\"https:\\\/\\\/r-islam.com\\\/it\\\/i-musulmani-in-fila-per-donare-sangue-all-avis\\\/#primaryimage\"},\"thumbnailUrl\":\"https:\\\/\\\/r-islam.com\\\/it\\\/wp-content\\\/uploads\\\/sites\\\/6\\\/2014\\\/12\\\/donaresangue.jpg\",\"keywords\":[\"convertirsi , convertito ,Islam,\"],\"articleSection\":[\"Le Notizie\"],\"inLanguage\":\"it-IT\",\"potentialAction\":[{\"@type\":\"CommentAction\",\"name\":\"Comment\",\"target\":[\"https:\\\/\\\/r-islam.com\\\/it\\\/i-musulmani-in-fila-per-donare-sangue-all-avis\\\/#respond\"]}]},{\"@type\":\"WebPage\",\"@id\":\"https:\\\/\\\/r-islam.com\\\/it\\\/i-musulmani-in-fila-per-donare-sangue-all-avis\\\/\",\"url\":\"https:\\\/\\\/r-islam.com\\\/it\\\/i-musulmani-in-fila-per-donare-sangue-all-avis\\\/\",\"name\":\"I musulmani in fila per donare sangue all'Avis - II vero Islam II vero Islam\",\"isPartOf\":{\"@id\":\"https:\\\/\\\/r-islam.com\\\/it\\\/#website\"},\"primaryImageOfPage\":{\"@id\":\"https:\\\/\\\/r-islam.com\\\/it\\\/i-musulmani-in-fila-per-donare-sangue-all-avis\\\/#primaryimage\"},\"image\":{\"@id\":\"https:\\\/\\\/r-islam.com\\\/it\\\/i-musulmani-in-fila-per-donare-sangue-all-avis\\\/#primaryimage\"},\"thumbnailUrl\":\"https:\\\/\\\/r-islam.com\\\/it\\\/wp-content\\\/uploads\\\/sites\\\/6\\\/2014\\\/12\\\/donaresangue.jpg\",\"datePublished\":\"2014-12-16T09:33:01+00:00\",\"description\":\"I musulmani in fila per donare sangue all'Avis II vero Islam %\",\"breadcrumb\":{\"@id\":\"https:\\\/\\\/r-islam.com\\\/it\\\/i-musulmani-in-fila-per-donare-sangue-all-avis\\\/#breadcrumb\"},\"inLanguage\":\"it-IT\",\"potentialAction\":[{\"@type\":\"ReadAction\",\"target\":[\"https:\\\/\\\/r-islam.com\\\/it\\\/i-musulmani-in-fila-per-donare-sangue-all-avis\\\/\"]}]},{\"@type\":\"ImageObject\",\"inLanguage\":\"it-IT\",\"@id\":\"https:\\\/\\\/r-islam.com\\\/it\\\/i-musulmani-in-fila-per-donare-sangue-all-avis\\\/#primaryimage\",\"url\":\"https:\\\/\\\/r-islam.com\\\/it\\\/wp-content\\\/uploads\\\/sites\\\/6\\\/2014\\\/12\\\/donaresangue.jpg\",\"contentUrl\":\"https:\\\/\\\/r-islam.com\\\/it\\\/wp-content\\\/uploads\\\/sites\\\/6\\\/2014\\\/12\\\/donaresangue.jpg\",\"width\":960,\"height\":540},{\"@type\":\"BreadcrumbList\",\"@id\":\"https:\\\/\\\/r-islam.com\\\/it\\\/i-musulmani-in-fila-per-donare-sangue-all-avis\\\/#breadcrumb\",\"itemListElement\":[{\"@type\":\"ListItem\",\"position\":1,\"name\":\"Home\",\"item\":\"https:\\\/\\\/r-islam.com\\\/it\\\/\"},{\"@type\":\"ListItem\",\"position\":2,\"name\":\"I musulmani in fila per donare sangue all&#8217;Avis\"}]},{\"@type\":\"WebSite\",\"@id\":\"https:\\\/\\\/r-islam.com\\\/it\\\/#website\",\"url\":\"https:\\\/\\\/r-islam.com\\\/it\\\/\",\"name\":\"II vero Islam\",\"description\":\"\",\"publisher\":{\"@id\":\"https:\\\/\\\/r-islam.com\\\/it\\\/#organization\"},\"potentialAction\":[{\"@type\":\"SearchAction\",\"target\":{\"@type\":\"EntryPoint\",\"urlTemplate\":\"https:\\\/\\\/r-islam.com\\\/it\\\/?s={search_term_string}\"},\"query-input\":{\"@type\":\"PropertyValueSpecification\",\"valueRequired\":true,\"valueName\":\"search_term_string\"}}],\"inLanguage\":\"it-IT\"},{\"@type\":\"Organization\",\"@id\":\"https:\\\/\\\/r-islam.com\\\/it\\\/#organization\",\"name\":\"II vero Islam\",\"url\":\"https:\\\/\\\/r-islam.com\\\/it\\\/\",\"logo\":{\"@type\":\"ImageObject\",\"inLanguage\":\"it-IT\",\"@id\":\"https:\\\/\\\/r-islam.com\\\/it\\\/#\\\/schema\\\/logo\\\/image\\\/\",\"url\":\"https:\\\/\\\/r-islam.com\\\/it\\\/wp-content\\\/uploads\\\/sites\\\/6\\\/2024\\\/02\\\/cropped-logo-small.jpg\",\"contentUrl\":\"https:\\\/\\\/r-islam.com\\\/it\\\/wp-content\\\/uploads\\\/sites\\\/6\\\/2024\\\/02\\\/cropped-logo-small.jpg\",\"width\":512,\"height\":512,\"caption\":\"II vero Islam\"},\"image\":{\"@id\":\"https:\\\/\\\/r-islam.com\\\/it\\\/#\\\/schema\\\/logo\\\/image\\\/\"}},{\"@type\":\"Person\",\"@id\":\"https:\\\/\\\/r-islam.com\\\/it\\\/#\\\/schema\\\/person\\\/50843a866a13df1a858ff77dda9b0e24\",\"name\":\"Ahmed Abdallah\",\"image\":{\"@type\":\"ImageObject\",\"inLanguage\":\"it-IT\",\"@id\":\"https:\\\/\\\/secure.gravatar.com\\\/avatar\\\/8776f08fb80f791da754e383fcbc7576b76b5a7d1fc8ce2d4c654187474224d3?s=96&d=mm&r=g\",\"url\":\"https:\\\/\\\/secure.gravatar.com\\\/avatar\\\/8776f08fb80f791da754e383fcbc7576b76b5a7d1fc8ce2d4c654187474224d3?s=96&d=mm&r=g\",\"contentUrl\":\"https:\\\/\\\/secure.gravatar.com\\\/avatar\\\/8776f08fb80f791da754e383fcbc7576b76b5a7d1fc8ce2d4c654187474224d3?s=96&d=mm&r=g\",\"caption\":\"Ahmed Abdallah\"},\"url\":\"https:\\\/\\\/r-islam.com\\\/it\\\/author\\\/ahmed-abdallah\\\/\"}]}<\/script>\n<!-- \/ Yoast SEO plugin. -->","yoast_head_json":{"title":"I musulmani in fila per donare sangue all'Avis - II vero Islam II vero Islam","description":"I musulmani in fila per donare sangue all'Avis II vero Islam %","robots":{"index":"index","follow":"follow","max-snippet":"max-snippet:-1","max-image-preview":"max-image-preview:large","max-video-preview":"max-video-preview:-1"},"canonical":"https:\/\/r-islam.com\/it\/i-musulmani-in-fila-per-donare-sangue-all-avis\/","og_locale":"it_IT","og_type":"article","og_title":"I musulmani in fila per donare sangue all'Avis - II vero Islam II vero Islam","og_description":"I musulmani in fila per donare sangue all'Avis II vero Islam %","og_url":"https:\/\/r-islam.com\/it\/i-musulmani-in-fila-per-donare-sangue-all-avis\/","og_site_name":"II vero Islam","article_published_time":"2014-12-16T09:33:01+00:00","og_image":[{"width":960,"height":540,"url":"https:\/\/r-islam.com\/it\/wp-content\/uploads\/sites\/6\/2014\/12\/donaresangue.jpg","type":"image\/jpeg"}],"author":"Ahmed Abdallah","twitter_card":"summary_large_image","twitter_misc":{"Scritto da":"Ahmed Abdallah","Tempo di lettura stimato":"1 minuto"},"schema":{"@context":"https:\/\/schema.org","@graph":[{"@type":"Article","@id":"https:\/\/r-islam.com\/it\/i-musulmani-in-fila-per-donare-sangue-all-avis\/#article","isPartOf":{"@id":"https:\/\/r-islam.com\/it\/i-musulmani-in-fila-per-donare-sangue-all-avis\/"},"author":{"name":"Ahmed Abdallah","@id":"https:\/\/r-islam.com\/it\/#\/schema\/person\/50843a866a13df1a858ff77dda9b0e24"},"headline":"I musulmani in fila per donare sangue all&#8217;Avis","datePublished":"2014-12-16T09:33:01+00:00","mainEntityOfPage":{"@id":"https:\/\/r-islam.com\/it\/i-musulmani-in-fila-per-donare-sangue-all-avis\/"},"wordCount":199,"commentCount":0,"publisher":{"@id":"https:\/\/r-islam.com\/it\/#organization"},"image":{"@id":"https:\/\/r-islam.com\/it\/i-musulmani-in-fila-per-donare-sangue-all-avis\/#primaryimage"},"thumbnailUrl":"https:\/\/r-islam.com\/it\/wp-content\/uploads\/sites\/6\/2014\/12\/donaresangue.jpg","keywords":["convertirsi , convertito ,Islam,"],"articleSection":["Le Notizie"],"inLanguage":"it-IT","potentialAction":[{"@type":"CommentAction","name":"Comment","target":["https:\/\/r-islam.com\/it\/i-musulmani-in-fila-per-donare-sangue-all-avis\/#respond"]}]},{"@type":"WebPage","@id":"https:\/\/r-islam.com\/it\/i-musulmani-in-fila-per-donare-sangue-all-avis\/","url":"https:\/\/r-islam.com\/it\/i-musulmani-in-fila-per-donare-sangue-all-avis\/","name":"I musulmani in fila per donare sangue all'Avis - II vero Islam II vero Islam","isPartOf":{"@id":"https:\/\/r-islam.com\/it\/#website"},"primaryImageOfPage":{"@id":"https:\/\/r-islam.com\/it\/i-musulmani-in-fila-per-donare-sangue-all-avis\/#primaryimage"},"image":{"@id":"https:\/\/r-islam.com\/it\/i-musulmani-in-fila-per-donare-sangue-all-avis\/#primaryimage"},"thumbnailUrl":"https:\/\/r-islam.com\/it\/wp-content\/uploads\/sites\/6\/2014\/12\/donaresangue.jpg","datePublished":"2014-12-16T09:33:01+00:00","description":"I musulmani in fila per donare sangue all'Avis II vero Islam %","breadcrumb":{"@id":"https:\/\/r-islam.com\/it\/i-musulmani-in-fila-per-donare-sangue-all-avis\/#breadcrumb"},"inLanguage":"it-IT","potentialAction":[{"@type":"ReadAction","target":["https:\/\/r-islam.com\/it\/i-musulmani-in-fila-per-donare-sangue-all-avis\/"]}]},{"@type":"ImageObject","inLanguage":"it-IT","@id":"https:\/\/r-islam.com\/it\/i-musulmani-in-fila-per-donare-sangue-all-avis\/#primaryimage","url":"https:\/\/r-islam.com\/it\/wp-content\/uploads\/sites\/6\/2014\/12\/donaresangue.jpg","contentUrl":"https:\/\/r-islam.com\/it\/wp-content\/uploads\/sites\/6\/2014\/12\/donaresangue.jpg","width":960,"height":540},{"@type":"BreadcrumbList","@id":"https:\/\/r-islam.com\/it\/i-musulmani-in-fila-per-donare-sangue-all-avis\/#breadcrumb","itemListElement":[{"@type":"ListItem","position":1,"name":"Home","item":"https:\/\/r-islam.com\/it\/"},{"@type":"ListItem","position":2,"name":"I musulmani in fila per donare sangue all&#8217;Avis"}]},{"@type":"WebSite","@id":"https:\/\/r-islam.com\/it\/#website","url":"https:\/\/r-islam.com\/it\/","name":"II vero Islam","description":"","publisher":{"@id":"https:\/\/r-islam.com\/it\/#organization"},"potentialAction":[{"@type":"SearchAction","target":{"@type":"EntryPoint","urlTemplate":"https:\/\/r-islam.com\/it\/?s={search_term_string}"},"query-input":{"@type":"PropertyValueSpecification","valueRequired":true,"valueName":"search_term_string"}}],"inLanguage":"it-IT"},{"@type":"Organization","@id":"https:\/\/r-islam.com\/it\/#organization","name":"II vero Islam","url":"https:\/\/r-islam.com\/it\/","logo":{"@type":"ImageObject","inLanguage":"it-IT","@id":"https:\/\/r-islam.com\/it\/#\/schema\/logo\/image\/","url":"https:\/\/r-islam.com\/it\/wp-content\/uploads\/sites\/6\/2024\/02\/cropped-logo-small.jpg","contentUrl":"https:\/\/r-islam.com\/it\/wp-content\/uploads\/sites\/6\/2024\/02\/cropped-logo-small.jpg","width":512,"height":512,"caption":"II vero Islam"},"image":{"@id":"https:\/\/r-islam.com\/it\/#\/schema\/logo\/image\/"}},{"@type":"Person","@id":"https:\/\/r-islam.com\/it\/#\/schema\/person\/50843a866a13df1a858ff77dda9b0e24","name":"Ahmed Abdallah","image":{"@type":"ImageObject","inLanguage":"it-IT","@id":"https:\/\/secure.gravatar.com\/avatar\/8776f08fb80f791da754e383fcbc7576b76b5a7d1fc8ce2d4c654187474224d3?s=96&d=mm&r=g","url":"https:\/\/secure.gravatar.com\/avatar\/8776f08fb80f791da754e383fcbc7576b76b5a7d1fc8ce2d4c654187474224d3?s=96&d=mm&r=g","contentUrl":"https:\/\/secure.gravatar.com\/avatar\/8776f08fb80f791da754e383fcbc7576b76b5a7d1fc8ce2d4c654187474224d3?s=96&d=mm&r=g","caption":"Ahmed Abdallah"},"url":"https:\/\/r-islam.com\/it\/author\/ahmed-abdallah\/"}]}},"_links":{"self":[{"href":"https:\/\/r-islam.com\/it\/wp-json\/wp\/v2\/posts\/896","targetHints":{"allow":["GET"]}}],"collection":[{"href":"https:\/\/r-islam.com\/it\/wp-json\/wp\/v2\/posts"}],"about":[{"href":"https:\/\/r-islam.com\/it\/wp-json\/wp\/v2\/types\/post"}],"author":[{"embeddable":true,"href":"https:\/\/r-islam.com\/it\/wp-json\/wp\/v2\/users\/7"}],"replies":[{"embeddable":true,"href":"https:\/\/r-islam.com\/it\/wp-json\/wp\/v2\/comments?post=896"}],"version-history":[{"count":0,"href":"https:\/\/r-islam.com\/it\/wp-json\/wp\/v2\/posts\/896\/revisions"}],"wp:featuredmedia":[{"embeddable":true,"href":"https:\/\/r-islam.com\/it\/wp-json\/wp\/v2\/media\/895"}],"wp:attachment":[{"href":"https:\/\/r-islam.com\/it\/wp-json\/wp\/v2\/media?parent=896"}],"wp:term":[{"taxonomy":"category","embeddable":true,"href":"https:\/\/r-islam.com\/it\/wp-json\/wp\/v2\/categories?post=896"},{"taxonomy":"post_tag","embeddable":true,"href":"https:\/\/r-islam.com\/it\/wp-json\/wp\/v2\/tags?post=896"}],"curies":[{"name":"wp","href":"https:\/\/api.w.org\/{rel}","templated":true}]}}