{"id":926,"date":"2015-04-18T12:22:41","date_gmt":"2015-04-18T12:22:41","guid":{"rendered":"http:\/\/localhost\/rs\/it\/2015\/04\/18\/in-zona-industriale-arriva-il-nuovo-centro-islamico\/"},"modified":"2015-04-18T12:22:41","modified_gmt":"2015-04-18T12:22:41","slug":"in-zona-industriale-arriva-il-nuovo-centro-islamico","status":"publish","type":"post","link":"https:\/\/r-islam.com\/it\/in-zona-industriale-arriva-il-nuovo-centro-islamico\/","title":{"rendered":"In zona industriale arriva il nuovo centro islamico"},"content":{"rendered":"<p style=\"text-align: center;\"><img loading=\"lazy\" decoding=\"async\" class=\" size-full wp-image-925\" src=\"http:\/\/localhost\/rs\/it\/wp-content\/uploads\/sites\/6\/2015\/04\/zonapiccola2.jpg\" alt=\"\" width=\"250\" height=\"167\" \/><\/p>\n<p style=\"text-align: center;\"><span style=\"color: #0000ff; font-size: 12pt; font-family: 'times new roman', times;\">In zona industriale arriva il nuovo centro islamico<\/span><\/p>\n<p style=\"text-align: justify;\"><span style=\"font-size: 12pt; font-family: 'times new roman', times;\">La comunit\u00e0 islamica ha acquistato un capannone di 700 metri quadri su due piani autofinanziandosi. Non solo luogo di culto, ci saranno anche un centro culturale e un ritrovo per i giovani<\/span><\/p>\n<p style=\"text-align: justify;\"><span style=\"font-size: 12pt; font-family: 'times new roman', times;\"><span style=\"color: #0000ff;\">BOLZANO.<\/span> La notizia l&#8217;ha data l&#8217;imam durante la preghiera di venerd\u00ec: la comunit\u00e0 islamica bolzanina \u00e8 riuscita nell&#8217;operazione di acquisto di un capannone in zona industriale, in via Negrelli, che ospiter\u00e0 il primo centro culturale islamico del capoluogo.<\/span><\/p>\n<p style=\"text-align: justify;\"><span style=\"font-size: 12pt; font-family: 'times new roman', times;\">Non solo un luogo di culto, come quelli gi\u00e0 frequentati finora nelle varie zone della citt\u00e0, ma un vero e proprio centro culturale, con spazi destinati all&#8217;insegnamento della lingua araba e della cultura musulmana, un ritrovo per i giovani e sale di preghiera per le festivit\u00e0 del calendario islamico.<\/span><\/p>\n<p style=\"text-align: justify;\"><span style=\"font-size: 12pt; font-family: 'times new roman', times;\">Settecento metri quadri su due piani, il cui importo \u00e8 rimasto riservato, ma che sono stati finanziati attraverso un&#8217;opera di raccolta fondi all&#8217;interno della stessa comunit\u00e0 islamica. L&#8217;operazione veniva da tempo monitorata dalla Digos, alla quale sono stati comunicati tutti i dettagli dell&#8217;accordo, e il contratto siglato verr\u00e0 depositato anche in questura nei prossimi giorni.<\/span><\/p>\n<p style=\"text-align: justify;\"><span style=\"color: #ff0000; font-size: 12pt; font-family: 'times new roman', times;\">la fonte: www.alukah.net\/world_muslims<\/span><\/p>\n","protected":false},"excerpt":{"rendered":"<p>In zona industriale arriva il nuovo centro islamico La comunit\u00e0 islamica ha acquistato un capannone di 700 metri quadri su due piani autofinanziandosi. Non solo luogo di culto, ci saranno anche un centro culturale e un ritrovo per i giovani BOLZANO. La notizia l&#8217;ha data l&#8217;imam durante la preghiera di venerd\u00ec: la comunit\u00e0 islamica bolzanina &hellip;<\/p>\n","protected":false},"author":7,"featured_media":925,"comment_status":"open","ping_status":"open","sticky":false,"template":"","format":"standard","meta":{"om_disable_all_campaigns":false,"_monsterinsights_skip_tracking":false,"_monsterinsights_sitenote_active":false,"_monsterinsights_sitenote_note":"","_monsterinsights_sitenote_category":0,"_uf_show_specific_survey":0,"_uf_disable_surveys":false,"footnotes":""},"categories":[28],"tags":[],"class_list":["post-926","post","type-post","status-publish","format-standard","has-post-thumbnail","hentry","category-le-notizie"],"yoast_head":"<!-- This site is optimized with the Yoast SEO plugin v27.5 - https:\/\/yoast.com\/product\/yoast-seo-wordpress\/ -->\n<title>In zona industriale arriva il nuovo centro islamico - II vero Islam II vero Islam<\/title>\n<meta name=\"description\" content=\"In zona industriale arriva il nuovo centro islamico II vero Islam %\" \/>\n<meta name=\"robots\" content=\"index, follow, max-snippet:-1, max-image-preview:large, max-video-preview:-1\" \/>\n<link rel=\"canonical\" href=\"https:\/\/r-islam.com\/it\/in-zona-industriale-arriva-il-nuovo-centro-islamico\/\" \/>\n<meta property=\"og:locale\" content=\"it_IT\" \/>\n<meta property=\"og:type\" content=\"article\" \/>\n<meta property=\"og:title\" content=\"In zona industriale arriva il nuovo centro islamico - II vero Islam II vero Islam\" \/>\n<meta property=\"og:description\" content=\"In zona industriale arriva il nuovo centro islamico II vero Islam %\" \/>\n<meta property=\"og:url\" content=\"https:\/\/r-islam.com\/it\/in-zona-industriale-arriva-il-nuovo-centro-islamico\/\" \/>\n<meta property=\"og:site_name\" content=\"II vero Islam\" \/>\n<meta property=\"article:published_time\" content=\"2015-04-18T12:22:41+00:00\" \/>\n<meta property=\"og:image\" content=\"https:\/\/r-islam.com\/it\/wp-content\/uploads\/sites\/6\/2015\/04\/zonapiccola2.jpg\" \/>\n\t<meta property=\"og:image:width\" content=\"250\" \/>\n\t<meta property=\"og:image:height\" content=\"167\" \/>\n\t<meta property=\"og:image:type\" content=\"image\/jpeg\" \/>\n<meta name=\"author\" content=\"Ahmed Abdallah\" \/>\n<meta name=\"twitter:card\" content=\"summary_large_image\" \/>\n<meta name=\"twitter:label1\" content=\"Scritto da\" \/>\n\t<meta name=\"twitter:data1\" content=\"Ahmed Abdallah\" \/>\n\t<meta name=\"twitter:label2\" content=\"Tempo di lettura stimato\" \/>\n\t<meta name=\"twitter:data2\" content=\"1 minuto\" \/>\n<script type=\"application\/ld+json\" class=\"yoast-schema-graph\">{\"@context\":\"https:\\\/\\\/schema.org\",\"@graph\":[{\"@type\":\"Article\",\"@id\":\"https:\\\/\\\/r-islam.com\\\/it\\\/in-zona-industriale-arriva-il-nuovo-centro-islamico\\\/#article\",\"isPartOf\":{\"@id\":\"https:\\\/\\\/r-islam.com\\\/it\\\/in-zona-industriale-arriva-il-nuovo-centro-islamico\\\/\"},\"author\":{\"name\":\"Ahmed Abdallah\",\"@id\":\"https:\\\/\\\/r-islam.com\\\/it\\\/#\\\/schema\\\/person\\\/50843a866a13df1a858ff77dda9b0e24\"},\"headline\":\"In zona industriale arriva il nuovo centro islamico\",\"datePublished\":\"2015-04-18T12:22:41+00:00\",\"mainEntityOfPage\":{\"@id\":\"https:\\\/\\\/r-islam.com\\\/it\\\/in-zona-industriale-arriva-il-nuovo-centro-islamico\\\/\"},\"wordCount\":194,\"commentCount\":0,\"publisher\":{\"@id\":\"https:\\\/\\\/r-islam.com\\\/it\\\/#organization\"},\"image\":{\"@id\":\"https:\\\/\\\/r-islam.com\\\/it\\\/in-zona-industriale-arriva-il-nuovo-centro-islamico\\\/#primaryimage\"},\"thumbnailUrl\":\"https:\\\/\\\/r-islam.com\\\/it\\\/wp-content\\\/uploads\\\/sites\\\/6\\\/2015\\\/04\\\/zonapiccola2.jpg\",\"articleSection\":[\"Le Notizie\"],\"inLanguage\":\"it-IT\",\"potentialAction\":[{\"@type\":\"CommentAction\",\"name\":\"Comment\",\"target\":[\"https:\\\/\\\/r-islam.com\\\/it\\\/in-zona-industriale-arriva-il-nuovo-centro-islamico\\\/#respond\"]}]},{\"@type\":\"WebPage\",\"@id\":\"https:\\\/\\\/r-islam.com\\\/it\\\/in-zona-industriale-arriva-il-nuovo-centro-islamico\\\/\",\"url\":\"https:\\\/\\\/r-islam.com\\\/it\\\/in-zona-industriale-arriva-il-nuovo-centro-islamico\\\/\",\"name\":\"In zona industriale arriva il nuovo centro islamico - II vero Islam II vero Islam\",\"isPartOf\":{\"@id\":\"https:\\\/\\\/r-islam.com\\\/it\\\/#website\"},\"primaryImageOfPage\":{\"@id\":\"https:\\\/\\\/r-islam.com\\\/it\\\/in-zona-industriale-arriva-il-nuovo-centro-islamico\\\/#primaryimage\"},\"image\":{\"@id\":\"https:\\\/\\\/r-islam.com\\\/it\\\/in-zona-industriale-arriva-il-nuovo-centro-islamico\\\/#primaryimage\"},\"thumbnailUrl\":\"https:\\\/\\\/r-islam.com\\\/it\\\/wp-content\\\/uploads\\\/sites\\\/6\\\/2015\\\/04\\\/zonapiccola2.jpg\",\"datePublished\":\"2015-04-18T12:22:41+00:00\",\"description\":\"In zona industriale arriva il nuovo centro islamico II vero Islam %\",\"breadcrumb\":{\"@id\":\"https:\\\/\\\/r-islam.com\\\/it\\\/in-zona-industriale-arriva-il-nuovo-centro-islamico\\\/#breadcrumb\"},\"inLanguage\":\"it-IT\",\"potentialAction\":[{\"@type\":\"ReadAction\",\"target\":[\"https:\\\/\\\/r-islam.com\\\/it\\\/in-zona-industriale-arriva-il-nuovo-centro-islamico\\\/\"]}]},{\"@type\":\"ImageObject\",\"inLanguage\":\"it-IT\",\"@id\":\"https:\\\/\\\/r-islam.com\\\/it\\\/in-zona-industriale-arriva-il-nuovo-centro-islamico\\\/#primaryimage\",\"url\":\"https:\\\/\\\/r-islam.com\\\/it\\\/wp-content\\\/uploads\\\/sites\\\/6\\\/2015\\\/04\\\/zonapiccola2.jpg\",\"contentUrl\":\"https:\\\/\\\/r-islam.com\\\/it\\\/wp-content\\\/uploads\\\/sites\\\/6\\\/2015\\\/04\\\/zonapiccola2.jpg\",\"width\":250,\"height\":167},{\"@type\":\"BreadcrumbList\",\"@id\":\"https:\\\/\\\/r-islam.com\\\/it\\\/in-zona-industriale-arriva-il-nuovo-centro-islamico\\\/#breadcrumb\",\"itemListElement\":[{\"@type\":\"ListItem\",\"position\":1,\"name\":\"Home\",\"item\":\"https:\\\/\\\/r-islam.com\\\/it\\\/\"},{\"@type\":\"ListItem\",\"position\":2,\"name\":\"In zona industriale arriva il nuovo centro islamico\"}]},{\"@type\":\"WebSite\",\"@id\":\"https:\\\/\\\/r-islam.com\\\/it\\\/#website\",\"url\":\"https:\\\/\\\/r-islam.com\\\/it\\\/\",\"name\":\"II vero Islam\",\"description\":\"\",\"publisher\":{\"@id\":\"https:\\\/\\\/r-islam.com\\\/it\\\/#organization\"},\"potentialAction\":[{\"@type\":\"SearchAction\",\"target\":{\"@type\":\"EntryPoint\",\"urlTemplate\":\"https:\\\/\\\/r-islam.com\\\/it\\\/?s={search_term_string}\"},\"query-input\":{\"@type\":\"PropertyValueSpecification\",\"valueRequired\":true,\"valueName\":\"search_term_string\"}}],\"inLanguage\":\"it-IT\"},{\"@type\":\"Organization\",\"@id\":\"https:\\\/\\\/r-islam.com\\\/it\\\/#organization\",\"name\":\"II vero Islam\",\"url\":\"https:\\\/\\\/r-islam.com\\\/it\\\/\",\"logo\":{\"@type\":\"ImageObject\",\"inLanguage\":\"it-IT\",\"@id\":\"https:\\\/\\\/r-islam.com\\\/it\\\/#\\\/schema\\\/logo\\\/image\\\/\",\"url\":\"https:\\\/\\\/r-islam.com\\\/it\\\/wp-content\\\/uploads\\\/sites\\\/6\\\/2024\\\/02\\\/cropped-logo-small.jpg\",\"contentUrl\":\"https:\\\/\\\/r-islam.com\\\/it\\\/wp-content\\\/uploads\\\/sites\\\/6\\\/2024\\\/02\\\/cropped-logo-small.jpg\",\"width\":512,\"height\":512,\"caption\":\"II vero Islam\"},\"image\":{\"@id\":\"https:\\\/\\\/r-islam.com\\\/it\\\/#\\\/schema\\\/logo\\\/image\\\/\"}},{\"@type\":\"Person\",\"@id\":\"https:\\\/\\\/r-islam.com\\\/it\\\/#\\\/schema\\\/person\\\/50843a866a13df1a858ff77dda9b0e24\",\"name\":\"Ahmed Abdallah\",\"image\":{\"@type\":\"ImageObject\",\"inLanguage\":\"it-IT\",\"@id\":\"https:\\\/\\\/secure.gravatar.com\\\/avatar\\\/8776f08fb80f791da754e383fcbc7576b76b5a7d1fc8ce2d4c654187474224d3?s=96&d=mm&r=g\",\"url\":\"https:\\\/\\\/secure.gravatar.com\\\/avatar\\\/8776f08fb80f791da754e383fcbc7576b76b5a7d1fc8ce2d4c654187474224d3?s=96&d=mm&r=g\",\"contentUrl\":\"https:\\\/\\\/secure.gravatar.com\\\/avatar\\\/8776f08fb80f791da754e383fcbc7576b76b5a7d1fc8ce2d4c654187474224d3?s=96&d=mm&r=g\",\"caption\":\"Ahmed Abdallah\"},\"url\":\"https:\\\/\\\/r-islam.com\\\/it\\\/author\\\/ahmed-abdallah\\\/\"}]}<\/script>\n<!-- \/ Yoast SEO plugin. -->","yoast_head_json":{"title":"In zona industriale arriva il nuovo centro islamico - II vero Islam II vero Islam","description":"In zona industriale arriva il nuovo centro islamico II vero Islam %","robots":{"index":"index","follow":"follow","max-snippet":"max-snippet:-1","max-image-preview":"max-image-preview:large","max-video-preview":"max-video-preview:-1"},"canonical":"https:\/\/r-islam.com\/it\/in-zona-industriale-arriva-il-nuovo-centro-islamico\/","og_locale":"it_IT","og_type":"article","og_title":"In zona industriale arriva il nuovo centro islamico - II vero Islam II vero Islam","og_description":"In zona industriale arriva il nuovo centro islamico II vero Islam %","og_url":"https:\/\/r-islam.com\/it\/in-zona-industriale-arriva-il-nuovo-centro-islamico\/","og_site_name":"II vero Islam","article_published_time":"2015-04-18T12:22:41+00:00","og_image":[{"width":250,"height":167,"url":"https:\/\/r-islam.com\/it\/wp-content\/uploads\/sites\/6\/2015\/04\/zonapiccola2.jpg","type":"image\/jpeg"}],"author":"Ahmed Abdallah","twitter_card":"summary_large_image","twitter_misc":{"Scritto da":"Ahmed Abdallah","Tempo di lettura stimato":"1 minuto"},"schema":{"@context":"https:\/\/schema.org","@graph":[{"@type":"Article","@id":"https:\/\/r-islam.com\/it\/in-zona-industriale-arriva-il-nuovo-centro-islamico\/#article","isPartOf":{"@id":"https:\/\/r-islam.com\/it\/in-zona-industriale-arriva-il-nuovo-centro-islamico\/"},"author":{"name":"Ahmed Abdallah","@id":"https:\/\/r-islam.com\/it\/#\/schema\/person\/50843a866a13df1a858ff77dda9b0e24"},"headline":"In zona industriale arriva il nuovo centro islamico","datePublished":"2015-04-18T12:22:41+00:00","mainEntityOfPage":{"@id":"https:\/\/r-islam.com\/it\/in-zona-industriale-arriva-il-nuovo-centro-islamico\/"},"wordCount":194,"commentCount":0,"publisher":{"@id":"https:\/\/r-islam.com\/it\/#organization"},"image":{"@id":"https:\/\/r-islam.com\/it\/in-zona-industriale-arriva-il-nuovo-centro-islamico\/#primaryimage"},"thumbnailUrl":"https:\/\/r-islam.com\/it\/wp-content\/uploads\/sites\/6\/2015\/04\/zonapiccola2.jpg","articleSection":["Le Notizie"],"inLanguage":"it-IT","potentialAction":[{"@type":"CommentAction","name":"Comment","target":["https:\/\/r-islam.com\/it\/in-zona-industriale-arriva-il-nuovo-centro-islamico\/#respond"]}]},{"@type":"WebPage","@id":"https:\/\/r-islam.com\/it\/in-zona-industriale-arriva-il-nuovo-centro-islamico\/","url":"https:\/\/r-islam.com\/it\/in-zona-industriale-arriva-il-nuovo-centro-islamico\/","name":"In zona industriale arriva il nuovo centro islamico - II vero Islam II vero Islam","isPartOf":{"@id":"https:\/\/r-islam.com\/it\/#website"},"primaryImageOfPage":{"@id":"https:\/\/r-islam.com\/it\/in-zona-industriale-arriva-il-nuovo-centro-islamico\/#primaryimage"},"image":{"@id":"https:\/\/r-islam.com\/it\/in-zona-industriale-arriva-il-nuovo-centro-islamico\/#primaryimage"},"thumbnailUrl":"https:\/\/r-islam.com\/it\/wp-content\/uploads\/sites\/6\/2015\/04\/zonapiccola2.jpg","datePublished":"2015-04-18T12:22:41+00:00","description":"In zona industriale arriva il nuovo centro islamico II vero Islam %","breadcrumb":{"@id":"https:\/\/r-islam.com\/it\/in-zona-industriale-arriva-il-nuovo-centro-islamico\/#breadcrumb"},"inLanguage":"it-IT","potentialAction":[{"@type":"ReadAction","target":["https:\/\/r-islam.com\/it\/in-zona-industriale-arriva-il-nuovo-centro-islamico\/"]}]},{"@type":"ImageObject","inLanguage":"it-IT","@id":"https:\/\/r-islam.com\/it\/in-zona-industriale-arriva-il-nuovo-centro-islamico\/#primaryimage","url":"https:\/\/r-islam.com\/it\/wp-content\/uploads\/sites\/6\/2015\/04\/zonapiccola2.jpg","contentUrl":"https:\/\/r-islam.com\/it\/wp-content\/uploads\/sites\/6\/2015\/04\/zonapiccola2.jpg","width":250,"height":167},{"@type":"BreadcrumbList","@id":"https:\/\/r-islam.com\/it\/in-zona-industriale-arriva-il-nuovo-centro-islamico\/#breadcrumb","itemListElement":[{"@type":"ListItem","position":1,"name":"Home","item":"https:\/\/r-islam.com\/it\/"},{"@type":"ListItem","position":2,"name":"In zona industriale arriva il nuovo centro islamico"}]},{"@type":"WebSite","@id":"https:\/\/r-islam.com\/it\/#website","url":"https:\/\/r-islam.com\/it\/","name":"II vero Islam","description":"","publisher":{"@id":"https:\/\/r-islam.com\/it\/#organization"},"potentialAction":[{"@type":"SearchAction","target":{"@type":"EntryPoint","urlTemplate":"https:\/\/r-islam.com\/it\/?s={search_term_string}"},"query-input":{"@type":"PropertyValueSpecification","valueRequired":true,"valueName":"search_term_string"}}],"inLanguage":"it-IT"},{"@type":"Organization","@id":"https:\/\/r-islam.com\/it\/#organization","name":"II vero Islam","url":"https:\/\/r-islam.com\/it\/","logo":{"@type":"ImageObject","inLanguage":"it-IT","@id":"https:\/\/r-islam.com\/it\/#\/schema\/logo\/image\/","url":"https:\/\/r-islam.com\/it\/wp-content\/uploads\/sites\/6\/2024\/02\/cropped-logo-small.jpg","contentUrl":"https:\/\/r-islam.com\/it\/wp-content\/uploads\/sites\/6\/2024\/02\/cropped-logo-small.jpg","width":512,"height":512,"caption":"II vero Islam"},"image":{"@id":"https:\/\/r-islam.com\/it\/#\/schema\/logo\/image\/"}},{"@type":"Person","@id":"https:\/\/r-islam.com\/it\/#\/schema\/person\/50843a866a13df1a858ff77dda9b0e24","name":"Ahmed Abdallah","image":{"@type":"ImageObject","inLanguage":"it-IT","@id":"https:\/\/secure.gravatar.com\/avatar\/8776f08fb80f791da754e383fcbc7576b76b5a7d1fc8ce2d4c654187474224d3?s=96&d=mm&r=g","url":"https:\/\/secure.gravatar.com\/avatar\/8776f08fb80f791da754e383fcbc7576b76b5a7d1fc8ce2d4c654187474224d3?s=96&d=mm&r=g","contentUrl":"https:\/\/secure.gravatar.com\/avatar\/8776f08fb80f791da754e383fcbc7576b76b5a7d1fc8ce2d4c654187474224d3?s=96&d=mm&r=g","caption":"Ahmed Abdallah"},"url":"https:\/\/r-islam.com\/it\/author\/ahmed-abdallah\/"}]}},"_links":{"self":[{"href":"https:\/\/r-islam.com\/it\/wp-json\/wp\/v2\/posts\/926","targetHints":{"allow":["GET"]}}],"collection":[{"href":"https:\/\/r-islam.com\/it\/wp-json\/wp\/v2\/posts"}],"about":[{"href":"https:\/\/r-islam.com\/it\/wp-json\/wp\/v2\/types\/post"}],"author":[{"embeddable":true,"href":"https:\/\/r-islam.com\/it\/wp-json\/wp\/v2\/users\/7"}],"replies":[{"embeddable":true,"href":"https:\/\/r-islam.com\/it\/wp-json\/wp\/v2\/comments?post=926"}],"version-history":[{"count":0,"href":"https:\/\/r-islam.com\/it\/wp-json\/wp\/v2\/posts\/926\/revisions"}],"wp:featuredmedia":[{"embeddable":true,"href":"https:\/\/r-islam.com\/it\/wp-json\/wp\/v2\/media\/925"}],"wp:attachment":[{"href":"https:\/\/r-islam.com\/it\/wp-json\/wp\/v2\/media?parent=926"}],"wp:term":[{"taxonomy":"category","embeddable":true,"href":"https:\/\/r-islam.com\/it\/wp-json\/wp\/v2\/categories?post=926"},{"taxonomy":"post_tag","embeddable":true,"href":"https:\/\/r-islam.com\/it\/wp-json\/wp\/v2\/tags?post=926"}],"curies":[{"name":"wp","href":"https:\/\/api.w.org\/{rel}","templated":true}]}}