{"id":936,"date":"2015-05-24T12:09:54","date_gmt":"2015-05-24T12:09:54","guid":{"rendered":"http:\/\/localhost\/rs\/it\/2015\/05\/24\/la-prima-deputata-musulmana-nel-parlamento-di-scozia\/"},"modified":"2015-05-24T12:09:54","modified_gmt":"2015-05-24T12:09:54","slug":"la-prima-deputata-musulmana-nel-parlamento-di-scozia","status":"publish","type":"post","link":"https:\/\/r-islam.com\/it\/la-prima-deputata-musulmana-nel-parlamento-di-scozia\/","title":{"rendered":"la prima deputata musulmana nel parlamento di Scozia"},"content":{"rendered":"<p style=\"text-align: center;\"><span style=\"color: #0000ff; font-size: 14pt; font-family: 'times new roman', times;\"><img loading=\"lazy\" decoding=\"async\" class=\" size-full wp-image-935\" src=\"http:\/\/localhost\/rs\/it\/wp-content\/uploads\/sites\/6\/2015\/05\/5511.jpg\" alt=\"\" width=\"450\" height=\"254\" srcset=\"https:\/\/r-islam.com\/it\/wp-content\/uploads\/sites\/6\/2015\/05\/5511.jpg 450w, https:\/\/r-islam.com\/it\/wp-content\/uploads\/sites\/6\/2015\/05\/5511-300x169.jpg 300w\" sizes=\"auto, (max-width: 450px) 100vw, 450px\" \/><\/span><\/p>\n<p style=\"text-align: center;\"><span style=\"color: #0000ff; font-size: 14pt; font-family: 'times new roman', times;\">la prima deputata musulmana nel parlamento di Scozia<\/span><\/p>\n<p style=\"text-align: justify;\"><span style=\"font-size: 14pt; font-family: 'times new roman', times;\">Secondo la Anadolu Agency, citata da Irib, Tasmina Ahmed Sheikh -la candidate del del Scottish National Party- che ha 44 anni, ed \u00e8 madre di 4 figli, \u00e8 diventata la prima parlamentare musulmana in Scozia .<\/span><\/p>\n<p style=\"text-align: justify;\"><span style=\"font-size: 14pt; font-family: 'times new roman', times;\">4 giorni dopo aver vinto le elezioni parlamentari , ha detto Tasmina Sheikh Ahmed&#8221; spero di essere la voce dei musulmani in Gran Bretagna&#8221; .<\/span><\/p>\n<p style=\"text-align: justify;\"><span style=\"font-size: 14pt; font-family: 'times new roman', times;\">In un&#8217;altra dichiarazione dopo la sua vittoria elettorale, come candidata del Scottish National Party per le regioni Ochil e Sud Perthshire, ha detto &#8216;Tzmana Ahmed Sheikh &#8216;:<\/span><\/p>\n<p style=\"text-align: justify;\"><span style=\"font-size: 14pt; font-family: 'times new roman', times;\">&#8221; Mi impegno a tutti attraverso tutte le comunit\u00e0 musulmane del Paese e spero che possano vedermi come un punto di contatto e sempre sar\u00f2 la voce che difende la ugualianza , giustizia e prosperit\u00e0&#8221;,<\/span><\/p>\n<p style=\"text-align: justify;\"><span style=\"color: #ff0000; font-size: 14pt; font-family: 'times new roman', times;\">Traduzione : Ahmed Abdullah<\/span><\/p>\n<p style=\"text-align: justify;\"><span style=\"color: #ff0000; font-size: 14pt; font-family: 'times new roman', times;\"><img loading=\"lazy\" decoding=\"async\" class=\" size-full wp-image-191\" src=\"http:\/\/localhost\/rs\/it\/wp-content\/uploads\/sites\/6\/2018\/04\/4.jpg\" alt=\"\" width=\"700\" height=\"465\" \/><\/span><br \/><span style=\"color: #ff0000; font-size: 14pt; font-family: 'times new roman', times;\">www.r-islam.com\/it<\/span><br \/><span style=\"color: #ff0000; font-size: 14pt; font-family: 'times new roman', times;\">la fonte : www.alukah.net\/world_muslims<\/span><\/p>\n","protected":false},"excerpt":{"rendered":"<p>la prima deputata musulmana nel parlamento di Scozia Secondo la Anadolu Agency, citata da Irib, Tasmina Ahmed Sheikh -la candidate del del Scottish National Party- che ha 44 anni, ed \u00e8 madre di 4 figli, \u00e8 diventata la prima parlamentare musulmana in Scozia . 4 giorni dopo aver vinto le elezioni parlamentari , ha detto &hellip;<\/p>\n","protected":false},"author":7,"featured_media":935,"comment_status":"open","ping_status":"open","sticky":false,"template":"","format":"standard","meta":{"om_disable_all_campaigns":false,"_monsterinsights_skip_tracking":false,"_monsterinsights_sitenote_active":false,"_monsterinsights_sitenote_note":"","_monsterinsights_sitenote_category":0,"_uf_show_specific_survey":0,"_uf_disable_surveys":false,"footnotes":""},"categories":[28],"tags":[58,56],"class_list":["post-936","post","type-post","status-publish","format-standard","has-post-thumbnail","hentry","category-le-notizie","tag-donna","tag-convertirsi-convertito-islam"],"yoast_head":"<!-- This site is optimized with the Yoast SEO plugin v27.5 - https:\/\/yoast.com\/product\/yoast-seo-wordpress\/ -->\n<title>la prima deputata musulmana nel parlamento di Scozia - II vero Islam II vero Islam<\/title>\n<meta name=\"description\" content=\"la prima deputata musulmana nel parlamento di Scozia II vero Islam %\" \/>\n<meta name=\"robots\" content=\"index, follow, max-snippet:-1, max-image-preview:large, max-video-preview:-1\" \/>\n<link rel=\"canonical\" href=\"https:\/\/r-islam.com\/it\/la-prima-deputata-musulmana-nel-parlamento-di-scozia\/\" \/>\n<meta property=\"og:locale\" content=\"it_IT\" \/>\n<meta property=\"og:type\" content=\"article\" \/>\n<meta property=\"og:title\" content=\"la prima deputata musulmana nel parlamento di Scozia - II vero Islam II vero Islam\" \/>\n<meta property=\"og:description\" content=\"la prima deputata musulmana nel parlamento di Scozia II vero Islam %\" \/>\n<meta property=\"og:url\" content=\"https:\/\/r-islam.com\/it\/la-prima-deputata-musulmana-nel-parlamento-di-scozia\/\" \/>\n<meta property=\"og:site_name\" content=\"II vero Islam\" \/>\n<meta property=\"article:published_time\" content=\"2015-05-24T12:09:54+00:00\" \/>\n<meta property=\"og:image\" content=\"https:\/\/r-islam.com\/it\/wp-content\/uploads\/sites\/6\/2015\/05\/5511.jpg\" \/>\n\t<meta property=\"og:image:width\" content=\"450\" \/>\n\t<meta property=\"og:image:height\" content=\"254\" \/>\n\t<meta property=\"og:image:type\" content=\"image\/jpeg\" \/>\n<meta name=\"author\" content=\"Ahmed Abdallah\" \/>\n<meta name=\"twitter:card\" content=\"summary_large_image\" \/>\n<meta name=\"twitter:label1\" content=\"Scritto da\" \/>\n\t<meta name=\"twitter:data1\" content=\"Ahmed Abdallah\" \/>\n\t<meta name=\"twitter:label2\" content=\"Tempo di lettura stimato\" \/>\n\t<meta name=\"twitter:data2\" content=\"1 minuto\" \/>\n<script type=\"application\/ld+json\" class=\"yoast-schema-graph\">{\"@context\":\"https:\\\/\\\/schema.org\",\"@graph\":[{\"@type\":\"Article\",\"@id\":\"https:\\\/\\\/r-islam.com\\\/it\\\/la-prima-deputata-musulmana-nel-parlamento-di-scozia\\\/#article\",\"isPartOf\":{\"@id\":\"https:\\\/\\\/r-islam.com\\\/it\\\/la-prima-deputata-musulmana-nel-parlamento-di-scozia\\\/\"},\"author\":{\"name\":\"Ahmed Abdallah\",\"@id\":\"https:\\\/\\\/r-islam.com\\\/it\\\/#\\\/schema\\\/person\\\/50843a866a13df1a858ff77dda9b0e24\"},\"headline\":\"la prima deputata musulmana nel parlamento di Scozia\",\"datePublished\":\"2015-05-24T12:09:54+00:00\",\"mainEntityOfPage\":{\"@id\":\"https:\\\/\\\/r-islam.com\\\/it\\\/la-prima-deputata-musulmana-nel-parlamento-di-scozia\\\/\"},\"wordCount\":143,\"commentCount\":0,\"publisher\":{\"@id\":\"https:\\\/\\\/r-islam.com\\\/it\\\/#organization\"},\"image\":{\"@id\":\"https:\\\/\\\/r-islam.com\\\/it\\\/la-prima-deputata-musulmana-nel-parlamento-di-scozia\\\/#primaryimage\"},\"thumbnailUrl\":\"https:\\\/\\\/r-islam.com\\\/it\\\/wp-content\\\/uploads\\\/sites\\\/6\\\/2015\\\/05\\\/5511.jpg\",\"keywords\":[\",donna\",\"convertirsi , convertito ,Islam,\"],\"articleSection\":[\"Le Notizie\"],\"inLanguage\":\"it-IT\",\"potentialAction\":[{\"@type\":\"CommentAction\",\"name\":\"Comment\",\"target\":[\"https:\\\/\\\/r-islam.com\\\/it\\\/la-prima-deputata-musulmana-nel-parlamento-di-scozia\\\/#respond\"]}]},{\"@type\":\"WebPage\",\"@id\":\"https:\\\/\\\/r-islam.com\\\/it\\\/la-prima-deputata-musulmana-nel-parlamento-di-scozia\\\/\",\"url\":\"https:\\\/\\\/r-islam.com\\\/it\\\/la-prima-deputata-musulmana-nel-parlamento-di-scozia\\\/\",\"name\":\"la prima deputata musulmana nel parlamento di Scozia - II vero Islam II vero Islam\",\"isPartOf\":{\"@id\":\"https:\\\/\\\/r-islam.com\\\/it\\\/#website\"},\"primaryImageOfPage\":{\"@id\":\"https:\\\/\\\/r-islam.com\\\/it\\\/la-prima-deputata-musulmana-nel-parlamento-di-scozia\\\/#primaryimage\"},\"image\":{\"@id\":\"https:\\\/\\\/r-islam.com\\\/it\\\/la-prima-deputata-musulmana-nel-parlamento-di-scozia\\\/#primaryimage\"},\"thumbnailUrl\":\"https:\\\/\\\/r-islam.com\\\/it\\\/wp-content\\\/uploads\\\/sites\\\/6\\\/2015\\\/05\\\/5511.jpg\",\"datePublished\":\"2015-05-24T12:09:54+00:00\",\"description\":\"la prima deputata musulmana nel parlamento di Scozia II vero Islam %\",\"breadcrumb\":{\"@id\":\"https:\\\/\\\/r-islam.com\\\/it\\\/la-prima-deputata-musulmana-nel-parlamento-di-scozia\\\/#breadcrumb\"},\"inLanguage\":\"it-IT\",\"potentialAction\":[{\"@type\":\"ReadAction\",\"target\":[\"https:\\\/\\\/r-islam.com\\\/it\\\/la-prima-deputata-musulmana-nel-parlamento-di-scozia\\\/\"]}]},{\"@type\":\"ImageObject\",\"inLanguage\":\"it-IT\",\"@id\":\"https:\\\/\\\/r-islam.com\\\/it\\\/la-prima-deputata-musulmana-nel-parlamento-di-scozia\\\/#primaryimage\",\"url\":\"https:\\\/\\\/r-islam.com\\\/it\\\/wp-content\\\/uploads\\\/sites\\\/6\\\/2015\\\/05\\\/5511.jpg\",\"contentUrl\":\"https:\\\/\\\/r-islam.com\\\/it\\\/wp-content\\\/uploads\\\/sites\\\/6\\\/2015\\\/05\\\/5511.jpg\",\"width\":450,\"height\":254},{\"@type\":\"BreadcrumbList\",\"@id\":\"https:\\\/\\\/r-islam.com\\\/it\\\/la-prima-deputata-musulmana-nel-parlamento-di-scozia\\\/#breadcrumb\",\"itemListElement\":[{\"@type\":\"ListItem\",\"position\":1,\"name\":\"Home\",\"item\":\"https:\\\/\\\/r-islam.com\\\/it\\\/\"},{\"@type\":\"ListItem\",\"position\":2,\"name\":\"la prima deputata musulmana nel parlamento di Scozia\"}]},{\"@type\":\"WebSite\",\"@id\":\"https:\\\/\\\/r-islam.com\\\/it\\\/#website\",\"url\":\"https:\\\/\\\/r-islam.com\\\/it\\\/\",\"name\":\"II vero Islam\",\"description\":\"\",\"publisher\":{\"@id\":\"https:\\\/\\\/r-islam.com\\\/it\\\/#organization\"},\"potentialAction\":[{\"@type\":\"SearchAction\",\"target\":{\"@type\":\"EntryPoint\",\"urlTemplate\":\"https:\\\/\\\/r-islam.com\\\/it\\\/?s={search_term_string}\"},\"query-input\":{\"@type\":\"PropertyValueSpecification\",\"valueRequired\":true,\"valueName\":\"search_term_string\"}}],\"inLanguage\":\"it-IT\"},{\"@type\":\"Organization\",\"@id\":\"https:\\\/\\\/r-islam.com\\\/it\\\/#organization\",\"name\":\"II vero Islam\",\"url\":\"https:\\\/\\\/r-islam.com\\\/it\\\/\",\"logo\":{\"@type\":\"ImageObject\",\"inLanguage\":\"it-IT\",\"@id\":\"https:\\\/\\\/r-islam.com\\\/it\\\/#\\\/schema\\\/logo\\\/image\\\/\",\"url\":\"https:\\\/\\\/r-islam.com\\\/it\\\/wp-content\\\/uploads\\\/sites\\\/6\\\/2024\\\/02\\\/cropped-logo-small.jpg\",\"contentUrl\":\"https:\\\/\\\/r-islam.com\\\/it\\\/wp-content\\\/uploads\\\/sites\\\/6\\\/2024\\\/02\\\/cropped-logo-small.jpg\",\"width\":512,\"height\":512,\"caption\":\"II vero Islam\"},\"image\":{\"@id\":\"https:\\\/\\\/r-islam.com\\\/it\\\/#\\\/schema\\\/logo\\\/image\\\/\"}},{\"@type\":\"Person\",\"@id\":\"https:\\\/\\\/r-islam.com\\\/it\\\/#\\\/schema\\\/person\\\/50843a866a13df1a858ff77dda9b0e24\",\"name\":\"Ahmed Abdallah\",\"image\":{\"@type\":\"ImageObject\",\"inLanguage\":\"it-IT\",\"@id\":\"https:\\\/\\\/secure.gravatar.com\\\/avatar\\\/8776f08fb80f791da754e383fcbc7576b76b5a7d1fc8ce2d4c654187474224d3?s=96&d=mm&r=g\",\"url\":\"https:\\\/\\\/secure.gravatar.com\\\/avatar\\\/8776f08fb80f791da754e383fcbc7576b76b5a7d1fc8ce2d4c654187474224d3?s=96&d=mm&r=g\",\"contentUrl\":\"https:\\\/\\\/secure.gravatar.com\\\/avatar\\\/8776f08fb80f791da754e383fcbc7576b76b5a7d1fc8ce2d4c654187474224d3?s=96&d=mm&r=g\",\"caption\":\"Ahmed Abdallah\"},\"url\":\"https:\\\/\\\/r-islam.com\\\/it\\\/author\\\/ahmed-abdallah\\\/\"}]}<\/script>\n<!-- \/ Yoast SEO plugin. -->","yoast_head_json":{"title":"la prima deputata musulmana nel parlamento di Scozia - II vero Islam II vero Islam","description":"la prima deputata musulmana nel parlamento di Scozia II vero Islam %","robots":{"index":"index","follow":"follow","max-snippet":"max-snippet:-1","max-image-preview":"max-image-preview:large","max-video-preview":"max-video-preview:-1"},"canonical":"https:\/\/r-islam.com\/it\/la-prima-deputata-musulmana-nel-parlamento-di-scozia\/","og_locale":"it_IT","og_type":"article","og_title":"la prima deputata musulmana nel parlamento di Scozia - II vero Islam II vero Islam","og_description":"la prima deputata musulmana nel parlamento di Scozia II vero Islam %","og_url":"https:\/\/r-islam.com\/it\/la-prima-deputata-musulmana-nel-parlamento-di-scozia\/","og_site_name":"II vero Islam","article_published_time":"2015-05-24T12:09:54+00:00","og_image":[{"width":450,"height":254,"url":"https:\/\/r-islam.com\/it\/wp-content\/uploads\/sites\/6\/2015\/05\/5511.jpg","type":"image\/jpeg"}],"author":"Ahmed Abdallah","twitter_card":"summary_large_image","twitter_misc":{"Scritto da":"Ahmed Abdallah","Tempo di lettura stimato":"1 minuto"},"schema":{"@context":"https:\/\/schema.org","@graph":[{"@type":"Article","@id":"https:\/\/r-islam.com\/it\/la-prima-deputata-musulmana-nel-parlamento-di-scozia\/#article","isPartOf":{"@id":"https:\/\/r-islam.com\/it\/la-prima-deputata-musulmana-nel-parlamento-di-scozia\/"},"author":{"name":"Ahmed Abdallah","@id":"https:\/\/r-islam.com\/it\/#\/schema\/person\/50843a866a13df1a858ff77dda9b0e24"},"headline":"la prima deputata musulmana nel parlamento di Scozia","datePublished":"2015-05-24T12:09:54+00:00","mainEntityOfPage":{"@id":"https:\/\/r-islam.com\/it\/la-prima-deputata-musulmana-nel-parlamento-di-scozia\/"},"wordCount":143,"commentCount":0,"publisher":{"@id":"https:\/\/r-islam.com\/it\/#organization"},"image":{"@id":"https:\/\/r-islam.com\/it\/la-prima-deputata-musulmana-nel-parlamento-di-scozia\/#primaryimage"},"thumbnailUrl":"https:\/\/r-islam.com\/it\/wp-content\/uploads\/sites\/6\/2015\/05\/5511.jpg","keywords":[",donna","convertirsi , convertito ,Islam,"],"articleSection":["Le Notizie"],"inLanguage":"it-IT","potentialAction":[{"@type":"CommentAction","name":"Comment","target":["https:\/\/r-islam.com\/it\/la-prima-deputata-musulmana-nel-parlamento-di-scozia\/#respond"]}]},{"@type":"WebPage","@id":"https:\/\/r-islam.com\/it\/la-prima-deputata-musulmana-nel-parlamento-di-scozia\/","url":"https:\/\/r-islam.com\/it\/la-prima-deputata-musulmana-nel-parlamento-di-scozia\/","name":"la prima deputata musulmana nel parlamento di Scozia - II vero Islam II vero Islam","isPartOf":{"@id":"https:\/\/r-islam.com\/it\/#website"},"primaryImageOfPage":{"@id":"https:\/\/r-islam.com\/it\/la-prima-deputata-musulmana-nel-parlamento-di-scozia\/#primaryimage"},"image":{"@id":"https:\/\/r-islam.com\/it\/la-prima-deputata-musulmana-nel-parlamento-di-scozia\/#primaryimage"},"thumbnailUrl":"https:\/\/r-islam.com\/it\/wp-content\/uploads\/sites\/6\/2015\/05\/5511.jpg","datePublished":"2015-05-24T12:09:54+00:00","description":"la prima deputata musulmana nel parlamento di Scozia II vero Islam %","breadcrumb":{"@id":"https:\/\/r-islam.com\/it\/la-prima-deputata-musulmana-nel-parlamento-di-scozia\/#breadcrumb"},"inLanguage":"it-IT","potentialAction":[{"@type":"ReadAction","target":["https:\/\/r-islam.com\/it\/la-prima-deputata-musulmana-nel-parlamento-di-scozia\/"]}]},{"@type":"ImageObject","inLanguage":"it-IT","@id":"https:\/\/r-islam.com\/it\/la-prima-deputata-musulmana-nel-parlamento-di-scozia\/#primaryimage","url":"https:\/\/r-islam.com\/it\/wp-content\/uploads\/sites\/6\/2015\/05\/5511.jpg","contentUrl":"https:\/\/r-islam.com\/it\/wp-content\/uploads\/sites\/6\/2015\/05\/5511.jpg","width":450,"height":254},{"@type":"BreadcrumbList","@id":"https:\/\/r-islam.com\/it\/la-prima-deputata-musulmana-nel-parlamento-di-scozia\/#breadcrumb","itemListElement":[{"@type":"ListItem","position":1,"name":"Home","item":"https:\/\/r-islam.com\/it\/"},{"@type":"ListItem","position":2,"name":"la prima deputata musulmana nel parlamento di Scozia"}]},{"@type":"WebSite","@id":"https:\/\/r-islam.com\/it\/#website","url":"https:\/\/r-islam.com\/it\/","name":"II vero Islam","description":"","publisher":{"@id":"https:\/\/r-islam.com\/it\/#organization"},"potentialAction":[{"@type":"SearchAction","target":{"@type":"EntryPoint","urlTemplate":"https:\/\/r-islam.com\/it\/?s={search_term_string}"},"query-input":{"@type":"PropertyValueSpecification","valueRequired":true,"valueName":"search_term_string"}}],"inLanguage":"it-IT"},{"@type":"Organization","@id":"https:\/\/r-islam.com\/it\/#organization","name":"II vero Islam","url":"https:\/\/r-islam.com\/it\/","logo":{"@type":"ImageObject","inLanguage":"it-IT","@id":"https:\/\/r-islam.com\/it\/#\/schema\/logo\/image\/","url":"https:\/\/r-islam.com\/it\/wp-content\/uploads\/sites\/6\/2024\/02\/cropped-logo-small.jpg","contentUrl":"https:\/\/r-islam.com\/it\/wp-content\/uploads\/sites\/6\/2024\/02\/cropped-logo-small.jpg","width":512,"height":512,"caption":"II vero Islam"},"image":{"@id":"https:\/\/r-islam.com\/it\/#\/schema\/logo\/image\/"}},{"@type":"Person","@id":"https:\/\/r-islam.com\/it\/#\/schema\/person\/50843a866a13df1a858ff77dda9b0e24","name":"Ahmed Abdallah","image":{"@type":"ImageObject","inLanguage":"it-IT","@id":"https:\/\/secure.gravatar.com\/avatar\/8776f08fb80f791da754e383fcbc7576b76b5a7d1fc8ce2d4c654187474224d3?s=96&d=mm&r=g","url":"https:\/\/secure.gravatar.com\/avatar\/8776f08fb80f791da754e383fcbc7576b76b5a7d1fc8ce2d4c654187474224d3?s=96&d=mm&r=g","contentUrl":"https:\/\/secure.gravatar.com\/avatar\/8776f08fb80f791da754e383fcbc7576b76b5a7d1fc8ce2d4c654187474224d3?s=96&d=mm&r=g","caption":"Ahmed Abdallah"},"url":"https:\/\/r-islam.com\/it\/author\/ahmed-abdallah\/"}]}},"_links":{"self":[{"href":"https:\/\/r-islam.com\/it\/wp-json\/wp\/v2\/posts\/936","targetHints":{"allow":["GET"]}}],"collection":[{"href":"https:\/\/r-islam.com\/it\/wp-json\/wp\/v2\/posts"}],"about":[{"href":"https:\/\/r-islam.com\/it\/wp-json\/wp\/v2\/types\/post"}],"author":[{"embeddable":true,"href":"https:\/\/r-islam.com\/it\/wp-json\/wp\/v2\/users\/7"}],"replies":[{"embeddable":true,"href":"https:\/\/r-islam.com\/it\/wp-json\/wp\/v2\/comments?post=936"}],"version-history":[{"count":0,"href":"https:\/\/r-islam.com\/it\/wp-json\/wp\/v2\/posts\/936\/revisions"}],"wp:featuredmedia":[{"embeddable":true,"href":"https:\/\/r-islam.com\/it\/wp-json\/wp\/v2\/media\/935"}],"wp:attachment":[{"href":"https:\/\/r-islam.com\/it\/wp-json\/wp\/v2\/media?parent=936"}],"wp:term":[{"taxonomy":"category","embeddable":true,"href":"https:\/\/r-islam.com\/it\/wp-json\/wp\/v2\/categories?post=936"},{"taxonomy":"post_tag","embeddable":true,"href":"https:\/\/r-islam.com\/it\/wp-json\/wp\/v2\/tags?post=936"}],"curies":[{"name":"wp","href":"https:\/\/api.w.org\/{rel}","templated":true}]}}