{"id":1121,"date":"2013-03-11T11:24:49","date_gmt":"2013-03-11T11:24:49","guid":{"rendered":"http:\/\/localhost\/rs\/sp\/2013\/03\/11\/ique-dice-alfred-guillaume-sobre-el-islam\/"},"modified":"2013-03-11T11:24:49","modified_gmt":"2013-03-11T11:24:49","slug":"ique-dice-alfred-guillaume-sobre-el-islam","status":"publish","type":"post","link":"https:\/\/r-islam.com\/sp\/ique-dice-alfred-guillaume-sobre-el-islam\/","title":{"rendered":"\u00bfQu\u00e9 dice Alfred Guillaume sobre El Islam?"},"content":{"rendered":"<p style=\"text-align: center;\"><span style=\"font-family: times new roman,times;\"><span style=\"font-size: large;\"><img loading=\"lazy\" decoding=\"async\" class=\" size-full wp-image-1120\" src=\"http:\/\/localhost\/rs\/sp\/wp-content\/uploads\/sites\/9\/2013\/03\/489.jpg\" alt=\"\" width=\"426\" height=\"275\" border=\"0\" \/><br \/><\/span><\/span><\/p>\n<p style=\"text-align: justify;\"><span style=\"color: #0000ff;\"><span style=\"font-family: times new roman,times;\"><span style=\"font-size: large;\">Alfred Guillaume <\/span><\/span><\/span><\/p>\n<p style=\"text-align: justify;\"><span style=\"font-family: times new roman,times;\"><span style=\"font-size: large;\">Se Gradu\u00f3 de la Universidad de Oxford y luego trabajo en Francia y en Egipto durante la primera Guerra mundial (1914-1918).<\/span><\/span><\/p>\n<p style=\"text-align: justify;\"><span style=\"color: #0000ff;\"><span style=\"font-family: times new roman,times;\"><span style=\"font-size: large;\">Rescatar de la presi\u00f3n odiosa<\/span><\/span><\/span><\/p>\n<p style=\"text-align: justify;\"><span style=\"font-family: times new roman,times;\"><span style=\"font-size: large;\">En siria, Irak y Egipto principalmente, han recibido y dado la bienvenida a los \u00e1rabes quienes han invertido en la erradicaci\u00f3n total de la extorsi\u00f3n imperial, adem\u00e1s de que rescataron a la Cristiandad <span style=\"color: #800080;\"><sup>1<\/sup><\/span> de la presi\u00f3n odiosa, que sufr\u00edan desde el gobierno central,demostraron (<\/span><\/span><span style=\"font-family: times new roman,times;\"><span style=\"font-size: large;\">los \u00e1rabes)<\/span><\/span><span style=\"font-family: times new roman,times;\"><span style=\"font-size: large;\"> que conocieron mejor los sentimientos de los pueblos locales m\u00e1s que los extranjeros <span style=\"color: #800080;\"><sup>2<\/sup><\/span>.<\/span><\/span><\/p>\n<p style=\"text-align: justify;\"><span style=\"font-family: times new roman,times;\"><span style=\"font-size: large;\"><span style=\"color: #0000ff;\">Sin los \u00e1rabes habr\u00edan tardado las ciencias.<\/span><\/span><\/span><\/p>\n<p style=\"text-align: justify;\"><span style=\"font-family: times new roman,times;\"><span style=\"font-size: large;\">Los \u00e1rabes no eran como los MONGOLES barbaros que apagaron por completo la luz de la ciencia,destruyendo las bibliotecas y la tradici\u00f3n cient\u00edfica, sin los \u00e1rabes la ciencia habr\u00eda tardado m\u00e1s de 100 a\u00f1os para llegar a Europa.<span style=\"color: #800080;\"><sup>3<\/sup><\/span><\/span><\/span><\/p>\n<p style=\"text-align: justify;\"><span style=\"color: #0000ff;\"><span style=\"font-family: times new roman,times;\"><span style=\"font-size: large;\">Con&nbsp; m\u00e9todo de los musulmanes.<\/span><\/span><\/span><\/p>\n<p style=\"text-align: justify;\"><span style=\"font-family: times new roman,times;\"><span style=\"font-size: large;\">Seg\u00fan la traducci\u00f3n de Dominique Conde de Salfi, obispo de SI-KOVIA, durante los primeros a\u00f1os del siglo XII en el occidente cristiano, Arist\u00f3teles fue conocido por <span style=\"color: #008080;\">Ibn Sina<\/span>, <span style=\"color: #008080;\">Al Farabi e Ibn Rushd<\/span> la Enciclopedia filos\u00f3fica, escrita por Conde de salfi que confirmo la informaci\u00f3n de las fuentes \u00e1rabes.<span style=\"color: #800080;\"><sup>4<\/sup><\/span><\/span><\/span><\/p>\n<p style=\"text-align: justify;\"><span style=\"color: #0000ff;\"><span style=\"font-family: times new roman,times;\"><span style=\"font-size: large;\">Los interesados en la filosof\u00eda \u00e1rabe.<\/span><\/span><\/span><\/p>\n<p style=\"text-align: justify;\"><span style=\"font-family: times new roman,times;\"><span style=\"font-size: large;\">El occidente est\u00e1 en deuda con el mundo \u00e1rabe ya que revivi\u00f3 la filosof\u00eda aristot\u00e9lica y replic\u00f3 a los \u00e1rabes cuando Arist\u00f3teles despert\u00f3 la curiosidad de ellos por el conocimiento \u00e1rabe; sin duda los europeos asist\u00edan a la escuela de Arist\u00f3teles porque estaban interesados en el pensamiento \u00e1rabe.<span style=\"color: #800080;\"><sup>5<\/sup><\/span><\/span><\/span><\/p>\n<p style=\"text-align: justify;\"><span style=\"font-family: times new roman,times;\"><span style=\"font-size: large;\"><span style=\"color: #0000ff;\">El occidente est\u00e1 en deuda con el mundo \u00e1rabe.<\/span><\/p>\n<p>Guillaume decide que cada nuevo descubrimiento conocido en la filosof\u00eda \u00e1rabe, descubre c\u00f3mo proporcionar el pensamiento central en Occidente, dice \u00abque aumentar nuestro conocimiento en la filosof\u00eda medieval \u00e1rabe apenas recibi\u00f3 una nueva luz sobre la evoluci\u00f3n del pensamiento central en Occidente\u00bb.<span style=\"color: #800080;\"><sup>6<\/sup><\/span><\/span><\/span><\/p>\n<p style=\"text-align: justify;\"><span style=\"color: #0000ff;\"><span style=\"font-family: times new roman,times;\"><span style=\"font-size: large;\">Las reglas sin escrutinio.<\/span><\/span><\/span><\/p>\n<p style=\"text-align: justify;\"><span style=\"font-family: times new roman,times;\"><span style=\"font-size: large;\">Podemos estar seguros de quien acusan a los eruditos musulmanes por su falta de creatividad y debilidad intelectual no le\u00edan <span style=\"color: #008080;\">Ibn Rushd<\/span>, ni revisaban los efectos <span style=\"color: #008080;\">Ghazali<\/span>, pero ellos descubrieron las reglas sin escrutinio.<span style=\"color: #800080;\"><sup>7<\/sup><\/span><\/span><\/span><\/p>\n<p style=\"text-align: justify;\"><span style=\"font-family: times new roman,times;\"><span style=\"font-size: large;\">Guillaume&nbsp; dice \u00abDurante cuatro siglos de dominio del Islam encontr\u00f3 el esp\u00edritu de la b\u00fasqueda religiosa y filos\u00f3fica en todas las \u00e1reas de la ciencia, y el color del personaje que ha caracterizado a la mente oriental y la magia persiste en los escritos de la ciencia de este tiempo, cada comerciantes era poeta y no todos los poetas eran comerciantes.<span style=\"color: #800080;\"><sup>8<\/sup><\/span><\/span><\/span><\/p>\n<p style=\"text-align: justify;\"><span style=\"color: #0000ff;\"><span style=\"font-family: times new roman,times;\"><span style=\"font-size: large;\">Influencia \u00e1rabe es&nbsp; m\u00e1s grande.<\/span><\/span><\/span><\/p>\n<p style=\"text-align: justify;\"><span style=\"font-family: times new roman,times;\"><span style=\"font-size: large;\">Cuando vea la luz del d\u00eda todo el material almacenados en las bibliotecas de Europa, llegar\u00e1 a ser claro para nosotros que la influencia \u00e1rabe en el resto civilizaci\u00f3n es un argumento mucho m\u00e1s grande que lo que se sab\u00eda de \u00e9l&nbsp; hasta a&nbsp; ahora.<span style=\"color: #800080;\"><sup>9<\/sup><\/span><\/span><\/span><\/p>\n<hr \/>\n<p><span style=\"font-size: medium;\"><span style=\"color: #000000;\"><span style=\"color: #800080;\">1<\/span>) Dice que ( la iglesia cristana y dice que es sinagoga <\/span><\/span><span style=\"font-size: medium;\"><span style=\"font-family: times new roman,times;\"><span style=\"color: #000000;\">de los jud\u00edos) ibn manzor :lengua de los ar\u00e1bes. 8\/23.<\/span><\/span><\/span><\/p>\n<p style=\"text-align: justify;\"><span style=\"font-size: medium;\"><span style=\"font-family: times new roman,times;\"><span style=\"color: #000000;\"><span style=\"color: #800080;\">2<\/span>) Alfred Guillaume : la filosof\u00eda en el libro (la tradici\u00f3n islamica) revis\u00f3n&nbsp; : <\/span><span id=\"result_box\" lang=\"es\"><span style=\"color: #000000;\">Thomas <\/span><span style=\"color: #000000;\">Arnold ,pagina 363<\/span><\/span><\/span><\/span><\/p>\n<p style=\"text-align: justify;\"><span style=\"font-size: medium;\"><span style=\"font-family: times new roman,times;\"><span lang=\"es\"><span style=\"color: #000000;\"><span style=\"color: #800080;\">3) 353.<\/span><\/span><\/span><\/span><\/span><\/p>\n<p style=\"text-align: justify;\"><span style=\"font-size: medium;\"><span style=\"font-family: times new roman,times;\"><span lang=\"es\"><span style=\"color: #000000;\"><span style=\"color: #800080;\">4) <\/span><\/span><\/span><span style=\"color: #000000;\">Alfred Guillaume : la filosof\u00eda en el libro (la tradici\u00f3n islamica) revis\u00f3n&nbsp; : <\/span><span id=\"result_box\" lang=\"es\"><span style=\"color: #000000;\">Thomas <\/span><span style=\"color: #000000;\">Arnold ,359.<\/span><\/span><\/span><\/span><\/p>\n<p style=\"text-align: justify;\"><span style=\"font-size: medium;\"><span style=\"font-family: times new roman,times;\"><span lang=\"es\"><span style=\"color: #000000;\"><span style=\"color: #800080;\">5<\/span>) 360.<\/span><\/span><\/span><\/span><\/p>\n<p style=\"text-align: justify;\"><span style=\"font-size: medium;\"><span style=\"font-family: times new roman,times;\"><span lang=\"es\"><span style=\"color: #000000;\"><span style=\"color: #800080;\">6<\/span>)376.<\/span><\/span><\/span><\/span><\/p>\n<p style=\"text-align: justify;\"><span style=\"font-size: medium;\"><span style=\"font-family: times new roman,times;\"><span lang=\"es\"><span style=\"color: #000000;\"><span style=\"color: #800080;\">7<\/span>)399.<\/span><\/span><\/span><\/span><\/p>\n<p style=\"text-align: justify;\"><span style=\"font-size: medium;\"><span style=\"font-family: times new roman,times;\"><span lang=\"es\"><span style=\"color: #000000;\"><span style=\"color: #800080;\">8<\/span>)400.<\/span><\/span><\/span><\/span><\/p>\n<p style=\"text-align: justify;\"><span style=\"font-size: medium;\"><span style=\"font-family: times new roman,times;\"><span lang=\"es\"><span style=\"color: #000000;\"><span style=\"color: #800080;\">9<\/span>) <\/span><\/span><span style=\"color: #000000;\">Alfred Guillaume : la filosof\u00eda en el libro (la tradici\u00f3n islamica) revis\u00f3n&nbsp; : <\/span><span id=\"result_box\" lang=\"es\"><span style=\"color: #000000;\">Thomas <\/span><span style=\"color: #000000;\">Arnold ,401.<\/span><\/span><\/span><\/span><\/p>\n<p style=\"text-align: center;\">&nbsp;<\/p>\n<p style=\"margin: 0px 0px 11px; color: #666666; font-family: 'Segoe UI', sans-serif; font-size: 14px; line-height: 22px; text-align: justify; background-color: #f1f4f6;\"><img loading=\"lazy\" decoding=\"async\" class=\" size-full wp-image-1118\" style=\"max-width: 100%; height: auto; vertical-align: middle; display: block; margin-left: auto; margin-right: auto;\" src=\"http:\/\/localhost\/rs\/sp\/wp-content\/uploads\/sites\/9\/2013\/03\/pop.jpg\" alt=\"\" width=\"263\" height=\"63\" \/><\/p>\n<p style=\"text-align: center;\">&nbsp;<\/p>\n<p style=\"margin: 0px 0px 11px; color: #666666; font-family: 'Segoe UI', sans-serif; line-height: 22px; font-size: 14.4444px; text-align: justify; background-color: #f1f4f6;\"><span style=\"font-size: 12pt;\"><strong style=\"color: #000000; font-family: 'times new roman', times;\">Traducci\u00f3n: Adel R.Ahmed<\/strong><\/span>&nbsp;<\/p>\n<p style=\"margin: 0px 0px 11px; color: #666666; font-family: 'Segoe UI', sans-serif; font-size: 14px; line-height: 22px; background-color: #f1f4f6;\"><span style=\"color: #0000ff;\"><span style=\"font-size: large;\"><span style=\"font-family: 'times new roman', times;\">Email&nbsp;<\/span>:&nbsp;<span style=\"font-family: 'times new roman', times;\"><span id=\"cloak18291\"><a style=\"color: #153242; text-decoration: none;\" href=\"mailto:info@r-islam.com\">info@r-islam.com<\/a><\/span><\/span><\/span><\/span>&nbsp;<\/p>\n<p style=\"margin: 0px 0px 11px; color: #666666; font-family: 'Segoe UI', sans-serif; font-size: 14px; line-height: 22px; text-align: justify; background-color: #f1f4f6;\"><span style=\"color: #0000ff;\"><span style=\"font-family: 'times new roman', times;\"><span style=\"font-size: large;\"><a style=\"color: #153242; text-decoration: none;\" href=\"..\/undefined\/sp\">http:\/\/www.r-islam.com\/sp<\/a><\/span><\/span><\/span><\/p>\n<p style=\"text-align: center;\"><span style=\"font-size: medium;\"><span style=\"font-family: times new roman,times;\"><span lang=\"es\"><span style=\"color: #000000;\"><span style=\"font-size: large;\">&nbsp;<\/span><\/span><\/span><\/span><\/span><\/p>\n<p style=\"text-align: justify;\">&nbsp;<\/p>\n","protected":false},"excerpt":{"rendered":"<p>Alfred Guillaume Se Gradu\u00f3 de la Universidad de Oxford y luego trabajo en Francia y en Egipto durante la primera Guerra mundial (1914-1918). Rescatar de la presi\u00f3n odiosa En siria, Irak y Egipto principalmente, han recibido y dado la bienvenida a los \u00e1rabes quienes han invertido en la erradicaci\u00f3n total de la extorsi\u00f3n imperial, adem\u00e1s &hellip;<\/p>\n","protected":false},"author":8,"featured_media":1120,"comment_status":"open","ping_status":"open","sticky":false,"template":"","format":"standard","meta":{"_monsterinsights_skip_tracking":false,"_monsterinsights_sitenote_active":false,"_monsterinsights_sitenote_note":"","_monsterinsights_sitenote_category":0,"footnotes":""},"categories":[3],"tags":[],"class_list":["post-1121","post","type-post","status-publish","format-standard","has-post-thumbnail","hentry","category-la-realidad-del-islam"],"yoast_head":"<!-- This site is optimized with the Yoast SEO plugin v27.5 - https:\/\/yoast.com\/product\/yoast-seo-wordpress\/ -->\n<title>\u00bfQu\u00e9 dice Alfred Guillaume sobre El Islam? - El Islam Verdadero<\/title>\n<meta name=\"robots\" content=\"index, follow, max-snippet:-1, max-image-preview:large, max-video-preview:-1\" \/>\n<link rel=\"canonical\" href=\"https:\/\/r-islam.com\/sp\/ique-dice-alfred-guillaume-sobre-el-islam\/\" \/>\n<meta property=\"og:locale\" content=\"es_ES\" \/>\n<meta property=\"og:type\" content=\"article\" \/>\n<meta property=\"og:title\" content=\"\u00bfQu\u00e9 dice Alfred Guillaume sobre El Islam? - El Islam Verdadero\" \/>\n<meta property=\"og:description\" content=\"Alfred Guillaume Se Gradu\u00f3 de la Universidad de Oxford y luego trabajo en Francia y en Egipto durante la primera Guerra mundial (1914-1918). Rescatar de la presi\u00f3n odiosa En siria, Irak y Egipto principalmente, han recibido y dado la bienvenida a los \u00e1rabes quienes han invertido en la erradicaci\u00f3n total de la extorsi\u00f3n imperial, adem\u00e1s &hellip;\" \/>\n<meta property=\"og:url\" content=\"https:\/\/r-islam.com\/sp\/ique-dice-alfred-guillaume-sobre-el-islam\/\" \/>\n<meta property=\"og:site_name\" content=\"El Islam Verdadero\" \/>\n<meta property=\"article:publisher\" content=\"https:\/\/www.facebook.com\/TheRightislam.SP\/\" \/>\n<meta property=\"article:published_time\" content=\"2013-03-11T11:24:49+00:00\" \/>\n<meta property=\"og:image\" content=\"https:\/\/r-islam.com\/sp\/wp-content\/uploads\/sites\/9\/2013\/03\/489.jpg\" \/>\n\t<meta property=\"og:image:width\" content=\"960\" \/>\n\t<meta property=\"og:image:height\" content=\"725\" \/>\n\t<meta property=\"og:image:type\" content=\"image\/jpeg\" \/>\n<meta name=\"author\" content=\"Manager\" \/>\n<meta name=\"twitter:card\" content=\"summary_large_image\" \/>\n<meta name=\"twitter:creator\" content=\"@verdadeiroIslam\" \/>\n<meta name=\"twitter:site\" content=\"@verdadeiroIslam\" \/>\n<meta name=\"twitter:label1\" content=\"Escrito por\" \/>\n\t<meta name=\"twitter:data1\" content=\"Manager\" \/>\n\t<meta name=\"twitter:label2\" content=\"Tiempo de lectura\" \/>\n\t<meta name=\"twitter:data2\" content=\"3 minutos\" \/>\n<script type=\"application\/ld+json\" class=\"yoast-schema-graph\">{\"@context\":\"https:\\\/\\\/schema.org\",\"@graph\":[{\"@type\":\"Article\",\"@id\":\"https:\\\/\\\/r-islam.com\\\/sp\\\/ique-dice-alfred-guillaume-sobre-el-islam\\\/#article\",\"isPartOf\":{\"@id\":\"https:\\\/\\\/r-islam.com\\\/sp\\\/ique-dice-alfred-guillaume-sobre-el-islam\\\/\"},\"author\":{\"name\":\"Manager\",\"@id\":\"https:\\\/\\\/r-islam.com\\\/sp\\\/#\\\/schema\\\/person\\\/99684e81f97c64bce3304815161ae7f9\"},\"headline\":\"\u00bfQu\u00e9 dice Alfred Guillaume sobre El Islam?\",\"datePublished\":\"2013-03-11T11:24:49+00:00\",\"mainEntityOfPage\":{\"@id\":\"https:\\\/\\\/r-islam.com\\\/sp\\\/ique-dice-alfred-guillaume-sobre-el-islam\\\/\"},\"wordCount\":586,\"commentCount\":0,\"publisher\":{\"@id\":\"https:\\\/\\\/r-islam.com\\\/sp\\\/#organization\"},\"image\":{\"@id\":\"https:\\\/\\\/r-islam.com\\\/sp\\\/ique-dice-alfred-guillaume-sobre-el-islam\\\/#primaryimage\"},\"thumbnailUrl\":\"https:\\\/\\\/r-islam.com\\\/sp\\\/wp-content\\\/uploads\\\/sites\\\/9\\\/2013\\\/03\\\/489.jpg\",\"articleSection\":[\"La realidad del Islam\"],\"inLanguage\":\"es\",\"potentialAction\":[{\"@type\":\"CommentAction\",\"name\":\"Comment\",\"target\":[\"https:\\\/\\\/r-islam.com\\\/sp\\\/ique-dice-alfred-guillaume-sobre-el-islam\\\/#respond\"]}]},{\"@type\":\"WebPage\",\"@id\":\"https:\\\/\\\/r-islam.com\\\/sp\\\/ique-dice-alfred-guillaume-sobre-el-islam\\\/\",\"url\":\"https:\\\/\\\/r-islam.com\\\/sp\\\/ique-dice-alfred-guillaume-sobre-el-islam\\\/\",\"name\":\"\u00bfQu\u00e9 dice Alfred Guillaume sobre El Islam? - El Islam Verdadero\",\"isPartOf\":{\"@id\":\"https:\\\/\\\/r-islam.com\\\/sp\\\/#website\"},\"primaryImageOfPage\":{\"@id\":\"https:\\\/\\\/r-islam.com\\\/sp\\\/ique-dice-alfred-guillaume-sobre-el-islam\\\/#primaryimage\"},\"image\":{\"@id\":\"https:\\\/\\\/r-islam.com\\\/sp\\\/ique-dice-alfred-guillaume-sobre-el-islam\\\/#primaryimage\"},\"thumbnailUrl\":\"https:\\\/\\\/r-islam.com\\\/sp\\\/wp-content\\\/uploads\\\/sites\\\/9\\\/2013\\\/03\\\/489.jpg\",\"datePublished\":\"2013-03-11T11:24:49+00:00\",\"breadcrumb\":{\"@id\":\"https:\\\/\\\/r-islam.com\\\/sp\\\/ique-dice-alfred-guillaume-sobre-el-islam\\\/#breadcrumb\"},\"inLanguage\":\"es\",\"potentialAction\":[{\"@type\":\"ReadAction\",\"target\":[\"https:\\\/\\\/r-islam.com\\\/sp\\\/ique-dice-alfred-guillaume-sobre-el-islam\\\/\"]}]},{\"@type\":\"ImageObject\",\"inLanguage\":\"es\",\"@id\":\"https:\\\/\\\/r-islam.com\\\/sp\\\/ique-dice-alfred-guillaume-sobre-el-islam\\\/#primaryimage\",\"url\":\"https:\\\/\\\/r-islam.com\\\/sp\\\/wp-content\\\/uploads\\\/sites\\\/9\\\/2013\\\/03\\\/489.jpg\",\"contentUrl\":\"https:\\\/\\\/r-islam.com\\\/sp\\\/wp-content\\\/uploads\\\/sites\\\/9\\\/2013\\\/03\\\/489.jpg\",\"width\":960,\"height\":725},{\"@type\":\"BreadcrumbList\",\"@id\":\"https:\\\/\\\/r-islam.com\\\/sp\\\/ique-dice-alfred-guillaume-sobre-el-islam\\\/#breadcrumb\",\"itemListElement\":[{\"@type\":\"ListItem\",\"position\":1,\"name\":\"Home\",\"item\":\"https:\\\/\\\/r-islam.com\\\/sp\\\/\"},{\"@type\":\"ListItem\",\"position\":2,\"name\":\"\u00bfQu\u00e9 dice Alfred Guillaume sobre El Islam?\"}]},{\"@type\":\"WebSite\",\"@id\":\"https:\\\/\\\/r-islam.com\\\/sp\\\/#website\",\"url\":\"https:\\\/\\\/r-islam.com\\\/sp\\\/\",\"name\":\"El Islam Verdadero\",\"description\":\"\",\"publisher\":{\"@id\":\"https:\\\/\\\/r-islam.com\\\/sp\\\/#organization\"},\"potentialAction\":[{\"@type\":\"SearchAction\",\"target\":{\"@type\":\"EntryPoint\",\"urlTemplate\":\"https:\\\/\\\/r-islam.com\\\/sp\\\/?s={search_term_string}\"},\"query-input\":{\"@type\":\"PropertyValueSpecification\",\"valueRequired\":true,\"valueName\":\"search_term_string\"}}],\"inLanguage\":\"es\"},{\"@type\":\"Organization\",\"@id\":\"https:\\\/\\\/r-islam.com\\\/sp\\\/#organization\",\"name\":\"El Islam Verdadero\",\"url\":\"https:\\\/\\\/r-islam.com\\\/sp\\\/\",\"logo\":{\"@type\":\"ImageObject\",\"inLanguage\":\"es\",\"@id\":\"https:\\\/\\\/r-islam.com\\\/sp\\\/#\\\/schema\\\/logo\\\/image\\\/\",\"url\":\"https:\\\/\\\/r-islam.com\\\/sp\\\/wp-content\\\/uploads\\\/sites\\\/9\\\/2024\\\/03\\\/logo-small.jpg\",\"contentUrl\":\"https:\\\/\\\/r-islam.com\\\/sp\\\/wp-content\\\/uploads\\\/sites\\\/9\\\/2024\\\/03\\\/logo-small.jpg\",\"width\":180,\"height\":180,\"caption\":\"El Islam Verdadero\"},\"image\":{\"@id\":\"https:\\\/\\\/r-islam.com\\\/sp\\\/#\\\/schema\\\/logo\\\/image\\\/\"},\"sameAs\":[\"https:\\\/\\\/www.facebook.com\\\/TheRightislam.SP\\\/\",\"https:\\\/\\\/x.com\\\/verdadeiroIslam\"]},{\"@type\":\"Person\",\"@id\":\"https:\\\/\\\/r-islam.com\\\/sp\\\/#\\\/schema\\\/person\\\/99684e81f97c64bce3304815161ae7f9\",\"name\":\"Manager\",\"image\":{\"@type\":\"ImageObject\",\"inLanguage\":\"es\",\"@id\":\"https:\\\/\\\/secure.gravatar.com\\\/avatar\\\/579db8560f09b719ddf386ef68ec06606f5fc8a1d86afe8937e75a6771cca91f?s=96&d=mm&r=g\",\"url\":\"https:\\\/\\\/secure.gravatar.com\\\/avatar\\\/579db8560f09b719ddf386ef68ec06606f5fc8a1d86afe8937e75a6771cca91f?s=96&d=mm&r=g\",\"contentUrl\":\"https:\\\/\\\/secure.gravatar.com\\\/avatar\\\/579db8560f09b719ddf386ef68ec06606f5fc8a1d86afe8937e75a6771cca91f?s=96&d=mm&r=g\",\"caption\":\"Manager\"},\"url\":\"https:\\\/\\\/r-islam.com\\\/sp\\\/author\\\/manager\\\/\"}]}<\/script>\n<!-- \/ Yoast SEO plugin. -->","yoast_head_json":{"title":"\u00bfQu\u00e9 dice Alfred Guillaume sobre El Islam? - El Islam Verdadero","robots":{"index":"index","follow":"follow","max-snippet":"max-snippet:-1","max-image-preview":"max-image-preview:large","max-video-preview":"max-video-preview:-1"},"canonical":"https:\/\/r-islam.com\/sp\/ique-dice-alfred-guillaume-sobre-el-islam\/","og_locale":"es_ES","og_type":"article","og_title":"\u00bfQu\u00e9 dice Alfred Guillaume sobre El Islam? - El Islam Verdadero","og_description":"Alfred Guillaume Se Gradu\u00f3 de la Universidad de Oxford y luego trabajo en Francia y en Egipto durante la primera Guerra mundial (1914-1918). Rescatar de la presi\u00f3n odiosa En siria, Irak y Egipto principalmente, han recibido y dado la bienvenida a los \u00e1rabes quienes han invertido en la erradicaci\u00f3n total de la extorsi\u00f3n imperial, adem\u00e1s &hellip;","og_url":"https:\/\/r-islam.com\/sp\/ique-dice-alfred-guillaume-sobre-el-islam\/","og_site_name":"El Islam Verdadero","article_publisher":"https:\/\/www.facebook.com\/TheRightislam.SP\/","article_published_time":"2013-03-11T11:24:49+00:00","og_image":[{"width":960,"height":725,"url":"https:\/\/r-islam.com\/sp\/wp-content\/uploads\/sites\/9\/2013\/03\/489.jpg","type":"image\/jpeg"}],"author":"Manager","twitter_card":"summary_large_image","twitter_creator":"@verdadeiroIslam","twitter_site":"@verdadeiroIslam","twitter_misc":{"Escrito por":"Manager","Tiempo de lectura":"3 minutos"},"schema":{"@context":"https:\/\/schema.org","@graph":[{"@type":"Article","@id":"https:\/\/r-islam.com\/sp\/ique-dice-alfred-guillaume-sobre-el-islam\/#article","isPartOf":{"@id":"https:\/\/r-islam.com\/sp\/ique-dice-alfred-guillaume-sobre-el-islam\/"},"author":{"name":"Manager","@id":"https:\/\/r-islam.com\/sp\/#\/schema\/person\/99684e81f97c64bce3304815161ae7f9"},"headline":"\u00bfQu\u00e9 dice Alfred Guillaume sobre El Islam?","datePublished":"2013-03-11T11:24:49+00:00","mainEntityOfPage":{"@id":"https:\/\/r-islam.com\/sp\/ique-dice-alfred-guillaume-sobre-el-islam\/"},"wordCount":586,"commentCount":0,"publisher":{"@id":"https:\/\/r-islam.com\/sp\/#organization"},"image":{"@id":"https:\/\/r-islam.com\/sp\/ique-dice-alfred-guillaume-sobre-el-islam\/#primaryimage"},"thumbnailUrl":"https:\/\/r-islam.com\/sp\/wp-content\/uploads\/sites\/9\/2013\/03\/489.jpg","articleSection":["La realidad del Islam"],"inLanguage":"es","potentialAction":[{"@type":"CommentAction","name":"Comment","target":["https:\/\/r-islam.com\/sp\/ique-dice-alfred-guillaume-sobre-el-islam\/#respond"]}]},{"@type":"WebPage","@id":"https:\/\/r-islam.com\/sp\/ique-dice-alfred-guillaume-sobre-el-islam\/","url":"https:\/\/r-islam.com\/sp\/ique-dice-alfred-guillaume-sobre-el-islam\/","name":"\u00bfQu\u00e9 dice Alfred Guillaume sobre El Islam? - El Islam Verdadero","isPartOf":{"@id":"https:\/\/r-islam.com\/sp\/#website"},"primaryImageOfPage":{"@id":"https:\/\/r-islam.com\/sp\/ique-dice-alfred-guillaume-sobre-el-islam\/#primaryimage"},"image":{"@id":"https:\/\/r-islam.com\/sp\/ique-dice-alfred-guillaume-sobre-el-islam\/#primaryimage"},"thumbnailUrl":"https:\/\/r-islam.com\/sp\/wp-content\/uploads\/sites\/9\/2013\/03\/489.jpg","datePublished":"2013-03-11T11:24:49+00:00","breadcrumb":{"@id":"https:\/\/r-islam.com\/sp\/ique-dice-alfred-guillaume-sobre-el-islam\/#breadcrumb"},"inLanguage":"es","potentialAction":[{"@type":"ReadAction","target":["https:\/\/r-islam.com\/sp\/ique-dice-alfred-guillaume-sobre-el-islam\/"]}]},{"@type":"ImageObject","inLanguage":"es","@id":"https:\/\/r-islam.com\/sp\/ique-dice-alfred-guillaume-sobre-el-islam\/#primaryimage","url":"https:\/\/r-islam.com\/sp\/wp-content\/uploads\/sites\/9\/2013\/03\/489.jpg","contentUrl":"https:\/\/r-islam.com\/sp\/wp-content\/uploads\/sites\/9\/2013\/03\/489.jpg","width":960,"height":725},{"@type":"BreadcrumbList","@id":"https:\/\/r-islam.com\/sp\/ique-dice-alfred-guillaume-sobre-el-islam\/#breadcrumb","itemListElement":[{"@type":"ListItem","position":1,"name":"Home","item":"https:\/\/r-islam.com\/sp\/"},{"@type":"ListItem","position":2,"name":"\u00bfQu\u00e9 dice Alfred Guillaume sobre El Islam?"}]},{"@type":"WebSite","@id":"https:\/\/r-islam.com\/sp\/#website","url":"https:\/\/r-islam.com\/sp\/","name":"El Islam Verdadero","description":"","publisher":{"@id":"https:\/\/r-islam.com\/sp\/#organization"},"potentialAction":[{"@type":"SearchAction","target":{"@type":"EntryPoint","urlTemplate":"https:\/\/r-islam.com\/sp\/?s={search_term_string}"},"query-input":{"@type":"PropertyValueSpecification","valueRequired":true,"valueName":"search_term_string"}}],"inLanguage":"es"},{"@type":"Organization","@id":"https:\/\/r-islam.com\/sp\/#organization","name":"El Islam Verdadero","url":"https:\/\/r-islam.com\/sp\/","logo":{"@type":"ImageObject","inLanguage":"es","@id":"https:\/\/r-islam.com\/sp\/#\/schema\/logo\/image\/","url":"https:\/\/r-islam.com\/sp\/wp-content\/uploads\/sites\/9\/2024\/03\/logo-small.jpg","contentUrl":"https:\/\/r-islam.com\/sp\/wp-content\/uploads\/sites\/9\/2024\/03\/logo-small.jpg","width":180,"height":180,"caption":"El Islam Verdadero"},"image":{"@id":"https:\/\/r-islam.com\/sp\/#\/schema\/logo\/image\/"},"sameAs":["https:\/\/www.facebook.com\/TheRightislam.SP\/","https:\/\/x.com\/verdadeiroIslam"]},{"@type":"Person","@id":"https:\/\/r-islam.com\/sp\/#\/schema\/person\/99684e81f97c64bce3304815161ae7f9","name":"Manager","image":{"@type":"ImageObject","inLanguage":"es","@id":"https:\/\/secure.gravatar.com\/avatar\/579db8560f09b719ddf386ef68ec06606f5fc8a1d86afe8937e75a6771cca91f?s=96&d=mm&r=g","url":"https:\/\/secure.gravatar.com\/avatar\/579db8560f09b719ddf386ef68ec06606f5fc8a1d86afe8937e75a6771cca91f?s=96&d=mm&r=g","contentUrl":"https:\/\/secure.gravatar.com\/avatar\/579db8560f09b719ddf386ef68ec06606f5fc8a1d86afe8937e75a6771cca91f?s=96&d=mm&r=g","caption":"Manager"},"url":"https:\/\/r-islam.com\/sp\/author\/manager\/"}]}},"_links":{"self":[{"href":"https:\/\/r-islam.com\/sp\/wp-json\/wp\/v2\/posts\/1121","targetHints":{"allow":["GET"]}}],"collection":[{"href":"https:\/\/r-islam.com\/sp\/wp-json\/wp\/v2\/posts"}],"about":[{"href":"https:\/\/r-islam.com\/sp\/wp-json\/wp\/v2\/types\/post"}],"author":[{"embeddable":true,"href":"https:\/\/r-islam.com\/sp\/wp-json\/wp\/v2\/users\/8"}],"replies":[{"embeddable":true,"href":"https:\/\/r-islam.com\/sp\/wp-json\/wp\/v2\/comments?post=1121"}],"version-history":[{"count":0,"href":"https:\/\/r-islam.com\/sp\/wp-json\/wp\/v2\/posts\/1121\/revisions"}],"wp:featuredmedia":[{"embeddable":true,"href":"https:\/\/r-islam.com\/sp\/wp-json\/wp\/v2\/media\/1120"}],"wp:attachment":[{"href":"https:\/\/r-islam.com\/sp\/wp-json\/wp\/v2\/media?parent=1121"}],"wp:term":[{"taxonomy":"category","embeddable":true,"href":"https:\/\/r-islam.com\/sp\/wp-json\/wp\/v2\/categories?post=1121"},{"taxonomy":"post_tag","embeddable":true,"href":"https:\/\/r-islam.com\/sp\/wp-json\/wp\/v2\/tags?post=1121"}],"curies":[{"name":"wp","href":"https:\/\/api.w.org\/{rel}","templated":true}]}}