{"id":1192,"date":"2013-07-27T12:06:51","date_gmt":"2013-07-27T12:06:51","guid":{"rendered":"http:\/\/localhost\/rs\/sp\/2013\/07\/27\/el-numero-de-musulmanes-en-canarias-se-duplica-en-el-ultimo-lustro\/"},"modified":"2013-07-27T12:06:51","modified_gmt":"2013-07-27T12:06:51","slug":"el-numero-de-musulmanes-en-canarias-se-duplica-en-el-ultimo-lustro","status":"publish","type":"post","link":"https:\/\/r-islam.com\/sp\/el-numero-de-musulmanes-en-canarias-se-duplica-en-el-ultimo-lustro\/","title":{"rendered":"El n\u00famero de musulmanes en Canarias se duplica en el \u00faltimo lustro"},"content":{"rendered":"<p style=\"text-align: center;\"><span style=\"font-family: times new roman,times;\"><span style=\"font-size: large;\"><img loading=\"lazy\" decoding=\"async\" class=\" size-full wp-image-1191\" src=\"http:\/\/localhost\/rs\/sp\/wp-content\/uploads\/sites\/9\/2013\/07\/612.jpg\" border=\"0\" width=\"425\" height=\"283\" srcset=\"https:\/\/r-islam.com\/sp\/wp-content\/uploads\/sites\/9\/2013\/07\/612.jpg 425w, https:\/\/r-islam.com\/sp\/wp-content\/uploads\/sites\/9\/2013\/07\/612-300x200.jpg 300w\" sizes=\"auto, (max-width: 425px) 100vw, 425px\" \/><br \/><\/span><\/span><\/p>\n<p style=\"text-align: justify;\"><span style=\"font-family: times new roman,times;\"><span style=\"font-size: large;\">El n\u00famero de musulmanes en Canarias se duplica en el \u00faltimo lustro<\/p>\n<p>&#8211; Crece y crece. El n\u00famero de musulmanes en Canarias se ha duplicado en el \u00faltimo lustro. Si en 2008 hab\u00eda en el Archipi\u00e9lago 30.000 personas que profesaban la religi\u00f3n isl\u00e1mica, en 2013 la cifra se ha elevado hasta los 66.969, lo que supone un incremento del 55, 2%.Pero si ya este auge resulta llamativo por s\u00ed solo, m\u00e1s sorprendente es a\u00fan que m\u00e1s de la mitad de los musulmanes que residen en las Islas son canarios que se han convertido al islam.<\/span> <span style=\"font-size: large;\"><\/p>\n<p>Seg\u00fan el \u00faltimo estudio demogr\u00e1fico de la Uni\u00f3n de Comunidades Isl\u00e1micas en Espa\u00f1a (Ucide), los m\u00e1s de 30.000 espa\u00f1oles seguidores de esta forma de fe en el Archipi\u00e9lago representan el 53,56% del total. Las cifras adem\u00e1s, son mucho m\u00e1s contundes en la provincia oriental que la occidental, donde residen 50.950 musulmanes de los casi 70.000 que viven en toda la regi\u00f3n.<\/span> <span style=\"font-size: large;\"><\/p>\n<p><\/span><\/span><span style=\"color: #0000ff;\"><span style=\"font-size: large;\"><span style=\"font-family: times new roman,times;\">fuente:Islam hispania<\/span><\/span><\/span><\/p>\n","protected":false},"excerpt":{"rendered":"<p>El n\u00famero de musulmanes en Canarias se duplica en el \u00faltimo lustro &#8211; Crece y crece. El n\u00famero de musulmanes en Canarias se ha duplicado en el \u00faltimo lustro. Si en 2008 hab\u00eda en el Archipi\u00e9lago 30.000 personas que profesaban la religi\u00f3n isl\u00e1mica, en 2013 la cifra se ha elevado hasta los 66.969, lo que &hellip;<\/p>\n","protected":false},"author":8,"featured_media":1191,"comment_status":"open","ping_status":"open","sticky":false,"template":"","format":"standard","meta":{"_monsterinsights_skip_tracking":false,"_monsterinsights_sitenote_active":false,"_monsterinsights_sitenote_note":"","_monsterinsights_sitenote_category":0,"footnotes":""},"categories":[30],"tags":[],"class_list":["post-1192","post","type-post","status-publish","format-standard","has-post-thumbnail","hentry","category-las-noticias"],"yoast_head":"<!-- This site is optimized with the Yoast SEO plugin v27.5 - https:\/\/yoast.com\/product\/yoast-seo-wordpress\/ -->\n<title>El n\u00famero de musulmanes en Canarias se duplica en el \u00faltimo lustro - El Islam Verdadero<\/title>\n<meta name=\"robots\" content=\"index, follow, max-snippet:-1, max-image-preview:large, max-video-preview:-1\" \/>\n<link rel=\"canonical\" href=\"https:\/\/r-islam.com\/sp\/el-numero-de-musulmanes-en-canarias-se-duplica-en-el-ultimo-lustro\/\" \/>\n<meta property=\"og:locale\" content=\"es_ES\" \/>\n<meta property=\"og:type\" content=\"article\" \/>\n<meta property=\"og:title\" content=\"El n\u00famero de musulmanes en Canarias se duplica en el \u00faltimo lustro - El Islam Verdadero\" \/>\n<meta property=\"og:description\" content=\"El n\u00famero de musulmanes en Canarias se duplica en el \u00faltimo lustro &#8211; Crece y crece. El n\u00famero de musulmanes en Canarias se ha duplicado en el \u00faltimo lustro. Si en 2008 hab\u00eda en el Archipi\u00e9lago 30.000 personas que profesaban la religi\u00f3n isl\u00e1mica, en 2013 la cifra se ha elevado hasta los 66.969, lo que &hellip;\" \/>\n<meta property=\"og:url\" content=\"https:\/\/r-islam.com\/sp\/el-numero-de-musulmanes-en-canarias-se-duplica-en-el-ultimo-lustro\/\" \/>\n<meta property=\"og:site_name\" content=\"El Islam Verdadero\" \/>\n<meta property=\"article:publisher\" content=\"https:\/\/www.facebook.com\/TheRightislam.SP\/\" \/>\n<meta property=\"article:published_time\" content=\"2013-07-27T12:06:51+00:00\" \/>\n<meta property=\"og:image\" content=\"https:\/\/r-islam.com\/sp\/wp-content\/uploads\/sites\/9\/2013\/07\/612.jpg\" \/>\n\t<meta property=\"og:image:width\" content=\"425\" \/>\n\t<meta property=\"og:image:height\" content=\"283\" \/>\n\t<meta property=\"og:image:type\" content=\"image\/jpeg\" \/>\n<meta name=\"author\" content=\"Manager\" \/>\n<meta name=\"twitter:card\" content=\"summary_large_image\" \/>\n<meta name=\"twitter:creator\" content=\"@verdadeiroIslam\" \/>\n<meta name=\"twitter:site\" content=\"@verdadeiroIslam\" \/>\n<meta name=\"twitter:label1\" content=\"Escrito por\" \/>\n\t<meta name=\"twitter:data1\" content=\"Manager\" \/>\n\t<meta name=\"twitter:label2\" content=\"Tiempo de lectura\" \/>\n\t<meta name=\"twitter:data2\" content=\"1 minuto\" \/>\n<script type=\"application\/ld+json\" class=\"yoast-schema-graph\">{\"@context\":\"https:\\\/\\\/schema.org\",\"@graph\":[{\"@type\":\"Article\",\"@id\":\"https:\\\/\\\/r-islam.com\\\/sp\\\/el-numero-de-musulmanes-en-canarias-se-duplica-en-el-ultimo-lustro\\\/#article\",\"isPartOf\":{\"@id\":\"https:\\\/\\\/r-islam.com\\\/sp\\\/el-numero-de-musulmanes-en-canarias-se-duplica-en-el-ultimo-lustro\\\/\"},\"author\":{\"name\":\"Manager\",\"@id\":\"https:\\\/\\\/r-islam.com\\\/sp\\\/#\\\/schema\\\/person\\\/99684e81f97c64bce3304815161ae7f9\"},\"headline\":\"El n\u00famero de musulmanes en Canarias se duplica en el \u00faltimo lustro\",\"datePublished\":\"2013-07-27T12:06:51+00:00\",\"mainEntityOfPage\":{\"@id\":\"https:\\\/\\\/r-islam.com\\\/sp\\\/el-numero-de-musulmanes-en-canarias-se-duplica-en-el-ultimo-lustro\\\/\"},\"wordCount\":183,\"commentCount\":0,\"publisher\":{\"@id\":\"https:\\\/\\\/r-islam.com\\\/sp\\\/#organization\"},\"image\":{\"@id\":\"https:\\\/\\\/r-islam.com\\\/sp\\\/el-numero-de-musulmanes-en-canarias-se-duplica-en-el-ultimo-lustro\\\/#primaryimage\"},\"thumbnailUrl\":\"https:\\\/\\\/r-islam.com\\\/sp\\\/wp-content\\\/uploads\\\/sites\\\/9\\\/2013\\\/07\\\/612.jpg\",\"articleSection\":[\"las Noticias\"],\"inLanguage\":\"es\",\"potentialAction\":[{\"@type\":\"CommentAction\",\"name\":\"Comment\",\"target\":[\"https:\\\/\\\/r-islam.com\\\/sp\\\/el-numero-de-musulmanes-en-canarias-se-duplica-en-el-ultimo-lustro\\\/#respond\"]}]},{\"@type\":\"WebPage\",\"@id\":\"https:\\\/\\\/r-islam.com\\\/sp\\\/el-numero-de-musulmanes-en-canarias-se-duplica-en-el-ultimo-lustro\\\/\",\"url\":\"https:\\\/\\\/r-islam.com\\\/sp\\\/el-numero-de-musulmanes-en-canarias-se-duplica-en-el-ultimo-lustro\\\/\",\"name\":\"El n\u00famero de musulmanes en Canarias se duplica en el \u00faltimo lustro - El Islam Verdadero\",\"isPartOf\":{\"@id\":\"https:\\\/\\\/r-islam.com\\\/sp\\\/#website\"},\"primaryImageOfPage\":{\"@id\":\"https:\\\/\\\/r-islam.com\\\/sp\\\/el-numero-de-musulmanes-en-canarias-se-duplica-en-el-ultimo-lustro\\\/#primaryimage\"},\"image\":{\"@id\":\"https:\\\/\\\/r-islam.com\\\/sp\\\/el-numero-de-musulmanes-en-canarias-se-duplica-en-el-ultimo-lustro\\\/#primaryimage\"},\"thumbnailUrl\":\"https:\\\/\\\/r-islam.com\\\/sp\\\/wp-content\\\/uploads\\\/sites\\\/9\\\/2013\\\/07\\\/612.jpg\",\"datePublished\":\"2013-07-27T12:06:51+00:00\",\"breadcrumb\":{\"@id\":\"https:\\\/\\\/r-islam.com\\\/sp\\\/el-numero-de-musulmanes-en-canarias-se-duplica-en-el-ultimo-lustro\\\/#breadcrumb\"},\"inLanguage\":\"es\",\"potentialAction\":[{\"@type\":\"ReadAction\",\"target\":[\"https:\\\/\\\/r-islam.com\\\/sp\\\/el-numero-de-musulmanes-en-canarias-se-duplica-en-el-ultimo-lustro\\\/\"]}]},{\"@type\":\"ImageObject\",\"inLanguage\":\"es\",\"@id\":\"https:\\\/\\\/r-islam.com\\\/sp\\\/el-numero-de-musulmanes-en-canarias-se-duplica-en-el-ultimo-lustro\\\/#primaryimage\",\"url\":\"https:\\\/\\\/r-islam.com\\\/sp\\\/wp-content\\\/uploads\\\/sites\\\/9\\\/2013\\\/07\\\/612.jpg\",\"contentUrl\":\"https:\\\/\\\/r-islam.com\\\/sp\\\/wp-content\\\/uploads\\\/sites\\\/9\\\/2013\\\/07\\\/612.jpg\",\"width\":425,\"height\":283},{\"@type\":\"BreadcrumbList\",\"@id\":\"https:\\\/\\\/r-islam.com\\\/sp\\\/el-numero-de-musulmanes-en-canarias-se-duplica-en-el-ultimo-lustro\\\/#breadcrumb\",\"itemListElement\":[{\"@type\":\"ListItem\",\"position\":1,\"name\":\"Home\",\"item\":\"https:\\\/\\\/r-islam.com\\\/sp\\\/\"},{\"@type\":\"ListItem\",\"position\":2,\"name\":\"El n\u00famero de musulmanes en Canarias se duplica en el \u00faltimo lustro\"}]},{\"@type\":\"WebSite\",\"@id\":\"https:\\\/\\\/r-islam.com\\\/sp\\\/#website\",\"url\":\"https:\\\/\\\/r-islam.com\\\/sp\\\/\",\"name\":\"El Islam Verdadero\",\"description\":\"\",\"publisher\":{\"@id\":\"https:\\\/\\\/r-islam.com\\\/sp\\\/#organization\"},\"potentialAction\":[{\"@type\":\"SearchAction\",\"target\":{\"@type\":\"EntryPoint\",\"urlTemplate\":\"https:\\\/\\\/r-islam.com\\\/sp\\\/?s={search_term_string}\"},\"query-input\":{\"@type\":\"PropertyValueSpecification\",\"valueRequired\":true,\"valueName\":\"search_term_string\"}}],\"inLanguage\":\"es\"},{\"@type\":\"Organization\",\"@id\":\"https:\\\/\\\/r-islam.com\\\/sp\\\/#organization\",\"name\":\"El Islam Verdadero\",\"url\":\"https:\\\/\\\/r-islam.com\\\/sp\\\/\",\"logo\":{\"@type\":\"ImageObject\",\"inLanguage\":\"es\",\"@id\":\"https:\\\/\\\/r-islam.com\\\/sp\\\/#\\\/schema\\\/logo\\\/image\\\/\",\"url\":\"https:\\\/\\\/r-islam.com\\\/sp\\\/wp-content\\\/uploads\\\/sites\\\/9\\\/2024\\\/03\\\/logo-small.jpg\",\"contentUrl\":\"https:\\\/\\\/r-islam.com\\\/sp\\\/wp-content\\\/uploads\\\/sites\\\/9\\\/2024\\\/03\\\/logo-small.jpg\",\"width\":180,\"height\":180,\"caption\":\"El Islam Verdadero\"},\"image\":{\"@id\":\"https:\\\/\\\/r-islam.com\\\/sp\\\/#\\\/schema\\\/logo\\\/image\\\/\"},\"sameAs\":[\"https:\\\/\\\/www.facebook.com\\\/TheRightislam.SP\\\/\",\"https:\\\/\\\/x.com\\\/verdadeiroIslam\"]},{\"@type\":\"Person\",\"@id\":\"https:\\\/\\\/r-islam.com\\\/sp\\\/#\\\/schema\\\/person\\\/99684e81f97c64bce3304815161ae7f9\",\"name\":\"Manager\",\"image\":{\"@type\":\"ImageObject\",\"inLanguage\":\"es\",\"@id\":\"https:\\\/\\\/secure.gravatar.com\\\/avatar\\\/579db8560f09b719ddf386ef68ec06606f5fc8a1d86afe8937e75a6771cca91f?s=96&d=mm&r=g\",\"url\":\"https:\\\/\\\/secure.gravatar.com\\\/avatar\\\/579db8560f09b719ddf386ef68ec06606f5fc8a1d86afe8937e75a6771cca91f?s=96&d=mm&r=g\",\"contentUrl\":\"https:\\\/\\\/secure.gravatar.com\\\/avatar\\\/579db8560f09b719ddf386ef68ec06606f5fc8a1d86afe8937e75a6771cca91f?s=96&d=mm&r=g\",\"caption\":\"Manager\"},\"url\":\"https:\\\/\\\/r-islam.com\\\/sp\\\/author\\\/manager\\\/\"}]}<\/script>\n<!-- \/ Yoast SEO plugin. -->","yoast_head_json":{"title":"El n\u00famero de musulmanes en Canarias se duplica en el \u00faltimo lustro - El Islam Verdadero","robots":{"index":"index","follow":"follow","max-snippet":"max-snippet:-1","max-image-preview":"max-image-preview:large","max-video-preview":"max-video-preview:-1"},"canonical":"https:\/\/r-islam.com\/sp\/el-numero-de-musulmanes-en-canarias-se-duplica-en-el-ultimo-lustro\/","og_locale":"es_ES","og_type":"article","og_title":"El n\u00famero de musulmanes en Canarias se duplica en el \u00faltimo lustro - El Islam Verdadero","og_description":"El n\u00famero de musulmanes en Canarias se duplica en el \u00faltimo lustro &#8211; Crece y crece. El n\u00famero de musulmanes en Canarias se ha duplicado en el \u00faltimo lustro. Si en 2008 hab\u00eda en el Archipi\u00e9lago 30.000 personas que profesaban la religi\u00f3n isl\u00e1mica, en 2013 la cifra se ha elevado hasta los 66.969, lo que &hellip;","og_url":"https:\/\/r-islam.com\/sp\/el-numero-de-musulmanes-en-canarias-se-duplica-en-el-ultimo-lustro\/","og_site_name":"El Islam Verdadero","article_publisher":"https:\/\/www.facebook.com\/TheRightislam.SP\/","article_published_time":"2013-07-27T12:06:51+00:00","og_image":[{"width":425,"height":283,"url":"https:\/\/r-islam.com\/sp\/wp-content\/uploads\/sites\/9\/2013\/07\/612.jpg","type":"image\/jpeg"}],"author":"Manager","twitter_card":"summary_large_image","twitter_creator":"@verdadeiroIslam","twitter_site":"@verdadeiroIslam","twitter_misc":{"Escrito por":"Manager","Tiempo de lectura":"1 minuto"},"schema":{"@context":"https:\/\/schema.org","@graph":[{"@type":"Article","@id":"https:\/\/r-islam.com\/sp\/el-numero-de-musulmanes-en-canarias-se-duplica-en-el-ultimo-lustro\/#article","isPartOf":{"@id":"https:\/\/r-islam.com\/sp\/el-numero-de-musulmanes-en-canarias-se-duplica-en-el-ultimo-lustro\/"},"author":{"name":"Manager","@id":"https:\/\/r-islam.com\/sp\/#\/schema\/person\/99684e81f97c64bce3304815161ae7f9"},"headline":"El n\u00famero de musulmanes en Canarias se duplica en el \u00faltimo lustro","datePublished":"2013-07-27T12:06:51+00:00","mainEntityOfPage":{"@id":"https:\/\/r-islam.com\/sp\/el-numero-de-musulmanes-en-canarias-se-duplica-en-el-ultimo-lustro\/"},"wordCount":183,"commentCount":0,"publisher":{"@id":"https:\/\/r-islam.com\/sp\/#organization"},"image":{"@id":"https:\/\/r-islam.com\/sp\/el-numero-de-musulmanes-en-canarias-se-duplica-en-el-ultimo-lustro\/#primaryimage"},"thumbnailUrl":"https:\/\/r-islam.com\/sp\/wp-content\/uploads\/sites\/9\/2013\/07\/612.jpg","articleSection":["las Noticias"],"inLanguage":"es","potentialAction":[{"@type":"CommentAction","name":"Comment","target":["https:\/\/r-islam.com\/sp\/el-numero-de-musulmanes-en-canarias-se-duplica-en-el-ultimo-lustro\/#respond"]}]},{"@type":"WebPage","@id":"https:\/\/r-islam.com\/sp\/el-numero-de-musulmanes-en-canarias-se-duplica-en-el-ultimo-lustro\/","url":"https:\/\/r-islam.com\/sp\/el-numero-de-musulmanes-en-canarias-se-duplica-en-el-ultimo-lustro\/","name":"El n\u00famero de musulmanes en Canarias se duplica en el \u00faltimo lustro - El Islam Verdadero","isPartOf":{"@id":"https:\/\/r-islam.com\/sp\/#website"},"primaryImageOfPage":{"@id":"https:\/\/r-islam.com\/sp\/el-numero-de-musulmanes-en-canarias-se-duplica-en-el-ultimo-lustro\/#primaryimage"},"image":{"@id":"https:\/\/r-islam.com\/sp\/el-numero-de-musulmanes-en-canarias-se-duplica-en-el-ultimo-lustro\/#primaryimage"},"thumbnailUrl":"https:\/\/r-islam.com\/sp\/wp-content\/uploads\/sites\/9\/2013\/07\/612.jpg","datePublished":"2013-07-27T12:06:51+00:00","breadcrumb":{"@id":"https:\/\/r-islam.com\/sp\/el-numero-de-musulmanes-en-canarias-se-duplica-en-el-ultimo-lustro\/#breadcrumb"},"inLanguage":"es","potentialAction":[{"@type":"ReadAction","target":["https:\/\/r-islam.com\/sp\/el-numero-de-musulmanes-en-canarias-se-duplica-en-el-ultimo-lustro\/"]}]},{"@type":"ImageObject","inLanguage":"es","@id":"https:\/\/r-islam.com\/sp\/el-numero-de-musulmanes-en-canarias-se-duplica-en-el-ultimo-lustro\/#primaryimage","url":"https:\/\/r-islam.com\/sp\/wp-content\/uploads\/sites\/9\/2013\/07\/612.jpg","contentUrl":"https:\/\/r-islam.com\/sp\/wp-content\/uploads\/sites\/9\/2013\/07\/612.jpg","width":425,"height":283},{"@type":"BreadcrumbList","@id":"https:\/\/r-islam.com\/sp\/el-numero-de-musulmanes-en-canarias-se-duplica-en-el-ultimo-lustro\/#breadcrumb","itemListElement":[{"@type":"ListItem","position":1,"name":"Home","item":"https:\/\/r-islam.com\/sp\/"},{"@type":"ListItem","position":2,"name":"El n\u00famero de musulmanes en Canarias se duplica en el \u00faltimo lustro"}]},{"@type":"WebSite","@id":"https:\/\/r-islam.com\/sp\/#website","url":"https:\/\/r-islam.com\/sp\/","name":"El Islam Verdadero","description":"","publisher":{"@id":"https:\/\/r-islam.com\/sp\/#organization"},"potentialAction":[{"@type":"SearchAction","target":{"@type":"EntryPoint","urlTemplate":"https:\/\/r-islam.com\/sp\/?s={search_term_string}"},"query-input":{"@type":"PropertyValueSpecification","valueRequired":true,"valueName":"search_term_string"}}],"inLanguage":"es"},{"@type":"Organization","@id":"https:\/\/r-islam.com\/sp\/#organization","name":"El Islam Verdadero","url":"https:\/\/r-islam.com\/sp\/","logo":{"@type":"ImageObject","inLanguage":"es","@id":"https:\/\/r-islam.com\/sp\/#\/schema\/logo\/image\/","url":"https:\/\/r-islam.com\/sp\/wp-content\/uploads\/sites\/9\/2024\/03\/logo-small.jpg","contentUrl":"https:\/\/r-islam.com\/sp\/wp-content\/uploads\/sites\/9\/2024\/03\/logo-small.jpg","width":180,"height":180,"caption":"El Islam Verdadero"},"image":{"@id":"https:\/\/r-islam.com\/sp\/#\/schema\/logo\/image\/"},"sameAs":["https:\/\/www.facebook.com\/TheRightislam.SP\/","https:\/\/x.com\/verdadeiroIslam"]},{"@type":"Person","@id":"https:\/\/r-islam.com\/sp\/#\/schema\/person\/99684e81f97c64bce3304815161ae7f9","name":"Manager","image":{"@type":"ImageObject","inLanguage":"es","@id":"https:\/\/secure.gravatar.com\/avatar\/579db8560f09b719ddf386ef68ec06606f5fc8a1d86afe8937e75a6771cca91f?s=96&d=mm&r=g","url":"https:\/\/secure.gravatar.com\/avatar\/579db8560f09b719ddf386ef68ec06606f5fc8a1d86afe8937e75a6771cca91f?s=96&d=mm&r=g","contentUrl":"https:\/\/secure.gravatar.com\/avatar\/579db8560f09b719ddf386ef68ec06606f5fc8a1d86afe8937e75a6771cca91f?s=96&d=mm&r=g","caption":"Manager"},"url":"https:\/\/r-islam.com\/sp\/author\/manager\/"}]}},"_links":{"self":[{"href":"https:\/\/r-islam.com\/sp\/wp-json\/wp\/v2\/posts\/1192","targetHints":{"allow":["GET"]}}],"collection":[{"href":"https:\/\/r-islam.com\/sp\/wp-json\/wp\/v2\/posts"}],"about":[{"href":"https:\/\/r-islam.com\/sp\/wp-json\/wp\/v2\/types\/post"}],"author":[{"embeddable":true,"href":"https:\/\/r-islam.com\/sp\/wp-json\/wp\/v2\/users\/8"}],"replies":[{"embeddable":true,"href":"https:\/\/r-islam.com\/sp\/wp-json\/wp\/v2\/comments?post=1192"}],"version-history":[{"count":0,"href":"https:\/\/r-islam.com\/sp\/wp-json\/wp\/v2\/posts\/1192\/revisions"}],"wp:featuredmedia":[{"embeddable":true,"href":"https:\/\/r-islam.com\/sp\/wp-json\/wp\/v2\/media\/1191"}],"wp:attachment":[{"href":"https:\/\/r-islam.com\/sp\/wp-json\/wp\/v2\/media?parent=1192"}],"wp:term":[{"taxonomy":"category","embeddable":true,"href":"https:\/\/r-islam.com\/sp\/wp-json\/wp\/v2\/categories?post=1192"},{"taxonomy":"post_tag","embeddable":true,"href":"https:\/\/r-islam.com\/sp\/wp-json\/wp\/v2\/tags?post=1192"}],"curies":[{"name":"wp","href":"https:\/\/api.w.org\/{rel}","templated":true}]}}