{"id":1229,"date":"2013-09-30T11:15:05","date_gmt":"2013-09-30T11:15:05","guid":{"rendered":"http:\/\/localhost\/rs\/sp\/2013\/09\/30\/el-ano-de-la-tristeza\/"},"modified":"2013-09-30T11:15:05","modified_gmt":"2013-09-30T11:15:05","slug":"el-ano-de-la-tristeza","status":"publish","type":"post","link":"https:\/\/r-islam.com\/sp\/el-ano-de-la-tristeza\/","title":{"rendered":"El a\u00f1o de la tristeza"},"content":{"rendered":"<p style=\"text-align: center;\"><span style=\"font-family: times new roman,times;\"><span style=\"font-size: large;\"><img loading=\"lazy\" decoding=\"async\" class=\" size-full wp-image-1228\" src=\"http:\/\/localhost\/rs\/sp\/wp-content\/uploads\/sites\/9\/2013\/09\/631.jpg\" border=\"0\" width=\"425\" height=\"283\" srcset=\"https:\/\/r-islam.com\/sp\/wp-content\/uploads\/sites\/9\/2013\/09\/631.jpg 425w, https:\/\/r-islam.com\/sp\/wp-content\/uploads\/sites\/9\/2013\/09\/631-300x200.jpg 300w\" sizes=\"auto, (max-width: 425px) 100vw, 425px\" \/><br \/><\/span><\/span><\/p>\n<p style=\"text-align: left;\"><span style=\"font-family: times new roman,times;\"><span style=\"font-size: large;\"><span style=\"color: #0000ff;\">La muerte de Abu T\u00e2lib<\/span><\/span><\/span><\/p>\n<p style=\"text-align: justify;\"><span style=\"font-family: times new roman,times;\"><span style=\"font-size: large;\">En Ra\u00ffab, el d\u00e9cimo a\u00f1o de la Profec\u00eda, Abu T\u00e2lib enferm\u00f3 y luego muri\u00f3, seis meses despu\u00e9s de terminado el boicot. Narr\u00f3 Al-Musaiiab que cuando Abu T\u00e2lib se encontraba en su lecho de muerte, el Profeta <\/span><\/span><span style=\"font-size: large;\"><span style=\"font-family: times new roman,times;\">(la paz y las bendiciones de Al-lah sean con \u00e9l)<\/span><\/span><span style=\"font-family: times new roman,times;\"><span style=\"font-size: large;\"><span style=\"font-size: large;\"><span style=\"font-family: times new roman,times;\"> en<\/span><\/span>tr\u00f3 a la habitaci\u00f3n y vio a Abu \u0178ahl y \u2018Abdullah Ibn Abi Omaiah. Le pidi\u00f3 a su t\u00edo:<span style=\"color: #008080;\">\u201cT\u00edo m\u00edo, tan s\u00f3lo atestigua de que nada ni nadie tiene derecho a ser adorado salvo All\u00e2h, y podr\u00e9 interceder ante Al-lah por ti\u201d.<\/span><\/span><\/span><\/p>\n<p style=\"text-align: justify;\"><span style=\"font-family: times new roman,times;\"><span style=\"font-size: large;\"> Abu \u0178ahl y \u2018Abdullah Ibn Abi Umaiah le dijeron: \u201cAbu T\u00e2lib, \u00bfAbandonar\u00e1s la religi\u00f3n de tu padre \u2018Abdul-Muttalib?\u201d El Mensajero de Al-lah <\/span><\/span><span style=\"font-size: large;\"><span style=\"font-family: times new roman,times;\">(la paz y las bendiciones de Al-lah sean con \u00e9l)<\/span><\/span><span style=\"font-family: times new roman,times;\"><\/span><span style=\"font-family: times new roman,times;\"><span style=\"font-size: large;\"> repiti\u00f3 su invitaci\u00f3n, y lo mismo hicieron Abu \u0178ahl y \u2018Abdullah Ibn Abi Umaiah, hasta que Abu T\u00e2lib dio su respuesta final diciendo de que permanec\u00eda en la religi\u00f3n de su padre \u2018Abdul-Muttalib y se neg\u00f3 a profesar de que no hay divinidad salvo All\u00e2h\u00a0 . A pesar de esto el Mensajero de All\u00e2h\u00a0 dijo:<\/span><\/span><\/p>\n<p style=\"text-align: justify;\"><span style=\"color: #008000;\"><span style=\"font-family: times new roman,times;\"><span style=\"font-size: large;\">\u201cPor Al-lah, seguir\u00e9 pidiendo perd\u00f3n por ti a no ser que se me proh\u00edba\u201d.<\/span><\/span><\/span><\/p>\n<p style=\"text-align: justify;\"><span style=\"color: #0000ff;\"><span style=\"font-family: times new roman,times;\"><span style=\"font-size: large;\">Entonces Al-lah\u00a0 revel\u00f3 las siguientes aleyas:<\/span><\/span><\/span><\/p>\n<p style=\"text-align: justify;\"><span style=\"font-family: times new roman,times;\"><span style=\"font-size: large;\">\uf028<span style=\"color: #008000;\">No es propio del Profeta y de los Creyentes pedir perd\u00f3n por los id\u00f3latras aunque sean parientes pr\u00f3ximos, despu\u00e9s de haberles aclarado que \u00e9stos son moradores del fuego<\/span>.\uf029<span style=\"color: #800080;\">[9:113]<\/span><\/span><\/span><\/p>\n<p style=\"text-align: justify;\"><span style=\"color: #0000ff;\"><span style=\"font-family: times new roman,times;\"><span style=\"font-size: large;\">Se revel\u00f3 tambi\u00e9n:<\/span><\/span><\/span><\/p>\n<p style=\"text-align: justify;\"><span style=\"font-family: times new roman,times;\"><span style=\"font-size: large;\"><span style=\"color: #008000;\">\uf028Ciertamente! T\u00fa (Oh Muhammad\u00a0 ) no gu\u00edas a quien quieres<\/span>.\uf029<span style=\"color: #800080;\">[28:56]<\/span><\/span><\/span><\/p>\n<p style=\"text-align: justify;\"><span style=\"font-family: times new roman,times;\"><span style=\"font-size: large;\">Abu Talib protegi\u00f3 el Llamado isl\u00e1mico contra las ofensas y agresiones de los paganos, pero a pesar de ello permaneci\u00f3 en la religi\u00f3n de sus antepasados.<\/span><\/span><\/p>\n<p style=\"text-align: justify;\"><span style=\"font-family: times new roman,times;\"><span style=\"font-size: large;\"> Al-\u2018Abbas Ibn \u2018Abdul-Muttalib narr\u00f3 que le dijo al Profeta <\/span><\/span><span style=\"font-size: large;\"><span style=\"font-family: times new roman,times;\">(la paz y las bendiciones de Al-lah sean con \u00e9l)<\/span><\/span><span style=\"font-family: times new roman,times;\"><span style=\"font-size: large;\"><span style=\"font-size: large;\"><span style=\"font-family: times new roman,times;\"> : \u201c\u00bfNo <\/span><\/span>has sido de ninguna ayuda para tu t\u00edo (Abu Talib) a pesar de que sol\u00eda protegerte y se enojaba por tu causa.\u201d El Profeta <\/span><\/span><span style=\"font-size: large;\"><span style=\"font-family: times new roman,times;\">(la paz y las bendiciones de Al-lah sean con \u00e9l)<\/span><\/span><span style=\"font-family: times new roman,times;\"><\/span><span style=\"font-family: times new roman,times;\"><span style=\"font-size: large;\"> le dijo:<\/span><\/span><\/p>\n<p style=\"text-align: justify;\"><span style=\"font-family: times new roman,times;\"><span style=\"font-size: large;\"><span style=\"color: #008080;\">\u201c\u00c9l se encuentra en el lugar m\u00ednimo del infierno, y si no fuera por mi, permanecer\u00eda en el fondo del infierno.\u201d<\/span><\/span><\/span><\/p>\n<p style=\"text-align: justify;\"><span style=\"font-family: times new roman,times;\"><span style=\"font-size: large;\">Abu Sa\u2018id Al-Judri narr\u00f3 de que escuch\u00f3 al Profeta <\/span><\/span><span style=\"font-size: large;\"><span style=\"font-family: times new roman,times;\">(la paz y las bendiciones de Al-lah sean con \u00e9l)<\/span><\/span><span style=\"font-family: times new roman,times;\"><\/span><span style=\"font-family: times new roman,times;\"><span style=\"font-size: large;\"> decir cuando se mencion\u00f3 a su t\u00edo:<\/span><\/span><\/p>\n<p style=\"text-align: justify;\"><span style=\"font-family: times new roman,times;\"><span style=\"font-size: large;\"><span style=\"color: #008080;\">\u201cEspero que mi intercesi\u00f3n le sea de ayuda, y que sea ubicado en un lugar del infierno donde el fuego solo le llegue hasta los talones.\u201d<\/span><\/span><\/span><\/p>\n<p style=\"text-align: justify;\"><span style=\"color: #0000ff;\"><span style=\"font-family: times new roman,times;\"><span style=\"font-size: large;\">La muerte de Jad\u00ee\u00ffah<\/span><\/span><\/span><\/p>\n<p style=\"text-align: justify;\"><span style=\"font-family: times new roman,times;\"><span style=\"font-size: large;\">Tan s\u00f3lo dos o tres meses despu\u00e9s de la muerte de su t\u00edo, el Mensajero de Al-lah\u00a0 sufri\u00f3 otra p\u00e9rdida: Su esposa Jad\u00ee\u00ffah muri\u00f3 en Ramad\u00e1n durante el d\u00e9cimo a\u00f1o de la Profec\u00eda, cuando contaba con sesenta y cinco a\u00f1os de edad, y el Profeta\u00a0 cincuenta. <\/p>\n<p>Jad\u00ee\u00ffah fue una bendici\u00f3n de Al-lah para el Profeta (la paz y las bendiciones de Al-lah sean con \u00e9l) . Ella, a trav\u00e9s de veinticinco a\u00f1os, comparti\u00f3 junto a \u00e9l <\/span> <span style=\"font-size: large;\">las dificultades y pruebas de la vida, especialmente durante los diez a\u00f1os de la Profec\u00eda. Se vio profundamente apenado debido a su muerte, y una vez coment\u00f3 con conmovedora emoci\u00f3n:<\/span><\/span><\/p>\n<p style=\"text-align: justify;\"><span style=\"font-family: times new roman,times;\"><span style=\"font-size: large;\"> \u201c<span style=\"color: #008080;\">Ella crey\u00f3 en mi mientras la gente no cre\u00eda. Confi\u00f3 en m\u00ed cuando la gente me desminti\u00f3. Y me ayud\u00f3 y socorri\u00f3, tanto con su persona como con sus bienes, mientras la gente no lo hac\u00eda.Al-lah me brind\u00f3 hijos con ella, y no me los dio con las dem\u00e1s<\/span>.\u201d.<\/span><\/span><\/p>\n<p style=\"text-align: justify;\"><span style=\"font-family: times new roman,times;\"><span style=\"font-size: large;\">Abu Hurairah narr\u00f3 que el \u00e1ngel Gabriel\u00a0 vino al Mensajero de Al-lah <\/span><\/span><span style=\"font-family: times new roman,times;\"><span style=\"font-size: large;\">(la paz y las bendiciones de Al-lah sean con \u00e9l)<\/span><\/span><span style=\"font-family: times new roman,times;\"><span style=\"font-size: large;\"><span style=\"font-family: times new roman,times;\"><span style=\"font-size: large;\"> y <\/span><\/span>le dijo:<span style=\"color: #008080;\"> \u201cMensajero de <\/span><\/span><\/span><span style=\"color: #008080;\"><span style=\"font-family: times new roman,times;\"><span style=\"font-size: large;\">Al-lah<\/span><\/span><\/span><span style=\"font-family: times new roman,times;\"><span style=\"font-size: large;\"><span style=\"color: #008080;\">, Jad\u00ee\u00ffah viene hacia ti con un recipiente de comida o bebida. Cuando llegue, sal\u00fadala de parte de tu Se\u00f1or, y albr\u00edciale con un palacio de joyas en el Para\u00edso donde no hay ruidos ni dificultades.\u201d<\/span><\/span><\/span><\/p>\n<p style=\"text-align: justify;\"><span style=\"color: #0000ff;\"><span style=\"font-family: times new roman,times;\"><span style=\"font-size: large;\">La acumulaci\u00f3n del dolor<\/span><\/span><\/span><\/p>\n<p style=\"text-align: justify;\"><span style=\"font-family: times new roman,times;\"><span style=\"font-size: large;\">Estos dos acontecimientos penosos ocurrieron en un breve per\u00edodo de tiempo y causaron mucha pena y sufrimiento al Profeta<\/span><\/span><span style=\"font-size: large;\"><span style=\"font-family: times new roman,times;\"> (la paz y las bendiciones de Al-lah sean con \u00e9l)<\/span><\/span><span style=\"font-family: times new roman,times;\"><\/span><span style=\"font-family: times new roman,times;\"><span style=\"font-size: large;\"> . Los habitantes de La Meca ahora declaraban abiertamente su intenci\u00f3n de llevar a cabo torturas y opresiones. El Profeta <\/span><\/span><span style=\"font-size: large;\"><span style=\"font-family: times new roman,times;\">(la paz y las bendiciones de Al-lah sean con \u00e9l)<\/span><\/span><span style=\"font-family: times new roman,times;\"><\/span><span style=\"font-family: times new roman,times;\"><span style=\"font-size: large;\"> perd\u00eda toda esperanza de que se encaminen por el sendero recto.<\/span><\/span><\/p>\n<p style=\"text-align: justify;\"><span style=\"font-family: times new roman,times;\"><span style=\"font-size: large;\">Entonces viaj\u00f3 a Ta\u2019if buscando asistencia. Pero ah\u00ed tambi\u00e9n, fue v\u00edctima del maltrato y la intolerancia.<\/span><\/span><\/p>\n<p style=\"text-align: justify;\"><span style=\"font-family: times new roman,times;\"><span style=\"font-size: large;\">Sus Compa\u00f1eros recib\u00edan inexplicables torturas y opresiones a tal punto de que su mejor amigo, Abu Bakr, para alejarse de estos maltratos, inici\u00f3 su emigraci\u00f3n de La Meca a Abisinia (Etiop\u00eda) pero Ibn Ad-Dag\u00e2nah lo encontr\u00f3 en Bark Al-Gamad y lo convenci\u00f3 de que regrese bajo su protecci\u00f3n.<\/span><\/span><\/p>\n<p style=\"text-align: justify;\"><span style=\"font-family: times new roman,times;\"><span style=\"font-size: large;\">La muerte de Abu Talib hab\u00eda dejado al Profeta <\/span><\/span><span style=\"font-size: large;\"><span style=\"font-family: times new roman,times;\">(la paz y las bendiciones de Al-lah sean con \u00e9l)<\/span><\/span><span style=\"font-family: times new roman,times;\"><span style=\"font-size: large;\"> vulnerable, y los paganos aprovechando esta oportunidad intentaban dar rienda suelta a sus malvadas intenciones de agredirlo oprimirloy torturarlo. Una vez un Quraishita lo intercept\u00f3 y le arroj\u00f3 arena en su cabeza. Cuando lleg\u00f3 a su casa una de sus hijas limpi\u00f3 su cabeza y comenz\u00f3 a llorar. El Profeta <\/span><\/span><span style=\"font-family: times new roman,times;\"><span style=\"font-size: large;\"> <\/span><\/span><span style=\"font-size: large;\"><span style=\"font-family: times new roman,times;\">(la paz y las bendiciones de Al-lah sean con \u00e9l)<\/span><\/span><span style=\"font-family: times new roman,times;\"><span style=\"font-size: large;\"> le dijo:<\/span><\/span><\/p>\n<p style=\"text-align: justify;\"><span style=\"font-family: times new roman,times;\"><span style=\"font-size: large;\"><span style=\"color: #008080;\">\u201cNo llores, hija m\u00eda. Ciertamente Al-lah proteger\u00e1 a tu padre.\u201d<\/span><\/span><\/span><\/p>\n<p style=\"text-align: justify;\"><span style=\"font-family: times new roman,times;\"><span style=\"font-size: large;\"> Y dijo tambi\u00e9n <\/span><\/span><span style=\"font-family: times new roman,times;\"><span style=\"font-size: large;\"> <\/span><\/span><span style=\"font-size: large;\"><span style=\"font-family: times new roman,times;\">(la paz y las bendiciones de Al-lah sean con \u00e9l)<\/span><\/span><span style=\"font-family: times new roman,times;\"><span style=\"font-size: large;\"> <span style=\"color: #008080;\">:\u201cLos Quraish\u00edes nunca me maltrataron tanto como lo hicieron despu\u00e9s de la muerte de Abu T\u00e2lib.\u201d<\/span><br \/><\/span><\/span><\/p>\n<p style=\"text-align: justify;\"><span style=\"font-family: times new roman,times;\"><span style=\"font-size: large;\">Debido a tantas desgracias, el Profeta <\/span><\/span><span style=\"font-family: times new roman,times;\"><span style=\"font-size: large;\"> <\/span><\/span><span style=\"font-size: large;\"><span style=\"font-family: times new roman,times;\">(la paz y las bendiciones de Al-lah sean con \u00e9l)<\/span><\/span><span style=\"font-family: times new roman,times;\"><span style=\"font-size: large;\"> llam\u00f3 a este per\u00edodo, \u2018el a\u00f1o de la tristeza y la angustia\u2019.<\/span><\/span><\/p>\n<p style=\"text-align: justify;\"><span style=\"font-family: times new roman,times;\"><span style=\"font-size: large;\">Fuente : El libro . La vida del profeta Muhammed.<br \/><\/span><\/span><\/p>\n","protected":false},"excerpt":{"rendered":"<p>La muerte de Abu T\u00e2lib En Ra\u00ffab, el d\u00e9cimo a\u00f1o de la Profec\u00eda, Abu T\u00e2lib enferm\u00f3 y luego muri\u00f3, seis meses despu\u00e9s de terminado el boicot. Narr\u00f3 Al-Musaiiab que cuando Abu T\u00e2lib se encontraba en su lecho de muerte, el Profeta (la paz y las bendiciones de Al-lah sean con \u00e9l) entr\u00f3 a la habitaci\u00f3n &hellip;<\/p>\n","protected":false},"author":8,"featured_media":1228,"comment_status":"open","ping_status":"open","sticky":false,"template":"","format":"standard","meta":{"_monsterinsights_skip_tracking":false,"_monsterinsights_sitenote_active":false,"_monsterinsights_sitenote_note":"","_monsterinsights_sitenote_category":0,"footnotes":""},"categories":[4],"tags":[],"class_list":["post-1229","post","type-post","status-publish","format-standard","has-post-thumbnail","hentry","category-el-profeta-muhammad"],"yoast_head":"<!-- This site is optimized with the Yoast SEO plugin v27.5 - https:\/\/yoast.com\/product\/yoast-seo-wordpress\/ -->\n<title>El a\u00f1o de la tristeza - El Islam Verdadero<\/title>\n<meta name=\"robots\" content=\"index, follow, max-snippet:-1, max-image-preview:large, max-video-preview:-1\" \/>\n<link rel=\"canonical\" href=\"https:\/\/r-islam.com\/sp\/el-ano-de-la-tristeza\/\" \/>\n<meta property=\"og:locale\" content=\"es_ES\" \/>\n<meta property=\"og:type\" content=\"article\" \/>\n<meta property=\"og:title\" content=\"El a\u00f1o de la tristeza - El Islam Verdadero\" \/>\n<meta property=\"og:description\" content=\"La muerte de Abu T\u00e2lib En Ra\u00ffab, el d\u00e9cimo a\u00f1o de la Profec\u00eda, Abu T\u00e2lib enferm\u00f3 y luego muri\u00f3, seis meses despu\u00e9s de terminado el boicot. Narr\u00f3 Al-Musaiiab que cuando Abu T\u00e2lib se encontraba en su lecho de muerte, el Profeta (la paz y las bendiciones de Al-lah sean con \u00e9l) entr\u00f3 a la habitaci\u00f3n &hellip;\" \/>\n<meta property=\"og:url\" content=\"https:\/\/r-islam.com\/sp\/el-ano-de-la-tristeza\/\" \/>\n<meta property=\"og:site_name\" content=\"El Islam Verdadero\" \/>\n<meta property=\"article:publisher\" content=\"https:\/\/www.facebook.com\/TheRightislam.SP\/\" \/>\n<meta property=\"article:published_time\" content=\"2013-09-30T11:15:05+00:00\" \/>\n<meta property=\"og:image\" content=\"https:\/\/r-islam.com\/sp\/wp-content\/uploads\/sites\/9\/2013\/09\/631.jpg\" \/>\n\t<meta property=\"og:image:width\" content=\"425\" \/>\n\t<meta property=\"og:image:height\" content=\"283\" \/>\n\t<meta property=\"og:image:type\" content=\"image\/jpeg\" \/>\n<meta name=\"author\" content=\"Manager\" \/>\n<meta name=\"twitter:card\" content=\"summary_large_image\" \/>\n<meta name=\"twitter:creator\" content=\"@verdadeiroIslam\" \/>\n<meta name=\"twitter:site\" content=\"@verdadeiroIslam\" \/>\n<meta name=\"twitter:label1\" content=\"Escrito por\" \/>\n\t<meta name=\"twitter:data1\" content=\"Manager\" \/>\n\t<meta name=\"twitter:label2\" content=\"Tiempo de lectura\" \/>\n\t<meta name=\"twitter:data2\" content=\"5 minutos\" \/>\n<script type=\"application\/ld+json\" class=\"yoast-schema-graph\">{\"@context\":\"https:\\\/\\\/schema.org\",\"@graph\":[{\"@type\":\"Article\",\"@id\":\"https:\\\/\\\/r-islam.com\\\/sp\\\/el-ano-de-la-tristeza\\\/#article\",\"isPartOf\":{\"@id\":\"https:\\\/\\\/r-islam.com\\\/sp\\\/el-ano-de-la-tristeza\\\/\"},\"author\":{\"name\":\"Manager\",\"@id\":\"https:\\\/\\\/r-islam.com\\\/sp\\\/#\\\/schema\\\/person\\\/99684e81f97c64bce3304815161ae7f9\"},\"headline\":\"El a\u00f1o de la tristeza\",\"datePublished\":\"2013-09-30T11:15:05+00:00\",\"mainEntityOfPage\":{\"@id\":\"https:\\\/\\\/r-islam.com\\\/sp\\\/el-ano-de-la-tristeza\\\/\"},\"wordCount\":1005,\"commentCount\":0,\"publisher\":{\"@id\":\"https:\\\/\\\/r-islam.com\\\/sp\\\/#organization\"},\"image\":{\"@id\":\"https:\\\/\\\/r-islam.com\\\/sp\\\/el-ano-de-la-tristeza\\\/#primaryimage\"},\"thumbnailUrl\":\"https:\\\/\\\/r-islam.com\\\/sp\\\/wp-content\\\/uploads\\\/sites\\\/9\\\/2013\\\/09\\\/631.jpg\",\"articleSection\":[\"El Profeta Muhammad\"],\"inLanguage\":\"es\",\"potentialAction\":[{\"@type\":\"CommentAction\",\"name\":\"Comment\",\"target\":[\"https:\\\/\\\/r-islam.com\\\/sp\\\/el-ano-de-la-tristeza\\\/#respond\"]}]},{\"@type\":\"WebPage\",\"@id\":\"https:\\\/\\\/r-islam.com\\\/sp\\\/el-ano-de-la-tristeza\\\/\",\"url\":\"https:\\\/\\\/r-islam.com\\\/sp\\\/el-ano-de-la-tristeza\\\/\",\"name\":\"El a\u00f1o de la tristeza - El Islam Verdadero\",\"isPartOf\":{\"@id\":\"https:\\\/\\\/r-islam.com\\\/sp\\\/#website\"},\"primaryImageOfPage\":{\"@id\":\"https:\\\/\\\/r-islam.com\\\/sp\\\/el-ano-de-la-tristeza\\\/#primaryimage\"},\"image\":{\"@id\":\"https:\\\/\\\/r-islam.com\\\/sp\\\/el-ano-de-la-tristeza\\\/#primaryimage\"},\"thumbnailUrl\":\"https:\\\/\\\/r-islam.com\\\/sp\\\/wp-content\\\/uploads\\\/sites\\\/9\\\/2013\\\/09\\\/631.jpg\",\"datePublished\":\"2013-09-30T11:15:05+00:00\",\"breadcrumb\":{\"@id\":\"https:\\\/\\\/r-islam.com\\\/sp\\\/el-ano-de-la-tristeza\\\/#breadcrumb\"},\"inLanguage\":\"es\",\"potentialAction\":[{\"@type\":\"ReadAction\",\"target\":[\"https:\\\/\\\/r-islam.com\\\/sp\\\/el-ano-de-la-tristeza\\\/\"]}]},{\"@type\":\"ImageObject\",\"inLanguage\":\"es\",\"@id\":\"https:\\\/\\\/r-islam.com\\\/sp\\\/el-ano-de-la-tristeza\\\/#primaryimage\",\"url\":\"https:\\\/\\\/r-islam.com\\\/sp\\\/wp-content\\\/uploads\\\/sites\\\/9\\\/2013\\\/09\\\/631.jpg\",\"contentUrl\":\"https:\\\/\\\/r-islam.com\\\/sp\\\/wp-content\\\/uploads\\\/sites\\\/9\\\/2013\\\/09\\\/631.jpg\",\"width\":425,\"height\":283},{\"@type\":\"BreadcrumbList\",\"@id\":\"https:\\\/\\\/r-islam.com\\\/sp\\\/el-ano-de-la-tristeza\\\/#breadcrumb\",\"itemListElement\":[{\"@type\":\"ListItem\",\"position\":1,\"name\":\"Home\",\"item\":\"https:\\\/\\\/r-islam.com\\\/sp\\\/\"},{\"@type\":\"ListItem\",\"position\":2,\"name\":\"El a\u00f1o de la tristeza\"}]},{\"@type\":\"WebSite\",\"@id\":\"https:\\\/\\\/r-islam.com\\\/sp\\\/#website\",\"url\":\"https:\\\/\\\/r-islam.com\\\/sp\\\/\",\"name\":\"El Islam Verdadero\",\"description\":\"\",\"publisher\":{\"@id\":\"https:\\\/\\\/r-islam.com\\\/sp\\\/#organization\"},\"potentialAction\":[{\"@type\":\"SearchAction\",\"target\":{\"@type\":\"EntryPoint\",\"urlTemplate\":\"https:\\\/\\\/r-islam.com\\\/sp\\\/?s={search_term_string}\"},\"query-input\":{\"@type\":\"PropertyValueSpecification\",\"valueRequired\":true,\"valueName\":\"search_term_string\"}}],\"inLanguage\":\"es\"},{\"@type\":\"Organization\",\"@id\":\"https:\\\/\\\/r-islam.com\\\/sp\\\/#organization\",\"name\":\"El Islam Verdadero\",\"url\":\"https:\\\/\\\/r-islam.com\\\/sp\\\/\",\"logo\":{\"@type\":\"ImageObject\",\"inLanguage\":\"es\",\"@id\":\"https:\\\/\\\/r-islam.com\\\/sp\\\/#\\\/schema\\\/logo\\\/image\\\/\",\"url\":\"https:\\\/\\\/r-islam.com\\\/sp\\\/wp-content\\\/uploads\\\/sites\\\/9\\\/2024\\\/03\\\/logo-small.jpg\",\"contentUrl\":\"https:\\\/\\\/r-islam.com\\\/sp\\\/wp-content\\\/uploads\\\/sites\\\/9\\\/2024\\\/03\\\/logo-small.jpg\",\"width\":180,\"height\":180,\"caption\":\"El Islam Verdadero\"},\"image\":{\"@id\":\"https:\\\/\\\/r-islam.com\\\/sp\\\/#\\\/schema\\\/logo\\\/image\\\/\"},\"sameAs\":[\"https:\\\/\\\/www.facebook.com\\\/TheRightislam.SP\\\/\",\"https:\\\/\\\/x.com\\\/verdadeiroIslam\"]},{\"@type\":\"Person\",\"@id\":\"https:\\\/\\\/r-islam.com\\\/sp\\\/#\\\/schema\\\/person\\\/99684e81f97c64bce3304815161ae7f9\",\"name\":\"Manager\",\"image\":{\"@type\":\"ImageObject\",\"inLanguage\":\"es\",\"@id\":\"https:\\\/\\\/secure.gravatar.com\\\/avatar\\\/579db8560f09b719ddf386ef68ec06606f5fc8a1d86afe8937e75a6771cca91f?s=96&d=mm&r=g\",\"url\":\"https:\\\/\\\/secure.gravatar.com\\\/avatar\\\/579db8560f09b719ddf386ef68ec06606f5fc8a1d86afe8937e75a6771cca91f?s=96&d=mm&r=g\",\"contentUrl\":\"https:\\\/\\\/secure.gravatar.com\\\/avatar\\\/579db8560f09b719ddf386ef68ec06606f5fc8a1d86afe8937e75a6771cca91f?s=96&d=mm&r=g\",\"caption\":\"Manager\"},\"url\":\"https:\\\/\\\/r-islam.com\\\/sp\\\/author\\\/manager\\\/\"}]}<\/script>\n<!-- \/ Yoast SEO plugin. -->","yoast_head_json":{"title":"El a\u00f1o de la tristeza - El Islam Verdadero","robots":{"index":"index","follow":"follow","max-snippet":"max-snippet:-1","max-image-preview":"max-image-preview:large","max-video-preview":"max-video-preview:-1"},"canonical":"https:\/\/r-islam.com\/sp\/el-ano-de-la-tristeza\/","og_locale":"es_ES","og_type":"article","og_title":"El a\u00f1o de la tristeza - El Islam Verdadero","og_description":"La muerte de Abu T\u00e2lib En Ra\u00ffab, el d\u00e9cimo a\u00f1o de la Profec\u00eda, Abu T\u00e2lib enferm\u00f3 y luego muri\u00f3, seis meses despu\u00e9s de terminado el boicot. Narr\u00f3 Al-Musaiiab que cuando Abu T\u00e2lib se encontraba en su lecho de muerte, el Profeta (la paz y las bendiciones de Al-lah sean con \u00e9l) entr\u00f3 a la habitaci\u00f3n &hellip;","og_url":"https:\/\/r-islam.com\/sp\/el-ano-de-la-tristeza\/","og_site_name":"El Islam Verdadero","article_publisher":"https:\/\/www.facebook.com\/TheRightislam.SP\/","article_published_time":"2013-09-30T11:15:05+00:00","og_image":[{"width":425,"height":283,"url":"https:\/\/r-islam.com\/sp\/wp-content\/uploads\/sites\/9\/2013\/09\/631.jpg","type":"image\/jpeg"}],"author":"Manager","twitter_card":"summary_large_image","twitter_creator":"@verdadeiroIslam","twitter_site":"@verdadeiroIslam","twitter_misc":{"Escrito por":"Manager","Tiempo de lectura":"5 minutos"},"schema":{"@context":"https:\/\/schema.org","@graph":[{"@type":"Article","@id":"https:\/\/r-islam.com\/sp\/el-ano-de-la-tristeza\/#article","isPartOf":{"@id":"https:\/\/r-islam.com\/sp\/el-ano-de-la-tristeza\/"},"author":{"name":"Manager","@id":"https:\/\/r-islam.com\/sp\/#\/schema\/person\/99684e81f97c64bce3304815161ae7f9"},"headline":"El a\u00f1o de la tristeza","datePublished":"2013-09-30T11:15:05+00:00","mainEntityOfPage":{"@id":"https:\/\/r-islam.com\/sp\/el-ano-de-la-tristeza\/"},"wordCount":1005,"commentCount":0,"publisher":{"@id":"https:\/\/r-islam.com\/sp\/#organization"},"image":{"@id":"https:\/\/r-islam.com\/sp\/el-ano-de-la-tristeza\/#primaryimage"},"thumbnailUrl":"https:\/\/r-islam.com\/sp\/wp-content\/uploads\/sites\/9\/2013\/09\/631.jpg","articleSection":["El Profeta Muhammad"],"inLanguage":"es","potentialAction":[{"@type":"CommentAction","name":"Comment","target":["https:\/\/r-islam.com\/sp\/el-ano-de-la-tristeza\/#respond"]}]},{"@type":"WebPage","@id":"https:\/\/r-islam.com\/sp\/el-ano-de-la-tristeza\/","url":"https:\/\/r-islam.com\/sp\/el-ano-de-la-tristeza\/","name":"El a\u00f1o de la tristeza - El Islam Verdadero","isPartOf":{"@id":"https:\/\/r-islam.com\/sp\/#website"},"primaryImageOfPage":{"@id":"https:\/\/r-islam.com\/sp\/el-ano-de-la-tristeza\/#primaryimage"},"image":{"@id":"https:\/\/r-islam.com\/sp\/el-ano-de-la-tristeza\/#primaryimage"},"thumbnailUrl":"https:\/\/r-islam.com\/sp\/wp-content\/uploads\/sites\/9\/2013\/09\/631.jpg","datePublished":"2013-09-30T11:15:05+00:00","breadcrumb":{"@id":"https:\/\/r-islam.com\/sp\/el-ano-de-la-tristeza\/#breadcrumb"},"inLanguage":"es","potentialAction":[{"@type":"ReadAction","target":["https:\/\/r-islam.com\/sp\/el-ano-de-la-tristeza\/"]}]},{"@type":"ImageObject","inLanguage":"es","@id":"https:\/\/r-islam.com\/sp\/el-ano-de-la-tristeza\/#primaryimage","url":"https:\/\/r-islam.com\/sp\/wp-content\/uploads\/sites\/9\/2013\/09\/631.jpg","contentUrl":"https:\/\/r-islam.com\/sp\/wp-content\/uploads\/sites\/9\/2013\/09\/631.jpg","width":425,"height":283},{"@type":"BreadcrumbList","@id":"https:\/\/r-islam.com\/sp\/el-ano-de-la-tristeza\/#breadcrumb","itemListElement":[{"@type":"ListItem","position":1,"name":"Home","item":"https:\/\/r-islam.com\/sp\/"},{"@type":"ListItem","position":2,"name":"El a\u00f1o de la tristeza"}]},{"@type":"WebSite","@id":"https:\/\/r-islam.com\/sp\/#website","url":"https:\/\/r-islam.com\/sp\/","name":"El Islam Verdadero","description":"","publisher":{"@id":"https:\/\/r-islam.com\/sp\/#organization"},"potentialAction":[{"@type":"SearchAction","target":{"@type":"EntryPoint","urlTemplate":"https:\/\/r-islam.com\/sp\/?s={search_term_string}"},"query-input":{"@type":"PropertyValueSpecification","valueRequired":true,"valueName":"search_term_string"}}],"inLanguage":"es"},{"@type":"Organization","@id":"https:\/\/r-islam.com\/sp\/#organization","name":"El Islam Verdadero","url":"https:\/\/r-islam.com\/sp\/","logo":{"@type":"ImageObject","inLanguage":"es","@id":"https:\/\/r-islam.com\/sp\/#\/schema\/logo\/image\/","url":"https:\/\/r-islam.com\/sp\/wp-content\/uploads\/sites\/9\/2024\/03\/logo-small.jpg","contentUrl":"https:\/\/r-islam.com\/sp\/wp-content\/uploads\/sites\/9\/2024\/03\/logo-small.jpg","width":180,"height":180,"caption":"El Islam Verdadero"},"image":{"@id":"https:\/\/r-islam.com\/sp\/#\/schema\/logo\/image\/"},"sameAs":["https:\/\/www.facebook.com\/TheRightislam.SP\/","https:\/\/x.com\/verdadeiroIslam"]},{"@type":"Person","@id":"https:\/\/r-islam.com\/sp\/#\/schema\/person\/99684e81f97c64bce3304815161ae7f9","name":"Manager","image":{"@type":"ImageObject","inLanguage":"es","@id":"https:\/\/secure.gravatar.com\/avatar\/579db8560f09b719ddf386ef68ec06606f5fc8a1d86afe8937e75a6771cca91f?s=96&d=mm&r=g","url":"https:\/\/secure.gravatar.com\/avatar\/579db8560f09b719ddf386ef68ec06606f5fc8a1d86afe8937e75a6771cca91f?s=96&d=mm&r=g","contentUrl":"https:\/\/secure.gravatar.com\/avatar\/579db8560f09b719ddf386ef68ec06606f5fc8a1d86afe8937e75a6771cca91f?s=96&d=mm&r=g","caption":"Manager"},"url":"https:\/\/r-islam.com\/sp\/author\/manager\/"}]}},"_links":{"self":[{"href":"https:\/\/r-islam.com\/sp\/wp-json\/wp\/v2\/posts\/1229","targetHints":{"allow":["GET"]}}],"collection":[{"href":"https:\/\/r-islam.com\/sp\/wp-json\/wp\/v2\/posts"}],"about":[{"href":"https:\/\/r-islam.com\/sp\/wp-json\/wp\/v2\/types\/post"}],"author":[{"embeddable":true,"href":"https:\/\/r-islam.com\/sp\/wp-json\/wp\/v2\/users\/8"}],"replies":[{"embeddable":true,"href":"https:\/\/r-islam.com\/sp\/wp-json\/wp\/v2\/comments?post=1229"}],"version-history":[{"count":0,"href":"https:\/\/r-islam.com\/sp\/wp-json\/wp\/v2\/posts\/1229\/revisions"}],"wp:featuredmedia":[{"embeddable":true,"href":"https:\/\/r-islam.com\/sp\/wp-json\/wp\/v2\/media\/1228"}],"wp:attachment":[{"href":"https:\/\/r-islam.com\/sp\/wp-json\/wp\/v2\/media?parent=1229"}],"wp:term":[{"taxonomy":"category","embeddable":true,"href":"https:\/\/r-islam.com\/sp\/wp-json\/wp\/v2\/categories?post=1229"},{"taxonomy":"post_tag","embeddable":true,"href":"https:\/\/r-islam.com\/sp\/wp-json\/wp\/v2\/tags?post=1229"}],"curies":[{"name":"wp","href":"https:\/\/api.w.org\/{rel}","templated":true}]}}