{"id":1305,"date":"2014-01-07T13:51:42","date_gmt":"2014-01-07T13:51:42","guid":{"rendered":"http:\/\/localhost\/rs\/sp\/2014\/01\/07\/la-comunidad-islamica-de-la-paz-se-reune-con-el-alcalde-de-almendralejo\/"},"modified":"2014-01-07T13:51:42","modified_gmt":"2014-01-07T13:51:42","slug":"la-comunidad-islamica-de-la-paz-se-reune-con-el-alcalde-de-almendralejo","status":"publish","type":"post","link":"https:\/\/r-islam.com\/sp\/la-comunidad-islamica-de-la-paz-se-reune-con-el-alcalde-de-almendralejo\/","title":{"rendered":"La Comunidad Isl\u00e1mica de la Paz se re\u00fane con el alcalde de Almendralejo"},"content":{"rendered":"<p style=\"text-align: center;\"><span style=\"font-family: times new roman,times;\"><span style=\"font-size: large;\"><img loading=\"lazy\" decoding=\"async\" class=\" size-full wp-image-1304\" src=\"http:\/\/localhost\/rs\/sp\/wp-content\/uploads\/sites\/9\/2014\/01\/677.jpg\" border=\"0\" width=\"425\" height=\"283\" srcset=\"https:\/\/r-islam.com\/sp\/wp-content\/uploads\/sites\/9\/2014\/01\/677.jpg 425w, https:\/\/r-islam.com\/sp\/wp-content\/uploads\/sites\/9\/2014\/01\/677-300x200.jpg 300w\" sizes=\"auto, (max-width: 425px) 100vw, 425px\" \/><br \/><\/span><\/span><\/p>\n<p style=\"text-align: justify;\"><span style=\"font-family: times new roman,times;\"><span style=\"font-size: large;\"><span style=\"color: #0000ff;\">La Comunidad Isl\u00e1mica de la Paz se re\u00fane con el alcalde de Almendralejo<\/span><\/p>\n<p>Una delegaci\u00f3n de la comunidad isl\u00e1mica de la Paz de Almendralejo se ha reunido hoy mi\u00e9rcoles en el alcalde, Jos\u00e9 Garc\u00eda Lobato en su despacho sita en la calle M\u00e9rida n\u00ba2.<\/p>\n<p>El motivo del encuentro es ofrecer al alcalde una visi\u00f3n sobre las actividades que desarrolla la comunidad musulmana y sus programas y proyectos de futuro.<\/p>\n<p>El alcalde de Almendralejo mostr\u00f3 su alegr\u00eda por recibir los representantes musulmanes, ofreciendo su colaboraci\u00f3n por todo que puede llevar a una buena integraci\u00f3n y sana convivencia.<\/span> <span style=\"font-size: large;\"><\/p>\n<p><\/span><\/span><span style=\"font-family: times new roman,times;\"><span style=\"font-size: large;\"><span style=\"color: #0000ff;\"><span style=\"font-size: medium;\">Fuente:<\/span><\/span><\/span><\/span><span style=\"color: #0000ff;\"><span style=\"font-family: times new roman,times;\"><span style=\"font-size: medium;\">http:\/\/www.alukah.net\/<\/span><\/span><\/span><span style=\"font-family: times new roman,times;\"><span style=\"font-size: large;\"><br \/><\/span><\/span><\/p>\n","protected":false},"excerpt":{"rendered":"<p>La Comunidad Isl\u00e1mica de la Paz se re\u00fane con el alcalde de Almendralejo Una delegaci\u00f3n de la comunidad isl\u00e1mica de la Paz de Almendralejo se ha reunido hoy mi\u00e9rcoles en el alcalde, Jos\u00e9 Garc\u00eda Lobato en su despacho sita en la calle M\u00e9rida n\u00ba2. El motivo del encuentro es ofrecer al alcalde una visi\u00f3n sobre &hellip;<\/p>\n","protected":false},"author":8,"featured_media":1304,"comment_status":"open","ping_status":"open","sticky":false,"template":"","format":"standard","meta":{"_monsterinsights_skip_tracking":false,"_monsterinsights_sitenote_active":false,"_monsterinsights_sitenote_note":"","_monsterinsights_sitenote_category":0,"footnotes":""},"categories":[30],"tags":[],"class_list":["post-1305","post","type-post","status-publish","format-standard","has-post-thumbnail","hentry","category-las-noticias"],"yoast_head":"<!-- This site is optimized with the Yoast SEO plugin v27.5 - https:\/\/yoast.com\/product\/yoast-seo-wordpress\/ -->\n<title>La Comunidad Isl\u00e1mica de la Paz se re\u00fane con el alcalde de Almendralejo - El Islam Verdadero<\/title>\n<meta name=\"robots\" content=\"index, follow, max-snippet:-1, max-image-preview:large, max-video-preview:-1\" \/>\n<link rel=\"canonical\" href=\"https:\/\/r-islam.com\/sp\/la-comunidad-islamica-de-la-paz-se-reune-con-el-alcalde-de-almendralejo\/\" \/>\n<meta property=\"og:locale\" content=\"es_ES\" \/>\n<meta property=\"og:type\" content=\"article\" \/>\n<meta property=\"og:title\" content=\"La Comunidad Isl\u00e1mica de la Paz se re\u00fane con el alcalde de Almendralejo - El Islam Verdadero\" \/>\n<meta property=\"og:description\" content=\"La Comunidad Isl\u00e1mica de la Paz se re\u00fane con el alcalde de Almendralejo Una delegaci\u00f3n de la comunidad isl\u00e1mica de la Paz de Almendralejo se ha reunido hoy mi\u00e9rcoles en el alcalde, Jos\u00e9 Garc\u00eda Lobato en su despacho sita en la calle M\u00e9rida n\u00ba2. El motivo del encuentro es ofrecer al alcalde una visi\u00f3n sobre &hellip;\" \/>\n<meta property=\"og:url\" content=\"https:\/\/r-islam.com\/sp\/la-comunidad-islamica-de-la-paz-se-reune-con-el-alcalde-de-almendralejo\/\" \/>\n<meta property=\"og:site_name\" content=\"El Islam Verdadero\" \/>\n<meta property=\"article:publisher\" content=\"https:\/\/www.facebook.com\/TheRightislam.SP\/\" \/>\n<meta property=\"article:published_time\" content=\"2014-01-07T13:51:42+00:00\" \/>\n<meta property=\"og:image\" content=\"https:\/\/r-islam.com\/sp\/wp-content\/uploads\/sites\/9\/2014\/01\/677.jpg\" \/>\n\t<meta property=\"og:image:width\" content=\"425\" \/>\n\t<meta property=\"og:image:height\" content=\"283\" \/>\n\t<meta property=\"og:image:type\" content=\"image\/jpeg\" \/>\n<meta name=\"author\" content=\"Manager\" \/>\n<meta name=\"twitter:card\" content=\"summary_large_image\" \/>\n<meta name=\"twitter:creator\" content=\"@verdadeiroIslam\" \/>\n<meta name=\"twitter:site\" content=\"@verdadeiroIslam\" \/>\n<meta name=\"twitter:label1\" content=\"Escrito por\" \/>\n\t<meta name=\"twitter:data1\" content=\"Manager\" \/>\n\t<meta name=\"twitter:label2\" content=\"Tiempo de lectura\" \/>\n\t<meta name=\"twitter:data2\" content=\"1 minuto\" \/>\n<script type=\"application\/ld+json\" class=\"yoast-schema-graph\">{\"@context\":\"https:\\\/\\\/schema.org\",\"@graph\":[{\"@type\":\"Article\",\"@id\":\"https:\\\/\\\/r-islam.com\\\/sp\\\/la-comunidad-islamica-de-la-paz-se-reune-con-el-alcalde-de-almendralejo\\\/#article\",\"isPartOf\":{\"@id\":\"https:\\\/\\\/r-islam.com\\\/sp\\\/la-comunidad-islamica-de-la-paz-se-reune-con-el-alcalde-de-almendralejo\\\/\"},\"author\":{\"name\":\"Manager\",\"@id\":\"https:\\\/\\\/r-islam.com\\\/sp\\\/#\\\/schema\\\/person\\\/99684e81f97c64bce3304815161ae7f9\"},\"headline\":\"La Comunidad Isl\u00e1mica de la Paz se re\u00fane con el alcalde de Almendralejo\",\"datePublished\":\"2014-01-07T13:51:42+00:00\",\"mainEntityOfPage\":{\"@id\":\"https:\\\/\\\/r-islam.com\\\/sp\\\/la-comunidad-islamica-de-la-paz-se-reune-con-el-alcalde-de-almendralejo\\\/\"},\"wordCount\":127,\"commentCount\":0,\"publisher\":{\"@id\":\"https:\\\/\\\/r-islam.com\\\/sp\\\/#organization\"},\"image\":{\"@id\":\"https:\\\/\\\/r-islam.com\\\/sp\\\/la-comunidad-islamica-de-la-paz-se-reune-con-el-alcalde-de-almendralejo\\\/#primaryimage\"},\"thumbnailUrl\":\"https:\\\/\\\/r-islam.com\\\/sp\\\/wp-content\\\/uploads\\\/sites\\\/9\\\/2014\\\/01\\\/677.jpg\",\"articleSection\":[\"las Noticias\"],\"inLanguage\":\"es\",\"potentialAction\":[{\"@type\":\"CommentAction\",\"name\":\"Comment\",\"target\":[\"https:\\\/\\\/r-islam.com\\\/sp\\\/la-comunidad-islamica-de-la-paz-se-reune-con-el-alcalde-de-almendralejo\\\/#respond\"]}]},{\"@type\":\"WebPage\",\"@id\":\"https:\\\/\\\/r-islam.com\\\/sp\\\/la-comunidad-islamica-de-la-paz-se-reune-con-el-alcalde-de-almendralejo\\\/\",\"url\":\"https:\\\/\\\/r-islam.com\\\/sp\\\/la-comunidad-islamica-de-la-paz-se-reune-con-el-alcalde-de-almendralejo\\\/\",\"name\":\"La Comunidad Isl\u00e1mica de la Paz se re\u00fane con el alcalde de Almendralejo - El Islam Verdadero\",\"isPartOf\":{\"@id\":\"https:\\\/\\\/r-islam.com\\\/sp\\\/#website\"},\"primaryImageOfPage\":{\"@id\":\"https:\\\/\\\/r-islam.com\\\/sp\\\/la-comunidad-islamica-de-la-paz-se-reune-con-el-alcalde-de-almendralejo\\\/#primaryimage\"},\"image\":{\"@id\":\"https:\\\/\\\/r-islam.com\\\/sp\\\/la-comunidad-islamica-de-la-paz-se-reune-con-el-alcalde-de-almendralejo\\\/#primaryimage\"},\"thumbnailUrl\":\"https:\\\/\\\/r-islam.com\\\/sp\\\/wp-content\\\/uploads\\\/sites\\\/9\\\/2014\\\/01\\\/677.jpg\",\"datePublished\":\"2014-01-07T13:51:42+00:00\",\"breadcrumb\":{\"@id\":\"https:\\\/\\\/r-islam.com\\\/sp\\\/la-comunidad-islamica-de-la-paz-se-reune-con-el-alcalde-de-almendralejo\\\/#breadcrumb\"},\"inLanguage\":\"es\",\"potentialAction\":[{\"@type\":\"ReadAction\",\"target\":[\"https:\\\/\\\/r-islam.com\\\/sp\\\/la-comunidad-islamica-de-la-paz-se-reune-con-el-alcalde-de-almendralejo\\\/\"]}]},{\"@type\":\"ImageObject\",\"inLanguage\":\"es\",\"@id\":\"https:\\\/\\\/r-islam.com\\\/sp\\\/la-comunidad-islamica-de-la-paz-se-reune-con-el-alcalde-de-almendralejo\\\/#primaryimage\",\"url\":\"https:\\\/\\\/r-islam.com\\\/sp\\\/wp-content\\\/uploads\\\/sites\\\/9\\\/2014\\\/01\\\/677.jpg\",\"contentUrl\":\"https:\\\/\\\/r-islam.com\\\/sp\\\/wp-content\\\/uploads\\\/sites\\\/9\\\/2014\\\/01\\\/677.jpg\",\"width\":425,\"height\":283},{\"@type\":\"BreadcrumbList\",\"@id\":\"https:\\\/\\\/r-islam.com\\\/sp\\\/la-comunidad-islamica-de-la-paz-se-reune-con-el-alcalde-de-almendralejo\\\/#breadcrumb\",\"itemListElement\":[{\"@type\":\"ListItem\",\"position\":1,\"name\":\"Home\",\"item\":\"https:\\\/\\\/r-islam.com\\\/sp\\\/\"},{\"@type\":\"ListItem\",\"position\":2,\"name\":\"La Comunidad Isl\u00e1mica de la Paz se re\u00fane con el alcalde de Almendralejo\"}]},{\"@type\":\"WebSite\",\"@id\":\"https:\\\/\\\/r-islam.com\\\/sp\\\/#website\",\"url\":\"https:\\\/\\\/r-islam.com\\\/sp\\\/\",\"name\":\"El Islam Verdadero\",\"description\":\"\",\"publisher\":{\"@id\":\"https:\\\/\\\/r-islam.com\\\/sp\\\/#organization\"},\"potentialAction\":[{\"@type\":\"SearchAction\",\"target\":{\"@type\":\"EntryPoint\",\"urlTemplate\":\"https:\\\/\\\/r-islam.com\\\/sp\\\/?s={search_term_string}\"},\"query-input\":{\"@type\":\"PropertyValueSpecification\",\"valueRequired\":true,\"valueName\":\"search_term_string\"}}],\"inLanguage\":\"es\"},{\"@type\":\"Organization\",\"@id\":\"https:\\\/\\\/r-islam.com\\\/sp\\\/#organization\",\"name\":\"El Islam Verdadero\",\"url\":\"https:\\\/\\\/r-islam.com\\\/sp\\\/\",\"logo\":{\"@type\":\"ImageObject\",\"inLanguage\":\"es\",\"@id\":\"https:\\\/\\\/r-islam.com\\\/sp\\\/#\\\/schema\\\/logo\\\/image\\\/\",\"url\":\"https:\\\/\\\/r-islam.com\\\/sp\\\/wp-content\\\/uploads\\\/sites\\\/9\\\/2024\\\/03\\\/logo-small.jpg\",\"contentUrl\":\"https:\\\/\\\/r-islam.com\\\/sp\\\/wp-content\\\/uploads\\\/sites\\\/9\\\/2024\\\/03\\\/logo-small.jpg\",\"width\":180,\"height\":180,\"caption\":\"El Islam Verdadero\"},\"image\":{\"@id\":\"https:\\\/\\\/r-islam.com\\\/sp\\\/#\\\/schema\\\/logo\\\/image\\\/\"},\"sameAs\":[\"https:\\\/\\\/www.facebook.com\\\/TheRightislam.SP\\\/\",\"https:\\\/\\\/x.com\\\/verdadeiroIslam\"]},{\"@type\":\"Person\",\"@id\":\"https:\\\/\\\/r-islam.com\\\/sp\\\/#\\\/schema\\\/person\\\/99684e81f97c64bce3304815161ae7f9\",\"name\":\"Manager\",\"image\":{\"@type\":\"ImageObject\",\"inLanguage\":\"es\",\"@id\":\"https:\\\/\\\/secure.gravatar.com\\\/avatar\\\/579db8560f09b719ddf386ef68ec06606f5fc8a1d86afe8937e75a6771cca91f?s=96&d=mm&r=g\",\"url\":\"https:\\\/\\\/secure.gravatar.com\\\/avatar\\\/579db8560f09b719ddf386ef68ec06606f5fc8a1d86afe8937e75a6771cca91f?s=96&d=mm&r=g\",\"contentUrl\":\"https:\\\/\\\/secure.gravatar.com\\\/avatar\\\/579db8560f09b719ddf386ef68ec06606f5fc8a1d86afe8937e75a6771cca91f?s=96&d=mm&r=g\",\"caption\":\"Manager\"},\"url\":\"https:\\\/\\\/r-islam.com\\\/sp\\\/author\\\/manager\\\/\"}]}<\/script>\n<!-- \/ Yoast SEO plugin. -->","yoast_head_json":{"title":"La Comunidad Isl\u00e1mica de la Paz se re\u00fane con el alcalde de Almendralejo - El Islam Verdadero","robots":{"index":"index","follow":"follow","max-snippet":"max-snippet:-1","max-image-preview":"max-image-preview:large","max-video-preview":"max-video-preview:-1"},"canonical":"https:\/\/r-islam.com\/sp\/la-comunidad-islamica-de-la-paz-se-reune-con-el-alcalde-de-almendralejo\/","og_locale":"es_ES","og_type":"article","og_title":"La Comunidad Isl\u00e1mica de la Paz se re\u00fane con el alcalde de Almendralejo - El Islam Verdadero","og_description":"La Comunidad Isl\u00e1mica de la Paz se re\u00fane con el alcalde de Almendralejo Una delegaci\u00f3n de la comunidad isl\u00e1mica de la Paz de Almendralejo se ha reunido hoy mi\u00e9rcoles en el alcalde, Jos\u00e9 Garc\u00eda Lobato en su despacho sita en la calle M\u00e9rida n\u00ba2. El motivo del encuentro es ofrecer al alcalde una visi\u00f3n sobre &hellip;","og_url":"https:\/\/r-islam.com\/sp\/la-comunidad-islamica-de-la-paz-se-reune-con-el-alcalde-de-almendralejo\/","og_site_name":"El Islam Verdadero","article_publisher":"https:\/\/www.facebook.com\/TheRightislam.SP\/","article_published_time":"2014-01-07T13:51:42+00:00","og_image":[{"width":425,"height":283,"url":"https:\/\/r-islam.com\/sp\/wp-content\/uploads\/sites\/9\/2014\/01\/677.jpg","type":"image\/jpeg"}],"author":"Manager","twitter_card":"summary_large_image","twitter_creator":"@verdadeiroIslam","twitter_site":"@verdadeiroIslam","twitter_misc":{"Escrito por":"Manager","Tiempo de lectura":"1 minuto"},"schema":{"@context":"https:\/\/schema.org","@graph":[{"@type":"Article","@id":"https:\/\/r-islam.com\/sp\/la-comunidad-islamica-de-la-paz-se-reune-con-el-alcalde-de-almendralejo\/#article","isPartOf":{"@id":"https:\/\/r-islam.com\/sp\/la-comunidad-islamica-de-la-paz-se-reune-con-el-alcalde-de-almendralejo\/"},"author":{"name":"Manager","@id":"https:\/\/r-islam.com\/sp\/#\/schema\/person\/99684e81f97c64bce3304815161ae7f9"},"headline":"La Comunidad Isl\u00e1mica de la Paz se re\u00fane con el alcalde de Almendralejo","datePublished":"2014-01-07T13:51:42+00:00","mainEntityOfPage":{"@id":"https:\/\/r-islam.com\/sp\/la-comunidad-islamica-de-la-paz-se-reune-con-el-alcalde-de-almendralejo\/"},"wordCount":127,"commentCount":0,"publisher":{"@id":"https:\/\/r-islam.com\/sp\/#organization"},"image":{"@id":"https:\/\/r-islam.com\/sp\/la-comunidad-islamica-de-la-paz-se-reune-con-el-alcalde-de-almendralejo\/#primaryimage"},"thumbnailUrl":"https:\/\/r-islam.com\/sp\/wp-content\/uploads\/sites\/9\/2014\/01\/677.jpg","articleSection":["las Noticias"],"inLanguage":"es","potentialAction":[{"@type":"CommentAction","name":"Comment","target":["https:\/\/r-islam.com\/sp\/la-comunidad-islamica-de-la-paz-se-reune-con-el-alcalde-de-almendralejo\/#respond"]}]},{"@type":"WebPage","@id":"https:\/\/r-islam.com\/sp\/la-comunidad-islamica-de-la-paz-se-reune-con-el-alcalde-de-almendralejo\/","url":"https:\/\/r-islam.com\/sp\/la-comunidad-islamica-de-la-paz-se-reune-con-el-alcalde-de-almendralejo\/","name":"La Comunidad Isl\u00e1mica de la Paz se re\u00fane con el alcalde de Almendralejo - El Islam Verdadero","isPartOf":{"@id":"https:\/\/r-islam.com\/sp\/#website"},"primaryImageOfPage":{"@id":"https:\/\/r-islam.com\/sp\/la-comunidad-islamica-de-la-paz-se-reune-con-el-alcalde-de-almendralejo\/#primaryimage"},"image":{"@id":"https:\/\/r-islam.com\/sp\/la-comunidad-islamica-de-la-paz-se-reune-con-el-alcalde-de-almendralejo\/#primaryimage"},"thumbnailUrl":"https:\/\/r-islam.com\/sp\/wp-content\/uploads\/sites\/9\/2014\/01\/677.jpg","datePublished":"2014-01-07T13:51:42+00:00","breadcrumb":{"@id":"https:\/\/r-islam.com\/sp\/la-comunidad-islamica-de-la-paz-se-reune-con-el-alcalde-de-almendralejo\/#breadcrumb"},"inLanguage":"es","potentialAction":[{"@type":"ReadAction","target":["https:\/\/r-islam.com\/sp\/la-comunidad-islamica-de-la-paz-se-reune-con-el-alcalde-de-almendralejo\/"]}]},{"@type":"ImageObject","inLanguage":"es","@id":"https:\/\/r-islam.com\/sp\/la-comunidad-islamica-de-la-paz-se-reune-con-el-alcalde-de-almendralejo\/#primaryimage","url":"https:\/\/r-islam.com\/sp\/wp-content\/uploads\/sites\/9\/2014\/01\/677.jpg","contentUrl":"https:\/\/r-islam.com\/sp\/wp-content\/uploads\/sites\/9\/2014\/01\/677.jpg","width":425,"height":283},{"@type":"BreadcrumbList","@id":"https:\/\/r-islam.com\/sp\/la-comunidad-islamica-de-la-paz-se-reune-con-el-alcalde-de-almendralejo\/#breadcrumb","itemListElement":[{"@type":"ListItem","position":1,"name":"Home","item":"https:\/\/r-islam.com\/sp\/"},{"@type":"ListItem","position":2,"name":"La Comunidad Isl\u00e1mica de la Paz se re\u00fane con el alcalde de Almendralejo"}]},{"@type":"WebSite","@id":"https:\/\/r-islam.com\/sp\/#website","url":"https:\/\/r-islam.com\/sp\/","name":"El Islam Verdadero","description":"","publisher":{"@id":"https:\/\/r-islam.com\/sp\/#organization"},"potentialAction":[{"@type":"SearchAction","target":{"@type":"EntryPoint","urlTemplate":"https:\/\/r-islam.com\/sp\/?s={search_term_string}"},"query-input":{"@type":"PropertyValueSpecification","valueRequired":true,"valueName":"search_term_string"}}],"inLanguage":"es"},{"@type":"Organization","@id":"https:\/\/r-islam.com\/sp\/#organization","name":"El Islam Verdadero","url":"https:\/\/r-islam.com\/sp\/","logo":{"@type":"ImageObject","inLanguage":"es","@id":"https:\/\/r-islam.com\/sp\/#\/schema\/logo\/image\/","url":"https:\/\/r-islam.com\/sp\/wp-content\/uploads\/sites\/9\/2024\/03\/logo-small.jpg","contentUrl":"https:\/\/r-islam.com\/sp\/wp-content\/uploads\/sites\/9\/2024\/03\/logo-small.jpg","width":180,"height":180,"caption":"El Islam Verdadero"},"image":{"@id":"https:\/\/r-islam.com\/sp\/#\/schema\/logo\/image\/"},"sameAs":["https:\/\/www.facebook.com\/TheRightislam.SP\/","https:\/\/x.com\/verdadeiroIslam"]},{"@type":"Person","@id":"https:\/\/r-islam.com\/sp\/#\/schema\/person\/99684e81f97c64bce3304815161ae7f9","name":"Manager","image":{"@type":"ImageObject","inLanguage":"es","@id":"https:\/\/secure.gravatar.com\/avatar\/579db8560f09b719ddf386ef68ec06606f5fc8a1d86afe8937e75a6771cca91f?s=96&d=mm&r=g","url":"https:\/\/secure.gravatar.com\/avatar\/579db8560f09b719ddf386ef68ec06606f5fc8a1d86afe8937e75a6771cca91f?s=96&d=mm&r=g","contentUrl":"https:\/\/secure.gravatar.com\/avatar\/579db8560f09b719ddf386ef68ec06606f5fc8a1d86afe8937e75a6771cca91f?s=96&d=mm&r=g","caption":"Manager"},"url":"https:\/\/r-islam.com\/sp\/author\/manager\/"}]}},"_links":{"self":[{"href":"https:\/\/r-islam.com\/sp\/wp-json\/wp\/v2\/posts\/1305","targetHints":{"allow":["GET"]}}],"collection":[{"href":"https:\/\/r-islam.com\/sp\/wp-json\/wp\/v2\/posts"}],"about":[{"href":"https:\/\/r-islam.com\/sp\/wp-json\/wp\/v2\/types\/post"}],"author":[{"embeddable":true,"href":"https:\/\/r-islam.com\/sp\/wp-json\/wp\/v2\/users\/8"}],"replies":[{"embeddable":true,"href":"https:\/\/r-islam.com\/sp\/wp-json\/wp\/v2\/comments?post=1305"}],"version-history":[{"count":0,"href":"https:\/\/r-islam.com\/sp\/wp-json\/wp\/v2\/posts\/1305\/revisions"}],"wp:featuredmedia":[{"embeddable":true,"href":"https:\/\/r-islam.com\/sp\/wp-json\/wp\/v2\/media\/1304"}],"wp:attachment":[{"href":"https:\/\/r-islam.com\/sp\/wp-json\/wp\/v2\/media?parent=1305"}],"wp:term":[{"taxonomy":"category","embeddable":true,"href":"https:\/\/r-islam.com\/sp\/wp-json\/wp\/v2\/categories?post=1305"},{"taxonomy":"post_tag","embeddable":true,"href":"https:\/\/r-islam.com\/sp\/wp-json\/wp\/v2\/tags?post=1305"}],"curies":[{"name":"wp","href":"https:\/\/api.w.org\/{rel}","templated":true}]}}