{"id":1307,"date":"2014-01-07T13:52:49","date_gmt":"2014-01-07T13:52:49","guid":{"rendered":"http:\/\/localhost\/rs\/sp\/2014\/01\/07\/la-realidad-de-los-musulmanes-q-en-la-ii-jornada-sobre-derechos-humanos\/"},"modified":"2014-01-07T13:52:49","modified_gmt":"2014-01-07T13:52:49","slug":"la-realidad-de-los-musulmanes-q-en-la-ii-jornada-sobre-derechos-humanos","status":"publish","type":"post","link":"https:\/\/r-islam.com\/sp\/la-realidad-de-los-musulmanes-q-en-la-ii-jornada-sobre-derechos-humanos\/","title":{"rendered":"La realidad de los musulmanes \u00bb en la II Jornada sobre Derechos Humanos"},"content":{"rendered":"<p style=\"text-align: center;\"><span style=\"font-family: times new roman,times;\"><span style=\"font-size: large;\"><img loading=\"lazy\" decoding=\"async\" class=\" size-full wp-image-1306\" src=\"http:\/\/localhost\/rs\/sp\/wp-content\/uploads\/sites\/9\/2014\/01\/678.jpg\" border=\"0\" width=\"425\" height=\"283\" srcset=\"https:\/\/r-islam.com\/sp\/wp-content\/uploads\/sites\/9\/2014\/01\/678.jpg 425w, https:\/\/r-islam.com\/sp\/wp-content\/uploads\/sites\/9\/2014\/01\/678-300x200.jpg 300w\" sizes=\"auto, (max-width: 425px) 100vw, 425px\" \/><br \/><\/span><\/span><\/p>\n<p style=\"text-align: justify;\"><span style=\"font-family: times new roman,times;\"><span style=\"font-size: large;\"><span style=\"color: #0000ff;\">La realidad de los musulmanes \u00bb en la II Jornada sobre Derechos Humanos<\/span><br \/><\/span><span style=\"font-size: large;\">El imam de la mezquita de Badajoz, y presidente de la Uni\u00f3n de Comunidades Isl\u00e1micas de Extremadura, Adel Najjar ha participado en la II Edici\u00f3n de las Jornadas sobre Derecho Humano, organizadas por el Observatorio de Derechos Humanos del Colegio De Abogados de Badajoz, los d\u00edas 10 y 11 de Diciembre .<\/span> <span style=\"font-size: large;\"><\/p>\n<p>El acto Inaugural ha sido efectuado por el Presidente del Gobierno de Extremadura el Excmo. Sr. Don Jos\u00e9 Antonio Monago Terraza, y con la presencia de numerosos representantes pol\u00edticos de la regi\u00f3n, el presidente de la Diputaci\u00f3n de Badajoz, Valent\u00edn Cort\u00e9s Cabanillas ; el coordinador general de Izquierda Unida Extremadura, Pedro Escobar ; el portavoz del Grupo Parlamentario Socialista en la Asamblea de Extremadura, Valent\u00edn Garc\u00eda; Pedro Nevado Batalla, consejero de Administraci\u00f3n P\u00fablica , y representantes de la Junta de Extremadura y el ayuntamiento de Badajoz .<\/span> <span style=\"font-size: large;\"><\/p>\n<p>Adel Najjar salud\u00f3 al presidente de la Junta De Extremadura y le transmiti\u00f3 su inter\u00e9s para tratar con \u00e9l la situaci\u00f3n de la comunidad musulmana en Extremadura .<\/span> <span style=\"font-size: large;\"><\/p>\n<p>Tambi\u00e9n , Najjar intercambi\u00f3 saludos con el presidente de la Diputaci\u00f3n de Badajoz, manteniendo con \u00e9l unos momentos de charla sobre el apoyo de la Diputaci\u00f3n de Badajoz a los programas sociales y culturales de la comunidad musulmana de Badajoz .<\/span> <span style=\"font-size: large;\"><\/p>\n<p>La intervenci\u00f3n de Najjar ha sido en el segundo d\u00eda de las jornadas,11 a las 5 de la tarde sobre la Realidad de los musulmanes en Extremadura y Espa\u00f1a . haciendo hincapi\u00e9 en el derecho de los musulmanes a tener sus propias instituciones religiosas , marcados en la primera ley (44\/1967, del 28 de junio), la libertas religiosa consolidada en la Constituci\u00f3n del a\u00f1o 1978 , y en la ley org\u00e1nica del 1980 .<\/span> <span style=\"font-size: large;\"><\/p>\n<p>Como destac\u00f3 la importancia del acuerdo de cooperaci\u00f3n entre la Comisi\u00f3n Isl\u00e1mica de Espa\u00f1a y el estado espa\u00f1ol nombrando los derechos concedidos a los musulmanes como el casamiento isl\u00e1mico , la ense\u00f1anza del Islam en la escuelas p\u00fablicas y los cementerios .<\/span> <span style=\"font-size: large;\"><\/p>\n<p>Tambi\u00e9n habl\u00f3 de las dificultades encontradas para llevar a cabo los derechos conseguidos como el cementerio musulm\u00e1n en Extremadura que lleva 14 a\u00f1os sin encontrar una soluci\u00f3n .<\/span> <span style=\"font-size: large;\"><\/p>\n<p><\/span><\/span><span style=\"font-family: times new roman,times;\"><span style=\"font-size: large;\"><span style=\"color: #0000ff;\"><span style=\"font-size: medium;\">Fuente:<\/span><\/span><\/span><\/span><span style=\"color: #0000ff;\"><span style=\"font-family: times new roman,times;\"><span style=\"font-size: medium;\">http:\/\/www.alukah.net\/<\/span><\/span><\/span><\/p>\n","protected":false},"excerpt":{"rendered":"<p>La realidad de los musulmanes \u00bb en la II Jornada sobre Derechos HumanosEl imam de la mezquita de Badajoz, y presidente de la Uni\u00f3n de Comunidades Isl\u00e1micas de Extremadura, Adel Najjar ha participado en la II Edici\u00f3n de las Jornadas sobre Derecho Humano, organizadas por el Observatorio de Derechos Humanos del Colegio De Abogados de &hellip;<\/p>\n","protected":false},"author":8,"featured_media":1306,"comment_status":"open","ping_status":"open","sticky":false,"template":"","format":"standard","meta":{"_monsterinsights_skip_tracking":false,"_monsterinsights_sitenote_active":false,"_monsterinsights_sitenote_note":"","_monsterinsights_sitenote_category":0,"footnotes":""},"categories":[30],"tags":[],"class_list":["post-1307","post","type-post","status-publish","format-standard","has-post-thumbnail","hentry","category-las-noticias"],"yoast_head":"<!-- This site is optimized with the Yoast SEO plugin v27.5 - https:\/\/yoast.com\/product\/yoast-seo-wordpress\/ -->\n<title>La realidad de los musulmanes &quot; en la II Jornada sobre Derechos Humanos - El Islam Verdadero<\/title>\n<meta name=\"robots\" content=\"index, follow, max-snippet:-1, max-image-preview:large, max-video-preview:-1\" \/>\n<link rel=\"canonical\" href=\"https:\/\/r-islam.com\/sp\/la-realidad-de-los-musulmanes-q-en-la-ii-jornada-sobre-derechos-humanos\/\" \/>\n<meta property=\"og:locale\" content=\"es_ES\" \/>\n<meta property=\"og:type\" content=\"article\" \/>\n<meta property=\"og:title\" content=\"La realidad de los musulmanes &quot; en la II Jornada sobre Derechos Humanos - El Islam Verdadero\" \/>\n<meta property=\"og:description\" content=\"La realidad de los musulmanes \u00bb en la II Jornada sobre Derechos HumanosEl imam de la mezquita de Badajoz, y presidente de la Uni\u00f3n de Comunidades Isl\u00e1micas de Extremadura, Adel Najjar ha participado en la II Edici\u00f3n de las Jornadas sobre Derecho Humano, organizadas por el Observatorio de Derechos Humanos del Colegio De Abogados de &hellip;\" \/>\n<meta property=\"og:url\" content=\"https:\/\/r-islam.com\/sp\/la-realidad-de-los-musulmanes-q-en-la-ii-jornada-sobre-derechos-humanos\/\" \/>\n<meta property=\"og:site_name\" content=\"El Islam Verdadero\" \/>\n<meta property=\"article:publisher\" content=\"https:\/\/www.facebook.com\/TheRightislam.SP\/\" \/>\n<meta property=\"article:published_time\" content=\"2014-01-07T13:52:49+00:00\" \/>\n<meta property=\"og:image\" content=\"https:\/\/r-islam.com\/sp\/wp-content\/uploads\/sites\/9\/2014\/01\/678.jpg\" \/>\n\t<meta property=\"og:image:width\" content=\"425\" \/>\n\t<meta property=\"og:image:height\" content=\"283\" \/>\n\t<meta property=\"og:image:type\" content=\"image\/jpeg\" \/>\n<meta name=\"author\" content=\"Manager\" \/>\n<meta name=\"twitter:card\" content=\"summary_large_image\" \/>\n<meta name=\"twitter:creator\" content=\"@verdadeiroIslam\" \/>\n<meta name=\"twitter:site\" content=\"@verdadeiroIslam\" \/>\n<meta name=\"twitter:label1\" content=\"Escrito por\" \/>\n\t<meta name=\"twitter:data1\" content=\"Manager\" \/>\n\t<meta name=\"twitter:label2\" content=\"Tiempo de lectura\" \/>\n\t<meta name=\"twitter:data2\" content=\"2 minutos\" \/>\n<script type=\"application\/ld+json\" class=\"yoast-schema-graph\">{\"@context\":\"https:\\\/\\\/schema.org\",\"@graph\":[{\"@type\":\"Article\",\"@id\":\"https:\\\/\\\/r-islam.com\\\/sp\\\/la-realidad-de-los-musulmanes-q-en-la-ii-jornada-sobre-derechos-humanos\\\/#article\",\"isPartOf\":{\"@id\":\"https:\\\/\\\/r-islam.com\\\/sp\\\/la-realidad-de-los-musulmanes-q-en-la-ii-jornada-sobre-derechos-humanos\\\/\"},\"author\":{\"name\":\"Manager\",\"@id\":\"https:\\\/\\\/r-islam.com\\\/sp\\\/#\\\/schema\\\/person\\\/99684e81f97c64bce3304815161ae7f9\"},\"headline\":\"La realidad de los musulmanes \u00bb en la II Jornada sobre Derechos Humanos\",\"datePublished\":\"2014-01-07T13:52:49+00:00\",\"mainEntityOfPage\":{\"@id\":\"https:\\\/\\\/r-islam.com\\\/sp\\\/la-realidad-de-los-musulmanes-q-en-la-ii-jornada-sobre-derechos-humanos\\\/\"},\"wordCount\":394,\"commentCount\":0,\"publisher\":{\"@id\":\"https:\\\/\\\/r-islam.com\\\/sp\\\/#organization\"},\"image\":{\"@id\":\"https:\\\/\\\/r-islam.com\\\/sp\\\/la-realidad-de-los-musulmanes-q-en-la-ii-jornada-sobre-derechos-humanos\\\/#primaryimage\"},\"thumbnailUrl\":\"https:\\\/\\\/r-islam.com\\\/sp\\\/wp-content\\\/uploads\\\/sites\\\/9\\\/2014\\\/01\\\/678.jpg\",\"articleSection\":[\"las Noticias\"],\"inLanguage\":\"es\",\"potentialAction\":[{\"@type\":\"CommentAction\",\"name\":\"Comment\",\"target\":[\"https:\\\/\\\/r-islam.com\\\/sp\\\/la-realidad-de-los-musulmanes-q-en-la-ii-jornada-sobre-derechos-humanos\\\/#respond\"]}]},{\"@type\":\"WebPage\",\"@id\":\"https:\\\/\\\/r-islam.com\\\/sp\\\/la-realidad-de-los-musulmanes-q-en-la-ii-jornada-sobre-derechos-humanos\\\/\",\"url\":\"https:\\\/\\\/r-islam.com\\\/sp\\\/la-realidad-de-los-musulmanes-q-en-la-ii-jornada-sobre-derechos-humanos\\\/\",\"name\":\"La realidad de los musulmanes \\\" en la II Jornada sobre Derechos Humanos - El Islam Verdadero\",\"isPartOf\":{\"@id\":\"https:\\\/\\\/r-islam.com\\\/sp\\\/#website\"},\"primaryImageOfPage\":{\"@id\":\"https:\\\/\\\/r-islam.com\\\/sp\\\/la-realidad-de-los-musulmanes-q-en-la-ii-jornada-sobre-derechos-humanos\\\/#primaryimage\"},\"image\":{\"@id\":\"https:\\\/\\\/r-islam.com\\\/sp\\\/la-realidad-de-los-musulmanes-q-en-la-ii-jornada-sobre-derechos-humanos\\\/#primaryimage\"},\"thumbnailUrl\":\"https:\\\/\\\/r-islam.com\\\/sp\\\/wp-content\\\/uploads\\\/sites\\\/9\\\/2014\\\/01\\\/678.jpg\",\"datePublished\":\"2014-01-07T13:52:49+00:00\",\"breadcrumb\":{\"@id\":\"https:\\\/\\\/r-islam.com\\\/sp\\\/la-realidad-de-los-musulmanes-q-en-la-ii-jornada-sobre-derechos-humanos\\\/#breadcrumb\"},\"inLanguage\":\"es\",\"potentialAction\":[{\"@type\":\"ReadAction\",\"target\":[\"https:\\\/\\\/r-islam.com\\\/sp\\\/la-realidad-de-los-musulmanes-q-en-la-ii-jornada-sobre-derechos-humanos\\\/\"]}]},{\"@type\":\"ImageObject\",\"inLanguage\":\"es\",\"@id\":\"https:\\\/\\\/r-islam.com\\\/sp\\\/la-realidad-de-los-musulmanes-q-en-la-ii-jornada-sobre-derechos-humanos\\\/#primaryimage\",\"url\":\"https:\\\/\\\/r-islam.com\\\/sp\\\/wp-content\\\/uploads\\\/sites\\\/9\\\/2014\\\/01\\\/678.jpg\",\"contentUrl\":\"https:\\\/\\\/r-islam.com\\\/sp\\\/wp-content\\\/uploads\\\/sites\\\/9\\\/2014\\\/01\\\/678.jpg\",\"width\":425,\"height\":283},{\"@type\":\"BreadcrumbList\",\"@id\":\"https:\\\/\\\/r-islam.com\\\/sp\\\/la-realidad-de-los-musulmanes-q-en-la-ii-jornada-sobre-derechos-humanos\\\/#breadcrumb\",\"itemListElement\":[{\"@type\":\"ListItem\",\"position\":1,\"name\":\"Home\",\"item\":\"https:\\\/\\\/r-islam.com\\\/sp\\\/\"},{\"@type\":\"ListItem\",\"position\":2,\"name\":\"La realidad de los musulmanes \u00bb en la II Jornada sobre Derechos Humanos\"}]},{\"@type\":\"WebSite\",\"@id\":\"https:\\\/\\\/r-islam.com\\\/sp\\\/#website\",\"url\":\"https:\\\/\\\/r-islam.com\\\/sp\\\/\",\"name\":\"El Islam Verdadero\",\"description\":\"\",\"publisher\":{\"@id\":\"https:\\\/\\\/r-islam.com\\\/sp\\\/#organization\"},\"potentialAction\":[{\"@type\":\"SearchAction\",\"target\":{\"@type\":\"EntryPoint\",\"urlTemplate\":\"https:\\\/\\\/r-islam.com\\\/sp\\\/?s={search_term_string}\"},\"query-input\":{\"@type\":\"PropertyValueSpecification\",\"valueRequired\":true,\"valueName\":\"search_term_string\"}}],\"inLanguage\":\"es\"},{\"@type\":\"Organization\",\"@id\":\"https:\\\/\\\/r-islam.com\\\/sp\\\/#organization\",\"name\":\"El Islam Verdadero\",\"url\":\"https:\\\/\\\/r-islam.com\\\/sp\\\/\",\"logo\":{\"@type\":\"ImageObject\",\"inLanguage\":\"es\",\"@id\":\"https:\\\/\\\/r-islam.com\\\/sp\\\/#\\\/schema\\\/logo\\\/image\\\/\",\"url\":\"https:\\\/\\\/r-islam.com\\\/sp\\\/wp-content\\\/uploads\\\/sites\\\/9\\\/2024\\\/03\\\/logo-small.jpg\",\"contentUrl\":\"https:\\\/\\\/r-islam.com\\\/sp\\\/wp-content\\\/uploads\\\/sites\\\/9\\\/2024\\\/03\\\/logo-small.jpg\",\"width\":180,\"height\":180,\"caption\":\"El Islam Verdadero\"},\"image\":{\"@id\":\"https:\\\/\\\/r-islam.com\\\/sp\\\/#\\\/schema\\\/logo\\\/image\\\/\"},\"sameAs\":[\"https:\\\/\\\/www.facebook.com\\\/TheRightislam.SP\\\/\",\"https:\\\/\\\/x.com\\\/verdadeiroIslam\"]},{\"@type\":\"Person\",\"@id\":\"https:\\\/\\\/r-islam.com\\\/sp\\\/#\\\/schema\\\/person\\\/99684e81f97c64bce3304815161ae7f9\",\"name\":\"Manager\",\"image\":{\"@type\":\"ImageObject\",\"inLanguage\":\"es\",\"@id\":\"https:\\\/\\\/secure.gravatar.com\\\/avatar\\\/579db8560f09b719ddf386ef68ec06606f5fc8a1d86afe8937e75a6771cca91f?s=96&d=mm&r=g\",\"url\":\"https:\\\/\\\/secure.gravatar.com\\\/avatar\\\/579db8560f09b719ddf386ef68ec06606f5fc8a1d86afe8937e75a6771cca91f?s=96&d=mm&r=g\",\"contentUrl\":\"https:\\\/\\\/secure.gravatar.com\\\/avatar\\\/579db8560f09b719ddf386ef68ec06606f5fc8a1d86afe8937e75a6771cca91f?s=96&d=mm&r=g\",\"caption\":\"Manager\"},\"url\":\"https:\\\/\\\/r-islam.com\\\/sp\\\/author\\\/manager\\\/\"}]}<\/script>\n<!-- \/ Yoast SEO plugin. -->","yoast_head_json":{"title":"La realidad de los musulmanes \" en la II Jornada sobre Derechos Humanos - El Islam Verdadero","robots":{"index":"index","follow":"follow","max-snippet":"max-snippet:-1","max-image-preview":"max-image-preview:large","max-video-preview":"max-video-preview:-1"},"canonical":"https:\/\/r-islam.com\/sp\/la-realidad-de-los-musulmanes-q-en-la-ii-jornada-sobre-derechos-humanos\/","og_locale":"es_ES","og_type":"article","og_title":"La realidad de los musulmanes \" en la II Jornada sobre Derechos Humanos - El Islam Verdadero","og_description":"La realidad de los musulmanes \u00bb en la II Jornada sobre Derechos HumanosEl imam de la mezquita de Badajoz, y presidente de la Uni\u00f3n de Comunidades Isl\u00e1micas de Extremadura, Adel Najjar ha participado en la II Edici\u00f3n de las Jornadas sobre Derecho Humano, organizadas por el Observatorio de Derechos Humanos del Colegio De Abogados de &hellip;","og_url":"https:\/\/r-islam.com\/sp\/la-realidad-de-los-musulmanes-q-en-la-ii-jornada-sobre-derechos-humanos\/","og_site_name":"El Islam Verdadero","article_publisher":"https:\/\/www.facebook.com\/TheRightislam.SP\/","article_published_time":"2014-01-07T13:52:49+00:00","og_image":[{"width":425,"height":283,"url":"https:\/\/r-islam.com\/sp\/wp-content\/uploads\/sites\/9\/2014\/01\/678.jpg","type":"image\/jpeg"}],"author":"Manager","twitter_card":"summary_large_image","twitter_creator":"@verdadeiroIslam","twitter_site":"@verdadeiroIslam","twitter_misc":{"Escrito por":"Manager","Tiempo de lectura":"2 minutos"},"schema":{"@context":"https:\/\/schema.org","@graph":[{"@type":"Article","@id":"https:\/\/r-islam.com\/sp\/la-realidad-de-los-musulmanes-q-en-la-ii-jornada-sobre-derechos-humanos\/#article","isPartOf":{"@id":"https:\/\/r-islam.com\/sp\/la-realidad-de-los-musulmanes-q-en-la-ii-jornada-sobre-derechos-humanos\/"},"author":{"name":"Manager","@id":"https:\/\/r-islam.com\/sp\/#\/schema\/person\/99684e81f97c64bce3304815161ae7f9"},"headline":"La realidad de los musulmanes \u00bb en la II Jornada sobre Derechos Humanos","datePublished":"2014-01-07T13:52:49+00:00","mainEntityOfPage":{"@id":"https:\/\/r-islam.com\/sp\/la-realidad-de-los-musulmanes-q-en-la-ii-jornada-sobre-derechos-humanos\/"},"wordCount":394,"commentCount":0,"publisher":{"@id":"https:\/\/r-islam.com\/sp\/#organization"},"image":{"@id":"https:\/\/r-islam.com\/sp\/la-realidad-de-los-musulmanes-q-en-la-ii-jornada-sobre-derechos-humanos\/#primaryimage"},"thumbnailUrl":"https:\/\/r-islam.com\/sp\/wp-content\/uploads\/sites\/9\/2014\/01\/678.jpg","articleSection":["las Noticias"],"inLanguage":"es","potentialAction":[{"@type":"CommentAction","name":"Comment","target":["https:\/\/r-islam.com\/sp\/la-realidad-de-los-musulmanes-q-en-la-ii-jornada-sobre-derechos-humanos\/#respond"]}]},{"@type":"WebPage","@id":"https:\/\/r-islam.com\/sp\/la-realidad-de-los-musulmanes-q-en-la-ii-jornada-sobre-derechos-humanos\/","url":"https:\/\/r-islam.com\/sp\/la-realidad-de-los-musulmanes-q-en-la-ii-jornada-sobre-derechos-humanos\/","name":"La realidad de los musulmanes \" en la II Jornada sobre Derechos Humanos - El Islam Verdadero","isPartOf":{"@id":"https:\/\/r-islam.com\/sp\/#website"},"primaryImageOfPage":{"@id":"https:\/\/r-islam.com\/sp\/la-realidad-de-los-musulmanes-q-en-la-ii-jornada-sobre-derechos-humanos\/#primaryimage"},"image":{"@id":"https:\/\/r-islam.com\/sp\/la-realidad-de-los-musulmanes-q-en-la-ii-jornada-sobre-derechos-humanos\/#primaryimage"},"thumbnailUrl":"https:\/\/r-islam.com\/sp\/wp-content\/uploads\/sites\/9\/2014\/01\/678.jpg","datePublished":"2014-01-07T13:52:49+00:00","breadcrumb":{"@id":"https:\/\/r-islam.com\/sp\/la-realidad-de-los-musulmanes-q-en-la-ii-jornada-sobre-derechos-humanos\/#breadcrumb"},"inLanguage":"es","potentialAction":[{"@type":"ReadAction","target":["https:\/\/r-islam.com\/sp\/la-realidad-de-los-musulmanes-q-en-la-ii-jornada-sobre-derechos-humanos\/"]}]},{"@type":"ImageObject","inLanguage":"es","@id":"https:\/\/r-islam.com\/sp\/la-realidad-de-los-musulmanes-q-en-la-ii-jornada-sobre-derechos-humanos\/#primaryimage","url":"https:\/\/r-islam.com\/sp\/wp-content\/uploads\/sites\/9\/2014\/01\/678.jpg","contentUrl":"https:\/\/r-islam.com\/sp\/wp-content\/uploads\/sites\/9\/2014\/01\/678.jpg","width":425,"height":283},{"@type":"BreadcrumbList","@id":"https:\/\/r-islam.com\/sp\/la-realidad-de-los-musulmanes-q-en-la-ii-jornada-sobre-derechos-humanos\/#breadcrumb","itemListElement":[{"@type":"ListItem","position":1,"name":"Home","item":"https:\/\/r-islam.com\/sp\/"},{"@type":"ListItem","position":2,"name":"La realidad de los musulmanes \u00bb en la II Jornada sobre Derechos Humanos"}]},{"@type":"WebSite","@id":"https:\/\/r-islam.com\/sp\/#website","url":"https:\/\/r-islam.com\/sp\/","name":"El Islam Verdadero","description":"","publisher":{"@id":"https:\/\/r-islam.com\/sp\/#organization"},"potentialAction":[{"@type":"SearchAction","target":{"@type":"EntryPoint","urlTemplate":"https:\/\/r-islam.com\/sp\/?s={search_term_string}"},"query-input":{"@type":"PropertyValueSpecification","valueRequired":true,"valueName":"search_term_string"}}],"inLanguage":"es"},{"@type":"Organization","@id":"https:\/\/r-islam.com\/sp\/#organization","name":"El Islam Verdadero","url":"https:\/\/r-islam.com\/sp\/","logo":{"@type":"ImageObject","inLanguage":"es","@id":"https:\/\/r-islam.com\/sp\/#\/schema\/logo\/image\/","url":"https:\/\/r-islam.com\/sp\/wp-content\/uploads\/sites\/9\/2024\/03\/logo-small.jpg","contentUrl":"https:\/\/r-islam.com\/sp\/wp-content\/uploads\/sites\/9\/2024\/03\/logo-small.jpg","width":180,"height":180,"caption":"El Islam Verdadero"},"image":{"@id":"https:\/\/r-islam.com\/sp\/#\/schema\/logo\/image\/"},"sameAs":["https:\/\/www.facebook.com\/TheRightislam.SP\/","https:\/\/x.com\/verdadeiroIslam"]},{"@type":"Person","@id":"https:\/\/r-islam.com\/sp\/#\/schema\/person\/99684e81f97c64bce3304815161ae7f9","name":"Manager","image":{"@type":"ImageObject","inLanguage":"es","@id":"https:\/\/secure.gravatar.com\/avatar\/579db8560f09b719ddf386ef68ec06606f5fc8a1d86afe8937e75a6771cca91f?s=96&d=mm&r=g","url":"https:\/\/secure.gravatar.com\/avatar\/579db8560f09b719ddf386ef68ec06606f5fc8a1d86afe8937e75a6771cca91f?s=96&d=mm&r=g","contentUrl":"https:\/\/secure.gravatar.com\/avatar\/579db8560f09b719ddf386ef68ec06606f5fc8a1d86afe8937e75a6771cca91f?s=96&d=mm&r=g","caption":"Manager"},"url":"https:\/\/r-islam.com\/sp\/author\/manager\/"}]}},"_links":{"self":[{"href":"https:\/\/r-islam.com\/sp\/wp-json\/wp\/v2\/posts\/1307","targetHints":{"allow":["GET"]}}],"collection":[{"href":"https:\/\/r-islam.com\/sp\/wp-json\/wp\/v2\/posts"}],"about":[{"href":"https:\/\/r-islam.com\/sp\/wp-json\/wp\/v2\/types\/post"}],"author":[{"embeddable":true,"href":"https:\/\/r-islam.com\/sp\/wp-json\/wp\/v2\/users\/8"}],"replies":[{"embeddable":true,"href":"https:\/\/r-islam.com\/sp\/wp-json\/wp\/v2\/comments?post=1307"}],"version-history":[{"count":0,"href":"https:\/\/r-islam.com\/sp\/wp-json\/wp\/v2\/posts\/1307\/revisions"}],"wp:featuredmedia":[{"embeddable":true,"href":"https:\/\/r-islam.com\/sp\/wp-json\/wp\/v2\/media\/1306"}],"wp:attachment":[{"href":"https:\/\/r-islam.com\/sp\/wp-json\/wp\/v2\/media?parent=1307"}],"wp:term":[{"taxonomy":"category","embeddable":true,"href":"https:\/\/r-islam.com\/sp\/wp-json\/wp\/v2\/categories?post=1307"},{"taxonomy":"post_tag","embeddable":true,"href":"https:\/\/r-islam.com\/sp\/wp-json\/wp\/v2\/tags?post=1307"}],"curies":[{"name":"wp","href":"https:\/\/api.w.org\/{rel}","templated":true}]}}