{"id":1353,"date":"2014-04-29T14:18:41","date_gmt":"2014-04-29T14:18:41","guid":{"rendered":"http:\/\/localhost\/rs\/sp\/2014\/04\/29\/la-convivencia-en-la-mezquita-de-badajoz-vision-de-una-visitante-pacense\/"},"modified":"2014-04-29T14:18:41","modified_gmt":"2014-04-29T14:18:41","slug":"la-convivencia-en-la-mezquita-de-badajoz-vision-de-una-visitante-pacense","status":"publish","type":"post","link":"https:\/\/r-islam.com\/sp\/la-convivencia-en-la-mezquita-de-badajoz-vision-de-una-visitante-pacense\/","title":{"rendered":"La convivencia en la mezquita de Badajoz : visi\u00f3n de una visitante pacense"},"content":{"rendered":"<p style=\"text-align: center;\"><span style=\"font-family: times new roman,times;\"><span style=\"font-size: large;\"><img loading=\"lazy\" decoding=\"async\" class=\" size-full wp-image-1352\" src=\"http:\/\/localhost\/rs\/sp\/wp-content\/uploads\/sites\/9\/2014\/04\/710.jpg\" border=\"0\" width=\"482\" height=\"283\" srcset=\"https:\/\/r-islam.com\/sp\/wp-content\/uploads\/sites\/9\/2014\/04\/710.jpg 482w, https:\/\/r-islam.com\/sp\/wp-content\/uploads\/sites\/9\/2014\/04\/710-300x176.jpg 300w\" sizes=\"auto, (max-width: 482px) 100vw, 482px\" \/><br \/><\/span><\/span><\/p>\n<p style=\"text-align: justify;\"><span style=\"font-family: times new roman,times;\"><\/span><span style=\"font-family: times new roman,times;\"><span style=\"font-size: large;\">Una agradable jornada de convivencia con la comunidad musulmana de Badajoz es lo que vivieron los alumnos de 1\u00ba y 5\u00ba de UMEX, acompa\u00f1ados del profesor de Sociolog\u00eda Fernando Gonz\u00e1lez Pozuelo.<\/p>\n<p><\/span><\/span> <span style=\"font-family: times new roman,times;\"><span style=\"font-size: large;\">A nuestra llega a la Mezquita que tienen en la calle Gurug\u00fa, fuimos recibidos por el Im\u00e1n Adel Najjar, Presidente de la Uni\u00f3n de Comunidades Isl\u00e1micas de Extremadura, por su compa\u00f1ero y ayudante Juer y por algunos vecinos que se sumaron al encuentro.<\/p>\n<p><\/span><\/span> <span style=\"font-family: times new roman,times;\"><span style=\"font-size: large;\">En primer lugar, el profesor Pozuelo se dirigi\u00f3 a los presentes para informar sobre la religi\u00f3n musulmana, alejar algunos t\u00f3picos y acercarnos a la comunidad m\u00e1s numerosa que tenemos en Espa\u00f1a, 1.600.000, mayor a\u00fan que la sudamericana, explicando adem\u00e1s, los cinco principios fundamentales de su religi\u00f3n .<\/p>\n<p><\/span><\/span> <span style=\"font-family: times new roman,times;\"><span style=\"font-size: large;\">El Im\u00e1n Adel Najjar dijo que esta visita es el resultado de un trabajo que llevan ejerciendo en Extremadura m\u00e1s de veinte a\u00f1os, que si ellos rezan tambi\u00e9n tienen que ser capaces de conseguir la convivencia con sus vecinos.<\/p>\n<p><\/span><\/span><\/p>\n<p style=\"text-align: justify;\"><span style=\"font-family: times new roman,times;\"><span style=\"color: #0000ff;\"><span style=\"font-size: medium;\">http:\/\/www.alukah.net<\/span><\/span><\/span><\/p>\n","protected":false},"excerpt":{"rendered":"<p>Una agradable jornada de convivencia con la comunidad musulmana de Badajoz es lo que vivieron los alumnos de 1\u00ba y 5\u00ba de UMEX, acompa\u00f1ados del profesor de Sociolog\u00eda Fernando Gonz\u00e1lez Pozuelo. A nuestra llega a la Mezquita que tienen en la calle Gurug\u00fa, fuimos recibidos por el Im\u00e1n Adel Najjar, Presidente de la Uni\u00f3n de &hellip;<\/p>\n","protected":false},"author":8,"featured_media":1352,"comment_status":"open","ping_status":"open","sticky":false,"template":"","format":"standard","meta":{"_monsterinsights_skip_tracking":false,"_monsterinsights_sitenote_active":false,"_monsterinsights_sitenote_note":"","_monsterinsights_sitenote_category":0,"footnotes":""},"categories":[30],"tags":[],"class_list":["post-1353","post","type-post","status-publish","format-standard","has-post-thumbnail","hentry","category-las-noticias"],"yoast_head":"<!-- This site is optimized with the Yoast SEO plugin v27.5 - https:\/\/yoast.com\/product\/yoast-seo-wordpress\/ -->\n<title>La convivencia en la mezquita de Badajoz : visi\u00f3n de una visitante pacense - El Islam Verdadero<\/title>\n<meta name=\"robots\" content=\"index, follow, max-snippet:-1, max-image-preview:large, max-video-preview:-1\" \/>\n<link rel=\"canonical\" href=\"https:\/\/r-islam.com\/sp\/la-convivencia-en-la-mezquita-de-badajoz-vision-de-una-visitante-pacense\/\" \/>\n<meta property=\"og:locale\" content=\"es_ES\" \/>\n<meta property=\"og:type\" content=\"article\" \/>\n<meta property=\"og:title\" content=\"La convivencia en la mezquita de Badajoz : visi\u00f3n de una visitante pacense - El Islam Verdadero\" \/>\n<meta property=\"og:description\" content=\"Una agradable jornada de convivencia con la comunidad musulmana de Badajoz es lo que vivieron los alumnos de 1\u00ba y 5\u00ba de UMEX, acompa\u00f1ados del profesor de Sociolog\u00eda Fernando Gonz\u00e1lez Pozuelo. A nuestra llega a la Mezquita que tienen en la calle Gurug\u00fa, fuimos recibidos por el Im\u00e1n Adel Najjar, Presidente de la Uni\u00f3n de &hellip;\" \/>\n<meta property=\"og:url\" content=\"https:\/\/r-islam.com\/sp\/la-convivencia-en-la-mezquita-de-badajoz-vision-de-una-visitante-pacense\/\" \/>\n<meta property=\"og:site_name\" content=\"El Islam Verdadero\" \/>\n<meta property=\"article:publisher\" content=\"https:\/\/www.facebook.com\/TheRightislam.SP\/\" \/>\n<meta property=\"article:published_time\" content=\"2014-04-29T14:18:41+00:00\" \/>\n<meta property=\"og:image\" content=\"https:\/\/r-islam.com\/sp\/wp-content\/uploads\/sites\/9\/2014\/04\/710.jpg\" \/>\n\t<meta property=\"og:image:width\" content=\"482\" \/>\n\t<meta property=\"og:image:height\" content=\"283\" \/>\n\t<meta property=\"og:image:type\" content=\"image\/jpeg\" \/>\n<meta name=\"author\" content=\"Manager\" \/>\n<meta name=\"twitter:card\" content=\"summary_large_image\" \/>\n<meta name=\"twitter:creator\" content=\"@verdadeiroIslam\" \/>\n<meta name=\"twitter:site\" content=\"@verdadeiroIslam\" \/>\n<meta name=\"twitter:label1\" content=\"Escrito por\" \/>\n\t<meta name=\"twitter:data1\" content=\"Manager\" \/>\n\t<meta name=\"twitter:label2\" content=\"Tiempo de lectura\" \/>\n\t<meta name=\"twitter:data2\" content=\"1 minuto\" \/>\n<script type=\"application\/ld+json\" class=\"yoast-schema-graph\">{\"@context\":\"https:\\\/\\\/schema.org\",\"@graph\":[{\"@type\":\"Article\",\"@id\":\"https:\\\/\\\/r-islam.com\\\/sp\\\/la-convivencia-en-la-mezquita-de-badajoz-vision-de-una-visitante-pacense\\\/#article\",\"isPartOf\":{\"@id\":\"https:\\\/\\\/r-islam.com\\\/sp\\\/la-convivencia-en-la-mezquita-de-badajoz-vision-de-una-visitante-pacense\\\/\"},\"author\":{\"name\":\"Manager\",\"@id\":\"https:\\\/\\\/r-islam.com\\\/sp\\\/#\\\/schema\\\/person\\\/99684e81f97c64bce3304815161ae7f9\"},\"headline\":\"La convivencia en la mezquita de Badajoz : visi\u00f3n de una visitante pacense\",\"datePublished\":\"2014-04-29T14:18:41+00:00\",\"mainEntityOfPage\":{\"@id\":\"https:\\\/\\\/r-islam.com\\\/sp\\\/la-convivencia-en-la-mezquita-de-badajoz-vision-de-una-visitante-pacense\\\/\"},\"wordCount\":191,\"commentCount\":0,\"publisher\":{\"@id\":\"https:\\\/\\\/r-islam.com\\\/sp\\\/#organization\"},\"image\":{\"@id\":\"https:\\\/\\\/r-islam.com\\\/sp\\\/la-convivencia-en-la-mezquita-de-badajoz-vision-de-una-visitante-pacense\\\/#primaryimage\"},\"thumbnailUrl\":\"https:\\\/\\\/r-islam.com\\\/sp\\\/wp-content\\\/uploads\\\/sites\\\/9\\\/2014\\\/04\\\/710.jpg\",\"articleSection\":[\"las Noticias\"],\"inLanguage\":\"es\",\"potentialAction\":[{\"@type\":\"CommentAction\",\"name\":\"Comment\",\"target\":[\"https:\\\/\\\/r-islam.com\\\/sp\\\/la-convivencia-en-la-mezquita-de-badajoz-vision-de-una-visitante-pacense\\\/#respond\"]}]},{\"@type\":\"WebPage\",\"@id\":\"https:\\\/\\\/r-islam.com\\\/sp\\\/la-convivencia-en-la-mezquita-de-badajoz-vision-de-una-visitante-pacense\\\/\",\"url\":\"https:\\\/\\\/r-islam.com\\\/sp\\\/la-convivencia-en-la-mezquita-de-badajoz-vision-de-una-visitante-pacense\\\/\",\"name\":\"La convivencia en la mezquita de Badajoz : visi\u00f3n de una visitante pacense - El Islam Verdadero\",\"isPartOf\":{\"@id\":\"https:\\\/\\\/r-islam.com\\\/sp\\\/#website\"},\"primaryImageOfPage\":{\"@id\":\"https:\\\/\\\/r-islam.com\\\/sp\\\/la-convivencia-en-la-mezquita-de-badajoz-vision-de-una-visitante-pacense\\\/#primaryimage\"},\"image\":{\"@id\":\"https:\\\/\\\/r-islam.com\\\/sp\\\/la-convivencia-en-la-mezquita-de-badajoz-vision-de-una-visitante-pacense\\\/#primaryimage\"},\"thumbnailUrl\":\"https:\\\/\\\/r-islam.com\\\/sp\\\/wp-content\\\/uploads\\\/sites\\\/9\\\/2014\\\/04\\\/710.jpg\",\"datePublished\":\"2014-04-29T14:18:41+00:00\",\"breadcrumb\":{\"@id\":\"https:\\\/\\\/r-islam.com\\\/sp\\\/la-convivencia-en-la-mezquita-de-badajoz-vision-de-una-visitante-pacense\\\/#breadcrumb\"},\"inLanguage\":\"es\",\"potentialAction\":[{\"@type\":\"ReadAction\",\"target\":[\"https:\\\/\\\/r-islam.com\\\/sp\\\/la-convivencia-en-la-mezquita-de-badajoz-vision-de-una-visitante-pacense\\\/\"]}]},{\"@type\":\"ImageObject\",\"inLanguage\":\"es\",\"@id\":\"https:\\\/\\\/r-islam.com\\\/sp\\\/la-convivencia-en-la-mezquita-de-badajoz-vision-de-una-visitante-pacense\\\/#primaryimage\",\"url\":\"https:\\\/\\\/r-islam.com\\\/sp\\\/wp-content\\\/uploads\\\/sites\\\/9\\\/2014\\\/04\\\/710.jpg\",\"contentUrl\":\"https:\\\/\\\/r-islam.com\\\/sp\\\/wp-content\\\/uploads\\\/sites\\\/9\\\/2014\\\/04\\\/710.jpg\",\"width\":482,\"height\":283},{\"@type\":\"BreadcrumbList\",\"@id\":\"https:\\\/\\\/r-islam.com\\\/sp\\\/la-convivencia-en-la-mezquita-de-badajoz-vision-de-una-visitante-pacense\\\/#breadcrumb\",\"itemListElement\":[{\"@type\":\"ListItem\",\"position\":1,\"name\":\"Home\",\"item\":\"https:\\\/\\\/r-islam.com\\\/sp\\\/\"},{\"@type\":\"ListItem\",\"position\":2,\"name\":\"La convivencia en la mezquita de Badajoz : visi\u00f3n de una visitante pacense\"}]},{\"@type\":\"WebSite\",\"@id\":\"https:\\\/\\\/r-islam.com\\\/sp\\\/#website\",\"url\":\"https:\\\/\\\/r-islam.com\\\/sp\\\/\",\"name\":\"El Islam Verdadero\",\"description\":\"\",\"publisher\":{\"@id\":\"https:\\\/\\\/r-islam.com\\\/sp\\\/#organization\"},\"potentialAction\":[{\"@type\":\"SearchAction\",\"target\":{\"@type\":\"EntryPoint\",\"urlTemplate\":\"https:\\\/\\\/r-islam.com\\\/sp\\\/?s={search_term_string}\"},\"query-input\":{\"@type\":\"PropertyValueSpecification\",\"valueRequired\":true,\"valueName\":\"search_term_string\"}}],\"inLanguage\":\"es\"},{\"@type\":\"Organization\",\"@id\":\"https:\\\/\\\/r-islam.com\\\/sp\\\/#organization\",\"name\":\"El Islam Verdadero\",\"url\":\"https:\\\/\\\/r-islam.com\\\/sp\\\/\",\"logo\":{\"@type\":\"ImageObject\",\"inLanguage\":\"es\",\"@id\":\"https:\\\/\\\/r-islam.com\\\/sp\\\/#\\\/schema\\\/logo\\\/image\\\/\",\"url\":\"https:\\\/\\\/r-islam.com\\\/sp\\\/wp-content\\\/uploads\\\/sites\\\/9\\\/2024\\\/03\\\/logo-small.jpg\",\"contentUrl\":\"https:\\\/\\\/r-islam.com\\\/sp\\\/wp-content\\\/uploads\\\/sites\\\/9\\\/2024\\\/03\\\/logo-small.jpg\",\"width\":180,\"height\":180,\"caption\":\"El Islam Verdadero\"},\"image\":{\"@id\":\"https:\\\/\\\/r-islam.com\\\/sp\\\/#\\\/schema\\\/logo\\\/image\\\/\"},\"sameAs\":[\"https:\\\/\\\/www.facebook.com\\\/TheRightislam.SP\\\/\",\"https:\\\/\\\/x.com\\\/verdadeiroIslam\"]},{\"@type\":\"Person\",\"@id\":\"https:\\\/\\\/r-islam.com\\\/sp\\\/#\\\/schema\\\/person\\\/99684e81f97c64bce3304815161ae7f9\",\"name\":\"Manager\",\"image\":{\"@type\":\"ImageObject\",\"inLanguage\":\"es\",\"@id\":\"https:\\\/\\\/secure.gravatar.com\\\/avatar\\\/579db8560f09b719ddf386ef68ec06606f5fc8a1d86afe8937e75a6771cca91f?s=96&d=mm&r=g\",\"url\":\"https:\\\/\\\/secure.gravatar.com\\\/avatar\\\/579db8560f09b719ddf386ef68ec06606f5fc8a1d86afe8937e75a6771cca91f?s=96&d=mm&r=g\",\"contentUrl\":\"https:\\\/\\\/secure.gravatar.com\\\/avatar\\\/579db8560f09b719ddf386ef68ec06606f5fc8a1d86afe8937e75a6771cca91f?s=96&d=mm&r=g\",\"caption\":\"Manager\"},\"url\":\"https:\\\/\\\/r-islam.com\\\/sp\\\/author\\\/manager\\\/\"}]}<\/script>\n<!-- \/ Yoast SEO plugin. -->","yoast_head_json":{"title":"La convivencia en la mezquita de Badajoz : visi\u00f3n de una visitante pacense - El Islam Verdadero","robots":{"index":"index","follow":"follow","max-snippet":"max-snippet:-1","max-image-preview":"max-image-preview:large","max-video-preview":"max-video-preview:-1"},"canonical":"https:\/\/r-islam.com\/sp\/la-convivencia-en-la-mezquita-de-badajoz-vision-de-una-visitante-pacense\/","og_locale":"es_ES","og_type":"article","og_title":"La convivencia en la mezquita de Badajoz : visi\u00f3n de una visitante pacense - El Islam Verdadero","og_description":"Una agradable jornada de convivencia con la comunidad musulmana de Badajoz es lo que vivieron los alumnos de 1\u00ba y 5\u00ba de UMEX, acompa\u00f1ados del profesor de Sociolog\u00eda Fernando Gonz\u00e1lez Pozuelo. A nuestra llega a la Mezquita que tienen en la calle Gurug\u00fa, fuimos recibidos por el Im\u00e1n Adel Najjar, Presidente de la Uni\u00f3n de &hellip;","og_url":"https:\/\/r-islam.com\/sp\/la-convivencia-en-la-mezquita-de-badajoz-vision-de-una-visitante-pacense\/","og_site_name":"El Islam Verdadero","article_publisher":"https:\/\/www.facebook.com\/TheRightislam.SP\/","article_published_time":"2014-04-29T14:18:41+00:00","og_image":[{"width":482,"height":283,"url":"https:\/\/r-islam.com\/sp\/wp-content\/uploads\/sites\/9\/2014\/04\/710.jpg","type":"image\/jpeg"}],"author":"Manager","twitter_card":"summary_large_image","twitter_creator":"@verdadeiroIslam","twitter_site":"@verdadeiroIslam","twitter_misc":{"Escrito por":"Manager","Tiempo de lectura":"1 minuto"},"schema":{"@context":"https:\/\/schema.org","@graph":[{"@type":"Article","@id":"https:\/\/r-islam.com\/sp\/la-convivencia-en-la-mezquita-de-badajoz-vision-de-una-visitante-pacense\/#article","isPartOf":{"@id":"https:\/\/r-islam.com\/sp\/la-convivencia-en-la-mezquita-de-badajoz-vision-de-una-visitante-pacense\/"},"author":{"name":"Manager","@id":"https:\/\/r-islam.com\/sp\/#\/schema\/person\/99684e81f97c64bce3304815161ae7f9"},"headline":"La convivencia en la mezquita de Badajoz : visi\u00f3n de una visitante pacense","datePublished":"2014-04-29T14:18:41+00:00","mainEntityOfPage":{"@id":"https:\/\/r-islam.com\/sp\/la-convivencia-en-la-mezquita-de-badajoz-vision-de-una-visitante-pacense\/"},"wordCount":191,"commentCount":0,"publisher":{"@id":"https:\/\/r-islam.com\/sp\/#organization"},"image":{"@id":"https:\/\/r-islam.com\/sp\/la-convivencia-en-la-mezquita-de-badajoz-vision-de-una-visitante-pacense\/#primaryimage"},"thumbnailUrl":"https:\/\/r-islam.com\/sp\/wp-content\/uploads\/sites\/9\/2014\/04\/710.jpg","articleSection":["las Noticias"],"inLanguage":"es","potentialAction":[{"@type":"CommentAction","name":"Comment","target":["https:\/\/r-islam.com\/sp\/la-convivencia-en-la-mezquita-de-badajoz-vision-de-una-visitante-pacense\/#respond"]}]},{"@type":"WebPage","@id":"https:\/\/r-islam.com\/sp\/la-convivencia-en-la-mezquita-de-badajoz-vision-de-una-visitante-pacense\/","url":"https:\/\/r-islam.com\/sp\/la-convivencia-en-la-mezquita-de-badajoz-vision-de-una-visitante-pacense\/","name":"La convivencia en la mezquita de Badajoz : visi\u00f3n de una visitante pacense - El Islam Verdadero","isPartOf":{"@id":"https:\/\/r-islam.com\/sp\/#website"},"primaryImageOfPage":{"@id":"https:\/\/r-islam.com\/sp\/la-convivencia-en-la-mezquita-de-badajoz-vision-de-una-visitante-pacense\/#primaryimage"},"image":{"@id":"https:\/\/r-islam.com\/sp\/la-convivencia-en-la-mezquita-de-badajoz-vision-de-una-visitante-pacense\/#primaryimage"},"thumbnailUrl":"https:\/\/r-islam.com\/sp\/wp-content\/uploads\/sites\/9\/2014\/04\/710.jpg","datePublished":"2014-04-29T14:18:41+00:00","breadcrumb":{"@id":"https:\/\/r-islam.com\/sp\/la-convivencia-en-la-mezquita-de-badajoz-vision-de-una-visitante-pacense\/#breadcrumb"},"inLanguage":"es","potentialAction":[{"@type":"ReadAction","target":["https:\/\/r-islam.com\/sp\/la-convivencia-en-la-mezquita-de-badajoz-vision-de-una-visitante-pacense\/"]}]},{"@type":"ImageObject","inLanguage":"es","@id":"https:\/\/r-islam.com\/sp\/la-convivencia-en-la-mezquita-de-badajoz-vision-de-una-visitante-pacense\/#primaryimage","url":"https:\/\/r-islam.com\/sp\/wp-content\/uploads\/sites\/9\/2014\/04\/710.jpg","contentUrl":"https:\/\/r-islam.com\/sp\/wp-content\/uploads\/sites\/9\/2014\/04\/710.jpg","width":482,"height":283},{"@type":"BreadcrumbList","@id":"https:\/\/r-islam.com\/sp\/la-convivencia-en-la-mezquita-de-badajoz-vision-de-una-visitante-pacense\/#breadcrumb","itemListElement":[{"@type":"ListItem","position":1,"name":"Home","item":"https:\/\/r-islam.com\/sp\/"},{"@type":"ListItem","position":2,"name":"La convivencia en la mezquita de Badajoz : visi\u00f3n de una visitante pacense"}]},{"@type":"WebSite","@id":"https:\/\/r-islam.com\/sp\/#website","url":"https:\/\/r-islam.com\/sp\/","name":"El Islam Verdadero","description":"","publisher":{"@id":"https:\/\/r-islam.com\/sp\/#organization"},"potentialAction":[{"@type":"SearchAction","target":{"@type":"EntryPoint","urlTemplate":"https:\/\/r-islam.com\/sp\/?s={search_term_string}"},"query-input":{"@type":"PropertyValueSpecification","valueRequired":true,"valueName":"search_term_string"}}],"inLanguage":"es"},{"@type":"Organization","@id":"https:\/\/r-islam.com\/sp\/#organization","name":"El Islam Verdadero","url":"https:\/\/r-islam.com\/sp\/","logo":{"@type":"ImageObject","inLanguage":"es","@id":"https:\/\/r-islam.com\/sp\/#\/schema\/logo\/image\/","url":"https:\/\/r-islam.com\/sp\/wp-content\/uploads\/sites\/9\/2024\/03\/logo-small.jpg","contentUrl":"https:\/\/r-islam.com\/sp\/wp-content\/uploads\/sites\/9\/2024\/03\/logo-small.jpg","width":180,"height":180,"caption":"El Islam Verdadero"},"image":{"@id":"https:\/\/r-islam.com\/sp\/#\/schema\/logo\/image\/"},"sameAs":["https:\/\/www.facebook.com\/TheRightislam.SP\/","https:\/\/x.com\/verdadeiroIslam"]},{"@type":"Person","@id":"https:\/\/r-islam.com\/sp\/#\/schema\/person\/99684e81f97c64bce3304815161ae7f9","name":"Manager","image":{"@type":"ImageObject","inLanguage":"es","@id":"https:\/\/secure.gravatar.com\/avatar\/579db8560f09b719ddf386ef68ec06606f5fc8a1d86afe8937e75a6771cca91f?s=96&d=mm&r=g","url":"https:\/\/secure.gravatar.com\/avatar\/579db8560f09b719ddf386ef68ec06606f5fc8a1d86afe8937e75a6771cca91f?s=96&d=mm&r=g","contentUrl":"https:\/\/secure.gravatar.com\/avatar\/579db8560f09b719ddf386ef68ec06606f5fc8a1d86afe8937e75a6771cca91f?s=96&d=mm&r=g","caption":"Manager"},"url":"https:\/\/r-islam.com\/sp\/author\/manager\/"}]}},"_links":{"self":[{"href":"https:\/\/r-islam.com\/sp\/wp-json\/wp\/v2\/posts\/1353","targetHints":{"allow":["GET"]}}],"collection":[{"href":"https:\/\/r-islam.com\/sp\/wp-json\/wp\/v2\/posts"}],"about":[{"href":"https:\/\/r-islam.com\/sp\/wp-json\/wp\/v2\/types\/post"}],"author":[{"embeddable":true,"href":"https:\/\/r-islam.com\/sp\/wp-json\/wp\/v2\/users\/8"}],"replies":[{"embeddable":true,"href":"https:\/\/r-islam.com\/sp\/wp-json\/wp\/v2\/comments?post=1353"}],"version-history":[{"count":0,"href":"https:\/\/r-islam.com\/sp\/wp-json\/wp\/v2\/posts\/1353\/revisions"}],"wp:featuredmedia":[{"embeddable":true,"href":"https:\/\/r-islam.com\/sp\/wp-json\/wp\/v2\/media\/1352"}],"wp:attachment":[{"href":"https:\/\/r-islam.com\/sp\/wp-json\/wp\/v2\/media?parent=1353"}],"wp:term":[{"taxonomy":"category","embeddable":true,"href":"https:\/\/r-islam.com\/sp\/wp-json\/wp\/v2\/categories?post=1353"},{"taxonomy":"post_tag","embeddable":true,"href":"https:\/\/r-islam.com\/sp\/wp-json\/wp\/v2\/tags?post=1353"}],"curies":[{"name":"wp","href":"https:\/\/api.w.org\/{rel}","templated":true}]}}