{"id":1359,"date":"2014-05-10T12:53:38","date_gmt":"2014-05-10T12:53:38","guid":{"rendered":"http:\/\/localhost\/rs\/sp\/2014\/05\/10\/el-imam-adel-najjar-en-la-mezquita-alfaruq-de-navalmoral-de-la-mata\/"},"modified":"2014-05-10T12:53:38","modified_gmt":"2014-05-10T12:53:38","slug":"el-imam-adel-najjar-en-la-mezquita-alfaruq-de-navalmoral-de-la-mata","status":"publish","type":"post","link":"https:\/\/r-islam.com\/sp\/el-imam-adel-najjar-en-la-mezquita-alfaruq-de-navalmoral-de-la-mata\/","title":{"rendered":"El Imam Adel Najjar en la Mezquita AlFaruq de Navalmoral de la Mata"},"content":{"rendered":"<p style=\"text-align: center;\"><img loading=\"lazy\" decoding=\"async\" class=\" size-full wp-image-1358\" src=\"http:\/\/localhost\/rs\/sp\/wp-content\/uploads\/sites\/9\/2014\/05\/714.jpg\" border=\"0\" width=\"482\" height=\"283\" srcset=\"https:\/\/r-islam.com\/sp\/wp-content\/uploads\/sites\/9\/2014\/05\/714.jpg 482w, https:\/\/r-islam.com\/sp\/wp-content\/uploads\/sites\/9\/2014\/05\/714-300x176.jpg 300w\" sizes=\"auto, (max-width: 482px) 100vw, 482px\" \/><\/p>\n<p style=\"text-align: justify;\"><span style=\"font-family: times new roman,times;\"><span style=\"font-size: large;\"><br \/>El Pasado viernes d\u00eda 2 de mayo de 2014, el imam Adel Najjar presidente de la Uni\u00f3n de Comunidades isl\u00e1micas de Extremadura estuve de visita a la Comunidad Isl\u00e1mica AlFaruq de Navalmoral de la Mata.<br \/><\/span><\/span><span style=\"font-family: times new roman,times;\"><span style=\"font-size: large;\"><br \/>Najjar pronunci\u00f3 la Juba del Vienes y rez\u00f3 al yumua con los hermanos de la Mezquita, que le recibieron como siempre con el cari\u00f1o y la hospitalidad de costumbre de los de la ciudad.<\/p>\n<p><\/span><\/span> <span style=\"font-family: times new roman,times;\"><span style=\"font-size: large;\">El presidente de la UCIDEX, no ahorra esfuerzo para comunicarse con todas las comunidades de la regi\u00f3n, ofreciendo lo que est\u00e1 en sus manos para ayudarles y acompa\u00f1arles donde haga falta, por todo ello ha ganado su apoyo y cari\u00f1o.<br \/><\/span><\/span><\/p>\n","protected":false},"excerpt":{"rendered":"<p>El Pasado viernes d\u00eda 2 de mayo de 2014, el imam Adel Najjar presidente de la Uni\u00f3n de Comunidades isl\u00e1micas de Extremadura estuve de visita a la Comunidad Isl\u00e1mica AlFaruq de Navalmoral de la Mata.Najjar pronunci\u00f3 la Juba del Vienes y rez\u00f3 al yumua con los hermanos de la Mezquita, que le recibieron como siempre &hellip;<\/p>\n","protected":false},"author":8,"featured_media":1358,"comment_status":"open","ping_status":"open","sticky":false,"template":"","format":"standard","meta":{"_monsterinsights_skip_tracking":false,"_monsterinsights_sitenote_active":false,"_monsterinsights_sitenote_note":"","_monsterinsights_sitenote_category":0,"footnotes":""},"categories":[30],"tags":[],"class_list":["post-1359","post","type-post","status-publish","format-standard","has-post-thumbnail","hentry","category-las-noticias"],"yoast_head":"<!-- This site is optimized with the Yoast SEO plugin v27.5 - https:\/\/yoast.com\/product\/yoast-seo-wordpress\/ -->\n<title>El Imam Adel Najjar en la Mezquita AlFaruq de Navalmoral de la Mata - El Islam Verdadero<\/title>\n<meta name=\"robots\" content=\"index, follow, max-snippet:-1, max-image-preview:large, max-video-preview:-1\" \/>\n<link rel=\"canonical\" href=\"https:\/\/r-islam.com\/sp\/el-imam-adel-najjar-en-la-mezquita-alfaruq-de-navalmoral-de-la-mata\/\" \/>\n<meta property=\"og:locale\" content=\"es_ES\" \/>\n<meta property=\"og:type\" content=\"article\" \/>\n<meta property=\"og:title\" content=\"El Imam Adel Najjar en la Mezquita AlFaruq de Navalmoral de la Mata - El Islam Verdadero\" \/>\n<meta property=\"og:description\" content=\"El Pasado viernes d\u00eda 2 de mayo de 2014, el imam Adel Najjar presidente de la Uni\u00f3n de Comunidades isl\u00e1micas de Extremadura estuve de visita a la Comunidad Isl\u00e1mica AlFaruq de Navalmoral de la Mata.Najjar pronunci\u00f3 la Juba del Vienes y rez\u00f3 al yumua con los hermanos de la Mezquita, que le recibieron como siempre &hellip;\" \/>\n<meta property=\"og:url\" content=\"https:\/\/r-islam.com\/sp\/el-imam-adel-najjar-en-la-mezquita-alfaruq-de-navalmoral-de-la-mata\/\" \/>\n<meta property=\"og:site_name\" content=\"El Islam Verdadero\" \/>\n<meta property=\"article:publisher\" content=\"https:\/\/www.facebook.com\/TheRightislam.SP\/\" \/>\n<meta property=\"article:published_time\" content=\"2014-05-10T12:53:38+00:00\" \/>\n<meta property=\"og:image\" content=\"https:\/\/r-islam.com\/sp\/wp-content\/uploads\/sites\/9\/2014\/05\/714.jpg\" \/>\n\t<meta property=\"og:image:width\" content=\"482\" \/>\n\t<meta property=\"og:image:height\" content=\"283\" \/>\n\t<meta property=\"og:image:type\" content=\"image\/jpeg\" \/>\n<meta name=\"author\" content=\"Manager\" \/>\n<meta name=\"twitter:card\" content=\"summary_large_image\" \/>\n<meta name=\"twitter:creator\" content=\"@verdadeiroIslam\" \/>\n<meta name=\"twitter:site\" content=\"@verdadeiroIslam\" \/>\n<meta name=\"twitter:label1\" content=\"Escrito por\" \/>\n\t<meta name=\"twitter:data1\" content=\"Manager\" \/>\n\t<meta name=\"twitter:label2\" content=\"Tiempo de lectura\" \/>\n\t<meta name=\"twitter:data2\" content=\"1 minuto\" \/>\n<script type=\"application\/ld+json\" class=\"yoast-schema-graph\">{\"@context\":\"https:\\\/\\\/schema.org\",\"@graph\":[{\"@type\":\"Article\",\"@id\":\"https:\\\/\\\/r-islam.com\\\/sp\\\/el-imam-adel-najjar-en-la-mezquita-alfaruq-de-navalmoral-de-la-mata\\\/#article\",\"isPartOf\":{\"@id\":\"https:\\\/\\\/r-islam.com\\\/sp\\\/el-imam-adel-najjar-en-la-mezquita-alfaruq-de-navalmoral-de-la-mata\\\/\"},\"author\":{\"name\":\"Manager\",\"@id\":\"https:\\\/\\\/r-islam.com\\\/sp\\\/#\\\/schema\\\/person\\\/99684e81f97c64bce3304815161ae7f9\"},\"headline\":\"El Imam Adel Najjar en la Mezquita AlFaruq de Navalmoral de la Mata\",\"datePublished\":\"2014-05-10T12:53:38+00:00\",\"mainEntityOfPage\":{\"@id\":\"https:\\\/\\\/r-islam.com\\\/sp\\\/el-imam-adel-najjar-en-la-mezquita-alfaruq-de-navalmoral-de-la-mata\\\/\"},\"wordCount\":128,\"commentCount\":0,\"publisher\":{\"@id\":\"https:\\\/\\\/r-islam.com\\\/sp\\\/#organization\"},\"image\":{\"@id\":\"https:\\\/\\\/r-islam.com\\\/sp\\\/el-imam-adel-najjar-en-la-mezquita-alfaruq-de-navalmoral-de-la-mata\\\/#primaryimage\"},\"thumbnailUrl\":\"https:\\\/\\\/r-islam.com\\\/sp\\\/wp-content\\\/uploads\\\/sites\\\/9\\\/2014\\\/05\\\/714.jpg\",\"articleSection\":[\"las Noticias\"],\"inLanguage\":\"es\",\"potentialAction\":[{\"@type\":\"CommentAction\",\"name\":\"Comment\",\"target\":[\"https:\\\/\\\/r-islam.com\\\/sp\\\/el-imam-adel-najjar-en-la-mezquita-alfaruq-de-navalmoral-de-la-mata\\\/#respond\"]}]},{\"@type\":\"WebPage\",\"@id\":\"https:\\\/\\\/r-islam.com\\\/sp\\\/el-imam-adel-najjar-en-la-mezquita-alfaruq-de-navalmoral-de-la-mata\\\/\",\"url\":\"https:\\\/\\\/r-islam.com\\\/sp\\\/el-imam-adel-najjar-en-la-mezquita-alfaruq-de-navalmoral-de-la-mata\\\/\",\"name\":\"El Imam Adel Najjar en la Mezquita AlFaruq de Navalmoral de la Mata - El Islam Verdadero\",\"isPartOf\":{\"@id\":\"https:\\\/\\\/r-islam.com\\\/sp\\\/#website\"},\"primaryImageOfPage\":{\"@id\":\"https:\\\/\\\/r-islam.com\\\/sp\\\/el-imam-adel-najjar-en-la-mezquita-alfaruq-de-navalmoral-de-la-mata\\\/#primaryimage\"},\"image\":{\"@id\":\"https:\\\/\\\/r-islam.com\\\/sp\\\/el-imam-adel-najjar-en-la-mezquita-alfaruq-de-navalmoral-de-la-mata\\\/#primaryimage\"},\"thumbnailUrl\":\"https:\\\/\\\/r-islam.com\\\/sp\\\/wp-content\\\/uploads\\\/sites\\\/9\\\/2014\\\/05\\\/714.jpg\",\"datePublished\":\"2014-05-10T12:53:38+00:00\",\"breadcrumb\":{\"@id\":\"https:\\\/\\\/r-islam.com\\\/sp\\\/el-imam-adel-najjar-en-la-mezquita-alfaruq-de-navalmoral-de-la-mata\\\/#breadcrumb\"},\"inLanguage\":\"es\",\"potentialAction\":[{\"@type\":\"ReadAction\",\"target\":[\"https:\\\/\\\/r-islam.com\\\/sp\\\/el-imam-adel-najjar-en-la-mezquita-alfaruq-de-navalmoral-de-la-mata\\\/\"]}]},{\"@type\":\"ImageObject\",\"inLanguage\":\"es\",\"@id\":\"https:\\\/\\\/r-islam.com\\\/sp\\\/el-imam-adel-najjar-en-la-mezquita-alfaruq-de-navalmoral-de-la-mata\\\/#primaryimage\",\"url\":\"https:\\\/\\\/r-islam.com\\\/sp\\\/wp-content\\\/uploads\\\/sites\\\/9\\\/2014\\\/05\\\/714.jpg\",\"contentUrl\":\"https:\\\/\\\/r-islam.com\\\/sp\\\/wp-content\\\/uploads\\\/sites\\\/9\\\/2014\\\/05\\\/714.jpg\",\"width\":482,\"height\":283},{\"@type\":\"BreadcrumbList\",\"@id\":\"https:\\\/\\\/r-islam.com\\\/sp\\\/el-imam-adel-najjar-en-la-mezquita-alfaruq-de-navalmoral-de-la-mata\\\/#breadcrumb\",\"itemListElement\":[{\"@type\":\"ListItem\",\"position\":1,\"name\":\"Home\",\"item\":\"https:\\\/\\\/r-islam.com\\\/sp\\\/\"},{\"@type\":\"ListItem\",\"position\":2,\"name\":\"El Imam Adel Najjar en la Mezquita AlFaruq de Navalmoral de la Mata\"}]},{\"@type\":\"WebSite\",\"@id\":\"https:\\\/\\\/r-islam.com\\\/sp\\\/#website\",\"url\":\"https:\\\/\\\/r-islam.com\\\/sp\\\/\",\"name\":\"El Islam Verdadero\",\"description\":\"\",\"publisher\":{\"@id\":\"https:\\\/\\\/r-islam.com\\\/sp\\\/#organization\"},\"potentialAction\":[{\"@type\":\"SearchAction\",\"target\":{\"@type\":\"EntryPoint\",\"urlTemplate\":\"https:\\\/\\\/r-islam.com\\\/sp\\\/?s={search_term_string}\"},\"query-input\":{\"@type\":\"PropertyValueSpecification\",\"valueRequired\":true,\"valueName\":\"search_term_string\"}}],\"inLanguage\":\"es\"},{\"@type\":\"Organization\",\"@id\":\"https:\\\/\\\/r-islam.com\\\/sp\\\/#organization\",\"name\":\"El Islam Verdadero\",\"url\":\"https:\\\/\\\/r-islam.com\\\/sp\\\/\",\"logo\":{\"@type\":\"ImageObject\",\"inLanguage\":\"es\",\"@id\":\"https:\\\/\\\/r-islam.com\\\/sp\\\/#\\\/schema\\\/logo\\\/image\\\/\",\"url\":\"https:\\\/\\\/r-islam.com\\\/sp\\\/wp-content\\\/uploads\\\/sites\\\/9\\\/2024\\\/03\\\/logo-small.jpg\",\"contentUrl\":\"https:\\\/\\\/r-islam.com\\\/sp\\\/wp-content\\\/uploads\\\/sites\\\/9\\\/2024\\\/03\\\/logo-small.jpg\",\"width\":180,\"height\":180,\"caption\":\"El Islam Verdadero\"},\"image\":{\"@id\":\"https:\\\/\\\/r-islam.com\\\/sp\\\/#\\\/schema\\\/logo\\\/image\\\/\"},\"sameAs\":[\"https:\\\/\\\/www.facebook.com\\\/TheRightislam.SP\\\/\",\"https:\\\/\\\/x.com\\\/verdadeiroIslam\"]},{\"@type\":\"Person\",\"@id\":\"https:\\\/\\\/r-islam.com\\\/sp\\\/#\\\/schema\\\/person\\\/99684e81f97c64bce3304815161ae7f9\",\"name\":\"Manager\",\"image\":{\"@type\":\"ImageObject\",\"inLanguage\":\"es\",\"@id\":\"https:\\\/\\\/secure.gravatar.com\\\/avatar\\\/579db8560f09b719ddf386ef68ec06606f5fc8a1d86afe8937e75a6771cca91f?s=96&d=mm&r=g\",\"url\":\"https:\\\/\\\/secure.gravatar.com\\\/avatar\\\/579db8560f09b719ddf386ef68ec06606f5fc8a1d86afe8937e75a6771cca91f?s=96&d=mm&r=g\",\"contentUrl\":\"https:\\\/\\\/secure.gravatar.com\\\/avatar\\\/579db8560f09b719ddf386ef68ec06606f5fc8a1d86afe8937e75a6771cca91f?s=96&d=mm&r=g\",\"caption\":\"Manager\"},\"url\":\"https:\\\/\\\/r-islam.com\\\/sp\\\/author\\\/manager\\\/\"}]}<\/script>\n<!-- \/ Yoast SEO plugin. -->","yoast_head_json":{"title":"El Imam Adel Najjar en la Mezquita AlFaruq de Navalmoral de la Mata - El Islam Verdadero","robots":{"index":"index","follow":"follow","max-snippet":"max-snippet:-1","max-image-preview":"max-image-preview:large","max-video-preview":"max-video-preview:-1"},"canonical":"https:\/\/r-islam.com\/sp\/el-imam-adel-najjar-en-la-mezquita-alfaruq-de-navalmoral-de-la-mata\/","og_locale":"es_ES","og_type":"article","og_title":"El Imam Adel Najjar en la Mezquita AlFaruq de Navalmoral de la Mata - El Islam Verdadero","og_description":"El Pasado viernes d\u00eda 2 de mayo de 2014, el imam Adel Najjar presidente de la Uni\u00f3n de Comunidades isl\u00e1micas de Extremadura estuve de visita a la Comunidad Isl\u00e1mica AlFaruq de Navalmoral de la Mata.Najjar pronunci\u00f3 la Juba del Vienes y rez\u00f3 al yumua con los hermanos de la Mezquita, que le recibieron como siempre &hellip;","og_url":"https:\/\/r-islam.com\/sp\/el-imam-adel-najjar-en-la-mezquita-alfaruq-de-navalmoral-de-la-mata\/","og_site_name":"El Islam Verdadero","article_publisher":"https:\/\/www.facebook.com\/TheRightislam.SP\/","article_published_time":"2014-05-10T12:53:38+00:00","og_image":[{"width":482,"height":283,"url":"https:\/\/r-islam.com\/sp\/wp-content\/uploads\/sites\/9\/2014\/05\/714.jpg","type":"image\/jpeg"}],"author":"Manager","twitter_card":"summary_large_image","twitter_creator":"@verdadeiroIslam","twitter_site":"@verdadeiroIslam","twitter_misc":{"Escrito por":"Manager","Tiempo de lectura":"1 minuto"},"schema":{"@context":"https:\/\/schema.org","@graph":[{"@type":"Article","@id":"https:\/\/r-islam.com\/sp\/el-imam-adel-najjar-en-la-mezquita-alfaruq-de-navalmoral-de-la-mata\/#article","isPartOf":{"@id":"https:\/\/r-islam.com\/sp\/el-imam-adel-najjar-en-la-mezquita-alfaruq-de-navalmoral-de-la-mata\/"},"author":{"name":"Manager","@id":"https:\/\/r-islam.com\/sp\/#\/schema\/person\/99684e81f97c64bce3304815161ae7f9"},"headline":"El Imam Adel Najjar en la Mezquita AlFaruq de Navalmoral de la Mata","datePublished":"2014-05-10T12:53:38+00:00","mainEntityOfPage":{"@id":"https:\/\/r-islam.com\/sp\/el-imam-adel-najjar-en-la-mezquita-alfaruq-de-navalmoral-de-la-mata\/"},"wordCount":128,"commentCount":0,"publisher":{"@id":"https:\/\/r-islam.com\/sp\/#organization"},"image":{"@id":"https:\/\/r-islam.com\/sp\/el-imam-adel-najjar-en-la-mezquita-alfaruq-de-navalmoral-de-la-mata\/#primaryimage"},"thumbnailUrl":"https:\/\/r-islam.com\/sp\/wp-content\/uploads\/sites\/9\/2014\/05\/714.jpg","articleSection":["las Noticias"],"inLanguage":"es","potentialAction":[{"@type":"CommentAction","name":"Comment","target":["https:\/\/r-islam.com\/sp\/el-imam-adel-najjar-en-la-mezquita-alfaruq-de-navalmoral-de-la-mata\/#respond"]}]},{"@type":"WebPage","@id":"https:\/\/r-islam.com\/sp\/el-imam-adel-najjar-en-la-mezquita-alfaruq-de-navalmoral-de-la-mata\/","url":"https:\/\/r-islam.com\/sp\/el-imam-adel-najjar-en-la-mezquita-alfaruq-de-navalmoral-de-la-mata\/","name":"El Imam Adel Najjar en la Mezquita AlFaruq de Navalmoral de la Mata - El Islam Verdadero","isPartOf":{"@id":"https:\/\/r-islam.com\/sp\/#website"},"primaryImageOfPage":{"@id":"https:\/\/r-islam.com\/sp\/el-imam-adel-najjar-en-la-mezquita-alfaruq-de-navalmoral-de-la-mata\/#primaryimage"},"image":{"@id":"https:\/\/r-islam.com\/sp\/el-imam-adel-najjar-en-la-mezquita-alfaruq-de-navalmoral-de-la-mata\/#primaryimage"},"thumbnailUrl":"https:\/\/r-islam.com\/sp\/wp-content\/uploads\/sites\/9\/2014\/05\/714.jpg","datePublished":"2014-05-10T12:53:38+00:00","breadcrumb":{"@id":"https:\/\/r-islam.com\/sp\/el-imam-adel-najjar-en-la-mezquita-alfaruq-de-navalmoral-de-la-mata\/#breadcrumb"},"inLanguage":"es","potentialAction":[{"@type":"ReadAction","target":["https:\/\/r-islam.com\/sp\/el-imam-adel-najjar-en-la-mezquita-alfaruq-de-navalmoral-de-la-mata\/"]}]},{"@type":"ImageObject","inLanguage":"es","@id":"https:\/\/r-islam.com\/sp\/el-imam-adel-najjar-en-la-mezquita-alfaruq-de-navalmoral-de-la-mata\/#primaryimage","url":"https:\/\/r-islam.com\/sp\/wp-content\/uploads\/sites\/9\/2014\/05\/714.jpg","contentUrl":"https:\/\/r-islam.com\/sp\/wp-content\/uploads\/sites\/9\/2014\/05\/714.jpg","width":482,"height":283},{"@type":"BreadcrumbList","@id":"https:\/\/r-islam.com\/sp\/el-imam-adel-najjar-en-la-mezquita-alfaruq-de-navalmoral-de-la-mata\/#breadcrumb","itemListElement":[{"@type":"ListItem","position":1,"name":"Home","item":"https:\/\/r-islam.com\/sp\/"},{"@type":"ListItem","position":2,"name":"El Imam Adel Najjar en la Mezquita AlFaruq de Navalmoral de la Mata"}]},{"@type":"WebSite","@id":"https:\/\/r-islam.com\/sp\/#website","url":"https:\/\/r-islam.com\/sp\/","name":"El Islam Verdadero","description":"","publisher":{"@id":"https:\/\/r-islam.com\/sp\/#organization"},"potentialAction":[{"@type":"SearchAction","target":{"@type":"EntryPoint","urlTemplate":"https:\/\/r-islam.com\/sp\/?s={search_term_string}"},"query-input":{"@type":"PropertyValueSpecification","valueRequired":true,"valueName":"search_term_string"}}],"inLanguage":"es"},{"@type":"Organization","@id":"https:\/\/r-islam.com\/sp\/#organization","name":"El Islam Verdadero","url":"https:\/\/r-islam.com\/sp\/","logo":{"@type":"ImageObject","inLanguage":"es","@id":"https:\/\/r-islam.com\/sp\/#\/schema\/logo\/image\/","url":"https:\/\/r-islam.com\/sp\/wp-content\/uploads\/sites\/9\/2024\/03\/logo-small.jpg","contentUrl":"https:\/\/r-islam.com\/sp\/wp-content\/uploads\/sites\/9\/2024\/03\/logo-small.jpg","width":180,"height":180,"caption":"El Islam Verdadero"},"image":{"@id":"https:\/\/r-islam.com\/sp\/#\/schema\/logo\/image\/"},"sameAs":["https:\/\/www.facebook.com\/TheRightislam.SP\/","https:\/\/x.com\/verdadeiroIslam"]},{"@type":"Person","@id":"https:\/\/r-islam.com\/sp\/#\/schema\/person\/99684e81f97c64bce3304815161ae7f9","name":"Manager","image":{"@type":"ImageObject","inLanguage":"es","@id":"https:\/\/secure.gravatar.com\/avatar\/579db8560f09b719ddf386ef68ec06606f5fc8a1d86afe8937e75a6771cca91f?s=96&d=mm&r=g","url":"https:\/\/secure.gravatar.com\/avatar\/579db8560f09b719ddf386ef68ec06606f5fc8a1d86afe8937e75a6771cca91f?s=96&d=mm&r=g","contentUrl":"https:\/\/secure.gravatar.com\/avatar\/579db8560f09b719ddf386ef68ec06606f5fc8a1d86afe8937e75a6771cca91f?s=96&d=mm&r=g","caption":"Manager"},"url":"https:\/\/r-islam.com\/sp\/author\/manager\/"}]}},"_links":{"self":[{"href":"https:\/\/r-islam.com\/sp\/wp-json\/wp\/v2\/posts\/1359","targetHints":{"allow":["GET"]}}],"collection":[{"href":"https:\/\/r-islam.com\/sp\/wp-json\/wp\/v2\/posts"}],"about":[{"href":"https:\/\/r-islam.com\/sp\/wp-json\/wp\/v2\/types\/post"}],"author":[{"embeddable":true,"href":"https:\/\/r-islam.com\/sp\/wp-json\/wp\/v2\/users\/8"}],"replies":[{"embeddable":true,"href":"https:\/\/r-islam.com\/sp\/wp-json\/wp\/v2\/comments?post=1359"}],"version-history":[{"count":0,"href":"https:\/\/r-islam.com\/sp\/wp-json\/wp\/v2\/posts\/1359\/revisions"}],"wp:featuredmedia":[{"embeddable":true,"href":"https:\/\/r-islam.com\/sp\/wp-json\/wp\/v2\/media\/1358"}],"wp:attachment":[{"href":"https:\/\/r-islam.com\/sp\/wp-json\/wp\/v2\/media?parent=1359"}],"wp:term":[{"taxonomy":"category","embeddable":true,"href":"https:\/\/r-islam.com\/sp\/wp-json\/wp\/v2\/categories?post=1359"},{"taxonomy":"post_tag","embeddable":true,"href":"https:\/\/r-islam.com\/sp\/wp-json\/wp\/v2\/tags?post=1359"}],"curies":[{"name":"wp","href":"https:\/\/api.w.org\/{rel}","templated":true}]}}