{"id":1378,"date":"2017-02-25T09:04:52","date_gmt":"2017-02-25T09:04:52","guid":{"rendered":"http:\/\/localhost\/rs\/sp\/2017\/02\/25\/dialogo-entre-un-ateo-y-un-creyente-musulman-1\/"},"modified":"2017-02-25T09:04:52","modified_gmt":"2017-02-25T09:04:52","slug":"dialogo-entre-un-ateo-y-un-creyente-musulman-1","status":"publish","type":"post","link":"https:\/\/r-islam.com\/sp\/dialogo-entre-un-ateo-y-un-creyente-musulman-1\/","title":{"rendered":"Dialogo entre un Ateo y un creyente musulm\u00e1n 1"},"content":{"rendered":"<p><span style=\"font-family: 'times new roman', times; font-size: 14pt;\"><img loading=\"lazy\" decoding=\"async\" class=\" size-full wp-image-1377\" style=\"display: block; margin-left: auto; margin-right: auto;\" src=\"http:\/\/localhost\/rs\/sp\/wp-content\/uploads\/sites\/9\/2017\/02\/409.jpg\" alt=\"\" width=\"462\" height=\"301\" srcset=\"https:\/\/r-islam.com\/sp\/wp-content\/uploads\/sites\/9\/2017\/02\/409.jpg 462w, https:\/\/r-islam.com\/sp\/wp-content\/uploads\/sites\/9\/2017\/02\/409-300x195.jpg 300w\" sizes=\"auto, (max-width: 462px) 100vw, 462px\" \/><\/span><\/p>\n<p style=\"text-align: justify;\"><span style=\"font-family: 'times new roman', times; font-size: 14pt;\"><span style=\"color: #0000ff;\">Dialogo entre un Ateo y un creyente musulm\u00e1n:<\/span><\/span><\/p>\n<p style=\"text-align: justify;\"><span style=\"font-family: 'times new roman', times; font-size: 14pt;\">Sentados uno al lado de otro, dos se\u00f1ores que vienen de dos diversos mundos&#8230; Hizo presentaciones, la conversaci\u00f3n comienza&#8230;<\/span><\/p>\n<p style=\"text-align: justify;\"><span style=\"font-family: 'times new roman', times; font-size: 14pt;\">Michel: <span style=\"color: #ff0000;\">No creo en Dios,<\/span> pero si en la ciencia y la tecnolog\u00eda, algo de tangible, usted ve, pero si usted prueba a m\u00ed que Dios existe, podr\u00eda cambiar la opini\u00f3n.<\/span><\/p>\n<p style=\"text-align: justify;\"><span style=\"font-family: 'times new roman', times; font-size: 14pt;\">Abdellah: De acuerdo, si usted esta interesado en la tecnolog\u00eda, puede contestar a esta pregunta: Sobre un aparato sofisticado o de un objeto electr\u00f3nico, \u00bfque ser\u00eda seg\u00fan usted la persona que sabr\u00eda m\u00e1s sobre sus mecanismos de su funcionamiento?<\/span><\/p>\n<p style=\"text-align: justify;\"><span style=\"font-family: 'times new roman', times; font-size: 14pt;\">Michel: Pienso que ser\u00eda la persona que invent\u00f3 o construy\u00f3 el aparato.<\/span><\/p>\n<p style=\"text-align: justify;\"><span style=\"font-family: 'times new roman', times; font-size: 14pt;\">Abdellah: Estamos de acuerdo que es la persona que construy\u00f3 el objeto, o su creador, que sabe todo lo que hay en el objeto.<\/span><\/p>\n<p style=\"text-align: justify;\"><span style=\"font-family: 'times new roman', times; font-size: 14pt;\">Michel: No veo una razon con eso. Eso se parece a m\u00ed razonable.<\/span><\/p>\n<p style=\"text-align: justify;\"><span style=\"font-family: 'times new roman', times; font-size: 14pt;\">Abdellah: Perfecto. Tengo otra pregunta a presentarse a usted: \u00bfC\u00f3mo fue creado el universo ?<\/span><\/p>\n<p style=\"text-align: justify;\"><span style=\"font-family: 'times new roman', times; font-size: 14pt;\">Michel: Seg\u00fan los recientes resultados cient\u00edficos, el universo entero era una masa gigantesca, que durante una explosi\u00f3n c\u00f3smica dio lugar al sol y a la tierra y el resto de los planetas.<\/span><\/p>\n<p style=\"text-align: justify;\"><span style=\"font-family: 'times new roman', times; font-size: 14pt;\">Abdellah: \u00bfY usted cree en esta teor\u00eda?<\/span><\/p>\n<p style=\"text-align: justify;\"><span style=\"font-family: 'times new roman', times; font-size: 14pt;\">Michel: S\u00ed, por supuesto, son hechos establecidos basados en pruebas cient\u00edficas. De hecho, esta idea de la creaci\u00f3n del universo fue en 1973 y llamada la teor\u00eda de \u00abBig Bang\u00bb.<\/span><\/p>\n<p style=\"text-align: justify;\"><span style=\"font-family: 'times new roman', times; font-size: 14pt;\">Abdellah: Lo veo. Y bien tengo una sorpresa para usted: en <span style=\"color: #800080;\">el Sagrado Cor\u00e1n, el cap\u00edtulo 21, versiculo 30<\/span>, esta escrito: <span style=\"color: #008000;\">\u00ab<\/span><span style=\"color: #008000;\">\u00bfEs que no han visto los infieles que los cielos y la tierra formaban un todo homog\u00e9neo y los separamos? \u00bfY que sacamos del agua a todo ser viviente? \u00bfY no creer\u00e1n?<\/span> \u00bb Podemos ver aqu\u00ed que el Coran describe la teor\u00eda de <span style=\"color: #0000ff;\">\u00abBig Bang\u00bb<\/span>, y me dej\u00f3 recordarle que el Coran fue revelado hace 1400 a\u00f1os.<\/span><\/p>\n<p style=\"text-align: justify;\"><span style=\"font-family: 'times new roman', times; font-size: 14pt;\">Michel: He oido muy poco sobre el Cor\u00e1n, \u00bfPuede usted refrescar mi memoria?<\/span><\/p>\n<p style=\"text-align: justify;\"><span style=\"font-family: 'times new roman', times; font-size: 14pt;\">Abdellah: Claro que si, los musulmanes creen que el Cor\u00e1n es la palabra del Dios, puro, inalterado, y que fue revelado al profeta Muhammad (la paz y las bendiciones de Al-lah sean con \u00e9l) por el \u00e1ngel de Gabriel. La revelaci\u00f3n del Cor\u00e1n fue completida en 23 a\u00f1os, la duraci\u00f3n de la misi\u00f3n prof\u00e9tica de Muhammad (la paz y las bendiciones de Al-lah sean con \u00e9l).<\/span><\/p>\n<p style=\"text-align: justify;\"><span style=\"font-family: 'times new roman', times; font-size: 14pt;\">Michel: \u00bfEtes seguro que el Cor\u00e1n es viejo de 1400 a\u00f1os y nunca fue descolorada?<\/span><\/p>\n<p style=\"text-align: justify;\"><span style=\"font-family: 'times new roman', times; font-size: 14pt;\">Abdellah: Absolutamente, es un hecho hist\u00f3rico que el Cor\u00e1n fue revelado en el siglo 7 y que segu\u00eda habiendo sin cambiar desde entonces. Los historiadores, que son para o contradicen el Islam, todos comfirman este punto.<\/span><\/p>\n<p style=\"text-align: justify;\"><span style=\"font-family: 'times new roman', times; font-size: 14pt;\">Michel: En este caso, el verso en la t\u00e9oria de Big Bang puede ser solamente una casualidad.<\/span><\/p>\n<p style=\"text-align: justify;\"><span style=\"font-family: 'times new roman', times; font-size: 14pt;\">Abdellah: \u00bf&#8230;.Que dijo la ciencia sobre la forma de la tierra?<\/span><\/p>\n<p style=\"text-align: justify;\"><span style=\"font-family: 'times new roman', times; font-size: 14pt;\">Michel: En el pasado, el hombre crey\u00f3 que la tierra era plana hasta que un cierto Se\u00f1or Frances Drake en 1607 prueba finalmente que la tierra es esf\u00e9rica.<\/span><\/p>\n<p style=\"text-align: justify;\"><span style=\"font-family: 'times new roman', times; font-size: 14pt;\">Abdellah: Asombroso, <span style=\"color: #800080;\">en el Sagrado Cor\u00e1n, cap\u00edtulo 31, versiculo 29:<\/span> <span style=\"color: #008000;\">\u00ab<\/span><span style=\"color: #008000;\">\u00bfNo ves que Al-lah hace que la noche entre en el d\u00eda y que el d\u00eda entre en la noche, ha sujetado el sol y la luna, prosiguiendo los dos su curso hasta un t\u00e9rmino fijo, y que Al-<\/span><span style=\"color: #008000;\">lah <\/span><span style=\"color: #008000;\"> est\u00e1 bien informado de lo que hac\u00e9is? <\/span><span style=\"color: #008000;\">\u00ab<\/span><br \/>El uso de la palabra <span style=\"color: #0000ff;\">\u00bb penetrar\u00bb<\/span> se hace para insistir en el car\u00e1cter lento y continuo del paso del d\u00eda a noche y viceversa. Y no es posible si la tierra es plana.<\/span><\/p>\n<p style=\"text-align: justify;\"><span style=\"font-family: 'times new roman', times; font-size: 14pt;\"><br \/>Michel: Contin\u00fae.<\/span><\/p>\n<p style=\"text-align: justify;\"><span style=\"font-family: 'times new roman', times; font-size: 14pt;\">Abdellah: Adem\u00e1s, <span style=\"color: #800080;\">en el cap\u00edtulo 39, el versiculo 5<\/span>:<span style=\"color: #008000;\">\u00abHa creado los cielos y la tierra con la verdad, hace que la noche se enrolle en el d\u00eda y que el d\u00eda se enrolle en la noche.\u00bb <\/span>La palabra \u00e1rabe usada es <span style=\"color: #0000ff;\">\u00abKawwara\u00bb<\/span> que significa el <span style=\"color: #0000ff;\">\u00abanillo\u00bb o \u00bb rodar \u00ab<\/span>. Este verbo se utiliza para describir el hecho de rodar algo alrededor de un objeto esf\u00e9rico. Usted dice que este hecho fue descubierto recientemente, entonces dime \u00bfQuien podria escribirlo en el Sagrado Coran hace 1400 a\u00f1os?<\/span><\/p>\n<p style=\"text-align: justify;\"><span style=\"font-family: 'times new roman', times; font-size: 14pt;\"><br \/>Michel: Me no convencen.<\/span><\/p>\n<p style=\"text-align: justify;\"><span style=\"font-family: 'times new roman', times; font-size: 14pt;\">Abdellah: De acuerdo. \u00bfEntonces d\u00edgame de donde viene la luz de la luna?<\/span><\/p>\n<p style=\"text-align: justify;\"><span style=\"font-family: 'times new roman', times; font-size: 14pt;\">Michel: Hace algunos siglos, la gente pens\u00f3 que la luna era una versi\u00f3n miniatura del sol y que las dos estrellas emitieron la luz. M\u00e1s adelante, los astr\u00f3nomos descubrian que la luna no hizo nada mas que reflejar la luz del sol.<\/span><\/p>\n<p style=\"text-align: justify;\"><span style=\"font-family: 'times new roman', times; font-size: 14pt;\">Abdellah: <span style=\"color: #800080;\">En el Sagrado Cor\u00e1n, cap\u00edtulo 25, versisulo 61<\/span>,esta escrito: <span style=\"color: #008000;\">\u00ab\u00a1Bendito sea Aquel que puso en el cielo constelaciones y puso una l\u00e1mpara y una luna luminosa!\u00bb<\/span> Aqu\u00ed el sol se describe como una l\u00e1mpara mientras que la luna se describe como el reflejo de la luz, que significa que no emite luz de s\u00ed mismo.<\/span><\/p>\n<p style=\"text-align: justify;\"><span style=\"font-family: 'times new roman', times; font-size: 14pt;\"><br \/>Michel: Es probablemente la fruta de la casualidad.<\/span><\/p>\n<p style=\"text-align: justify;\"><span style=\"font-family: 'times new roman', times; font-size: 14pt;\">Abdellah: Pasemos&#8230; Cuando estaba en la escuela en los a\u00f1os ochenta, mi profesor dijo que el sol no se movi\u00f3 y que todos los planetas dieron vuelta alrededor a lo largo de una trayectoria precisa para cada planeta.<\/span><\/p>\n<p style=\"text-align: justify;\"><span style=\"font-family: 'times new roman', times; font-size: 14pt;\">Michel: \u00bfEs lo que dice su Coran que el sol es inm\u00f3vil en el espacio? \u00a1Ah!!!<\/span><\/p>\n<p style=\"text-align: justify;\"><span style=\"font-family: 'times new roman', times; font-size: 14pt;\">Abdellah: No, no esta escrito en el Cor\u00e1n. Es lo que me ense\u00f1ar\u00f3n en la escuela.<\/span><\/p>\n<p style=\"text-align: justify;\"><span style=\"font-family: 'times new roman', times; font-size: 14pt;\">Michel: Hoy la ciencia ha hecho progresos y nosotros sabemos que el sol se sigue una precisa trayectoria. Cuando tienemos instrumentos adecuados, uno puede ver que en la superficie del sol hay manchas llamadas las <span style=\"color: #0000ff;\">\u00abmanchas solares\u00bb<\/span>. Si uno observa de una manera continua estas manchas, se nota que tarda 25 d\u00edas para que estas manchas vuelvan al mismo lugar, es decir para que el sol completa una revoluci\u00f3n en su eje. Uno concluye as\u00ed que el sol gira a un eje y que cuenta su revoluci\u00f3n en 25 d\u00edas.<\/span><\/p>\n<p style=\"text-align: justify;\"><span style=\"font-family: 'times new roman', times; font-size: 14pt;\">Abdellah: Debo decir que vosotros no ense\u00f1en nada a los musulmanes, porque <span style=\"color: #800080;\">en el Cor\u00e1n, cap\u00edtulo 21, versiculo 33, <\/span>Dios (Al-lah) dice: <span style=\"color: #008000;\">\u00ab\u00c9l es Quien cre\u00f3 la noche y el d\u00eda, el sol y la luna. Cada uno navega en una \u00f3rbita.\u00bb<\/span>. Aqu\u00ed es evidente que el sol y la luna tienen una trayectoria que atraviesen en el espacio. \u00bfPuede usted decirme quien podr\u00eda poner estos hechos cient\u00edficos en el Sagrado Cor\u00e1n mientras que estos hechos fueron descubiertos recientemente por los cient\u00edficos? Antes de contestar a mi pregunta, dime&#8230; \u00bfHay una diferencia entre una estrella y un planeta?<\/span><\/p>\n<p style=\"text-align: justify;\"><span style=\"font-family: 'times new roman', times; font-size: 14pt;\">Michel: S\u00ed, hoy sabemos que las estrellas son cuerpos celestes como el sol, es decir producen sus propias radiaciones mientras que los planetas no producen ninguna radiaci\u00f3n&#8230; como la tierra.<\/span><\/p>\n<p style=\"text-align: justify;\"><span style=\"font-family: 'times new roman', times; font-size: 14pt;\">Abdellah: Aqu\u00ed, vemos la distinci\u00f3n entre las estrellas y los planetas en el Cor\u00e1n , <span style=\"color: #800080;\">cap\u00edtulo 86, versiculos 1y 3<\/span>: <span style=\"color: #008000;\">\u00ab\u00a1Por el cielo y el que viene de noche! \u00bfY c\u00f3mo hacerte saber qu\u00e9 es el que viene de noche? Es el astro fulgurante.\u00bb<\/span>. Aqu\u00ed la referencia se hace a las estrellas. Los planetas se describen como siendo ornamentos en <span style=\"color: #800080;\">el versiculo 6 del cap\u00edtulo 37:<\/span><span style=\"color: #008000;\">\u00abHemos embellecido el cielo de este mundo con el adorno de los astros\u00bb.<\/span><\/span><\/p>\n<p style=\"text-align: justify;\"><span style=\"font-family: 'times new roman', times; font-size: 14pt;\">Michel: \u00a1Hmmmmmm&#8230;! Todo el mundo sabe que los \u00e1rabes eran muy avanzados en el campo de la astronom\u00eda, y puede ser que son estos astr\u00f3nomos que dieron esta informaci\u00f3n al profeta de Muhammad.<\/span><\/p>\n<p style=\"text-align: justify;\"><span style=\"font-family: 'times new roman', times; font-size: 14pt;\">Abdellah: Es verdad que los \u00e1rabes eran muy avanzados en el campo de la astronom\u00eda, pero perdona, esta usted equivocado de la epoca.<\/span><\/p>\n<p style=\"text-align: justify;\"><span style=\"font-family: 'times new roman', times; font-size: 14pt;\">Michel: \u00bfQu\u00e9 quiere decir?<\/span><\/p>\n<p style=\"text-align: justify;\"><span style=\"font-family: 'times new roman', times; font-size: 14pt;\">Abdellah: Le recuerdo que el Sagrado Cor\u00e1n fue revelado siglos antes de que los \u00e1rabes hagan grandes descubrimientos en astronom\u00eda. As\u00ed son los \u00e1rabes que aprendieron de las cosas en astronom\u00eda leyendo Cor\u00e1n y no el rev\u00e9s. <span style=\"color: #800080;\">El Coran menciona en el cap\u00edtulo 30, versiculo 48<\/span>:\u00bbAl-lah <span style=\"color: #008000;\"> es Quien env\u00eda los vientos y \u00e9stos levantan nubes. Y \u00c9l las extiende como quiere por el cielo, las fragmenta y ves que sale de dentro de ellas el chaparr\u00f3n. Cuando favorece con \u00e9ste a los siervos que \u00c9l quiere, he aqu\u00ed que \u00e9stos se regocijan, <\/span><span style=\"color: #008000;\">\u00ab<\/span> .<\/span><\/p>\n<p style=\"text-align: justify;\"><span style=\"font-family: 'times new roman', times; font-size: 14pt;\">Hablando de la geograf\u00eda, no s\u00e9 si Usted sabe el t\u00e9rmino <span style=\"color: #0000ff;\">\u00abPlegadura<\/span>\u00ab.<\/span><\/p>\n<p style=\"text-align: justify;\"><span style=\"font-family: 'times new roman', times; font-size: 14pt;\">&nbsp;<\/span><\/p>\n","protected":false},"excerpt":{"rendered":"<p>Dialogo entre un Ateo y un creyente musulm\u00e1n: Sentados uno al lado de otro, dos se\u00f1ores que vienen de dos diversos mundos&#8230; Hizo presentaciones, la conversaci\u00f3n comienza&#8230; Michel: No creo en Dios, pero si en la ciencia y la tecnolog\u00eda, algo de tangible, usted ve, pero si usted prueba a m\u00ed que Dios existe, podr\u00eda &hellip;<\/p>\n","protected":false},"author":7,"featured_media":1377,"comment_status":"open","ping_status":"open","sticky":false,"template":"","format":"standard","meta":{"_monsterinsights_skip_tracking":false,"_monsterinsights_sitenote_active":false,"_monsterinsights_sitenote_note":"","_monsterinsights_sitenote_category":0,"footnotes":""},"categories":[29],"tags":[],"class_list":["post-1378","post","type-post","status-publish","format-standard","has-post-thumbnail","hentry","category-ateos"],"yoast_head":"<!-- This site is optimized with the Yoast SEO plugin v27.5 - https:\/\/yoast.com\/product\/yoast-seo-wordpress\/ -->\n<title>Dialogo entre un Ateo y un creyente musulm\u00e1n 1 - El Islam Verdadero<\/title>\n<meta name=\"robots\" content=\"index, follow, max-snippet:-1, max-image-preview:large, max-video-preview:-1\" \/>\n<link rel=\"canonical\" href=\"https:\/\/r-islam.com\/sp\/dialogo-entre-un-ateo-y-un-creyente-musulman-1\/\" \/>\n<meta property=\"og:locale\" content=\"es_ES\" \/>\n<meta property=\"og:type\" content=\"article\" \/>\n<meta property=\"og:title\" content=\"Dialogo entre un Ateo y un creyente musulm\u00e1n 1 - El Islam Verdadero\" \/>\n<meta property=\"og:description\" content=\"Dialogo entre un Ateo y un creyente musulm\u00e1n: Sentados uno al lado de otro, dos se\u00f1ores que vienen de dos diversos mundos&#8230; Hizo presentaciones, la conversaci\u00f3n comienza&#8230; Michel: No creo en Dios, pero si en la ciencia y la tecnolog\u00eda, algo de tangible, usted ve, pero si usted prueba a m\u00ed que Dios existe, podr\u00eda &hellip;\" \/>\n<meta property=\"og:url\" content=\"https:\/\/r-islam.com\/sp\/dialogo-entre-un-ateo-y-un-creyente-musulman-1\/\" \/>\n<meta property=\"og:site_name\" content=\"El Islam Verdadero\" \/>\n<meta property=\"article:publisher\" content=\"https:\/\/www.facebook.com\/TheRightislam.SP\/\" \/>\n<meta property=\"article:published_time\" content=\"2017-02-25T09:04:52+00:00\" \/>\n<meta property=\"og:image\" content=\"https:\/\/r-islam.com\/sp\/wp-content\/uploads\/sites\/9\/2017\/02\/409.jpg\" \/>\n\t<meta property=\"og:image:width\" content=\"462\" \/>\n\t<meta property=\"og:image:height\" content=\"301\" \/>\n\t<meta property=\"og:image:type\" content=\"image\/jpeg\" \/>\n<meta name=\"author\" content=\"Ahmed Abdallah\" \/>\n<meta name=\"twitter:card\" content=\"summary_large_image\" \/>\n<meta name=\"twitter:creator\" content=\"@verdadeiroIslam\" \/>\n<meta name=\"twitter:site\" content=\"@verdadeiroIslam\" \/>\n<meta name=\"twitter:label1\" content=\"Escrito por\" \/>\n\t<meta name=\"twitter:data1\" content=\"Ahmed Abdallah\" \/>\n\t<meta name=\"twitter:label2\" content=\"Tiempo de lectura\" \/>\n\t<meta name=\"twitter:data2\" content=\"7 minutos\" \/>\n<script type=\"application\/ld+json\" class=\"yoast-schema-graph\">{\"@context\":\"https:\\\/\\\/schema.org\",\"@graph\":[{\"@type\":\"Article\",\"@id\":\"https:\\\/\\\/r-islam.com\\\/sp\\\/dialogo-entre-un-ateo-y-un-creyente-musulman-1\\\/#article\",\"isPartOf\":{\"@id\":\"https:\\\/\\\/r-islam.com\\\/sp\\\/dialogo-entre-un-ateo-y-un-creyente-musulman-1\\\/\"},\"author\":{\"name\":\"Ahmed Abdallah\",\"@id\":\"https:\\\/\\\/r-islam.com\\\/sp\\\/#\\\/schema\\\/person\\\/50843a866a13df1a858ff77dda9b0e24\"},\"headline\":\"Dialogo entre un Ateo y un creyente musulm\u00e1n 1\",\"datePublished\":\"2017-02-25T09:04:52+00:00\",\"mainEntityOfPage\":{\"@id\":\"https:\\\/\\\/r-islam.com\\\/sp\\\/dialogo-entre-un-ateo-y-un-creyente-musulman-1\\\/\"},\"wordCount\":1413,\"commentCount\":0,\"publisher\":{\"@id\":\"https:\\\/\\\/r-islam.com\\\/sp\\\/#organization\"},\"image\":{\"@id\":\"https:\\\/\\\/r-islam.com\\\/sp\\\/dialogo-entre-un-ateo-y-un-creyente-musulman-1\\\/#primaryimage\"},\"thumbnailUrl\":\"https:\\\/\\\/r-islam.com\\\/sp\\\/wp-content\\\/uploads\\\/sites\\\/9\\\/2017\\\/02\\\/409.jpg\",\"articleSection\":[\"Ateos\"],\"inLanguage\":\"es\",\"potentialAction\":[{\"@type\":\"CommentAction\",\"name\":\"Comment\",\"target\":[\"https:\\\/\\\/r-islam.com\\\/sp\\\/dialogo-entre-un-ateo-y-un-creyente-musulman-1\\\/#respond\"]}]},{\"@type\":\"WebPage\",\"@id\":\"https:\\\/\\\/r-islam.com\\\/sp\\\/dialogo-entre-un-ateo-y-un-creyente-musulman-1\\\/\",\"url\":\"https:\\\/\\\/r-islam.com\\\/sp\\\/dialogo-entre-un-ateo-y-un-creyente-musulman-1\\\/\",\"name\":\"Dialogo entre un Ateo y un creyente musulm\u00e1n 1 - El Islam Verdadero\",\"isPartOf\":{\"@id\":\"https:\\\/\\\/r-islam.com\\\/sp\\\/#website\"},\"primaryImageOfPage\":{\"@id\":\"https:\\\/\\\/r-islam.com\\\/sp\\\/dialogo-entre-un-ateo-y-un-creyente-musulman-1\\\/#primaryimage\"},\"image\":{\"@id\":\"https:\\\/\\\/r-islam.com\\\/sp\\\/dialogo-entre-un-ateo-y-un-creyente-musulman-1\\\/#primaryimage\"},\"thumbnailUrl\":\"https:\\\/\\\/r-islam.com\\\/sp\\\/wp-content\\\/uploads\\\/sites\\\/9\\\/2017\\\/02\\\/409.jpg\",\"datePublished\":\"2017-02-25T09:04:52+00:00\",\"breadcrumb\":{\"@id\":\"https:\\\/\\\/r-islam.com\\\/sp\\\/dialogo-entre-un-ateo-y-un-creyente-musulman-1\\\/#breadcrumb\"},\"inLanguage\":\"es\",\"potentialAction\":[{\"@type\":\"ReadAction\",\"target\":[\"https:\\\/\\\/r-islam.com\\\/sp\\\/dialogo-entre-un-ateo-y-un-creyente-musulman-1\\\/\"]}]},{\"@type\":\"ImageObject\",\"inLanguage\":\"es\",\"@id\":\"https:\\\/\\\/r-islam.com\\\/sp\\\/dialogo-entre-un-ateo-y-un-creyente-musulman-1\\\/#primaryimage\",\"url\":\"https:\\\/\\\/r-islam.com\\\/sp\\\/wp-content\\\/uploads\\\/sites\\\/9\\\/2017\\\/02\\\/409.jpg\",\"contentUrl\":\"https:\\\/\\\/r-islam.com\\\/sp\\\/wp-content\\\/uploads\\\/sites\\\/9\\\/2017\\\/02\\\/409.jpg\",\"width\":462,\"height\":301},{\"@type\":\"BreadcrumbList\",\"@id\":\"https:\\\/\\\/r-islam.com\\\/sp\\\/dialogo-entre-un-ateo-y-un-creyente-musulman-1\\\/#breadcrumb\",\"itemListElement\":[{\"@type\":\"ListItem\",\"position\":1,\"name\":\"Home\",\"item\":\"https:\\\/\\\/r-islam.com\\\/sp\\\/\"},{\"@type\":\"ListItem\",\"position\":2,\"name\":\"Dialogo entre un Ateo y un creyente musulm\u00e1n 1\"}]},{\"@type\":\"WebSite\",\"@id\":\"https:\\\/\\\/r-islam.com\\\/sp\\\/#website\",\"url\":\"https:\\\/\\\/r-islam.com\\\/sp\\\/\",\"name\":\"El Islam Verdadero\",\"description\":\"\",\"publisher\":{\"@id\":\"https:\\\/\\\/r-islam.com\\\/sp\\\/#organization\"},\"potentialAction\":[{\"@type\":\"SearchAction\",\"target\":{\"@type\":\"EntryPoint\",\"urlTemplate\":\"https:\\\/\\\/r-islam.com\\\/sp\\\/?s={search_term_string}\"},\"query-input\":{\"@type\":\"PropertyValueSpecification\",\"valueRequired\":true,\"valueName\":\"search_term_string\"}}],\"inLanguage\":\"es\"},{\"@type\":\"Organization\",\"@id\":\"https:\\\/\\\/r-islam.com\\\/sp\\\/#organization\",\"name\":\"El Islam Verdadero\",\"url\":\"https:\\\/\\\/r-islam.com\\\/sp\\\/\",\"logo\":{\"@type\":\"ImageObject\",\"inLanguage\":\"es\",\"@id\":\"https:\\\/\\\/r-islam.com\\\/sp\\\/#\\\/schema\\\/logo\\\/image\\\/\",\"url\":\"https:\\\/\\\/r-islam.com\\\/sp\\\/wp-content\\\/uploads\\\/sites\\\/9\\\/2024\\\/03\\\/logo-small.jpg\",\"contentUrl\":\"https:\\\/\\\/r-islam.com\\\/sp\\\/wp-content\\\/uploads\\\/sites\\\/9\\\/2024\\\/03\\\/logo-small.jpg\",\"width\":180,\"height\":180,\"caption\":\"El Islam Verdadero\"},\"image\":{\"@id\":\"https:\\\/\\\/r-islam.com\\\/sp\\\/#\\\/schema\\\/logo\\\/image\\\/\"},\"sameAs\":[\"https:\\\/\\\/www.facebook.com\\\/TheRightislam.SP\\\/\",\"https:\\\/\\\/x.com\\\/verdadeiroIslam\"]},{\"@type\":\"Person\",\"@id\":\"https:\\\/\\\/r-islam.com\\\/sp\\\/#\\\/schema\\\/person\\\/50843a866a13df1a858ff77dda9b0e24\",\"name\":\"Ahmed Abdallah\",\"image\":{\"@type\":\"ImageObject\",\"inLanguage\":\"es\",\"@id\":\"https:\\\/\\\/secure.gravatar.com\\\/avatar\\\/8776f08fb80f791da754e383fcbc7576b76b5a7d1fc8ce2d4c654187474224d3?s=96&d=mm&r=g\",\"url\":\"https:\\\/\\\/secure.gravatar.com\\\/avatar\\\/8776f08fb80f791da754e383fcbc7576b76b5a7d1fc8ce2d4c654187474224d3?s=96&d=mm&r=g\",\"contentUrl\":\"https:\\\/\\\/secure.gravatar.com\\\/avatar\\\/8776f08fb80f791da754e383fcbc7576b76b5a7d1fc8ce2d4c654187474224d3?s=96&d=mm&r=g\",\"caption\":\"Ahmed Abdallah\"},\"url\":\"https:\\\/\\\/r-islam.com\\\/sp\\\/author\\\/ahmed-abdallah\\\/\"}]}<\/script>\n<!-- \/ Yoast SEO plugin. -->","yoast_head_json":{"title":"Dialogo entre un Ateo y un creyente musulm\u00e1n 1 - El Islam Verdadero","robots":{"index":"index","follow":"follow","max-snippet":"max-snippet:-1","max-image-preview":"max-image-preview:large","max-video-preview":"max-video-preview:-1"},"canonical":"https:\/\/r-islam.com\/sp\/dialogo-entre-un-ateo-y-un-creyente-musulman-1\/","og_locale":"es_ES","og_type":"article","og_title":"Dialogo entre un Ateo y un creyente musulm\u00e1n 1 - El Islam Verdadero","og_description":"Dialogo entre un Ateo y un creyente musulm\u00e1n: Sentados uno al lado de otro, dos se\u00f1ores que vienen de dos diversos mundos&#8230; Hizo presentaciones, la conversaci\u00f3n comienza&#8230; Michel: No creo en Dios, pero si en la ciencia y la tecnolog\u00eda, algo de tangible, usted ve, pero si usted prueba a m\u00ed que Dios existe, podr\u00eda &hellip;","og_url":"https:\/\/r-islam.com\/sp\/dialogo-entre-un-ateo-y-un-creyente-musulman-1\/","og_site_name":"El Islam Verdadero","article_publisher":"https:\/\/www.facebook.com\/TheRightislam.SP\/","article_published_time":"2017-02-25T09:04:52+00:00","og_image":[{"width":462,"height":301,"url":"https:\/\/r-islam.com\/sp\/wp-content\/uploads\/sites\/9\/2017\/02\/409.jpg","type":"image\/jpeg"}],"author":"Ahmed Abdallah","twitter_card":"summary_large_image","twitter_creator":"@verdadeiroIslam","twitter_site":"@verdadeiroIslam","twitter_misc":{"Escrito por":"Ahmed Abdallah","Tiempo de lectura":"7 minutos"},"schema":{"@context":"https:\/\/schema.org","@graph":[{"@type":"Article","@id":"https:\/\/r-islam.com\/sp\/dialogo-entre-un-ateo-y-un-creyente-musulman-1\/#article","isPartOf":{"@id":"https:\/\/r-islam.com\/sp\/dialogo-entre-un-ateo-y-un-creyente-musulman-1\/"},"author":{"name":"Ahmed Abdallah","@id":"https:\/\/r-islam.com\/sp\/#\/schema\/person\/50843a866a13df1a858ff77dda9b0e24"},"headline":"Dialogo entre un Ateo y un creyente musulm\u00e1n 1","datePublished":"2017-02-25T09:04:52+00:00","mainEntityOfPage":{"@id":"https:\/\/r-islam.com\/sp\/dialogo-entre-un-ateo-y-un-creyente-musulman-1\/"},"wordCount":1413,"commentCount":0,"publisher":{"@id":"https:\/\/r-islam.com\/sp\/#organization"},"image":{"@id":"https:\/\/r-islam.com\/sp\/dialogo-entre-un-ateo-y-un-creyente-musulman-1\/#primaryimage"},"thumbnailUrl":"https:\/\/r-islam.com\/sp\/wp-content\/uploads\/sites\/9\/2017\/02\/409.jpg","articleSection":["Ateos"],"inLanguage":"es","potentialAction":[{"@type":"CommentAction","name":"Comment","target":["https:\/\/r-islam.com\/sp\/dialogo-entre-un-ateo-y-un-creyente-musulman-1\/#respond"]}]},{"@type":"WebPage","@id":"https:\/\/r-islam.com\/sp\/dialogo-entre-un-ateo-y-un-creyente-musulman-1\/","url":"https:\/\/r-islam.com\/sp\/dialogo-entre-un-ateo-y-un-creyente-musulman-1\/","name":"Dialogo entre un Ateo y un creyente musulm\u00e1n 1 - El Islam Verdadero","isPartOf":{"@id":"https:\/\/r-islam.com\/sp\/#website"},"primaryImageOfPage":{"@id":"https:\/\/r-islam.com\/sp\/dialogo-entre-un-ateo-y-un-creyente-musulman-1\/#primaryimage"},"image":{"@id":"https:\/\/r-islam.com\/sp\/dialogo-entre-un-ateo-y-un-creyente-musulman-1\/#primaryimage"},"thumbnailUrl":"https:\/\/r-islam.com\/sp\/wp-content\/uploads\/sites\/9\/2017\/02\/409.jpg","datePublished":"2017-02-25T09:04:52+00:00","breadcrumb":{"@id":"https:\/\/r-islam.com\/sp\/dialogo-entre-un-ateo-y-un-creyente-musulman-1\/#breadcrumb"},"inLanguage":"es","potentialAction":[{"@type":"ReadAction","target":["https:\/\/r-islam.com\/sp\/dialogo-entre-un-ateo-y-un-creyente-musulman-1\/"]}]},{"@type":"ImageObject","inLanguage":"es","@id":"https:\/\/r-islam.com\/sp\/dialogo-entre-un-ateo-y-un-creyente-musulman-1\/#primaryimage","url":"https:\/\/r-islam.com\/sp\/wp-content\/uploads\/sites\/9\/2017\/02\/409.jpg","contentUrl":"https:\/\/r-islam.com\/sp\/wp-content\/uploads\/sites\/9\/2017\/02\/409.jpg","width":462,"height":301},{"@type":"BreadcrumbList","@id":"https:\/\/r-islam.com\/sp\/dialogo-entre-un-ateo-y-un-creyente-musulman-1\/#breadcrumb","itemListElement":[{"@type":"ListItem","position":1,"name":"Home","item":"https:\/\/r-islam.com\/sp\/"},{"@type":"ListItem","position":2,"name":"Dialogo entre un Ateo y un creyente musulm\u00e1n 1"}]},{"@type":"WebSite","@id":"https:\/\/r-islam.com\/sp\/#website","url":"https:\/\/r-islam.com\/sp\/","name":"El Islam Verdadero","description":"","publisher":{"@id":"https:\/\/r-islam.com\/sp\/#organization"},"potentialAction":[{"@type":"SearchAction","target":{"@type":"EntryPoint","urlTemplate":"https:\/\/r-islam.com\/sp\/?s={search_term_string}"},"query-input":{"@type":"PropertyValueSpecification","valueRequired":true,"valueName":"search_term_string"}}],"inLanguage":"es"},{"@type":"Organization","@id":"https:\/\/r-islam.com\/sp\/#organization","name":"El Islam Verdadero","url":"https:\/\/r-islam.com\/sp\/","logo":{"@type":"ImageObject","inLanguage":"es","@id":"https:\/\/r-islam.com\/sp\/#\/schema\/logo\/image\/","url":"https:\/\/r-islam.com\/sp\/wp-content\/uploads\/sites\/9\/2024\/03\/logo-small.jpg","contentUrl":"https:\/\/r-islam.com\/sp\/wp-content\/uploads\/sites\/9\/2024\/03\/logo-small.jpg","width":180,"height":180,"caption":"El Islam Verdadero"},"image":{"@id":"https:\/\/r-islam.com\/sp\/#\/schema\/logo\/image\/"},"sameAs":["https:\/\/www.facebook.com\/TheRightislam.SP\/","https:\/\/x.com\/verdadeiroIslam"]},{"@type":"Person","@id":"https:\/\/r-islam.com\/sp\/#\/schema\/person\/50843a866a13df1a858ff77dda9b0e24","name":"Ahmed Abdallah","image":{"@type":"ImageObject","inLanguage":"es","@id":"https:\/\/secure.gravatar.com\/avatar\/8776f08fb80f791da754e383fcbc7576b76b5a7d1fc8ce2d4c654187474224d3?s=96&d=mm&r=g","url":"https:\/\/secure.gravatar.com\/avatar\/8776f08fb80f791da754e383fcbc7576b76b5a7d1fc8ce2d4c654187474224d3?s=96&d=mm&r=g","contentUrl":"https:\/\/secure.gravatar.com\/avatar\/8776f08fb80f791da754e383fcbc7576b76b5a7d1fc8ce2d4c654187474224d3?s=96&d=mm&r=g","caption":"Ahmed Abdallah"},"url":"https:\/\/r-islam.com\/sp\/author\/ahmed-abdallah\/"}]}},"_links":{"self":[{"href":"https:\/\/r-islam.com\/sp\/wp-json\/wp\/v2\/posts\/1378","targetHints":{"allow":["GET"]}}],"collection":[{"href":"https:\/\/r-islam.com\/sp\/wp-json\/wp\/v2\/posts"}],"about":[{"href":"https:\/\/r-islam.com\/sp\/wp-json\/wp\/v2\/types\/post"}],"author":[{"embeddable":true,"href":"https:\/\/r-islam.com\/sp\/wp-json\/wp\/v2\/users\/7"}],"replies":[{"embeddable":true,"href":"https:\/\/r-islam.com\/sp\/wp-json\/wp\/v2\/comments?post=1378"}],"version-history":[{"count":0,"href":"https:\/\/r-islam.com\/sp\/wp-json\/wp\/v2\/posts\/1378\/revisions"}],"wp:featuredmedia":[{"embeddable":true,"href":"https:\/\/r-islam.com\/sp\/wp-json\/wp\/v2\/media\/1377"}],"wp:attachment":[{"href":"https:\/\/r-islam.com\/sp\/wp-json\/wp\/v2\/media?parent=1378"}],"wp:term":[{"taxonomy":"category","embeddable":true,"href":"https:\/\/r-islam.com\/sp\/wp-json\/wp\/v2\/categories?post=1378"},{"taxonomy":"post_tag","embeddable":true,"href":"https:\/\/r-islam.com\/sp\/wp-json\/wp\/v2\/tags?post=1378"}],"curies":[{"name":"wp","href":"https:\/\/api.w.org\/{rel}","templated":true}]}}