{"id":1416,"date":"2015-04-20T15:04:11","date_gmt":"2015-04-20T15:04:11","guid":{"rendered":"http:\/\/localhost\/rs\/sp\/2015\/04\/20\/la-comunidad-islamica-en-aragon-pide-mas-profesores-de-religion\/"},"modified":"2015-04-20T15:04:11","modified_gmt":"2015-04-20T15:04:11","slug":"la-comunidad-islamica-en-aragon-pide-mas-profesores-de-religion","status":"publish","type":"post","link":"https:\/\/r-islam.com\/sp\/la-comunidad-islamica-en-aragon-pide-mas-profesores-de-religion\/","title":{"rendered":"La comunidad isl\u00e1mica en Arag\u00f3n pide m\u00e1s profesores de religi\u00f3n"},"content":{"rendered":"<p><img loading=\"lazy\" decoding=\"async\" class=\" size-full wp-image-1415\" style=\"text-align: justify; display: block; margin-left: auto; margin-right: auto;\" src=\"http:\/\/localhost\/rs\/sp\/wp-content\/uploads\/sites\/9\/2015\/04\/pok.jpg\" alt=\"pok\" width=\"352\" height=\"264\" srcset=\"https:\/\/r-islam.com\/sp\/wp-content\/uploads\/sites\/9\/2015\/04\/pok.jpg 960w, https:\/\/r-islam.com\/sp\/wp-content\/uploads\/sites\/9\/2015\/04\/pok-300x225.jpg 300w, https:\/\/r-islam.com\/sp\/wp-content\/uploads\/sites\/9\/2015\/04\/pok-768x576.jpg 768w\" sizes=\"auto, (max-width: 352px) 100vw, 352px\" \/><br \/><span style=\"font-family: 'times new roman', times; font-size: 14pt;\">La comunidad isl\u00e1mica en Arag\u00f3n reclama la presencia en Primaria de m\u00e1s profesores de religi\u00f3n dada la cantidad de alumnos musulmanes en los colegios y consideran \u00abinsuficientes\u00bb los tres docentes que, actualmente, imparten clases en Zaragoza. \u00abEn Huesca y en Teruel no hay nadie\u00bb, apunt\u00f3 ayer Fawaz Nahhas, presidente de la Comunidad Isl\u00e1mica de Zaragoza.<\/span><\/p>\n<p><span style=\"font-family: 'times new roman', times; font-size: 14pt;\">Seg\u00fan el estudio demogr\u00e1fico de la poblaci\u00f3n musulmana elaborado por la Uni\u00f3n de Comunidades Isl\u00e1micas de Espa\u00f1a (Ucide) con datos de 2014, Arag\u00f3n es una de las cuatro comunidades, junto a Andaluc\u00eda, Canarias y Pa\u00eds Vasco, que ofrece esta demanda educativa, pero la situaci\u00f3n \u00abno cubre\u00bb las expectativas, seg\u00fan Nahhas. \u00abLos tres profesores apenas llegan al 15% o 20% del alumnado musulm\u00e1n en Arag\u00f3n. Necesitar\u00edamos aumentar hasta cuatro veces m\u00e1s la cifra\u00bb, asegur\u00f3. El informe apunta que en la comunidad hay 7.478 alumnos musulmanes (2.138 espa\u00f1oles y 5.340 extranjeros) y que, en Espa\u00f1a, nueve de cada diez profesores de religi\u00f3n isl\u00e1mica est\u00e1 desempleado.<\/span><\/p>\n<p><span style=\"font-family: 'times new roman', times; font-size: 14pt;\">\u00abAqu\u00ed, dos est\u00e1n a jornada completa, pero la otra persona tiene media jornada. La \u00faltima contrataci\u00f3n se hizo en el 2010, por lo que llevamos cinco a\u00f1os a\u00f1os sin aumentar el cupo pese a que hay muchos candidatos y muy bien preparados\u00bb, apunt\u00f3 Nahhas, quien a\u00f1adi\u00f3 que, entre los interesados, hay licenciados en Magisterio y Trabajo Social con conocimientos del islam.<\/span><\/p>\n<p><span style=\"font-family: 'times new roman', times; font-size: 14pt;\">El informe de Ucide apunta que Andaluc\u00eda, con 17 docentes en esta materia, es la comunidad con m\u00e1s profesores, seguida de las ciudades aut\u00f3nomas de Ceuta (13) y Melilla (11). Tras Arag\u00f3n (3), el Pa\u00eds Vasco tiene 2 docentes y Canarias, uno, son los territorios que ofrecen a los alumnos la posibilidad de optar por la religi\u00f3n isl\u00e1mica.<\/span><\/p>\n<p><span style=\"font-family: 'times new roman', times; color: #0000ff; font-size: 14pt;\"><a href=\"http:\/\/www.alukah.net\/\"><span style=\"color: #0000ff;\">http:\/\/www.alukah.net<\/span><\/a><\/span><\/p>\n<p>&nbsp;<\/p>\n<p><span style=\"color: #0000ff; font-family: 'times new roman', times; font-size: 14pt;\"><a href=\"http:\/\/www.r-islam.com\/sp\"><span style=\"color: #0000ff;\">http:\/\/www.r-islam.com\/sp<\/span><\/a><\/span><\/p>\n","protected":false},"excerpt":{"rendered":"<p>La comunidad isl\u00e1mica en Arag\u00f3n reclama la presencia en Primaria de m\u00e1s profesores de religi\u00f3n dada la cantidad de alumnos musulmanes en los colegios y consideran \u00abinsuficientes\u00bb los tres docentes que, actualmente, imparten clases en Zaragoza. \u00abEn Huesca y en Teruel no hay nadie\u00bb, apunt\u00f3 ayer Fawaz Nahhas, presidente de la Comunidad Isl\u00e1mica de Zaragoza. &hellip;<\/p>\n","protected":false},"author":23,"featured_media":1415,"comment_status":"open","ping_status":"open","sticky":false,"template":"","format":"standard","meta":{"_monsterinsights_skip_tracking":false,"_monsterinsights_sitenote_active":false,"_monsterinsights_sitenote_note":"","_monsterinsights_sitenote_category":0,"footnotes":""},"categories":[17],"tags":[],"class_list":["post-1416","post","type-post","status-publish","format-standard","has-post-thumbnail","hentry","category-articulos"],"yoast_head":"<!-- This site is optimized with the Yoast SEO plugin v27.5 - https:\/\/yoast.com\/product\/yoast-seo-wordpress\/ -->\n<title>La comunidad isl\u00e1mica en Arag\u00f3n pide m\u00e1s profesores de religi\u00f3n - El Islam Verdadero<\/title>\n<meta name=\"robots\" content=\"index, follow, max-snippet:-1, max-image-preview:large, max-video-preview:-1\" \/>\n<link rel=\"canonical\" href=\"https:\/\/r-islam.com\/sp\/la-comunidad-islamica-en-aragon-pide-mas-profesores-de-religion\/\" \/>\n<meta property=\"og:locale\" content=\"es_ES\" \/>\n<meta property=\"og:type\" content=\"article\" \/>\n<meta property=\"og:title\" content=\"La comunidad isl\u00e1mica en Arag\u00f3n pide m\u00e1s profesores de religi\u00f3n - El Islam Verdadero\" \/>\n<meta property=\"og:description\" content=\"La comunidad isl\u00e1mica en Arag\u00f3n reclama la presencia en Primaria de m\u00e1s profesores de religi\u00f3n dada la cantidad de alumnos musulmanes en los colegios y consideran \u00abinsuficientes\u00bb los tres docentes que, actualmente, imparten clases en Zaragoza. \u00abEn Huesca y en Teruel no hay nadie\u00bb, apunt\u00f3 ayer Fawaz Nahhas, presidente de la Comunidad Isl\u00e1mica de Zaragoza. &hellip;\" \/>\n<meta property=\"og:url\" content=\"https:\/\/r-islam.com\/sp\/la-comunidad-islamica-en-aragon-pide-mas-profesores-de-religion\/\" \/>\n<meta property=\"og:site_name\" content=\"El Islam Verdadero\" \/>\n<meta property=\"article:publisher\" content=\"https:\/\/www.facebook.com\/TheRightislam.SP\/\" \/>\n<meta property=\"article:published_time\" content=\"2015-04-20T15:04:11+00:00\" \/>\n<meta property=\"og:image\" content=\"https:\/\/r-islam.com\/sp\/wp-content\/uploads\/sites\/9\/2015\/04\/pok.jpg\" \/>\n\t<meta property=\"og:image:width\" content=\"960\" \/>\n\t<meta property=\"og:image:height\" content=\"720\" \/>\n\t<meta property=\"og:image:type\" content=\"image\/jpeg\" \/>\n<meta name=\"author\" content=\"sp\" \/>\n<meta name=\"twitter:card\" content=\"summary_large_image\" \/>\n<meta name=\"twitter:creator\" content=\"@verdadeiroIslam\" \/>\n<meta name=\"twitter:site\" content=\"@verdadeiroIslam\" \/>\n<meta name=\"twitter:label1\" content=\"Escrito por\" \/>\n\t<meta name=\"twitter:data1\" content=\"sp\" \/>\n\t<meta name=\"twitter:label2\" content=\"Tiempo de lectura\" \/>\n\t<meta name=\"twitter:data2\" content=\"2 minutos\" \/>\n<script type=\"application\/ld+json\" class=\"yoast-schema-graph\">{\"@context\":\"https:\\\/\\\/schema.org\",\"@graph\":[{\"@type\":\"Article\",\"@id\":\"https:\\\/\\\/r-islam.com\\\/sp\\\/la-comunidad-islamica-en-aragon-pide-mas-profesores-de-religion\\\/#article\",\"isPartOf\":{\"@id\":\"https:\\\/\\\/r-islam.com\\\/sp\\\/la-comunidad-islamica-en-aragon-pide-mas-profesores-de-religion\\\/\"},\"author\":{\"name\":\"sp\",\"@id\":\"https:\\\/\\\/r-islam.com\\\/sp\\\/#\\\/schema\\\/person\\\/27d7a6ebd29567e21a88298ba498a922\"},\"headline\":\"La comunidad isl\u00e1mica en Arag\u00f3n pide m\u00e1s profesores de religi\u00f3n\",\"datePublished\":\"2015-04-20T15:04:11+00:00\",\"mainEntityOfPage\":{\"@id\":\"https:\\\/\\\/r-islam.com\\\/sp\\\/la-comunidad-islamica-en-aragon-pide-mas-profesores-de-religion\\\/\"},\"wordCount\":325,\"commentCount\":0,\"publisher\":{\"@id\":\"https:\\\/\\\/r-islam.com\\\/sp\\\/#organization\"},\"image\":{\"@id\":\"https:\\\/\\\/r-islam.com\\\/sp\\\/la-comunidad-islamica-en-aragon-pide-mas-profesores-de-religion\\\/#primaryimage\"},\"thumbnailUrl\":\"https:\\\/\\\/r-islam.com\\\/sp\\\/wp-content\\\/uploads\\\/sites\\\/9\\\/2015\\\/04\\\/pok.jpg\",\"articleSection\":[\"Art\u00edculos\"],\"inLanguage\":\"es\",\"potentialAction\":[{\"@type\":\"CommentAction\",\"name\":\"Comment\",\"target\":[\"https:\\\/\\\/r-islam.com\\\/sp\\\/la-comunidad-islamica-en-aragon-pide-mas-profesores-de-religion\\\/#respond\"]}]},{\"@type\":\"WebPage\",\"@id\":\"https:\\\/\\\/r-islam.com\\\/sp\\\/la-comunidad-islamica-en-aragon-pide-mas-profesores-de-religion\\\/\",\"url\":\"https:\\\/\\\/r-islam.com\\\/sp\\\/la-comunidad-islamica-en-aragon-pide-mas-profesores-de-religion\\\/\",\"name\":\"La comunidad isl\u00e1mica en Arag\u00f3n pide m\u00e1s profesores de religi\u00f3n - El Islam Verdadero\",\"isPartOf\":{\"@id\":\"https:\\\/\\\/r-islam.com\\\/sp\\\/#website\"},\"primaryImageOfPage\":{\"@id\":\"https:\\\/\\\/r-islam.com\\\/sp\\\/la-comunidad-islamica-en-aragon-pide-mas-profesores-de-religion\\\/#primaryimage\"},\"image\":{\"@id\":\"https:\\\/\\\/r-islam.com\\\/sp\\\/la-comunidad-islamica-en-aragon-pide-mas-profesores-de-religion\\\/#primaryimage\"},\"thumbnailUrl\":\"https:\\\/\\\/r-islam.com\\\/sp\\\/wp-content\\\/uploads\\\/sites\\\/9\\\/2015\\\/04\\\/pok.jpg\",\"datePublished\":\"2015-04-20T15:04:11+00:00\",\"breadcrumb\":{\"@id\":\"https:\\\/\\\/r-islam.com\\\/sp\\\/la-comunidad-islamica-en-aragon-pide-mas-profesores-de-religion\\\/#breadcrumb\"},\"inLanguage\":\"es\",\"potentialAction\":[{\"@type\":\"ReadAction\",\"target\":[\"https:\\\/\\\/r-islam.com\\\/sp\\\/la-comunidad-islamica-en-aragon-pide-mas-profesores-de-religion\\\/\"]}]},{\"@type\":\"ImageObject\",\"inLanguage\":\"es\",\"@id\":\"https:\\\/\\\/r-islam.com\\\/sp\\\/la-comunidad-islamica-en-aragon-pide-mas-profesores-de-religion\\\/#primaryimage\",\"url\":\"https:\\\/\\\/r-islam.com\\\/sp\\\/wp-content\\\/uploads\\\/sites\\\/9\\\/2015\\\/04\\\/pok.jpg\",\"contentUrl\":\"https:\\\/\\\/r-islam.com\\\/sp\\\/wp-content\\\/uploads\\\/sites\\\/9\\\/2015\\\/04\\\/pok.jpg\",\"width\":960,\"height\":720,\"caption\":\"pok\"},{\"@type\":\"BreadcrumbList\",\"@id\":\"https:\\\/\\\/r-islam.com\\\/sp\\\/la-comunidad-islamica-en-aragon-pide-mas-profesores-de-religion\\\/#breadcrumb\",\"itemListElement\":[{\"@type\":\"ListItem\",\"position\":1,\"name\":\"Home\",\"item\":\"https:\\\/\\\/r-islam.com\\\/sp\\\/\"},{\"@type\":\"ListItem\",\"position\":2,\"name\":\"La comunidad isl\u00e1mica en Arag\u00f3n pide m\u00e1s profesores de religi\u00f3n\"}]},{\"@type\":\"WebSite\",\"@id\":\"https:\\\/\\\/r-islam.com\\\/sp\\\/#website\",\"url\":\"https:\\\/\\\/r-islam.com\\\/sp\\\/\",\"name\":\"El Islam Verdadero\",\"description\":\"\",\"publisher\":{\"@id\":\"https:\\\/\\\/r-islam.com\\\/sp\\\/#organization\"},\"potentialAction\":[{\"@type\":\"SearchAction\",\"target\":{\"@type\":\"EntryPoint\",\"urlTemplate\":\"https:\\\/\\\/r-islam.com\\\/sp\\\/?s={search_term_string}\"},\"query-input\":{\"@type\":\"PropertyValueSpecification\",\"valueRequired\":true,\"valueName\":\"search_term_string\"}}],\"inLanguage\":\"es\"},{\"@type\":\"Organization\",\"@id\":\"https:\\\/\\\/r-islam.com\\\/sp\\\/#organization\",\"name\":\"El Islam Verdadero\",\"url\":\"https:\\\/\\\/r-islam.com\\\/sp\\\/\",\"logo\":{\"@type\":\"ImageObject\",\"inLanguage\":\"es\",\"@id\":\"https:\\\/\\\/r-islam.com\\\/sp\\\/#\\\/schema\\\/logo\\\/image\\\/\",\"url\":\"https:\\\/\\\/r-islam.com\\\/sp\\\/wp-content\\\/uploads\\\/sites\\\/9\\\/2024\\\/03\\\/logo-small.jpg\",\"contentUrl\":\"https:\\\/\\\/r-islam.com\\\/sp\\\/wp-content\\\/uploads\\\/sites\\\/9\\\/2024\\\/03\\\/logo-small.jpg\",\"width\":180,\"height\":180,\"caption\":\"El Islam Verdadero\"},\"image\":{\"@id\":\"https:\\\/\\\/r-islam.com\\\/sp\\\/#\\\/schema\\\/logo\\\/image\\\/\"},\"sameAs\":[\"https:\\\/\\\/www.facebook.com\\\/TheRightislam.SP\\\/\",\"https:\\\/\\\/x.com\\\/verdadeiroIslam\"]},{\"@type\":\"Person\",\"@id\":\"https:\\\/\\\/r-islam.com\\\/sp\\\/#\\\/schema\\\/person\\\/27d7a6ebd29567e21a88298ba498a922\",\"name\":\"sp\",\"image\":{\"@type\":\"ImageObject\",\"inLanguage\":\"es\",\"@id\":\"https:\\\/\\\/secure.gravatar.com\\\/avatar\\\/f61fc72462f61f91519b0686a40a060c567ab920120bf4873ac1ae0b034ffe99?s=96&d=mm&r=g\",\"url\":\"https:\\\/\\\/secure.gravatar.com\\\/avatar\\\/f61fc72462f61f91519b0686a40a060c567ab920120bf4873ac1ae0b034ffe99?s=96&d=mm&r=g\",\"contentUrl\":\"https:\\\/\\\/secure.gravatar.com\\\/avatar\\\/f61fc72462f61f91519b0686a40a060c567ab920120bf4873ac1ae0b034ffe99?s=96&d=mm&r=g\",\"caption\":\"sp\"},\"url\":\"https:\\\/\\\/r-islam.com\\\/sp\\\/author\\\/sp\\\/\"}]}<\/script>\n<!-- \/ Yoast SEO plugin. -->","yoast_head_json":{"title":"La comunidad isl\u00e1mica en Arag\u00f3n pide m\u00e1s profesores de religi\u00f3n - El Islam Verdadero","robots":{"index":"index","follow":"follow","max-snippet":"max-snippet:-1","max-image-preview":"max-image-preview:large","max-video-preview":"max-video-preview:-1"},"canonical":"https:\/\/r-islam.com\/sp\/la-comunidad-islamica-en-aragon-pide-mas-profesores-de-religion\/","og_locale":"es_ES","og_type":"article","og_title":"La comunidad isl\u00e1mica en Arag\u00f3n pide m\u00e1s profesores de religi\u00f3n - El Islam Verdadero","og_description":"La comunidad isl\u00e1mica en Arag\u00f3n reclama la presencia en Primaria de m\u00e1s profesores de religi\u00f3n dada la cantidad de alumnos musulmanes en los colegios y consideran \u00abinsuficientes\u00bb los tres docentes que, actualmente, imparten clases en Zaragoza. \u00abEn Huesca y en Teruel no hay nadie\u00bb, apunt\u00f3 ayer Fawaz Nahhas, presidente de la Comunidad Isl\u00e1mica de Zaragoza. &hellip;","og_url":"https:\/\/r-islam.com\/sp\/la-comunidad-islamica-en-aragon-pide-mas-profesores-de-religion\/","og_site_name":"El Islam Verdadero","article_publisher":"https:\/\/www.facebook.com\/TheRightislam.SP\/","article_published_time":"2015-04-20T15:04:11+00:00","og_image":[{"width":960,"height":720,"url":"https:\/\/r-islam.com\/sp\/wp-content\/uploads\/sites\/9\/2015\/04\/pok.jpg","type":"image\/jpeg"}],"author":"sp","twitter_card":"summary_large_image","twitter_creator":"@verdadeiroIslam","twitter_site":"@verdadeiroIslam","twitter_misc":{"Escrito por":"sp","Tiempo de lectura":"2 minutos"},"schema":{"@context":"https:\/\/schema.org","@graph":[{"@type":"Article","@id":"https:\/\/r-islam.com\/sp\/la-comunidad-islamica-en-aragon-pide-mas-profesores-de-religion\/#article","isPartOf":{"@id":"https:\/\/r-islam.com\/sp\/la-comunidad-islamica-en-aragon-pide-mas-profesores-de-religion\/"},"author":{"name":"sp","@id":"https:\/\/r-islam.com\/sp\/#\/schema\/person\/27d7a6ebd29567e21a88298ba498a922"},"headline":"La comunidad isl\u00e1mica en Arag\u00f3n pide m\u00e1s profesores de religi\u00f3n","datePublished":"2015-04-20T15:04:11+00:00","mainEntityOfPage":{"@id":"https:\/\/r-islam.com\/sp\/la-comunidad-islamica-en-aragon-pide-mas-profesores-de-religion\/"},"wordCount":325,"commentCount":0,"publisher":{"@id":"https:\/\/r-islam.com\/sp\/#organization"},"image":{"@id":"https:\/\/r-islam.com\/sp\/la-comunidad-islamica-en-aragon-pide-mas-profesores-de-religion\/#primaryimage"},"thumbnailUrl":"https:\/\/r-islam.com\/sp\/wp-content\/uploads\/sites\/9\/2015\/04\/pok.jpg","articleSection":["Art\u00edculos"],"inLanguage":"es","potentialAction":[{"@type":"CommentAction","name":"Comment","target":["https:\/\/r-islam.com\/sp\/la-comunidad-islamica-en-aragon-pide-mas-profesores-de-religion\/#respond"]}]},{"@type":"WebPage","@id":"https:\/\/r-islam.com\/sp\/la-comunidad-islamica-en-aragon-pide-mas-profesores-de-religion\/","url":"https:\/\/r-islam.com\/sp\/la-comunidad-islamica-en-aragon-pide-mas-profesores-de-religion\/","name":"La comunidad isl\u00e1mica en Arag\u00f3n pide m\u00e1s profesores de religi\u00f3n - El Islam Verdadero","isPartOf":{"@id":"https:\/\/r-islam.com\/sp\/#website"},"primaryImageOfPage":{"@id":"https:\/\/r-islam.com\/sp\/la-comunidad-islamica-en-aragon-pide-mas-profesores-de-religion\/#primaryimage"},"image":{"@id":"https:\/\/r-islam.com\/sp\/la-comunidad-islamica-en-aragon-pide-mas-profesores-de-religion\/#primaryimage"},"thumbnailUrl":"https:\/\/r-islam.com\/sp\/wp-content\/uploads\/sites\/9\/2015\/04\/pok.jpg","datePublished":"2015-04-20T15:04:11+00:00","breadcrumb":{"@id":"https:\/\/r-islam.com\/sp\/la-comunidad-islamica-en-aragon-pide-mas-profesores-de-religion\/#breadcrumb"},"inLanguage":"es","potentialAction":[{"@type":"ReadAction","target":["https:\/\/r-islam.com\/sp\/la-comunidad-islamica-en-aragon-pide-mas-profesores-de-religion\/"]}]},{"@type":"ImageObject","inLanguage":"es","@id":"https:\/\/r-islam.com\/sp\/la-comunidad-islamica-en-aragon-pide-mas-profesores-de-religion\/#primaryimage","url":"https:\/\/r-islam.com\/sp\/wp-content\/uploads\/sites\/9\/2015\/04\/pok.jpg","contentUrl":"https:\/\/r-islam.com\/sp\/wp-content\/uploads\/sites\/9\/2015\/04\/pok.jpg","width":960,"height":720,"caption":"pok"},{"@type":"BreadcrumbList","@id":"https:\/\/r-islam.com\/sp\/la-comunidad-islamica-en-aragon-pide-mas-profesores-de-religion\/#breadcrumb","itemListElement":[{"@type":"ListItem","position":1,"name":"Home","item":"https:\/\/r-islam.com\/sp\/"},{"@type":"ListItem","position":2,"name":"La comunidad isl\u00e1mica en Arag\u00f3n pide m\u00e1s profesores de religi\u00f3n"}]},{"@type":"WebSite","@id":"https:\/\/r-islam.com\/sp\/#website","url":"https:\/\/r-islam.com\/sp\/","name":"El Islam Verdadero","description":"","publisher":{"@id":"https:\/\/r-islam.com\/sp\/#organization"},"potentialAction":[{"@type":"SearchAction","target":{"@type":"EntryPoint","urlTemplate":"https:\/\/r-islam.com\/sp\/?s={search_term_string}"},"query-input":{"@type":"PropertyValueSpecification","valueRequired":true,"valueName":"search_term_string"}}],"inLanguage":"es"},{"@type":"Organization","@id":"https:\/\/r-islam.com\/sp\/#organization","name":"El Islam Verdadero","url":"https:\/\/r-islam.com\/sp\/","logo":{"@type":"ImageObject","inLanguage":"es","@id":"https:\/\/r-islam.com\/sp\/#\/schema\/logo\/image\/","url":"https:\/\/r-islam.com\/sp\/wp-content\/uploads\/sites\/9\/2024\/03\/logo-small.jpg","contentUrl":"https:\/\/r-islam.com\/sp\/wp-content\/uploads\/sites\/9\/2024\/03\/logo-small.jpg","width":180,"height":180,"caption":"El Islam Verdadero"},"image":{"@id":"https:\/\/r-islam.com\/sp\/#\/schema\/logo\/image\/"},"sameAs":["https:\/\/www.facebook.com\/TheRightislam.SP\/","https:\/\/x.com\/verdadeiroIslam"]},{"@type":"Person","@id":"https:\/\/r-islam.com\/sp\/#\/schema\/person\/27d7a6ebd29567e21a88298ba498a922","name":"sp","image":{"@type":"ImageObject","inLanguage":"es","@id":"https:\/\/secure.gravatar.com\/avatar\/f61fc72462f61f91519b0686a40a060c567ab920120bf4873ac1ae0b034ffe99?s=96&d=mm&r=g","url":"https:\/\/secure.gravatar.com\/avatar\/f61fc72462f61f91519b0686a40a060c567ab920120bf4873ac1ae0b034ffe99?s=96&d=mm&r=g","contentUrl":"https:\/\/secure.gravatar.com\/avatar\/f61fc72462f61f91519b0686a40a060c567ab920120bf4873ac1ae0b034ffe99?s=96&d=mm&r=g","caption":"sp"},"url":"https:\/\/r-islam.com\/sp\/author\/sp\/"}]}},"_links":{"self":[{"href":"https:\/\/r-islam.com\/sp\/wp-json\/wp\/v2\/posts\/1416","targetHints":{"allow":["GET"]}}],"collection":[{"href":"https:\/\/r-islam.com\/sp\/wp-json\/wp\/v2\/posts"}],"about":[{"href":"https:\/\/r-islam.com\/sp\/wp-json\/wp\/v2\/types\/post"}],"author":[{"embeddable":true,"href":"https:\/\/r-islam.com\/sp\/wp-json\/wp\/v2\/users\/23"}],"replies":[{"embeddable":true,"href":"https:\/\/r-islam.com\/sp\/wp-json\/wp\/v2\/comments?post=1416"}],"version-history":[{"count":0,"href":"https:\/\/r-islam.com\/sp\/wp-json\/wp\/v2\/posts\/1416\/revisions"}],"wp:featuredmedia":[{"embeddable":true,"href":"https:\/\/r-islam.com\/sp\/wp-json\/wp\/v2\/media\/1415"}],"wp:attachment":[{"href":"https:\/\/r-islam.com\/sp\/wp-json\/wp\/v2\/media?parent=1416"}],"wp:term":[{"taxonomy":"category","embeddable":true,"href":"https:\/\/r-islam.com\/sp\/wp-json\/wp\/v2\/categories?post=1416"},{"taxonomy":"post_tag","embeddable":true,"href":"https:\/\/r-islam.com\/sp\/wp-json\/wp\/v2\/tags?post=1416"}],"curies":[{"name":"wp","href":"https:\/\/api.w.org\/{rel}","templated":true}]}}