{"id":145,"date":"2012-04-26T13:15:40","date_gmt":"2012-04-26T13:15:40","guid":{"rendered":"http:\/\/localhost\/rs\/sp\/2012\/04\/26\/yusuf-andrade-bolivia\/"},"modified":"2012-04-26T13:15:40","modified_gmt":"2012-04-26T13:15:40","slug":"yusuf-andrade-bolivia","status":"publish","type":"post","link":"https:\/\/r-islam.com\/sp\/yusuf-andrade-bolivia\/","title":{"rendered":"Yusuf Andrade &#8211; Bolivia"},"content":{"rendered":"<p><span style=\"font-family: times new roman,times;\"><span style=\"font-size: large;\"><span style=\"background-color: #888888;\">Yusuf Andrade &#8211; Bolivia <\/span><br \/>En nombre de Allah, el Clemente, el Misericordioso. Como todos recordar\u00e1n, el 11 de septiembre del a\u00f1o 2001 un hecho terrorista conmocion\u00f3 al mundo y levant\u00f3 el polvo sobre una palabra que, para bien y muchas m\u00e1s veces para mal, se repiti\u00f3 millones de veces en medios de comunicaci\u00f3n: ISLAM y\/o MUSULM\u00c1N. Fue y es hasta ahora el pan de cada d\u00eda en grandes cadenas internacionales de medios de informaci\u00f3n como tambi\u00e9n lo es en medios locales.<br \/> Se repiten diariamente noticias acerca de extremistas isl\u00e1micos de tal o cual pa\u00eds. Son muchos los que informan y muchos m\u00e1s los que escuchan,\u00a0\u00a0 pero muy pocos los que se detienen a entender el significado de dichas palabras.\u00a0 Cuando escuchan \u201cextremismo\u201d, la gente com\u00fan pensar\u00e1: d\u00edcese de todo aquel que sale de los l\u00edmites l\u00f3gicos, algo que se interpreta de manera muy textual, o sea que no se hace de manera real y se aparta de la interpretaci\u00f3n justa de ese algo, y \u00bfqu\u00e9 es ese algo? Entonces pensar\u00e1n en el Islam\u2026 \u00bfy qu\u00e9 es el Islam? \u2026 esa fue la pregunta que me plante\u00e9 un buen d\u00eda de mayo de 2002. Yo, Jos\u00e9 Fernando Andrade Pedregal, un joven en ese entonces de 19 a\u00f1os, me hice esa pregunta y gracias a ella encontr\u00e9 la verdad\u2026ah\u00ed se detiene la mayor\u00eda de la gente y piensa es una religi\u00f3n de barbones vestidos\u00a0\u00a0 con t\u00fanicas de la edad media que huelen a aliento de camello y est\u00e1n enojados con todo el occidente porque son mejores que sus retr\u00f3grados pensamientos arcaicos si es que a eso sumamos lo de opresores de mujeres y terroristas y dem\u00e1s condimentos de la ensalada que nos ofrecen nuestros bien amados medios de informaci\u00f3n en toda su \u201cclara\u201d neutralidad.<br \/> Claro, que se puede exigir si esa nota de prensa desde el origen sale con una trabajada parcialidad, no olvidemos que hubo una guerra y que hasta ahora la hay y que las noticias nos llegan del bando que fue a liberar esas tierras de la barbarie en la que viv\u00edan pero \u00bfno les parece justo tambi\u00e9n escuchar a esos b\u00e1rbaros?, a los musulmanes, preguntarles \u00bfQue es el Islam?, para tener un razonamiento justo como todo buen juez que escucha a las partes litigantes, eso fue lo que se me ocurri\u00f3 un buen d\u00eda de mayo del 2002.<br \/> Portadas de revistas, primera p\u00e1gina el peri\u00f3dicos locales, titulares de noticieros, etc., etc.\u2026 \u00a1Por Dios! \u00a1Qu\u00e9 cansancio! Todos hablan de una guerra en Irak, \u00a1un pa\u00eds que ni tiene embajada en el m\u00edo! Pol\u00edticos y sindicalistas se hacen solidarios de una causa que ni conocen, de un pueblo del que nunca vieron una persona frente a frente, otros del mismo oficio apoyan al ej\u00e9rcito \u201clibertador\u201d que fue a \u201cliberar\u201d ese pa\u00eds. Todos hablan, todos tienen voz en esta contienda por muy lejana que est\u00e9. Pero, un momento, \u00bfacaso no son los musulmanes el origen del problema? \u00bfO no? \u00bfPor qu\u00e9 nadie nos explica qui\u00e9nes son y qu\u00e9 siguen?&#8230; Muy bien, alguien me escuch\u00f3, sale un orientalista muy experto a explicar el Islam y su origen expansionista y beligerante, una religi\u00f3n monote\u00edsta que naci\u00f3 en Arabia un \u201cpseudo\u201d profeta que rob\u00f3 las bases del cristianismo y del juda\u00edsmo, muy elocuente versi\u00f3n, basta para el com\u00fan de la gente culta que tendr\u00eda alguna duda; pero no me ha dicho nada, me pregunto a m\u00ed mismo: \u00bfser\u00e1 justo solo escuchar a un jud\u00edo lo que tiene que decir de Cristo (la paz sea con \u00e9l) y no escuchar lo que tiene que decir un cristiano o viceversa? Con solo escuchar una parte \u00bfacaso tendr\u00e9 un juicio justo? No, en verdad no es posible. Debo ser justo aunque nunca haya visto en mi vida a un musulm\u00e1n frente a frente, debo buscar qu\u00e9 dice \u00e9l sobre su religi\u00f3n.<br \/> \u00bfSer\u00e1 posible que un musulm\u00e1n me explique su religi\u00f3n y por qu\u00e9 se los culpa de los cr\u00edmenes del mundo moderno? Me parece justo pregunt\u00e1rselo o buscar qu\u00e9 escribi\u00f3 al respecto.<\/p>\n<p>Comienzo a buscar en bibliotecas o en revistas, tal vez exista alg\u00fan testimonio de alg\u00fan musulm\u00e1n. Me doy cuenta que todo lo escrito sobre ellos no tienen voz ni voto. \u00bfExistir\u00e1 alguna mezquita en mi ciudad? Ah\u00ed, con toda certeza, encontrar\u00e9 lo que busco, gu\u00edas de tel\u00e9fonos e informaciones me dicen que no; bueno, me queda el Internet, \u201cah\u00ed buscar\u00e9 mejor\u201d, me dije y fue verdad. Apenas escrib\u00ed la palabra Islam en el buscador me dio como resultado decenas de paginas en castellano y notas de prensa relacionas con el Islam; me dije: \u201cTomar\u00e1 tiempo dilucidar qu\u00e9 es verdad y qu\u00e9 est\u00e1 escrito por un musulm\u00e1n o qu\u00e9 no\u201d.  <br \/>Comienzo con esta peque\u00f1a investigaci\u00f3n para encontrar la verdad.\u00a0 \u00a1Oh qu\u00e9 alegr\u00eda! Encuentro p\u00e1ginas de musulmanes hechas por musulmanes y empiezo a leer en qu\u00e9 creen ellos y me topo repetidas veces con una palabra \u201cTAUHID\u201d, me llama mucho la atenci\u00f3n su traducci\u00f3n \u201cla unicidad de Dios\u201d; busco detenidamente su significado y encuentro que es la creencia de que Dios es Uno solo, Sustentador del Universo, que toda adoraci\u00f3n es solo a \u00c9l, Creador, Omnisapiente, Conocedor de todo lo visto y lo no visto. <br \/>Concuerdo con ello porque me parece l\u00f3gico y pensaba ya de esa forma. Me encuentro seguidamente con lo que muchos critican y lo toman como leyes medievales, la \u201cshariah\u201d (Jurisprudencia Isl\u00e1mica), me interesa mucho el tema de c\u00f3mo este creyente de Un solo Dios, todo, su econom\u00eda, su matrimonio, su trabajo, sus alimentos, su actitud pol\u00edtica, todo lo rige el Islam, el someterse solo a Dios y lo que \u00c9l Dict\u00f3 para ello; en t\u00e9rminos justos, no lo oprime, sino que lo invita a liberarse de sus opresiones.<br \/> Es diametralmente opuesto a todo lo que conoc\u00ed por religi\u00f3n, principios claros que invitan al bien personal y de la sociedad, prohibiciones claras con fundamentos razonables de por qu\u00e9 es prohibido, por ejemplo: las transacciones con intereses, el alcohol, los juegos de azar, la carne de cerdo, etc., etc.<br \/> No te proh\u00edbe nada que te beneficie y beneficie a tu entorno social, normas que tienen mas de mil cuatrocientos a\u00f1os pero son hechas a la medida de la humanidad de todos los tiempos.<br \/> La imagen retrograda de Occidente hacia el Islam empieza a salir de mi cabeza, pero aun hay dudas, debo saber qu\u00e9 dicen de la guerra santa y me encuentro con el verdadero concepto de \u201cYihad\u201d, la lucha de uno mismo contra su ego por establecer estos altos conceptos en su diario vivir; y tambi\u00e9n su significado, m\u00e1s conocido en Occidente como la lucha armada para proteger dichos valores, me parece muy justo, y no veo nada de lo que se le acusa dentro del Islam.\u00a0\u00a0\u00a0\u00a0\u00a0 \u00a0<\/p>\n<p><\/span><\/span><\/p>\n","protected":false},"excerpt":{"rendered":"<p>Yusuf Andrade &#8211; Bolivia En nombre de Allah, el Clemente, el Misericordioso. Como todos recordar\u00e1n, el 11 de septiembre del a\u00f1o 2001 un hecho terrorista conmocion\u00f3 al mundo y levant\u00f3 el polvo sobre una palabra que, para bien y muchas m\u00e1s veces para mal, se repiti\u00f3 millones de veces en medios de comunicaci\u00f3n: ISLAM y\/o &hellip;<\/p>\n","protected":false},"author":23,"featured_media":0,"comment_status":"open","ping_status":"open","sticky":false,"template":"","format":"standard","meta":{"_monsterinsights_skip_tracking":false,"_monsterinsights_sitenote_active":false,"_monsterinsights_sitenote_note":"","_monsterinsights_sitenote_category":0,"footnotes":""},"categories":[13],"tags":[],"class_list":["post-145","post","type-post","status-publish","format-standard","hentry","category-hombres"],"yoast_head":"<!-- This site is optimized with the Yoast SEO plugin v27.5 - https:\/\/yoast.com\/product\/yoast-seo-wordpress\/ -->\n<title>Yusuf Andrade - Bolivia - El Islam Verdadero<\/title>\n<meta name=\"robots\" content=\"index, follow, max-snippet:-1, max-image-preview:large, max-video-preview:-1\" \/>\n<link rel=\"canonical\" href=\"https:\/\/r-islam.com\/sp\/yusuf-andrade-bolivia\/\" \/>\n<meta property=\"og:locale\" content=\"es_ES\" \/>\n<meta property=\"og:type\" content=\"article\" \/>\n<meta property=\"og:title\" content=\"Yusuf Andrade - Bolivia - El Islam Verdadero\" \/>\n<meta property=\"og:description\" content=\"Yusuf Andrade &#8211; Bolivia En nombre de Allah, el Clemente, el Misericordioso. Como todos recordar\u00e1n, el 11 de septiembre del a\u00f1o 2001 un hecho terrorista conmocion\u00f3 al mundo y levant\u00f3 el polvo sobre una palabra que, para bien y muchas m\u00e1s veces para mal, se repiti\u00f3 millones de veces en medios de comunicaci\u00f3n: ISLAM y\/o &hellip;\" \/>\n<meta property=\"og:url\" content=\"https:\/\/r-islam.com\/sp\/yusuf-andrade-bolivia\/\" \/>\n<meta property=\"og:site_name\" content=\"El Islam Verdadero\" \/>\n<meta property=\"article:publisher\" content=\"https:\/\/www.facebook.com\/TheRightislam.SP\/\" \/>\n<meta property=\"article:published_time\" content=\"2012-04-26T13:15:40+00:00\" \/>\n<meta name=\"author\" content=\"sp\" \/>\n<meta name=\"twitter:card\" content=\"summary_large_image\" \/>\n<meta name=\"twitter:creator\" content=\"@verdadeiroIslam\" \/>\n<meta name=\"twitter:site\" content=\"@verdadeiroIslam\" \/>\n<meta name=\"twitter:label1\" content=\"Escrito por\" \/>\n\t<meta name=\"twitter:data1\" content=\"sp\" \/>\n\t<meta name=\"twitter:label2\" content=\"Tiempo de lectura\" \/>\n\t<meta name=\"twitter:data2\" content=\"6 minutos\" \/>\n<script type=\"application\/ld+json\" class=\"yoast-schema-graph\">{\"@context\":\"https:\\\/\\\/schema.org\",\"@graph\":[{\"@type\":\"Article\",\"@id\":\"https:\\\/\\\/r-islam.com\\\/sp\\\/yusuf-andrade-bolivia\\\/#article\",\"isPartOf\":{\"@id\":\"https:\\\/\\\/r-islam.com\\\/sp\\\/yusuf-andrade-bolivia\\\/\"},\"author\":{\"name\":\"sp\",\"@id\":\"https:\\\/\\\/r-islam.com\\\/sp\\\/#\\\/schema\\\/person\\\/27d7a6ebd29567e21a88298ba498a922\"},\"headline\":\"Yusuf Andrade &#8211; Bolivia\",\"datePublished\":\"2012-04-26T13:15:40+00:00\",\"mainEntityOfPage\":{\"@id\":\"https:\\\/\\\/r-islam.com\\\/sp\\\/yusuf-andrade-bolivia\\\/\"},\"wordCount\":1189,\"commentCount\":0,\"publisher\":{\"@id\":\"https:\\\/\\\/r-islam.com\\\/sp\\\/#organization\"},\"articleSection\":[\"Hombres\"],\"inLanguage\":\"es\",\"potentialAction\":[{\"@type\":\"CommentAction\",\"name\":\"Comment\",\"target\":[\"https:\\\/\\\/r-islam.com\\\/sp\\\/yusuf-andrade-bolivia\\\/#respond\"]}]},{\"@type\":\"WebPage\",\"@id\":\"https:\\\/\\\/r-islam.com\\\/sp\\\/yusuf-andrade-bolivia\\\/\",\"url\":\"https:\\\/\\\/r-islam.com\\\/sp\\\/yusuf-andrade-bolivia\\\/\",\"name\":\"Yusuf Andrade - Bolivia - El Islam Verdadero\",\"isPartOf\":{\"@id\":\"https:\\\/\\\/r-islam.com\\\/sp\\\/#website\"},\"datePublished\":\"2012-04-26T13:15:40+00:00\",\"breadcrumb\":{\"@id\":\"https:\\\/\\\/r-islam.com\\\/sp\\\/yusuf-andrade-bolivia\\\/#breadcrumb\"},\"inLanguage\":\"es\",\"potentialAction\":[{\"@type\":\"ReadAction\",\"target\":[\"https:\\\/\\\/r-islam.com\\\/sp\\\/yusuf-andrade-bolivia\\\/\"]}]},{\"@type\":\"BreadcrumbList\",\"@id\":\"https:\\\/\\\/r-islam.com\\\/sp\\\/yusuf-andrade-bolivia\\\/#breadcrumb\",\"itemListElement\":[{\"@type\":\"ListItem\",\"position\":1,\"name\":\"Home\",\"item\":\"https:\\\/\\\/r-islam.com\\\/sp\\\/\"},{\"@type\":\"ListItem\",\"position\":2,\"name\":\"Yusuf Andrade &#8211; Bolivia\"}]},{\"@type\":\"WebSite\",\"@id\":\"https:\\\/\\\/r-islam.com\\\/sp\\\/#website\",\"url\":\"https:\\\/\\\/r-islam.com\\\/sp\\\/\",\"name\":\"El Islam Verdadero\",\"description\":\"\",\"publisher\":{\"@id\":\"https:\\\/\\\/r-islam.com\\\/sp\\\/#organization\"},\"potentialAction\":[{\"@type\":\"SearchAction\",\"target\":{\"@type\":\"EntryPoint\",\"urlTemplate\":\"https:\\\/\\\/r-islam.com\\\/sp\\\/?s={search_term_string}\"},\"query-input\":{\"@type\":\"PropertyValueSpecification\",\"valueRequired\":true,\"valueName\":\"search_term_string\"}}],\"inLanguage\":\"es\"},{\"@type\":\"Organization\",\"@id\":\"https:\\\/\\\/r-islam.com\\\/sp\\\/#organization\",\"name\":\"El Islam Verdadero\",\"url\":\"https:\\\/\\\/r-islam.com\\\/sp\\\/\",\"logo\":{\"@type\":\"ImageObject\",\"inLanguage\":\"es\",\"@id\":\"https:\\\/\\\/r-islam.com\\\/sp\\\/#\\\/schema\\\/logo\\\/image\\\/\",\"url\":\"https:\\\/\\\/r-islam.com\\\/sp\\\/wp-content\\\/uploads\\\/sites\\\/9\\\/2024\\\/03\\\/logo-small.jpg\",\"contentUrl\":\"https:\\\/\\\/r-islam.com\\\/sp\\\/wp-content\\\/uploads\\\/sites\\\/9\\\/2024\\\/03\\\/logo-small.jpg\",\"width\":180,\"height\":180,\"caption\":\"El Islam Verdadero\"},\"image\":{\"@id\":\"https:\\\/\\\/r-islam.com\\\/sp\\\/#\\\/schema\\\/logo\\\/image\\\/\"},\"sameAs\":[\"https:\\\/\\\/www.facebook.com\\\/TheRightislam.SP\\\/\",\"https:\\\/\\\/x.com\\\/verdadeiroIslam\"]},{\"@type\":\"Person\",\"@id\":\"https:\\\/\\\/r-islam.com\\\/sp\\\/#\\\/schema\\\/person\\\/27d7a6ebd29567e21a88298ba498a922\",\"name\":\"sp\",\"image\":{\"@type\":\"ImageObject\",\"inLanguage\":\"es\",\"@id\":\"https:\\\/\\\/secure.gravatar.com\\\/avatar\\\/f61fc72462f61f91519b0686a40a060c567ab920120bf4873ac1ae0b034ffe99?s=96&d=mm&r=g\",\"url\":\"https:\\\/\\\/secure.gravatar.com\\\/avatar\\\/f61fc72462f61f91519b0686a40a060c567ab920120bf4873ac1ae0b034ffe99?s=96&d=mm&r=g\",\"contentUrl\":\"https:\\\/\\\/secure.gravatar.com\\\/avatar\\\/f61fc72462f61f91519b0686a40a060c567ab920120bf4873ac1ae0b034ffe99?s=96&d=mm&r=g\",\"caption\":\"sp\"},\"url\":\"https:\\\/\\\/r-islam.com\\\/sp\\\/author\\\/sp\\\/\"}]}<\/script>\n<!-- \/ Yoast SEO plugin. -->","yoast_head_json":{"title":"Yusuf Andrade - Bolivia - El Islam Verdadero","robots":{"index":"index","follow":"follow","max-snippet":"max-snippet:-1","max-image-preview":"max-image-preview:large","max-video-preview":"max-video-preview:-1"},"canonical":"https:\/\/r-islam.com\/sp\/yusuf-andrade-bolivia\/","og_locale":"es_ES","og_type":"article","og_title":"Yusuf Andrade - Bolivia - El Islam Verdadero","og_description":"Yusuf Andrade &#8211; Bolivia En nombre de Allah, el Clemente, el Misericordioso. Como todos recordar\u00e1n, el 11 de septiembre del a\u00f1o 2001 un hecho terrorista conmocion\u00f3 al mundo y levant\u00f3 el polvo sobre una palabra que, para bien y muchas m\u00e1s veces para mal, se repiti\u00f3 millones de veces en medios de comunicaci\u00f3n: ISLAM y\/o &hellip;","og_url":"https:\/\/r-islam.com\/sp\/yusuf-andrade-bolivia\/","og_site_name":"El Islam Verdadero","article_publisher":"https:\/\/www.facebook.com\/TheRightislam.SP\/","article_published_time":"2012-04-26T13:15:40+00:00","author":"sp","twitter_card":"summary_large_image","twitter_creator":"@verdadeiroIslam","twitter_site":"@verdadeiroIslam","twitter_misc":{"Escrito por":"sp","Tiempo de lectura":"6 minutos"},"schema":{"@context":"https:\/\/schema.org","@graph":[{"@type":"Article","@id":"https:\/\/r-islam.com\/sp\/yusuf-andrade-bolivia\/#article","isPartOf":{"@id":"https:\/\/r-islam.com\/sp\/yusuf-andrade-bolivia\/"},"author":{"name":"sp","@id":"https:\/\/r-islam.com\/sp\/#\/schema\/person\/27d7a6ebd29567e21a88298ba498a922"},"headline":"Yusuf Andrade &#8211; Bolivia","datePublished":"2012-04-26T13:15:40+00:00","mainEntityOfPage":{"@id":"https:\/\/r-islam.com\/sp\/yusuf-andrade-bolivia\/"},"wordCount":1189,"commentCount":0,"publisher":{"@id":"https:\/\/r-islam.com\/sp\/#organization"},"articleSection":["Hombres"],"inLanguage":"es","potentialAction":[{"@type":"CommentAction","name":"Comment","target":["https:\/\/r-islam.com\/sp\/yusuf-andrade-bolivia\/#respond"]}]},{"@type":"WebPage","@id":"https:\/\/r-islam.com\/sp\/yusuf-andrade-bolivia\/","url":"https:\/\/r-islam.com\/sp\/yusuf-andrade-bolivia\/","name":"Yusuf Andrade - Bolivia - El Islam Verdadero","isPartOf":{"@id":"https:\/\/r-islam.com\/sp\/#website"},"datePublished":"2012-04-26T13:15:40+00:00","breadcrumb":{"@id":"https:\/\/r-islam.com\/sp\/yusuf-andrade-bolivia\/#breadcrumb"},"inLanguage":"es","potentialAction":[{"@type":"ReadAction","target":["https:\/\/r-islam.com\/sp\/yusuf-andrade-bolivia\/"]}]},{"@type":"BreadcrumbList","@id":"https:\/\/r-islam.com\/sp\/yusuf-andrade-bolivia\/#breadcrumb","itemListElement":[{"@type":"ListItem","position":1,"name":"Home","item":"https:\/\/r-islam.com\/sp\/"},{"@type":"ListItem","position":2,"name":"Yusuf Andrade &#8211; Bolivia"}]},{"@type":"WebSite","@id":"https:\/\/r-islam.com\/sp\/#website","url":"https:\/\/r-islam.com\/sp\/","name":"El Islam Verdadero","description":"","publisher":{"@id":"https:\/\/r-islam.com\/sp\/#organization"},"potentialAction":[{"@type":"SearchAction","target":{"@type":"EntryPoint","urlTemplate":"https:\/\/r-islam.com\/sp\/?s={search_term_string}"},"query-input":{"@type":"PropertyValueSpecification","valueRequired":true,"valueName":"search_term_string"}}],"inLanguage":"es"},{"@type":"Organization","@id":"https:\/\/r-islam.com\/sp\/#organization","name":"El Islam Verdadero","url":"https:\/\/r-islam.com\/sp\/","logo":{"@type":"ImageObject","inLanguage":"es","@id":"https:\/\/r-islam.com\/sp\/#\/schema\/logo\/image\/","url":"https:\/\/r-islam.com\/sp\/wp-content\/uploads\/sites\/9\/2024\/03\/logo-small.jpg","contentUrl":"https:\/\/r-islam.com\/sp\/wp-content\/uploads\/sites\/9\/2024\/03\/logo-small.jpg","width":180,"height":180,"caption":"El Islam Verdadero"},"image":{"@id":"https:\/\/r-islam.com\/sp\/#\/schema\/logo\/image\/"},"sameAs":["https:\/\/www.facebook.com\/TheRightislam.SP\/","https:\/\/x.com\/verdadeiroIslam"]},{"@type":"Person","@id":"https:\/\/r-islam.com\/sp\/#\/schema\/person\/27d7a6ebd29567e21a88298ba498a922","name":"sp","image":{"@type":"ImageObject","inLanguage":"es","@id":"https:\/\/secure.gravatar.com\/avatar\/f61fc72462f61f91519b0686a40a060c567ab920120bf4873ac1ae0b034ffe99?s=96&d=mm&r=g","url":"https:\/\/secure.gravatar.com\/avatar\/f61fc72462f61f91519b0686a40a060c567ab920120bf4873ac1ae0b034ffe99?s=96&d=mm&r=g","contentUrl":"https:\/\/secure.gravatar.com\/avatar\/f61fc72462f61f91519b0686a40a060c567ab920120bf4873ac1ae0b034ffe99?s=96&d=mm&r=g","caption":"sp"},"url":"https:\/\/r-islam.com\/sp\/author\/sp\/"}]}},"_links":{"self":[{"href":"https:\/\/r-islam.com\/sp\/wp-json\/wp\/v2\/posts\/145","targetHints":{"allow":["GET"]}}],"collection":[{"href":"https:\/\/r-islam.com\/sp\/wp-json\/wp\/v2\/posts"}],"about":[{"href":"https:\/\/r-islam.com\/sp\/wp-json\/wp\/v2\/types\/post"}],"author":[{"embeddable":true,"href":"https:\/\/r-islam.com\/sp\/wp-json\/wp\/v2\/users\/23"}],"replies":[{"embeddable":true,"href":"https:\/\/r-islam.com\/sp\/wp-json\/wp\/v2\/comments?post=145"}],"version-history":[{"count":0,"href":"https:\/\/r-islam.com\/sp\/wp-json\/wp\/v2\/posts\/145\/revisions"}],"wp:attachment":[{"href":"https:\/\/r-islam.com\/sp\/wp-json\/wp\/v2\/media?parent=145"}],"wp:term":[{"taxonomy":"category","embeddable":true,"href":"https:\/\/r-islam.com\/sp\/wp-json\/wp\/v2\/categories?post=145"},{"taxonomy":"post_tag","embeddable":true,"href":"https:\/\/r-islam.com\/sp\/wp-json\/wp\/v2\/tags?post=145"}],"curies":[{"name":"wp","href":"https:\/\/api.w.org\/{rel}","templated":true}]}}