{"id":207,"date":"2012-05-03T09:10:36","date_gmt":"2012-05-03T09:10:36","guid":{"rendered":"http:\/\/localhost\/rs\/sp\/2012\/05\/03\/los-origenes-de-la-civilizacion-musulmana\/"},"modified":"2012-05-03T09:10:36","modified_gmt":"2012-05-03T09:10:36","slug":"los-origenes-de-la-civilizacion-musulmana","status":"publish","type":"post","link":"https:\/\/r-islam.com\/sp\/los-origenes-de-la-civilizacion-musulmana\/","title":{"rendered":"LOS OR\u00cdGENES DE LA CIVILIZACI\u00d3N MUSULMANA"},"content":{"rendered":"<p>\u00a0<\/p>\n<p style=\"text-align: center;\"><img loading=\"lazy\" decoding=\"async\" class=\" size-full wp-image-206\" src=\"http:\/\/localhost\/rs\/sp\/wp-content\/uploads\/sites\/9\/2012\/05\/sahara.jpg\" border=\"0\" width=\"425\" height=\"283\" srcset=\"https:\/\/r-islam.com\/sp\/wp-content\/uploads\/sites\/9\/2012\/05\/sahara.jpg 425w, https:\/\/r-islam.com\/sp\/wp-content\/uploads\/sites\/9\/2012\/05\/sahara-300x200.jpg 300w\" sizes=\"auto, (max-width: 425px) 100vw, 425px\" \/><\/p>\n<p>\u00a0<\/p>\n<p><span style=\"font-family: times new roman,times;\"><span style=\"font-size: large;\"><br \/>Cuando apareci\u00f3 el islam en el mundo, a medidos del siglo VII, La civilizaci\u00f3n grecolatina ya estaba en decadencia. Bizancio, abocado a continuar la tradici\u00f3n de Atenas y Roma, hab\u00eda fracasado en su misi\u00f3n.<\/p>\n<p>No solamente fue incapaz de preservar los tesoros culturales que hab\u00edan pasado a su custodia, sino que esta \u201csegunda Roma\u00bb fue responsable de la destrucci\u00f3n de un gran n\u00famero de obras cient\u00edficas y monumentos art\u00edsticos transmitidos a ella\u00a0 desde\u00a0 la antig\u00fcedad.<\/p>\n<p>Los ignorantes emperadores basileos incitados por el Fanatismo de los partidarios ortodoxos de Bizancio, procuraron destruir los vestigios de una civilizaci\u00f3n considerada como pagana. El emperador Teodosio II adquiri\u00f3 su mala fama por la destrucci\u00f3n que hizo a gran escala en el norte de \u00c1frica. Fue bajo sus \u00f3rdenes, y no bajo las del Califa Omar, a quien una falsa leyenda atribuyo el hecho, que fue destruida la famosa biblioteca de Alejandr\u00eda. En el a\u00f1o 489, el emperador Zenon cerr\u00f3 la famosa escuela de Edessa, que desde el siglo II hab\u00eda sido un centro de difusi\u00f3n de la lengua siria y la sabidur\u00eda griega por todo el Oriente. Justiniano empa\u00f1\u00f3 tambi\u00e9n su reputaci\u00f3n al cerrar la famosa Escuela Plat\u00f3nica de Atenas as\u00ed como las Escuelas de Alejandr\u00eda.<\/p>\n<p>Los monjes nestorianos de Edessa y Nisibia y los fil\u00f3sofos atenienses y alejandrinos, perseguidos por la iglesia Ortodoxa y las autoridades bizantinas, se refugiaron en Persia. All\u00ed, en absoluta libertad bajo la protecci\u00f3n toleranle de los sas\u00e1nidas, pudieron seguir traduciendo las Sagradas Escrituras a los Padres de la iglesia y Las obras filos\u00f3ficas y cient\u00edficas de la antigua Grecia.<\/p>\n<p>Fue gracias al laborioso trabajo de estos doctos refugiados, que los \u00e1rabes, cuando conquistaron Siria y Persia, encontraron una parte importante\u00a0 del patrimonio intelectual de Grecia.<\/p>\n<p>Los \u00e1rabes con su innata curiosidad Quedaron profundamente impresionados por ese mundo de nuevas ideas y conocimientos que les revelaba este saber antiguo. Los conquistadores comenzaron a estudiar con avidez las artes y las ciencias de sus reci\u00e9n conquistados s\u00fabditos. Hicieron traducciones al \u00e1rabe de las versiones orientales de los autores griegos y mas tarde de aquellas obras, originales que todav\u00eda no hab\u00edan sido traducidas al sirio o al caldeo.<\/span><\/span><\/p>\n<p><span style=\"font-family: times new roman,times;\"><span style=\"font-size: large;\"><br \/><\/span><\/span><\/p>\n<p><span style=\"font-family: times new roman,times;\"><span style=\"font-size: large;\"><span style=\"color: #ff0000;\">www.nurelislam.com<\/span><br \/><\/span><\/span><\/p>\n","protected":false},"excerpt":{"rendered":"<p>\u00a0 \u00a0 Cuando apareci\u00f3 el islam en el mundo, a medidos del siglo VII, La civilizaci\u00f3n grecolatina ya estaba en decadencia. Bizancio, abocado a continuar la tradici\u00f3n de Atenas y Roma, hab\u00eda fracasado en su misi\u00f3n. No solamente fue incapaz de preservar los tesoros culturales que hab\u00edan pasado a su custodia, sino que esta \u201csegunda &hellip;<\/p>\n","protected":false},"author":23,"featured_media":206,"comment_status":"open","ping_status":"open","sticky":false,"template":"","format":"standard","meta":{"_monsterinsights_skip_tracking":false,"_monsterinsights_sitenote_active":false,"_monsterinsights_sitenote_note":"","_monsterinsights_sitenote_category":0,"footnotes":""},"categories":[28],"tags":[],"class_list":["post-207","post","type-post","status-publish","format-standard","has-post-thumbnail","hentry","category-historias"],"yoast_head":"<!-- This site is optimized with the Yoast SEO plugin v27.5 - https:\/\/yoast.com\/product\/yoast-seo-wordpress\/ -->\n<title>LOS OR\u00cdGENES DE LA CIVILIZACI\u00d3N MUSULMANA - El Islam Verdadero<\/title>\n<meta name=\"robots\" content=\"index, follow, max-snippet:-1, max-image-preview:large, max-video-preview:-1\" \/>\n<link rel=\"canonical\" href=\"https:\/\/r-islam.com\/sp\/los-origenes-de-la-civilizacion-musulmana\/\" \/>\n<meta property=\"og:locale\" content=\"es_ES\" \/>\n<meta property=\"og:type\" content=\"article\" \/>\n<meta property=\"og:title\" content=\"LOS OR\u00cdGENES DE LA CIVILIZACI\u00d3N MUSULMANA - El Islam Verdadero\" \/>\n<meta property=\"og:description\" content=\"\u00a0 \u00a0 Cuando apareci\u00f3 el islam en el mundo, a medidos del siglo VII, La civilizaci\u00f3n grecolatina ya estaba en decadencia. Bizancio, abocado a continuar la tradici\u00f3n de Atenas y Roma, hab\u00eda fracasado en su misi\u00f3n. No solamente fue incapaz de preservar los tesoros culturales que hab\u00edan pasado a su custodia, sino que esta \u201csegunda &hellip;\" \/>\n<meta property=\"og:url\" content=\"https:\/\/r-islam.com\/sp\/los-origenes-de-la-civilizacion-musulmana\/\" \/>\n<meta property=\"og:site_name\" content=\"El Islam Verdadero\" \/>\n<meta property=\"article:publisher\" content=\"https:\/\/www.facebook.com\/TheRightislam.SP\/\" \/>\n<meta property=\"article:published_time\" content=\"2012-05-03T09:10:36+00:00\" \/>\n<meta property=\"og:image\" content=\"https:\/\/r-islam.com\/sp\/wp-content\/uploads\/sites\/9\/2012\/05\/sahara.jpg\" \/>\n\t<meta property=\"og:image:width\" content=\"425\" \/>\n\t<meta property=\"og:image:height\" content=\"283\" \/>\n\t<meta property=\"og:image:type\" content=\"image\/jpeg\" \/>\n<meta name=\"author\" content=\"sp\" \/>\n<meta name=\"twitter:card\" content=\"summary_large_image\" \/>\n<meta name=\"twitter:creator\" content=\"@verdadeiroIslam\" \/>\n<meta name=\"twitter:site\" content=\"@verdadeiroIslam\" \/>\n<meta name=\"twitter:label1\" content=\"Escrito por\" \/>\n\t<meta name=\"twitter:data1\" content=\"sp\" \/>\n\t<meta name=\"twitter:label2\" content=\"Tiempo de lectura\" \/>\n\t<meta name=\"twitter:data2\" content=\"2 minutos\" \/>\n<script type=\"application\/ld+json\" class=\"yoast-schema-graph\">{\"@context\":\"https:\\\/\\\/schema.org\",\"@graph\":[{\"@type\":\"Article\",\"@id\":\"https:\\\/\\\/r-islam.com\\\/sp\\\/los-origenes-de-la-civilizacion-musulmana\\\/#article\",\"isPartOf\":{\"@id\":\"https:\\\/\\\/r-islam.com\\\/sp\\\/los-origenes-de-la-civilizacion-musulmana\\\/\"},\"author\":{\"name\":\"sp\",\"@id\":\"https:\\\/\\\/r-islam.com\\\/sp\\\/#\\\/schema\\\/person\\\/27d7a6ebd29567e21a88298ba498a922\"},\"headline\":\"LOS OR\u00cdGENES DE LA CIVILIZACI\u00d3N MUSULMANA\",\"datePublished\":\"2012-05-03T09:10:36+00:00\",\"mainEntityOfPage\":{\"@id\":\"https:\\\/\\\/r-islam.com\\\/sp\\\/los-origenes-de-la-civilizacion-musulmana\\\/\"},\"wordCount\":397,\"commentCount\":0,\"publisher\":{\"@id\":\"https:\\\/\\\/r-islam.com\\\/sp\\\/#organization\"},\"image\":{\"@id\":\"https:\\\/\\\/r-islam.com\\\/sp\\\/los-origenes-de-la-civilizacion-musulmana\\\/#primaryimage\"},\"thumbnailUrl\":\"https:\\\/\\\/r-islam.com\\\/sp\\\/wp-content\\\/uploads\\\/sites\\\/9\\\/2012\\\/05\\\/sahara.jpg\",\"articleSection\":[\"Historias\"],\"inLanguage\":\"es\",\"potentialAction\":[{\"@type\":\"CommentAction\",\"name\":\"Comment\",\"target\":[\"https:\\\/\\\/r-islam.com\\\/sp\\\/los-origenes-de-la-civilizacion-musulmana\\\/#respond\"]}]},{\"@type\":\"WebPage\",\"@id\":\"https:\\\/\\\/r-islam.com\\\/sp\\\/los-origenes-de-la-civilizacion-musulmana\\\/\",\"url\":\"https:\\\/\\\/r-islam.com\\\/sp\\\/los-origenes-de-la-civilizacion-musulmana\\\/\",\"name\":\"LOS OR\u00cdGENES DE LA CIVILIZACI\u00d3N MUSULMANA - El Islam Verdadero\",\"isPartOf\":{\"@id\":\"https:\\\/\\\/r-islam.com\\\/sp\\\/#website\"},\"primaryImageOfPage\":{\"@id\":\"https:\\\/\\\/r-islam.com\\\/sp\\\/los-origenes-de-la-civilizacion-musulmana\\\/#primaryimage\"},\"image\":{\"@id\":\"https:\\\/\\\/r-islam.com\\\/sp\\\/los-origenes-de-la-civilizacion-musulmana\\\/#primaryimage\"},\"thumbnailUrl\":\"https:\\\/\\\/r-islam.com\\\/sp\\\/wp-content\\\/uploads\\\/sites\\\/9\\\/2012\\\/05\\\/sahara.jpg\",\"datePublished\":\"2012-05-03T09:10:36+00:00\",\"breadcrumb\":{\"@id\":\"https:\\\/\\\/r-islam.com\\\/sp\\\/los-origenes-de-la-civilizacion-musulmana\\\/#breadcrumb\"},\"inLanguage\":\"es\",\"potentialAction\":[{\"@type\":\"ReadAction\",\"target\":[\"https:\\\/\\\/r-islam.com\\\/sp\\\/los-origenes-de-la-civilizacion-musulmana\\\/\"]}]},{\"@type\":\"ImageObject\",\"inLanguage\":\"es\",\"@id\":\"https:\\\/\\\/r-islam.com\\\/sp\\\/los-origenes-de-la-civilizacion-musulmana\\\/#primaryimage\",\"url\":\"https:\\\/\\\/r-islam.com\\\/sp\\\/wp-content\\\/uploads\\\/sites\\\/9\\\/2012\\\/05\\\/sahara.jpg\",\"contentUrl\":\"https:\\\/\\\/r-islam.com\\\/sp\\\/wp-content\\\/uploads\\\/sites\\\/9\\\/2012\\\/05\\\/sahara.jpg\",\"width\":425,\"height\":283},{\"@type\":\"BreadcrumbList\",\"@id\":\"https:\\\/\\\/r-islam.com\\\/sp\\\/los-origenes-de-la-civilizacion-musulmana\\\/#breadcrumb\",\"itemListElement\":[{\"@type\":\"ListItem\",\"position\":1,\"name\":\"Home\",\"item\":\"https:\\\/\\\/r-islam.com\\\/sp\\\/\"},{\"@type\":\"ListItem\",\"position\":2,\"name\":\"LOS OR\u00cdGENES DE LA CIVILIZACI\u00d3N MUSULMANA\"}]},{\"@type\":\"WebSite\",\"@id\":\"https:\\\/\\\/r-islam.com\\\/sp\\\/#website\",\"url\":\"https:\\\/\\\/r-islam.com\\\/sp\\\/\",\"name\":\"El Islam Verdadero\",\"description\":\"\",\"publisher\":{\"@id\":\"https:\\\/\\\/r-islam.com\\\/sp\\\/#organization\"},\"potentialAction\":[{\"@type\":\"SearchAction\",\"target\":{\"@type\":\"EntryPoint\",\"urlTemplate\":\"https:\\\/\\\/r-islam.com\\\/sp\\\/?s={search_term_string}\"},\"query-input\":{\"@type\":\"PropertyValueSpecification\",\"valueRequired\":true,\"valueName\":\"search_term_string\"}}],\"inLanguage\":\"es\"},{\"@type\":\"Organization\",\"@id\":\"https:\\\/\\\/r-islam.com\\\/sp\\\/#organization\",\"name\":\"El Islam Verdadero\",\"url\":\"https:\\\/\\\/r-islam.com\\\/sp\\\/\",\"logo\":{\"@type\":\"ImageObject\",\"inLanguage\":\"es\",\"@id\":\"https:\\\/\\\/r-islam.com\\\/sp\\\/#\\\/schema\\\/logo\\\/image\\\/\",\"url\":\"https:\\\/\\\/r-islam.com\\\/sp\\\/wp-content\\\/uploads\\\/sites\\\/9\\\/2024\\\/03\\\/logo-small.jpg\",\"contentUrl\":\"https:\\\/\\\/r-islam.com\\\/sp\\\/wp-content\\\/uploads\\\/sites\\\/9\\\/2024\\\/03\\\/logo-small.jpg\",\"width\":180,\"height\":180,\"caption\":\"El Islam Verdadero\"},\"image\":{\"@id\":\"https:\\\/\\\/r-islam.com\\\/sp\\\/#\\\/schema\\\/logo\\\/image\\\/\"},\"sameAs\":[\"https:\\\/\\\/www.facebook.com\\\/TheRightislam.SP\\\/\",\"https:\\\/\\\/x.com\\\/verdadeiroIslam\"]},{\"@type\":\"Person\",\"@id\":\"https:\\\/\\\/r-islam.com\\\/sp\\\/#\\\/schema\\\/person\\\/27d7a6ebd29567e21a88298ba498a922\",\"name\":\"sp\",\"image\":{\"@type\":\"ImageObject\",\"inLanguage\":\"es\",\"@id\":\"https:\\\/\\\/secure.gravatar.com\\\/avatar\\\/f61fc72462f61f91519b0686a40a060c567ab920120bf4873ac1ae0b034ffe99?s=96&d=mm&r=g\",\"url\":\"https:\\\/\\\/secure.gravatar.com\\\/avatar\\\/f61fc72462f61f91519b0686a40a060c567ab920120bf4873ac1ae0b034ffe99?s=96&d=mm&r=g\",\"contentUrl\":\"https:\\\/\\\/secure.gravatar.com\\\/avatar\\\/f61fc72462f61f91519b0686a40a060c567ab920120bf4873ac1ae0b034ffe99?s=96&d=mm&r=g\",\"caption\":\"sp\"},\"url\":\"https:\\\/\\\/r-islam.com\\\/sp\\\/author\\\/sp\\\/\"}]}<\/script>\n<!-- \/ Yoast SEO plugin. -->","yoast_head_json":{"title":"LOS OR\u00cdGENES DE LA CIVILIZACI\u00d3N MUSULMANA - El Islam Verdadero","robots":{"index":"index","follow":"follow","max-snippet":"max-snippet:-1","max-image-preview":"max-image-preview:large","max-video-preview":"max-video-preview:-1"},"canonical":"https:\/\/r-islam.com\/sp\/los-origenes-de-la-civilizacion-musulmana\/","og_locale":"es_ES","og_type":"article","og_title":"LOS OR\u00cdGENES DE LA CIVILIZACI\u00d3N MUSULMANA - El Islam Verdadero","og_description":"\u00a0 \u00a0 Cuando apareci\u00f3 el islam en el mundo, a medidos del siglo VII, La civilizaci\u00f3n grecolatina ya estaba en decadencia. Bizancio, abocado a continuar la tradici\u00f3n de Atenas y Roma, hab\u00eda fracasado en su misi\u00f3n. No solamente fue incapaz de preservar los tesoros culturales que hab\u00edan pasado a su custodia, sino que esta \u201csegunda &hellip;","og_url":"https:\/\/r-islam.com\/sp\/los-origenes-de-la-civilizacion-musulmana\/","og_site_name":"El Islam Verdadero","article_publisher":"https:\/\/www.facebook.com\/TheRightislam.SP\/","article_published_time":"2012-05-03T09:10:36+00:00","og_image":[{"width":425,"height":283,"url":"https:\/\/r-islam.com\/sp\/wp-content\/uploads\/sites\/9\/2012\/05\/sahara.jpg","type":"image\/jpeg"}],"author":"sp","twitter_card":"summary_large_image","twitter_creator":"@verdadeiroIslam","twitter_site":"@verdadeiroIslam","twitter_misc":{"Escrito por":"sp","Tiempo de lectura":"2 minutos"},"schema":{"@context":"https:\/\/schema.org","@graph":[{"@type":"Article","@id":"https:\/\/r-islam.com\/sp\/los-origenes-de-la-civilizacion-musulmana\/#article","isPartOf":{"@id":"https:\/\/r-islam.com\/sp\/los-origenes-de-la-civilizacion-musulmana\/"},"author":{"name":"sp","@id":"https:\/\/r-islam.com\/sp\/#\/schema\/person\/27d7a6ebd29567e21a88298ba498a922"},"headline":"LOS OR\u00cdGENES DE LA CIVILIZACI\u00d3N MUSULMANA","datePublished":"2012-05-03T09:10:36+00:00","mainEntityOfPage":{"@id":"https:\/\/r-islam.com\/sp\/los-origenes-de-la-civilizacion-musulmana\/"},"wordCount":397,"commentCount":0,"publisher":{"@id":"https:\/\/r-islam.com\/sp\/#organization"},"image":{"@id":"https:\/\/r-islam.com\/sp\/los-origenes-de-la-civilizacion-musulmana\/#primaryimage"},"thumbnailUrl":"https:\/\/r-islam.com\/sp\/wp-content\/uploads\/sites\/9\/2012\/05\/sahara.jpg","articleSection":["Historias"],"inLanguage":"es","potentialAction":[{"@type":"CommentAction","name":"Comment","target":["https:\/\/r-islam.com\/sp\/los-origenes-de-la-civilizacion-musulmana\/#respond"]}]},{"@type":"WebPage","@id":"https:\/\/r-islam.com\/sp\/los-origenes-de-la-civilizacion-musulmana\/","url":"https:\/\/r-islam.com\/sp\/los-origenes-de-la-civilizacion-musulmana\/","name":"LOS OR\u00cdGENES DE LA CIVILIZACI\u00d3N MUSULMANA - El Islam Verdadero","isPartOf":{"@id":"https:\/\/r-islam.com\/sp\/#website"},"primaryImageOfPage":{"@id":"https:\/\/r-islam.com\/sp\/los-origenes-de-la-civilizacion-musulmana\/#primaryimage"},"image":{"@id":"https:\/\/r-islam.com\/sp\/los-origenes-de-la-civilizacion-musulmana\/#primaryimage"},"thumbnailUrl":"https:\/\/r-islam.com\/sp\/wp-content\/uploads\/sites\/9\/2012\/05\/sahara.jpg","datePublished":"2012-05-03T09:10:36+00:00","breadcrumb":{"@id":"https:\/\/r-islam.com\/sp\/los-origenes-de-la-civilizacion-musulmana\/#breadcrumb"},"inLanguage":"es","potentialAction":[{"@type":"ReadAction","target":["https:\/\/r-islam.com\/sp\/los-origenes-de-la-civilizacion-musulmana\/"]}]},{"@type":"ImageObject","inLanguage":"es","@id":"https:\/\/r-islam.com\/sp\/los-origenes-de-la-civilizacion-musulmana\/#primaryimage","url":"https:\/\/r-islam.com\/sp\/wp-content\/uploads\/sites\/9\/2012\/05\/sahara.jpg","contentUrl":"https:\/\/r-islam.com\/sp\/wp-content\/uploads\/sites\/9\/2012\/05\/sahara.jpg","width":425,"height":283},{"@type":"BreadcrumbList","@id":"https:\/\/r-islam.com\/sp\/los-origenes-de-la-civilizacion-musulmana\/#breadcrumb","itemListElement":[{"@type":"ListItem","position":1,"name":"Home","item":"https:\/\/r-islam.com\/sp\/"},{"@type":"ListItem","position":2,"name":"LOS OR\u00cdGENES DE LA CIVILIZACI\u00d3N MUSULMANA"}]},{"@type":"WebSite","@id":"https:\/\/r-islam.com\/sp\/#website","url":"https:\/\/r-islam.com\/sp\/","name":"El Islam Verdadero","description":"","publisher":{"@id":"https:\/\/r-islam.com\/sp\/#organization"},"potentialAction":[{"@type":"SearchAction","target":{"@type":"EntryPoint","urlTemplate":"https:\/\/r-islam.com\/sp\/?s={search_term_string}"},"query-input":{"@type":"PropertyValueSpecification","valueRequired":true,"valueName":"search_term_string"}}],"inLanguage":"es"},{"@type":"Organization","@id":"https:\/\/r-islam.com\/sp\/#organization","name":"El Islam Verdadero","url":"https:\/\/r-islam.com\/sp\/","logo":{"@type":"ImageObject","inLanguage":"es","@id":"https:\/\/r-islam.com\/sp\/#\/schema\/logo\/image\/","url":"https:\/\/r-islam.com\/sp\/wp-content\/uploads\/sites\/9\/2024\/03\/logo-small.jpg","contentUrl":"https:\/\/r-islam.com\/sp\/wp-content\/uploads\/sites\/9\/2024\/03\/logo-small.jpg","width":180,"height":180,"caption":"El Islam Verdadero"},"image":{"@id":"https:\/\/r-islam.com\/sp\/#\/schema\/logo\/image\/"},"sameAs":["https:\/\/www.facebook.com\/TheRightislam.SP\/","https:\/\/x.com\/verdadeiroIslam"]},{"@type":"Person","@id":"https:\/\/r-islam.com\/sp\/#\/schema\/person\/27d7a6ebd29567e21a88298ba498a922","name":"sp","image":{"@type":"ImageObject","inLanguage":"es","@id":"https:\/\/secure.gravatar.com\/avatar\/f61fc72462f61f91519b0686a40a060c567ab920120bf4873ac1ae0b034ffe99?s=96&d=mm&r=g","url":"https:\/\/secure.gravatar.com\/avatar\/f61fc72462f61f91519b0686a40a060c567ab920120bf4873ac1ae0b034ffe99?s=96&d=mm&r=g","contentUrl":"https:\/\/secure.gravatar.com\/avatar\/f61fc72462f61f91519b0686a40a060c567ab920120bf4873ac1ae0b034ffe99?s=96&d=mm&r=g","caption":"sp"},"url":"https:\/\/r-islam.com\/sp\/author\/sp\/"}]}},"_links":{"self":[{"href":"https:\/\/r-islam.com\/sp\/wp-json\/wp\/v2\/posts\/207","targetHints":{"allow":["GET"]}}],"collection":[{"href":"https:\/\/r-islam.com\/sp\/wp-json\/wp\/v2\/posts"}],"about":[{"href":"https:\/\/r-islam.com\/sp\/wp-json\/wp\/v2\/types\/post"}],"author":[{"embeddable":true,"href":"https:\/\/r-islam.com\/sp\/wp-json\/wp\/v2\/users\/23"}],"replies":[{"embeddable":true,"href":"https:\/\/r-islam.com\/sp\/wp-json\/wp\/v2\/comments?post=207"}],"version-history":[{"count":0,"href":"https:\/\/r-islam.com\/sp\/wp-json\/wp\/v2\/posts\/207\/revisions"}],"wp:featuredmedia":[{"embeddable":true,"href":"https:\/\/r-islam.com\/sp\/wp-json\/wp\/v2\/media\/206"}],"wp:attachment":[{"href":"https:\/\/r-islam.com\/sp\/wp-json\/wp\/v2\/media?parent=207"}],"wp:term":[{"taxonomy":"category","embeddable":true,"href":"https:\/\/r-islam.com\/sp\/wp-json\/wp\/v2\/categories?post=207"},{"taxonomy":"post_tag","embeddable":true,"href":"https:\/\/r-islam.com\/sp\/wp-json\/wp\/v2\/tags?post=207"}],"curies":[{"name":"wp","href":"https:\/\/api.w.org\/{rel}","templated":true}]}}