{"id":411,"date":"2012-06-20T14:58:36","date_gmt":"2012-06-20T14:58:36","guid":{"rendered":"http:\/\/localhost\/rs\/sp\/2012\/06\/20\/las-montanas-forma-y-funcion\/"},"modified":"2012-06-20T14:58:36","modified_gmt":"2012-06-20T14:58:36","slug":"las-montanas-forma-y-funcion","status":"publish","type":"post","link":"https:\/\/r-islam.com\/sp\/las-montanas-forma-y-funcion\/","title":{"rendered":"Las monta\u00f1as, forma y funci\u00f3n"},"content":{"rendered":"<p style=\"text-align: center;\"><span style=\"font-family: times new roman,times;\"><span style=\"font-size: large;\"><img loading=\"lazy\" decoding=\"async\" class=\" size-full wp-image-410\" src=\"http:\/\/localhost\/rs\/sp\/wp-content\/uploads\/sites\/9\/2012\/06\/q28.jpg\" alt=\"\" width=\"398\" height=\"265\" border=\"0\" srcset=\"https:\/\/r-islam.com\/sp\/wp-content\/uploads\/sites\/9\/2012\/06\/q28.jpg 425w, https:\/\/r-islam.com\/sp\/wp-content\/uploads\/sites\/9\/2012\/06\/q28-300x200.jpg 300w\" sizes=\"auto, (max-width: 398px) 100vw, 398px\" \/><\/span><\/span><\/p>\n<p style=\"text-align: center;\"><span style=\"font-family: times new roman,times;\"><span style=\"font-size: large;\">&nbsp;<\/span><\/span><\/p>\n<p style=\"color: #333333; font-family: Tahoma,Helvetica,Arial,sans-serif; font-size: 12px; font-style: normal; font-variant: normal; font-weight: normal; letter-spacing: normal; line-height: 15.808px; text-indent: 0px; text-transform: none; white-space: normal; word-spacing: 0px; text-align: justify;\"><span style=\"font-family: times new roman,times; font-size: 14pt;\"><span style=\"color: #000000;\">Dios \u00a1Alt\u00edsimo sea! dice<\/span><span style=\"color: #008000;\"><span style=\"color: #000000;\">:<\/span>\u201cHemos puesto las monta\u00f1as como estacas\u201d<\/span>,<span style=\"color: #000000;\">La Noticia, 7.<\/span><\/span><\/p>\n<p style=\"text-align: justify;\"><span style=\"color: #0000ff; font-family: times new roman,times; font-size: 14pt;\">Realidad cient\u00edfica:<\/span><\/p>\n<p style=\"text-align: justify;\"><span style=\"font-family: times new roman,times; font-size: 14pt;\">Anteriormente, se cre\u00eda que las monta\u00f1as eran simplemente bloques rocosos que sobresalen de la tierra. Tal concepto fue v\u00e1lido hasta 1835 cuando Pierre Bouguer indic\u00f3 que las fuerzas de gravedad registradas de los Andes son bastante menos de lo que se esperaba de una masa rocosa tan grande como aquella. Por ello, pens\u00f3 en la existencia necesaria de otra masa m\u00e1s grande sumergida en la tierra. As\u00ed se interpret\u00f3 la anormalidad de los resultados registrados.<\/span><\/p>\n<p style=\"text-align: justify;\"><span style=\"font-family: times new roman,times; font-size: 14pt;\"><span style=\"color: #0000ff;\">A mediados del siglo XVII,<\/span>Jorge Everest lla\u00f3 la atenci\u00f3n hacia una irregularidad de algunos resultados registrados cuando se med\u00eda la gravedad en distintos lugares de los altos de Himalaya. Pero Everest no pudo explicar aquel fen\u00f3meno y se content\u00f3 con llamarlo<span style=\"color: #0000ff;\">\u201cel misterio de India\u201d.<\/span><\/span><\/p>\n<p style=\"text-align: justify;\"><span style=\"font-family: times new roman,times; font-size: 14pt;\"><span style=\"color: #0000ff;\">En 1865,<\/span>Gorge Airy declar\u00f3 que todas las sierras y cordilleras de la tierra son masas flotantes sobre un mar de magma (material rocoso fundido bajo la corteza de la tierra). Tal material fundido es m\u00e1s denso que el de las monta\u00f1as, por ello, \u00e9stas deben zambullirse en aquellos materiales fundidos para mantenerse erguidos.<\/span><\/p>\n<p style=\"text-align: justify;\"><span style=\"font-family: times new roman,times; font-size: 14pt;\">Poco a poco, la geolog\u00eda descubri\u00f3 que la corteza de la tierra se trata de parches adyacentes llamados placas continentales; que las monta\u00f1as enormes flotan sobre un mar de rocas fundidas muy densas; y que las monta\u00f1as tiene ra\u00edces que las ayudan a flotar sin temblarse.<\/span><\/p>\n<p style=\"text-align: justify;\"><span style=\"font-family: times new roman,times; font-size: 14pt;\"><span style=\"color: #0000ff;\">En 1948,<\/span>el ge\u00f3logo Van Anglin dijo en su libro Geomorfology,<span style=\"color: #000000;\">p\u00e1g. 22<\/span>:<span style=\"color: #0000ff;\">\u201cEs bien sabido actualmente que es imprescindible la existencia de una ra\u00edz para cada monta\u00f1a\u201d.<\/span><\/span><\/p>\n<p style=\"text-align: justify;\"><span style=\"font-family: times new roman,times; font-size: 14pt;\"><span style=\"color: #0000ff;\">En 1889,<\/span>el ge\u00f3logo Dutton, al hablar del papel que desempe\u00f1an las monta\u00f1as en la estabilidad de la tierra, indic\u00f3 el principio del equilibrio hidrost\u00e1tico de la tierra. Pues dice que las monta\u00f1as sumergen en la tierra de una forma inversamente proporcional que se ajusta a su longitud.<\/span><\/p>\n<p style=\"text-align: justify;\"><span style=\"font-family: times new roman,times; font-size: 14pt;\">Despu\u00e9s del descubrimiento de las placas de la tierra en 1969, se ha hecho claro que las monta\u00f1as mantienen el equilibrio de todas las placas de la corteza de la tierra.<\/span><\/p>\n<p style=\"text-align: justify;\"><span style=\"color: #0000ff; font-family: times new roman,times; font-size: 14pt;\">Naturaleza del milagro:<\/span><\/p>\n<p style=\"text-align: justify;\"><span style=\"font-family: times new roman,times; font-size: 14pt;\">A pesar de que el Cor\u00e1n se\u00f1al\u00f3 en este noble verso la realidad de las monta\u00f1as, el hombre la ignoraba totalmente hasta mediados del siglo XIX.&nbsp; Seg\u00fan el Cor\u00e1n, las monta\u00f1as parecen a las estacas tanto en su forma como en su funci\u00f3n. Se ha demostrado recientemente la exactitud de esa semejanza. Pues la estaca tiene dos partes, una sobre la superficie de la tierra y otra sumergida en el subterr\u00e1neo. Adem\u00e1s, su funci\u00f3n consiste en fijar y sujetar lo que se ata a ella. Asimismo la monta\u00f1a, tiene dos parte, una exterior y otra interior. La funci\u00f3n de las monta\u00f1as es sujetar las placas de la corteza de la tierra impidiendo que se templen debido a la capa fundida por su debajo.<\/span><\/p>\n<p style=\"text-align: justify;\"><span style=\"font-family: times new roman,times; font-size: 14pt;\">As\u00ed, se ha hecho evidente que el Cor\u00e1n es la Palabra de Dios, Creador de las monta\u00f1as y los universos. Dios \u00a1alabado sea! dice:<span style=\"color: #008000;\">\u201c\u00bfNo habr\u00eda de tener conocimiento Aquel que ha creado y es el Sutil, al que nada se Le oculta?<\/span><span style=\"color: #000000;\">La Soberan\u00eda, 14<\/span>.<\/span><\/p>\n<p style=\"color: #333333; font-family: Tahoma,Helvetica,Arial,sans-serif; font-size: 12px; font-style: normal; font-variant: normal; font-weight: normal; letter-spacing: normal; line-height: 15.808px; text-indent: 0px; text-transform: none; white-space: normal; word-spacing: 0px; text-align: justify;\"><span style=\"font-family: times new roman,times; font-size: 14pt;\"><span style=\"color: #0000ff;\">http:\/\/www.caminoalislam.com<\/span><\/span><\/p>\n<p>&nbsp;<\/p>\n","protected":false},"excerpt":{"rendered":"<p>&nbsp; Dios \u00a1Alt\u00edsimo sea! dice:\u201cHemos puesto las monta\u00f1as como estacas\u201d,La Noticia, 7. Realidad cient\u00edfica: Anteriormente, se cre\u00eda que las monta\u00f1as eran simplemente bloques rocosos que sobresalen de la tierra. Tal concepto fue v\u00e1lido hasta 1835 cuando Pierre Bouguer indic\u00f3 que las fuerzas de gravedad registradas de los Andes son bastante menos de lo que se &hellip;<\/p>\n","protected":false},"author":23,"featured_media":410,"comment_status":"open","ping_status":"open","sticky":false,"template":"","format":"standard","meta":{"_monsterinsights_skip_tracking":false,"_monsterinsights_sitenote_active":false,"_monsterinsights_sitenote_note":"","_monsterinsights_sitenote_category":0,"footnotes":""},"categories":[10],"tags":[],"class_list":["post-411","post","type-post","status-publish","format-standard","has-post-thumbnail","hentry","category-los-milagros-del-el-coran"],"yoast_head":"<!-- This site is optimized with the Yoast SEO plugin v27.5 - https:\/\/yoast.com\/product\/yoast-seo-wordpress\/ -->\n<title>Las monta\u00f1as, forma y funci\u00f3n - El Islam Verdadero<\/title>\n<meta name=\"robots\" content=\"index, follow, max-snippet:-1, max-image-preview:large, max-video-preview:-1\" \/>\n<link rel=\"canonical\" href=\"https:\/\/r-islam.com\/sp\/las-montanas-forma-y-funcion\/\" \/>\n<meta property=\"og:locale\" content=\"es_ES\" \/>\n<meta property=\"og:type\" content=\"article\" \/>\n<meta property=\"og:title\" content=\"Las monta\u00f1as, forma y funci\u00f3n - El Islam Verdadero\" \/>\n<meta property=\"og:description\" content=\"&nbsp; Dios \u00a1Alt\u00edsimo sea! dice:\u201cHemos puesto las monta\u00f1as como estacas\u201d,La Noticia, 7. Realidad cient\u00edfica: Anteriormente, se cre\u00eda que las monta\u00f1as eran simplemente bloques rocosos que sobresalen de la tierra. Tal concepto fue v\u00e1lido hasta 1835 cuando Pierre Bouguer indic\u00f3 que las fuerzas de gravedad registradas de los Andes son bastante menos de lo que se &hellip;\" \/>\n<meta property=\"og:url\" content=\"https:\/\/r-islam.com\/sp\/las-montanas-forma-y-funcion\/\" \/>\n<meta property=\"og:site_name\" content=\"El Islam Verdadero\" \/>\n<meta property=\"article:publisher\" content=\"https:\/\/www.facebook.com\/TheRightislam.SP\/\" \/>\n<meta property=\"article:published_time\" content=\"2012-06-20T14:58:36+00:00\" \/>\n<meta property=\"og:image\" content=\"https:\/\/r-islam.com\/sp\/wp-content\/uploads\/sites\/9\/2012\/06\/q28.jpg\" \/>\n\t<meta property=\"og:image:width\" content=\"425\" \/>\n\t<meta property=\"og:image:height\" content=\"283\" \/>\n\t<meta property=\"og:image:type\" content=\"image\/jpeg\" \/>\n<meta name=\"author\" content=\"sp\" \/>\n<meta name=\"twitter:card\" content=\"summary_large_image\" \/>\n<meta name=\"twitter:creator\" content=\"@verdadeiroIslam\" \/>\n<meta name=\"twitter:site\" content=\"@verdadeiroIslam\" \/>\n<meta name=\"twitter:label1\" content=\"Escrito por\" \/>\n\t<meta name=\"twitter:data1\" content=\"sp\" \/>\n\t<meta name=\"twitter:label2\" content=\"Tiempo de lectura\" \/>\n\t<meta name=\"twitter:data2\" content=\"3 minutos\" \/>\n<script type=\"application\/ld+json\" class=\"yoast-schema-graph\">{\"@context\":\"https:\\\/\\\/schema.org\",\"@graph\":[{\"@type\":\"Article\",\"@id\":\"https:\\\/\\\/r-islam.com\\\/sp\\\/las-montanas-forma-y-funcion\\\/#article\",\"isPartOf\":{\"@id\":\"https:\\\/\\\/r-islam.com\\\/sp\\\/las-montanas-forma-y-funcion\\\/\"},\"author\":{\"name\":\"sp\",\"@id\":\"https:\\\/\\\/r-islam.com\\\/sp\\\/#\\\/schema\\\/person\\\/27d7a6ebd29567e21a88298ba498a922\"},\"headline\":\"Las monta\u00f1as, forma y funci\u00f3n\",\"datePublished\":\"2012-06-20T14:58:36+00:00\",\"mainEntityOfPage\":{\"@id\":\"https:\\\/\\\/r-islam.com\\\/sp\\\/las-montanas-forma-y-funcion\\\/\"},\"wordCount\":565,\"commentCount\":0,\"publisher\":{\"@id\":\"https:\\\/\\\/r-islam.com\\\/sp\\\/#organization\"},\"image\":{\"@id\":\"https:\\\/\\\/r-islam.com\\\/sp\\\/las-montanas-forma-y-funcion\\\/#primaryimage\"},\"thumbnailUrl\":\"https:\\\/\\\/r-islam.com\\\/sp\\\/wp-content\\\/uploads\\\/sites\\\/9\\\/2012\\\/06\\\/q28.jpg\",\"articleSection\":[\"Los milagros del El Cor\u00e1n\"],\"inLanguage\":\"es\",\"potentialAction\":[{\"@type\":\"CommentAction\",\"name\":\"Comment\",\"target\":[\"https:\\\/\\\/r-islam.com\\\/sp\\\/las-montanas-forma-y-funcion\\\/#respond\"]}]},{\"@type\":\"WebPage\",\"@id\":\"https:\\\/\\\/r-islam.com\\\/sp\\\/las-montanas-forma-y-funcion\\\/\",\"url\":\"https:\\\/\\\/r-islam.com\\\/sp\\\/las-montanas-forma-y-funcion\\\/\",\"name\":\"Las monta\u00f1as, forma y funci\u00f3n - El Islam Verdadero\",\"isPartOf\":{\"@id\":\"https:\\\/\\\/r-islam.com\\\/sp\\\/#website\"},\"primaryImageOfPage\":{\"@id\":\"https:\\\/\\\/r-islam.com\\\/sp\\\/las-montanas-forma-y-funcion\\\/#primaryimage\"},\"image\":{\"@id\":\"https:\\\/\\\/r-islam.com\\\/sp\\\/las-montanas-forma-y-funcion\\\/#primaryimage\"},\"thumbnailUrl\":\"https:\\\/\\\/r-islam.com\\\/sp\\\/wp-content\\\/uploads\\\/sites\\\/9\\\/2012\\\/06\\\/q28.jpg\",\"datePublished\":\"2012-06-20T14:58:36+00:00\",\"breadcrumb\":{\"@id\":\"https:\\\/\\\/r-islam.com\\\/sp\\\/las-montanas-forma-y-funcion\\\/#breadcrumb\"},\"inLanguage\":\"es\",\"potentialAction\":[{\"@type\":\"ReadAction\",\"target\":[\"https:\\\/\\\/r-islam.com\\\/sp\\\/las-montanas-forma-y-funcion\\\/\"]}]},{\"@type\":\"ImageObject\",\"inLanguage\":\"es\",\"@id\":\"https:\\\/\\\/r-islam.com\\\/sp\\\/las-montanas-forma-y-funcion\\\/#primaryimage\",\"url\":\"https:\\\/\\\/r-islam.com\\\/sp\\\/wp-content\\\/uploads\\\/sites\\\/9\\\/2012\\\/06\\\/q28.jpg\",\"contentUrl\":\"https:\\\/\\\/r-islam.com\\\/sp\\\/wp-content\\\/uploads\\\/sites\\\/9\\\/2012\\\/06\\\/q28.jpg\",\"width\":425,\"height\":283},{\"@type\":\"BreadcrumbList\",\"@id\":\"https:\\\/\\\/r-islam.com\\\/sp\\\/las-montanas-forma-y-funcion\\\/#breadcrumb\",\"itemListElement\":[{\"@type\":\"ListItem\",\"position\":1,\"name\":\"Home\",\"item\":\"https:\\\/\\\/r-islam.com\\\/sp\\\/\"},{\"@type\":\"ListItem\",\"position\":2,\"name\":\"Las monta\u00f1as, forma y funci\u00f3n\"}]},{\"@type\":\"WebSite\",\"@id\":\"https:\\\/\\\/r-islam.com\\\/sp\\\/#website\",\"url\":\"https:\\\/\\\/r-islam.com\\\/sp\\\/\",\"name\":\"El Islam Verdadero\",\"description\":\"\",\"publisher\":{\"@id\":\"https:\\\/\\\/r-islam.com\\\/sp\\\/#organization\"},\"potentialAction\":[{\"@type\":\"SearchAction\",\"target\":{\"@type\":\"EntryPoint\",\"urlTemplate\":\"https:\\\/\\\/r-islam.com\\\/sp\\\/?s={search_term_string}\"},\"query-input\":{\"@type\":\"PropertyValueSpecification\",\"valueRequired\":true,\"valueName\":\"search_term_string\"}}],\"inLanguage\":\"es\"},{\"@type\":\"Organization\",\"@id\":\"https:\\\/\\\/r-islam.com\\\/sp\\\/#organization\",\"name\":\"El Islam Verdadero\",\"url\":\"https:\\\/\\\/r-islam.com\\\/sp\\\/\",\"logo\":{\"@type\":\"ImageObject\",\"inLanguage\":\"es\",\"@id\":\"https:\\\/\\\/r-islam.com\\\/sp\\\/#\\\/schema\\\/logo\\\/image\\\/\",\"url\":\"https:\\\/\\\/r-islam.com\\\/sp\\\/wp-content\\\/uploads\\\/sites\\\/9\\\/2024\\\/03\\\/logo-small.jpg\",\"contentUrl\":\"https:\\\/\\\/r-islam.com\\\/sp\\\/wp-content\\\/uploads\\\/sites\\\/9\\\/2024\\\/03\\\/logo-small.jpg\",\"width\":180,\"height\":180,\"caption\":\"El Islam Verdadero\"},\"image\":{\"@id\":\"https:\\\/\\\/r-islam.com\\\/sp\\\/#\\\/schema\\\/logo\\\/image\\\/\"},\"sameAs\":[\"https:\\\/\\\/www.facebook.com\\\/TheRightislam.SP\\\/\",\"https:\\\/\\\/x.com\\\/verdadeiroIslam\"]},{\"@type\":\"Person\",\"@id\":\"https:\\\/\\\/r-islam.com\\\/sp\\\/#\\\/schema\\\/person\\\/27d7a6ebd29567e21a88298ba498a922\",\"name\":\"sp\",\"image\":{\"@type\":\"ImageObject\",\"inLanguage\":\"es\",\"@id\":\"https:\\\/\\\/secure.gravatar.com\\\/avatar\\\/f61fc72462f61f91519b0686a40a060c567ab920120bf4873ac1ae0b034ffe99?s=96&d=mm&r=g\",\"url\":\"https:\\\/\\\/secure.gravatar.com\\\/avatar\\\/f61fc72462f61f91519b0686a40a060c567ab920120bf4873ac1ae0b034ffe99?s=96&d=mm&r=g\",\"contentUrl\":\"https:\\\/\\\/secure.gravatar.com\\\/avatar\\\/f61fc72462f61f91519b0686a40a060c567ab920120bf4873ac1ae0b034ffe99?s=96&d=mm&r=g\",\"caption\":\"sp\"},\"url\":\"https:\\\/\\\/r-islam.com\\\/sp\\\/author\\\/sp\\\/\"}]}<\/script>\n<!-- \/ Yoast SEO plugin. -->","yoast_head_json":{"title":"Las monta\u00f1as, forma y funci\u00f3n - El Islam Verdadero","robots":{"index":"index","follow":"follow","max-snippet":"max-snippet:-1","max-image-preview":"max-image-preview:large","max-video-preview":"max-video-preview:-1"},"canonical":"https:\/\/r-islam.com\/sp\/las-montanas-forma-y-funcion\/","og_locale":"es_ES","og_type":"article","og_title":"Las monta\u00f1as, forma y funci\u00f3n - El Islam Verdadero","og_description":"&nbsp; Dios \u00a1Alt\u00edsimo sea! dice:\u201cHemos puesto las monta\u00f1as como estacas\u201d,La Noticia, 7. Realidad cient\u00edfica: Anteriormente, se cre\u00eda que las monta\u00f1as eran simplemente bloques rocosos que sobresalen de la tierra. Tal concepto fue v\u00e1lido hasta 1835 cuando Pierre Bouguer indic\u00f3 que las fuerzas de gravedad registradas de los Andes son bastante menos de lo que se &hellip;","og_url":"https:\/\/r-islam.com\/sp\/las-montanas-forma-y-funcion\/","og_site_name":"El Islam Verdadero","article_publisher":"https:\/\/www.facebook.com\/TheRightislam.SP\/","article_published_time":"2012-06-20T14:58:36+00:00","og_image":[{"width":425,"height":283,"url":"https:\/\/r-islam.com\/sp\/wp-content\/uploads\/sites\/9\/2012\/06\/q28.jpg","type":"image\/jpeg"}],"author":"sp","twitter_card":"summary_large_image","twitter_creator":"@verdadeiroIslam","twitter_site":"@verdadeiroIslam","twitter_misc":{"Escrito por":"sp","Tiempo de lectura":"3 minutos"},"schema":{"@context":"https:\/\/schema.org","@graph":[{"@type":"Article","@id":"https:\/\/r-islam.com\/sp\/las-montanas-forma-y-funcion\/#article","isPartOf":{"@id":"https:\/\/r-islam.com\/sp\/las-montanas-forma-y-funcion\/"},"author":{"name":"sp","@id":"https:\/\/r-islam.com\/sp\/#\/schema\/person\/27d7a6ebd29567e21a88298ba498a922"},"headline":"Las monta\u00f1as, forma y funci\u00f3n","datePublished":"2012-06-20T14:58:36+00:00","mainEntityOfPage":{"@id":"https:\/\/r-islam.com\/sp\/las-montanas-forma-y-funcion\/"},"wordCount":565,"commentCount":0,"publisher":{"@id":"https:\/\/r-islam.com\/sp\/#organization"},"image":{"@id":"https:\/\/r-islam.com\/sp\/las-montanas-forma-y-funcion\/#primaryimage"},"thumbnailUrl":"https:\/\/r-islam.com\/sp\/wp-content\/uploads\/sites\/9\/2012\/06\/q28.jpg","articleSection":["Los milagros del El Cor\u00e1n"],"inLanguage":"es","potentialAction":[{"@type":"CommentAction","name":"Comment","target":["https:\/\/r-islam.com\/sp\/las-montanas-forma-y-funcion\/#respond"]}]},{"@type":"WebPage","@id":"https:\/\/r-islam.com\/sp\/las-montanas-forma-y-funcion\/","url":"https:\/\/r-islam.com\/sp\/las-montanas-forma-y-funcion\/","name":"Las monta\u00f1as, forma y funci\u00f3n - El Islam Verdadero","isPartOf":{"@id":"https:\/\/r-islam.com\/sp\/#website"},"primaryImageOfPage":{"@id":"https:\/\/r-islam.com\/sp\/las-montanas-forma-y-funcion\/#primaryimage"},"image":{"@id":"https:\/\/r-islam.com\/sp\/las-montanas-forma-y-funcion\/#primaryimage"},"thumbnailUrl":"https:\/\/r-islam.com\/sp\/wp-content\/uploads\/sites\/9\/2012\/06\/q28.jpg","datePublished":"2012-06-20T14:58:36+00:00","breadcrumb":{"@id":"https:\/\/r-islam.com\/sp\/las-montanas-forma-y-funcion\/#breadcrumb"},"inLanguage":"es","potentialAction":[{"@type":"ReadAction","target":["https:\/\/r-islam.com\/sp\/las-montanas-forma-y-funcion\/"]}]},{"@type":"ImageObject","inLanguage":"es","@id":"https:\/\/r-islam.com\/sp\/las-montanas-forma-y-funcion\/#primaryimage","url":"https:\/\/r-islam.com\/sp\/wp-content\/uploads\/sites\/9\/2012\/06\/q28.jpg","contentUrl":"https:\/\/r-islam.com\/sp\/wp-content\/uploads\/sites\/9\/2012\/06\/q28.jpg","width":425,"height":283},{"@type":"BreadcrumbList","@id":"https:\/\/r-islam.com\/sp\/las-montanas-forma-y-funcion\/#breadcrumb","itemListElement":[{"@type":"ListItem","position":1,"name":"Home","item":"https:\/\/r-islam.com\/sp\/"},{"@type":"ListItem","position":2,"name":"Las monta\u00f1as, forma y funci\u00f3n"}]},{"@type":"WebSite","@id":"https:\/\/r-islam.com\/sp\/#website","url":"https:\/\/r-islam.com\/sp\/","name":"El Islam Verdadero","description":"","publisher":{"@id":"https:\/\/r-islam.com\/sp\/#organization"},"potentialAction":[{"@type":"SearchAction","target":{"@type":"EntryPoint","urlTemplate":"https:\/\/r-islam.com\/sp\/?s={search_term_string}"},"query-input":{"@type":"PropertyValueSpecification","valueRequired":true,"valueName":"search_term_string"}}],"inLanguage":"es"},{"@type":"Organization","@id":"https:\/\/r-islam.com\/sp\/#organization","name":"El Islam Verdadero","url":"https:\/\/r-islam.com\/sp\/","logo":{"@type":"ImageObject","inLanguage":"es","@id":"https:\/\/r-islam.com\/sp\/#\/schema\/logo\/image\/","url":"https:\/\/r-islam.com\/sp\/wp-content\/uploads\/sites\/9\/2024\/03\/logo-small.jpg","contentUrl":"https:\/\/r-islam.com\/sp\/wp-content\/uploads\/sites\/9\/2024\/03\/logo-small.jpg","width":180,"height":180,"caption":"El Islam Verdadero"},"image":{"@id":"https:\/\/r-islam.com\/sp\/#\/schema\/logo\/image\/"},"sameAs":["https:\/\/www.facebook.com\/TheRightislam.SP\/","https:\/\/x.com\/verdadeiroIslam"]},{"@type":"Person","@id":"https:\/\/r-islam.com\/sp\/#\/schema\/person\/27d7a6ebd29567e21a88298ba498a922","name":"sp","image":{"@type":"ImageObject","inLanguage":"es","@id":"https:\/\/secure.gravatar.com\/avatar\/f61fc72462f61f91519b0686a40a060c567ab920120bf4873ac1ae0b034ffe99?s=96&d=mm&r=g","url":"https:\/\/secure.gravatar.com\/avatar\/f61fc72462f61f91519b0686a40a060c567ab920120bf4873ac1ae0b034ffe99?s=96&d=mm&r=g","contentUrl":"https:\/\/secure.gravatar.com\/avatar\/f61fc72462f61f91519b0686a40a060c567ab920120bf4873ac1ae0b034ffe99?s=96&d=mm&r=g","caption":"sp"},"url":"https:\/\/r-islam.com\/sp\/author\/sp\/"}]}},"_links":{"self":[{"href":"https:\/\/r-islam.com\/sp\/wp-json\/wp\/v2\/posts\/411","targetHints":{"allow":["GET"]}}],"collection":[{"href":"https:\/\/r-islam.com\/sp\/wp-json\/wp\/v2\/posts"}],"about":[{"href":"https:\/\/r-islam.com\/sp\/wp-json\/wp\/v2\/types\/post"}],"author":[{"embeddable":true,"href":"https:\/\/r-islam.com\/sp\/wp-json\/wp\/v2\/users\/23"}],"replies":[{"embeddable":true,"href":"https:\/\/r-islam.com\/sp\/wp-json\/wp\/v2\/comments?post=411"}],"version-history":[{"count":0,"href":"https:\/\/r-islam.com\/sp\/wp-json\/wp\/v2\/posts\/411\/revisions"}],"wp:featuredmedia":[{"embeddable":true,"href":"https:\/\/r-islam.com\/sp\/wp-json\/wp\/v2\/media\/410"}],"wp:attachment":[{"href":"https:\/\/r-islam.com\/sp\/wp-json\/wp\/v2\/media?parent=411"}],"wp:term":[{"taxonomy":"category","embeddable":true,"href":"https:\/\/r-islam.com\/sp\/wp-json\/wp\/v2\/categories?post=411"},{"taxonomy":"post_tag","embeddable":true,"href":"https:\/\/r-islam.com\/sp\/wp-json\/wp\/v2\/tags?post=411"}],"curies":[{"name":"wp","href":"https:\/\/api.w.org\/{rel}","templated":true}]}}