{"id":713,"date":"2012-08-06T13:03:46","date_gmt":"2012-08-06T13:03:46","guid":{"rendered":"http:\/\/localhost\/rs\/sp\/2012\/08\/06\/yusuf-estes-ex-capellan-cristiano-de-una-prision-federal-parte-3-de-5\/"},"modified":"2012-08-06T13:03:46","modified_gmt":"2012-08-06T13:03:46","slug":"yusuf-estes-ex-capellan-cristiano-de-una-prision-federal-parte-3-de-5","status":"publish","type":"post","link":"https:\/\/r-islam.com\/sp\/yusuf-estes-ex-capellan-cristiano-de-una-prision-federal-parte-3-de-5\/","title":{"rendered":"Yusuf Estes, ex capell\u00e1n cristiano de una prisi\u00f3n federal (parte 3 de 5)"},"content":{"rendered":"<p style=\"text-align: center;\"><span style=\"font-family: times new roman,times;\"><span style=\"font-size: large;\"><img loading=\"lazy\" decoding=\"async\" class=\" size-full wp-image-712\" src=\"http:\/\/localhost\/rs\/sp\/wp-content\/uploads\/sites\/9\/2012\/08\/233.jpg\" border=\"0\" width=\"425\" height=\"283\" srcset=\"https:\/\/r-islam.com\/sp\/wp-content\/uploads\/sites\/9\/2012\/08\/233.jpg 425w, https:\/\/r-islam.com\/sp\/wp-content\/uploads\/sites\/9\/2012\/08\/233-300x200.jpg 300w\" sizes=\"auto, (max-width: 425px) 100vw, 425px\" \/><\/span><\/span><\/p>\n<p style=\"text-align: center;\"><span style=\"font-family: times new roman,times;\"><span style=\"font-size: large;\"><br \/><\/span><\/span><\/p>\n<p style=\"text-align: justify;\"><span style=\"font-family: times new roman,times;\"><span style=\"font-size: large;\"><span style=\"color: #0000ff;\">Un descubrimiento asombroso: \u00bfLos musulmanes creen en la Biblia?<\/span><\/p>\n<p>Un d\u00eda de primavera de 1991 me enter\u00e9 de que los musulmanes creen en la Biblia. Estaba asombrado. \u00bfC\u00f3mo pod\u00eda ser esto? Y eso no es todo, creen en Jes\u00fas como:<br \/><span style=\"color: #800080;\"><br \/>*\u00a0\u00a0\u00a0 Un verdadero mensajero de Dios;<\/p>\n<p>*\u00a0\u00a0\u00a0 Profeta de Dios;<\/p>\n<p>*\u00a0\u00a0\u00a0 Su Nacimiento milagroso, sin intervenci\u00f3n humana;<\/p>\n<p>*\u00a0\u00a0\u00a0 Tal como predicaba la Biblia era Cristo, el Mes\u00edas;<\/p>\n<p>*\u00a0\u00a0\u00a0 Se encuentra con Dios y, m\u00e1s importante\u2026<\/p>\n<p>*\u00a0\u00a0\u00a0 Volver\u00e1 en los d\u00edas finales para liderar a los creyentes contra el \u201cAnticristo\u201d.<\/span><\/p>\n<p>Despu\u00e9s de d\u00eda tras d\u00eda de <span style=\"color: #008080;\">\u201cganar almas para el Se\u00f1or por Jes\u00fas\u201d,<\/span> atrapar a uno de estos \u201cmusulmanes\u201d y \u201cconvertirlo\u201d al cristianismo ser\u00eda un grand\u00edsimo logro para m\u00ed.<\/span><\/span><\/p>\n<p style=\"text-align: justify;\">\u00a0<\/p>\n<p style=\"text-align: justify;\"><span style=\"font-family: times new roman,times;\"><span style=\"font-size: large;\"><span style=\"color: #0000ff;\">Taza de t\u00e9: Discutiendo creencias<\/span><\/p>\n<p>Le pregunt\u00e9 si le gustaba el t\u00e9 y dijo que s\u00ed, as\u00ed que nos fuimos a una peque\u00f1a tienda en el centro comercial a sentarnos y hablar de mi tema favorito: las creencias. Pasamos horas sentados en esa peque\u00f1a confiter\u00eda charlando (yo habl\u00e9 la mayor parte del tiempo), y me di cuenta de que se trataba de un hombre agradable, silencioso e incluso algo t\u00edmido. Escuch\u00f3 atentamente cada una de mis palabras y no interrumpi\u00f3 siquiera una vez. Me gust\u00f3 su forma de ser y pens\u00e9 en el inmenso potencial que ten\u00eda para convertirse en un buen cristiano. Evidentemente, poco sab\u00eda yo acerca del curso de los acontecimientos venideros.<\/span><\/span><\/p>\n<p style=\"text-align: justify;\"><span style=\"font-family: times new roman,times;\"><span style=\"font-size: large;\"><br \/><span style=\"color: #0000ff;\">Aceptaci\u00f3n de la propuesta de negocios<\/span><\/p>\n<p>Antes que todo, acord\u00e9 con mi padre en que deb\u00edamos hacer negocios con este hombre; de hecho, incentiv\u00e9 la idea de qu\u00e9 \u00e9l deb\u00eda acompa\u00f1arme en los viajes de negocios a trav\u00e9s del norte de Texas. D\u00eda tras d\u00eda viajar\u00edamos juntos y discutir\u00edamos diversos asuntos relacionados a las distintas creencias que las personas tienen. Por supuesto, en el camino pondr\u00eda algunos de mis programas de radio favoritos sobre adoraci\u00f3n y oraci\u00f3n para ayudar a hacer llegar el mensaje a este pobre individuo. Hablamos respecto al concepto de Dios, el significado de la vida, el prop\u00f3sito de la creaci\u00f3n, los profetas, su misi\u00f3n y c\u00f3mo Dios revela Su Voluntad a la humanidad. Tambi\u00e9n, compartimos muchas ideas y experiencias personales.<\/span><\/span><\/p>\n<p style=\"text-align: justify;\"><span style=\"font-family: times new roman,times;\"><span style=\"font-size: large;\"><br \/><span style=\"color: #0000ff;\">Se mud\u00f3 a casa<\/span><\/p>\n<p>Un d\u00eda, me enter\u00e9 de que mi amigo Mohamed iba a mudarse de la casa que compart\u00eda con un amigo suyo y se instalar\u00eda en la mezquita por un tiempo. Le pregunt\u00e9 a mi padre si pod\u00edamos invitarlo a que se quedara con nosotros en nuestra casa de campo. Despu\u00e9s de todo, se trataba de una casa grande y pod\u00edamos compartir parte del trabajo, algunas cuentas y \u00e9l se encontrar\u00eda justo all\u00ed en el momento de partir de viaje. Mi padre estuvo de acuerdo y Mohamed se mud\u00f3 con nosotros.<\/span><\/span><\/p>\n<p style=\"text-align: justify;\"><span style=\"font-family: times new roman,times;\"><span style=\"font-size: large;\"><br \/><span style=\"color: #0000ff;\">Segu\u00ed ministrando y predicando<\/span><\/p>\n<p>Por supuesto que a\u00fan encontrar\u00eda tiempo para visitar a mis colegas pastores y evangelistas alrededor del Estado de Texas. Uno de ellos viv\u00eda en la frontera de Texas y M\u00e9xico, otro viv\u00eda cerca de la frontera con Oklahoma. A un pastor le gustaba cargar una inmensa cruz de madera que era m\u00e1s grande que un autom\u00f3vil. La llevaba sobre sus hombros, arrastrando la parte inferior en el suelo y tirando de las dos vigas que formaban la cruz, por las calles o autopistas. Las personas frenaban sus coches y se dirig\u00edan a \u00e9l, le preguntan qu\u00e9 ocurr\u00eda y as\u00ed \u00e9l les entregaba folletos y panfletos sobre el cristianismo.<\/span><\/span><\/p>\n<p style=\"text-align: justify;\"><span style=\"font-family: times new roman,times;\"><span style=\"font-size: large;\"><br \/><span style=\"color: #0000ff;\">El pastor sufre un ataque card\u00edaco<\/span><\/p>\n<p>Un d\u00eda, mi amigo que llevaba la cruz sufri\u00f3 un ataque card\u00edaco y tuvo que ser internado en el Hospital de Veteranos, donde debi\u00f3 permanecer por un largo per\u00edodo de tiempo. Sol\u00eda visitarlo en el hospital varias veces por semana y llevaba a Mohamed conmigo, con la esperanza de que juntos los tres pudi\u00e9ramos compartir el tema de las creencias y religiones. Mi amigo no estaba muy impresionado y era evidente que no quer\u00eda saber sobre el Islam. Entonces, un d\u00eda el compa\u00f1ero de habitaci\u00f3n de mi amigo lleg\u00f3 al cuarto en su silla de ruedas y me dirig\u00ed a \u00e9l. Le pregunt\u00e9 su nombre y me respondi\u00f3 que eso no importaba; luego le pregunt\u00e9 de d\u00f3nde era y dijo que proven\u00eda del planeta J\u00fapiter. Pens\u00e9 en lo que dijo y comenc\u00e9 a dudar sobre si me encontraba en el ala de pacientes card\u00edacos o el ala de salud mental.<\/span><\/span><\/p>\n<p style=\"text-align: justify;\"><span style=\"font-family: times new roman,times;\"><span style=\"font-size: large;\"><br \/><span style=\"color: #0000ff;\">El hombre en la silla de ruedas necesitaba al Se\u00f1or<\/span><\/p>\n<p>Sab\u00eda que el hombre estaba solo, deprimido y que necesitaba a alguien en su vida; de modo que comenc\u00e9 a predicarle acerca del Se\u00f1or. Le le\u00eda del libro de Jon\u00e1s del Antiguo Testamento; compart\u00ed con \u00e9l la historia del profeta Jon\u00e1s que hab\u00eda sido enviado por el Se\u00f1or para encaminar a su pueblo en la direcci\u00f3n correcta. Jon\u00e1s hab\u00eda abandonado a su pueblo y escapado en barco para dejar su ciudad y adentrarse en el mar. Surgi\u00f3 una tormenta, la embarcaci\u00f3n casi naufrag\u00f3 y las personas a bordo lanzaron a Jon\u00e1s por la borda. Una ballena se arrim\u00f3 a la superficie, atrap\u00f3 a Jon\u00e1s, se lo trag\u00f3 y regres\u00f3 al fondo del mar donde permaneci\u00f3 durante 3 d\u00edas y 3 noches. A pesar de esto, y gracias a la piedad de Dios que hizo que la ballena se elevara hasta la superficie y escupiera a Jon\u00e1s, este regres\u00f3 a su hogar sano y salvo en la ciudad de N\u00ednive. El mensaje es que no podemos escaparnos de nuestros problemas ya que siempre sabremos lo que hemos hecho y, lo que es m\u00e1s importante, Dios siempre sabe qu\u00e9 hemos hecho.<\/span><\/span><\/p>\n<p style=\"text-align: justify;\"><span style=\"font-family: times new roman,times;\"><span style=\"font-size: large;\"><br \/><span style=\"color: #0000ff;\">Sacerdote cat\u00f3lico<\/span><\/p>\n<p>Luego de compartir esta historia con el hombre en la silla de ruedas, \u00e9l me mir\u00f3 y se disculp\u00f3. Dijo que lamentaba su comportamiento descort\u00e9s y que hab\u00eda experimentado problemas muy serios recientemente. Y entonces dijo que quer\u00eda confesarme algo. Le dije que no era un sacerdote cat\u00f3lico y que no llevaba a cabo confesiones. Me respondi\u00f3 que sab\u00eda eso, a decir verdad, dijo: \u201cSoy un sacerdote cat\u00f3lico\u201d.<\/p>\n<p>Estaba conmocionado. Hab\u00eda estado tratando de predicarle el cristianismo a un sacerdote. \u00bfQu\u00e9 hab\u00eda ocurrido all\u00ed?<\/span><\/span><\/p>\n<p style=\"text-align: justify;\"><span style=\"color: #0000ff;\"><span style=\"font-family: times new roman,times;\"><span style=\"font-size: medium;\">http:\/\/www.islamreligion.com<\/span><\/span><\/span><\/p>\n","protected":false},"excerpt":{"rendered":"<p>Un descubrimiento asombroso: \u00bfLos musulmanes creen en la Biblia? Un d\u00eda de primavera de 1991 me enter\u00e9 de que los musulmanes creen en la Biblia. Estaba asombrado. \u00bfC\u00f3mo pod\u00eda ser esto? Y eso no es todo, creen en Jes\u00fas como:*\u00a0\u00a0\u00a0 Un verdadero mensajero de Dios; *\u00a0\u00a0\u00a0 Profeta de Dios; *\u00a0\u00a0\u00a0 Su Nacimiento milagroso, sin intervenci\u00f3n &hellip;<\/p>\n","protected":false},"author":23,"featured_media":712,"comment_status":"open","ping_status":"open","sticky":false,"template":"","format":"standard","meta":{"_monsterinsights_skip_tracking":false,"_monsterinsights_sitenote_active":false,"_monsterinsights_sitenote_note":"","_monsterinsights_sitenote_category":0,"footnotes":""},"categories":[12],"tags":[],"class_list":["post-713","post","type-post","status-publish","format-standard","has-post-thumbnail","hentry","category-famoso"],"yoast_head":"<!-- This site is optimized with the Yoast SEO plugin v27.5 - https:\/\/yoast.com\/product\/yoast-seo-wordpress\/ -->\n<title>Yusuf Estes, ex capell\u00e1n cristiano de una prisi\u00f3n federal (parte 3 de 5) - El Islam Verdadero<\/title>\n<meta name=\"robots\" content=\"index, follow, max-snippet:-1, max-image-preview:large, max-video-preview:-1\" \/>\n<link rel=\"canonical\" href=\"https:\/\/r-islam.com\/sp\/yusuf-estes-ex-capellan-cristiano-de-una-prision-federal-parte-3-de-5\/\" \/>\n<meta property=\"og:locale\" content=\"es_ES\" \/>\n<meta property=\"og:type\" content=\"article\" \/>\n<meta property=\"og:title\" content=\"Yusuf Estes, ex capell\u00e1n cristiano de una prisi\u00f3n federal (parte 3 de 5) - El Islam Verdadero\" \/>\n<meta property=\"og:description\" content=\"Un descubrimiento asombroso: \u00bfLos musulmanes creen en la Biblia? Un d\u00eda de primavera de 1991 me enter\u00e9 de que los musulmanes creen en la Biblia. Estaba asombrado. \u00bfC\u00f3mo pod\u00eda ser esto? Y eso no es todo, creen en Jes\u00fas como:*\u00a0\u00a0\u00a0 Un verdadero mensajero de Dios; *\u00a0\u00a0\u00a0 Profeta de Dios; *\u00a0\u00a0\u00a0 Su Nacimiento milagroso, sin intervenci\u00f3n &hellip;\" \/>\n<meta property=\"og:url\" content=\"https:\/\/r-islam.com\/sp\/yusuf-estes-ex-capellan-cristiano-de-una-prision-federal-parte-3-de-5\/\" \/>\n<meta property=\"og:site_name\" content=\"El Islam Verdadero\" \/>\n<meta property=\"article:publisher\" content=\"https:\/\/www.facebook.com\/TheRightislam.SP\/\" \/>\n<meta property=\"article:published_time\" content=\"2012-08-06T13:03:46+00:00\" \/>\n<meta property=\"og:image\" content=\"https:\/\/r-islam.com\/sp\/wp-content\/uploads\/sites\/9\/2012\/08\/233.jpg\" \/>\n\t<meta property=\"og:image:width\" content=\"425\" \/>\n\t<meta property=\"og:image:height\" content=\"283\" \/>\n\t<meta property=\"og:image:type\" content=\"image\/jpeg\" \/>\n<meta name=\"author\" content=\"sp\" \/>\n<meta name=\"twitter:card\" content=\"summary_large_image\" \/>\n<meta name=\"twitter:creator\" content=\"@verdadeiroIslam\" \/>\n<meta name=\"twitter:site\" content=\"@verdadeiroIslam\" \/>\n<meta name=\"twitter:label1\" content=\"Escrito por\" \/>\n\t<meta name=\"twitter:data1\" content=\"sp\" \/>\n\t<meta name=\"twitter:label2\" content=\"Tiempo de lectura\" \/>\n\t<meta name=\"twitter:data2\" content=\"5 minutos\" \/>\n<script type=\"application\/ld+json\" class=\"yoast-schema-graph\">{\"@context\":\"https:\\\/\\\/schema.org\",\"@graph\":[{\"@type\":\"Article\",\"@id\":\"https:\\\/\\\/r-islam.com\\\/sp\\\/yusuf-estes-ex-capellan-cristiano-de-una-prision-federal-parte-3-de-5\\\/#article\",\"isPartOf\":{\"@id\":\"https:\\\/\\\/r-islam.com\\\/sp\\\/yusuf-estes-ex-capellan-cristiano-de-una-prision-federal-parte-3-de-5\\\/\"},\"author\":{\"name\":\"sp\",\"@id\":\"https:\\\/\\\/r-islam.com\\\/sp\\\/#\\\/schema\\\/person\\\/27d7a6ebd29567e21a88298ba498a922\"},\"headline\":\"Yusuf Estes, ex capell\u00e1n cristiano de una prisi\u00f3n federal (parte 3 de 5)\",\"datePublished\":\"2012-08-06T13:03:46+00:00\",\"mainEntityOfPage\":{\"@id\":\"https:\\\/\\\/r-islam.com\\\/sp\\\/yusuf-estes-ex-capellan-cristiano-de-una-prision-federal-parte-3-de-5\\\/\"},\"wordCount\":1106,\"commentCount\":0,\"publisher\":{\"@id\":\"https:\\\/\\\/r-islam.com\\\/sp\\\/#organization\"},\"image\":{\"@id\":\"https:\\\/\\\/r-islam.com\\\/sp\\\/yusuf-estes-ex-capellan-cristiano-de-una-prision-federal-parte-3-de-5\\\/#primaryimage\"},\"thumbnailUrl\":\"https:\\\/\\\/r-islam.com\\\/sp\\\/wp-content\\\/uploads\\\/sites\\\/9\\\/2012\\\/08\\\/233.jpg\",\"articleSection\":[\"Famoso\"],\"inLanguage\":\"es\",\"potentialAction\":[{\"@type\":\"CommentAction\",\"name\":\"Comment\",\"target\":[\"https:\\\/\\\/r-islam.com\\\/sp\\\/yusuf-estes-ex-capellan-cristiano-de-una-prision-federal-parte-3-de-5\\\/#respond\"]}]},{\"@type\":\"WebPage\",\"@id\":\"https:\\\/\\\/r-islam.com\\\/sp\\\/yusuf-estes-ex-capellan-cristiano-de-una-prision-federal-parte-3-de-5\\\/\",\"url\":\"https:\\\/\\\/r-islam.com\\\/sp\\\/yusuf-estes-ex-capellan-cristiano-de-una-prision-federal-parte-3-de-5\\\/\",\"name\":\"Yusuf Estes, ex capell\u00e1n cristiano de una prisi\u00f3n federal (parte 3 de 5) - El Islam Verdadero\",\"isPartOf\":{\"@id\":\"https:\\\/\\\/r-islam.com\\\/sp\\\/#website\"},\"primaryImageOfPage\":{\"@id\":\"https:\\\/\\\/r-islam.com\\\/sp\\\/yusuf-estes-ex-capellan-cristiano-de-una-prision-federal-parte-3-de-5\\\/#primaryimage\"},\"image\":{\"@id\":\"https:\\\/\\\/r-islam.com\\\/sp\\\/yusuf-estes-ex-capellan-cristiano-de-una-prision-federal-parte-3-de-5\\\/#primaryimage\"},\"thumbnailUrl\":\"https:\\\/\\\/r-islam.com\\\/sp\\\/wp-content\\\/uploads\\\/sites\\\/9\\\/2012\\\/08\\\/233.jpg\",\"datePublished\":\"2012-08-06T13:03:46+00:00\",\"breadcrumb\":{\"@id\":\"https:\\\/\\\/r-islam.com\\\/sp\\\/yusuf-estes-ex-capellan-cristiano-de-una-prision-federal-parte-3-de-5\\\/#breadcrumb\"},\"inLanguage\":\"es\",\"potentialAction\":[{\"@type\":\"ReadAction\",\"target\":[\"https:\\\/\\\/r-islam.com\\\/sp\\\/yusuf-estes-ex-capellan-cristiano-de-una-prision-federal-parte-3-de-5\\\/\"]}]},{\"@type\":\"ImageObject\",\"inLanguage\":\"es\",\"@id\":\"https:\\\/\\\/r-islam.com\\\/sp\\\/yusuf-estes-ex-capellan-cristiano-de-una-prision-federal-parte-3-de-5\\\/#primaryimage\",\"url\":\"https:\\\/\\\/r-islam.com\\\/sp\\\/wp-content\\\/uploads\\\/sites\\\/9\\\/2012\\\/08\\\/233.jpg\",\"contentUrl\":\"https:\\\/\\\/r-islam.com\\\/sp\\\/wp-content\\\/uploads\\\/sites\\\/9\\\/2012\\\/08\\\/233.jpg\",\"width\":425,\"height\":283},{\"@type\":\"BreadcrumbList\",\"@id\":\"https:\\\/\\\/r-islam.com\\\/sp\\\/yusuf-estes-ex-capellan-cristiano-de-una-prision-federal-parte-3-de-5\\\/#breadcrumb\",\"itemListElement\":[{\"@type\":\"ListItem\",\"position\":1,\"name\":\"Home\",\"item\":\"https:\\\/\\\/r-islam.com\\\/sp\\\/\"},{\"@type\":\"ListItem\",\"position\":2,\"name\":\"Yusuf Estes, ex capell\u00e1n cristiano de una prisi\u00f3n federal (parte 3 de 5)\"}]},{\"@type\":\"WebSite\",\"@id\":\"https:\\\/\\\/r-islam.com\\\/sp\\\/#website\",\"url\":\"https:\\\/\\\/r-islam.com\\\/sp\\\/\",\"name\":\"El Islam Verdadero\",\"description\":\"\",\"publisher\":{\"@id\":\"https:\\\/\\\/r-islam.com\\\/sp\\\/#organization\"},\"potentialAction\":[{\"@type\":\"SearchAction\",\"target\":{\"@type\":\"EntryPoint\",\"urlTemplate\":\"https:\\\/\\\/r-islam.com\\\/sp\\\/?s={search_term_string}\"},\"query-input\":{\"@type\":\"PropertyValueSpecification\",\"valueRequired\":true,\"valueName\":\"search_term_string\"}}],\"inLanguage\":\"es\"},{\"@type\":\"Organization\",\"@id\":\"https:\\\/\\\/r-islam.com\\\/sp\\\/#organization\",\"name\":\"El Islam Verdadero\",\"url\":\"https:\\\/\\\/r-islam.com\\\/sp\\\/\",\"logo\":{\"@type\":\"ImageObject\",\"inLanguage\":\"es\",\"@id\":\"https:\\\/\\\/r-islam.com\\\/sp\\\/#\\\/schema\\\/logo\\\/image\\\/\",\"url\":\"https:\\\/\\\/r-islam.com\\\/sp\\\/wp-content\\\/uploads\\\/sites\\\/9\\\/2024\\\/03\\\/logo-small.jpg\",\"contentUrl\":\"https:\\\/\\\/r-islam.com\\\/sp\\\/wp-content\\\/uploads\\\/sites\\\/9\\\/2024\\\/03\\\/logo-small.jpg\",\"width\":180,\"height\":180,\"caption\":\"El Islam Verdadero\"},\"image\":{\"@id\":\"https:\\\/\\\/r-islam.com\\\/sp\\\/#\\\/schema\\\/logo\\\/image\\\/\"},\"sameAs\":[\"https:\\\/\\\/www.facebook.com\\\/TheRightislam.SP\\\/\",\"https:\\\/\\\/x.com\\\/verdadeiroIslam\"]},{\"@type\":\"Person\",\"@id\":\"https:\\\/\\\/r-islam.com\\\/sp\\\/#\\\/schema\\\/person\\\/27d7a6ebd29567e21a88298ba498a922\",\"name\":\"sp\",\"image\":{\"@type\":\"ImageObject\",\"inLanguage\":\"es\",\"@id\":\"https:\\\/\\\/secure.gravatar.com\\\/avatar\\\/f61fc72462f61f91519b0686a40a060c567ab920120bf4873ac1ae0b034ffe99?s=96&d=mm&r=g\",\"url\":\"https:\\\/\\\/secure.gravatar.com\\\/avatar\\\/f61fc72462f61f91519b0686a40a060c567ab920120bf4873ac1ae0b034ffe99?s=96&d=mm&r=g\",\"contentUrl\":\"https:\\\/\\\/secure.gravatar.com\\\/avatar\\\/f61fc72462f61f91519b0686a40a060c567ab920120bf4873ac1ae0b034ffe99?s=96&d=mm&r=g\",\"caption\":\"sp\"},\"url\":\"https:\\\/\\\/r-islam.com\\\/sp\\\/author\\\/sp\\\/\"}]}<\/script>\n<!-- \/ Yoast SEO plugin. -->","yoast_head_json":{"title":"Yusuf Estes, ex capell\u00e1n cristiano de una prisi\u00f3n federal (parte 3 de 5) - El Islam Verdadero","robots":{"index":"index","follow":"follow","max-snippet":"max-snippet:-1","max-image-preview":"max-image-preview:large","max-video-preview":"max-video-preview:-1"},"canonical":"https:\/\/r-islam.com\/sp\/yusuf-estes-ex-capellan-cristiano-de-una-prision-federal-parte-3-de-5\/","og_locale":"es_ES","og_type":"article","og_title":"Yusuf Estes, ex capell\u00e1n cristiano de una prisi\u00f3n federal (parte 3 de 5) - El Islam Verdadero","og_description":"Un descubrimiento asombroso: \u00bfLos musulmanes creen en la Biblia? Un d\u00eda de primavera de 1991 me enter\u00e9 de que los musulmanes creen en la Biblia. Estaba asombrado. \u00bfC\u00f3mo pod\u00eda ser esto? Y eso no es todo, creen en Jes\u00fas como:*\u00a0\u00a0\u00a0 Un verdadero mensajero de Dios; *\u00a0\u00a0\u00a0 Profeta de Dios; *\u00a0\u00a0\u00a0 Su Nacimiento milagroso, sin intervenci\u00f3n &hellip;","og_url":"https:\/\/r-islam.com\/sp\/yusuf-estes-ex-capellan-cristiano-de-una-prision-federal-parte-3-de-5\/","og_site_name":"El Islam Verdadero","article_publisher":"https:\/\/www.facebook.com\/TheRightislam.SP\/","article_published_time":"2012-08-06T13:03:46+00:00","og_image":[{"width":425,"height":283,"url":"https:\/\/r-islam.com\/sp\/wp-content\/uploads\/sites\/9\/2012\/08\/233.jpg","type":"image\/jpeg"}],"author":"sp","twitter_card":"summary_large_image","twitter_creator":"@verdadeiroIslam","twitter_site":"@verdadeiroIslam","twitter_misc":{"Escrito por":"sp","Tiempo de lectura":"5 minutos"},"schema":{"@context":"https:\/\/schema.org","@graph":[{"@type":"Article","@id":"https:\/\/r-islam.com\/sp\/yusuf-estes-ex-capellan-cristiano-de-una-prision-federal-parte-3-de-5\/#article","isPartOf":{"@id":"https:\/\/r-islam.com\/sp\/yusuf-estes-ex-capellan-cristiano-de-una-prision-federal-parte-3-de-5\/"},"author":{"name":"sp","@id":"https:\/\/r-islam.com\/sp\/#\/schema\/person\/27d7a6ebd29567e21a88298ba498a922"},"headline":"Yusuf Estes, ex capell\u00e1n cristiano de una prisi\u00f3n federal (parte 3 de 5)","datePublished":"2012-08-06T13:03:46+00:00","mainEntityOfPage":{"@id":"https:\/\/r-islam.com\/sp\/yusuf-estes-ex-capellan-cristiano-de-una-prision-federal-parte-3-de-5\/"},"wordCount":1106,"commentCount":0,"publisher":{"@id":"https:\/\/r-islam.com\/sp\/#organization"},"image":{"@id":"https:\/\/r-islam.com\/sp\/yusuf-estes-ex-capellan-cristiano-de-una-prision-federal-parte-3-de-5\/#primaryimage"},"thumbnailUrl":"https:\/\/r-islam.com\/sp\/wp-content\/uploads\/sites\/9\/2012\/08\/233.jpg","articleSection":["Famoso"],"inLanguage":"es","potentialAction":[{"@type":"CommentAction","name":"Comment","target":["https:\/\/r-islam.com\/sp\/yusuf-estes-ex-capellan-cristiano-de-una-prision-federal-parte-3-de-5\/#respond"]}]},{"@type":"WebPage","@id":"https:\/\/r-islam.com\/sp\/yusuf-estes-ex-capellan-cristiano-de-una-prision-federal-parte-3-de-5\/","url":"https:\/\/r-islam.com\/sp\/yusuf-estes-ex-capellan-cristiano-de-una-prision-federal-parte-3-de-5\/","name":"Yusuf Estes, ex capell\u00e1n cristiano de una prisi\u00f3n federal (parte 3 de 5) - El Islam Verdadero","isPartOf":{"@id":"https:\/\/r-islam.com\/sp\/#website"},"primaryImageOfPage":{"@id":"https:\/\/r-islam.com\/sp\/yusuf-estes-ex-capellan-cristiano-de-una-prision-federal-parte-3-de-5\/#primaryimage"},"image":{"@id":"https:\/\/r-islam.com\/sp\/yusuf-estes-ex-capellan-cristiano-de-una-prision-federal-parte-3-de-5\/#primaryimage"},"thumbnailUrl":"https:\/\/r-islam.com\/sp\/wp-content\/uploads\/sites\/9\/2012\/08\/233.jpg","datePublished":"2012-08-06T13:03:46+00:00","breadcrumb":{"@id":"https:\/\/r-islam.com\/sp\/yusuf-estes-ex-capellan-cristiano-de-una-prision-federal-parte-3-de-5\/#breadcrumb"},"inLanguage":"es","potentialAction":[{"@type":"ReadAction","target":["https:\/\/r-islam.com\/sp\/yusuf-estes-ex-capellan-cristiano-de-una-prision-federal-parte-3-de-5\/"]}]},{"@type":"ImageObject","inLanguage":"es","@id":"https:\/\/r-islam.com\/sp\/yusuf-estes-ex-capellan-cristiano-de-una-prision-federal-parte-3-de-5\/#primaryimage","url":"https:\/\/r-islam.com\/sp\/wp-content\/uploads\/sites\/9\/2012\/08\/233.jpg","contentUrl":"https:\/\/r-islam.com\/sp\/wp-content\/uploads\/sites\/9\/2012\/08\/233.jpg","width":425,"height":283},{"@type":"BreadcrumbList","@id":"https:\/\/r-islam.com\/sp\/yusuf-estes-ex-capellan-cristiano-de-una-prision-federal-parte-3-de-5\/#breadcrumb","itemListElement":[{"@type":"ListItem","position":1,"name":"Home","item":"https:\/\/r-islam.com\/sp\/"},{"@type":"ListItem","position":2,"name":"Yusuf Estes, ex capell\u00e1n cristiano de una prisi\u00f3n federal (parte 3 de 5)"}]},{"@type":"WebSite","@id":"https:\/\/r-islam.com\/sp\/#website","url":"https:\/\/r-islam.com\/sp\/","name":"El Islam Verdadero","description":"","publisher":{"@id":"https:\/\/r-islam.com\/sp\/#organization"},"potentialAction":[{"@type":"SearchAction","target":{"@type":"EntryPoint","urlTemplate":"https:\/\/r-islam.com\/sp\/?s={search_term_string}"},"query-input":{"@type":"PropertyValueSpecification","valueRequired":true,"valueName":"search_term_string"}}],"inLanguage":"es"},{"@type":"Organization","@id":"https:\/\/r-islam.com\/sp\/#organization","name":"El Islam Verdadero","url":"https:\/\/r-islam.com\/sp\/","logo":{"@type":"ImageObject","inLanguage":"es","@id":"https:\/\/r-islam.com\/sp\/#\/schema\/logo\/image\/","url":"https:\/\/r-islam.com\/sp\/wp-content\/uploads\/sites\/9\/2024\/03\/logo-small.jpg","contentUrl":"https:\/\/r-islam.com\/sp\/wp-content\/uploads\/sites\/9\/2024\/03\/logo-small.jpg","width":180,"height":180,"caption":"El Islam Verdadero"},"image":{"@id":"https:\/\/r-islam.com\/sp\/#\/schema\/logo\/image\/"},"sameAs":["https:\/\/www.facebook.com\/TheRightislam.SP\/","https:\/\/x.com\/verdadeiroIslam"]},{"@type":"Person","@id":"https:\/\/r-islam.com\/sp\/#\/schema\/person\/27d7a6ebd29567e21a88298ba498a922","name":"sp","image":{"@type":"ImageObject","inLanguage":"es","@id":"https:\/\/secure.gravatar.com\/avatar\/f61fc72462f61f91519b0686a40a060c567ab920120bf4873ac1ae0b034ffe99?s=96&d=mm&r=g","url":"https:\/\/secure.gravatar.com\/avatar\/f61fc72462f61f91519b0686a40a060c567ab920120bf4873ac1ae0b034ffe99?s=96&d=mm&r=g","contentUrl":"https:\/\/secure.gravatar.com\/avatar\/f61fc72462f61f91519b0686a40a060c567ab920120bf4873ac1ae0b034ffe99?s=96&d=mm&r=g","caption":"sp"},"url":"https:\/\/r-islam.com\/sp\/author\/sp\/"}]}},"_links":{"self":[{"href":"https:\/\/r-islam.com\/sp\/wp-json\/wp\/v2\/posts\/713","targetHints":{"allow":["GET"]}}],"collection":[{"href":"https:\/\/r-islam.com\/sp\/wp-json\/wp\/v2\/posts"}],"about":[{"href":"https:\/\/r-islam.com\/sp\/wp-json\/wp\/v2\/types\/post"}],"author":[{"embeddable":true,"href":"https:\/\/r-islam.com\/sp\/wp-json\/wp\/v2\/users\/23"}],"replies":[{"embeddable":true,"href":"https:\/\/r-islam.com\/sp\/wp-json\/wp\/v2\/comments?post=713"}],"version-history":[{"count":0,"href":"https:\/\/r-islam.com\/sp\/wp-json\/wp\/v2\/posts\/713\/revisions"}],"wp:featuredmedia":[{"embeddable":true,"href":"https:\/\/r-islam.com\/sp\/wp-json\/wp\/v2\/media\/712"}],"wp:attachment":[{"href":"https:\/\/r-islam.com\/sp\/wp-json\/wp\/v2\/media?parent=713"}],"wp:term":[{"taxonomy":"category","embeddable":true,"href":"https:\/\/r-islam.com\/sp\/wp-json\/wp\/v2\/categories?post=713"},{"taxonomy":"post_tag","embeddable":true,"href":"https:\/\/r-islam.com\/sp\/wp-json\/wp\/v2\/tags?post=713"}],"curies":[{"name":"wp","href":"https:\/\/api.w.org\/{rel}","templated":true}]}}