{"id":715,"date":"2012-08-06T13:03:48","date_gmt":"2012-08-06T13:03:48","guid":{"rendered":"http:\/\/localhost\/rs\/sp\/2012\/08\/06\/yusuf-estes-ex-capellan-cristiano-de-una-prision-federal-parte-2-de-5\/"},"modified":"2012-08-06T13:03:48","modified_gmt":"2012-08-06T13:03:48","slug":"yusuf-estes-ex-capellan-cristiano-de-una-prision-federal-parte-2-de-5","status":"publish","type":"post","link":"https:\/\/r-islam.com\/sp\/yusuf-estes-ex-capellan-cristiano-de-una-prision-federal-parte-2-de-5\/","title":{"rendered":"Yusuf Estes, ex capell\u00e1n cristiano de una prisi\u00f3n federal (parte 2 de 5)"},"content":{"rendered":"<p style=\"text-align: center;\"><span style=\"font-family: times new roman,times;\"><span style=\"font-size: large;\"><img loading=\"lazy\" decoding=\"async\" class=\" size-full wp-image-714\" src=\"http:\/\/localhost\/rs\/sp\/wp-content\/uploads\/sites\/9\/2012\/08\/232.jpg\" border=\"0\" width=\"425\" height=\"283\" srcset=\"https:\/\/r-islam.com\/sp\/wp-content\/uploads\/sites\/9\/2012\/08\/232.jpg 425w, https:\/\/r-islam.com\/sp\/wp-content\/uploads\/sites\/9\/2012\/08\/232-300x200.jpg 300w\" sizes=\"auto, (max-width: 425px) 100vw, 425px\" \/><\/span><\/span><\/p>\n<p style=\"text-align: center;\"><span style=\"font-family: times new roman,times;\"><span style=\"font-size: large;\"><br \/><\/span><\/span><\/p>\n<p style=\"text-align: justify;\"><span style=\"font-family: times new roman,times;\"><span style=\"font-size: large;\"><span style=\"color: #0000ff;\">Proyectos comerciales en Texas, Oklahoma y Florida<\/span><\/p>\n<p>Durante los siguientes 30 a\u00f1os mi padre y yo trabajamos conjuntamente en diversos proyectos comerciales. Tuvimos programas de entretenimiento, espect\u00e1culos y atracciones. Abrimos tiendas de pianos y \u00f3rganos en Texas y Oklahoma hasta Florida.<\/span><\/span><\/p>\n<p style=\"text-align: justify;\"><span style=\"font-family: times new roman,times;\"><span style=\"font-size: large;\"> <span style=\"color: #800080;\">Generamos millones de d\u00f3lares durante esos a\u00f1os,<\/span> pero no hall\u00e1bamos la paz interior que s\u00f3lo se encuentra por medio de la verdad y la aut\u00e9ntica visualizaci\u00f3n de la salvaci\u00f3n. Seguramente te habr\u00e1s preguntado: \u201c\u00bfPor qu\u00e9 Dios me cre\u00f3?\u201d, o \u201c\u00bfqu\u00e9 pretende Dios de m\u00ed?\u201d; m\u00e1s exactamente, \u201c\u00bfqui\u00e9n es Dios?\u201d, \u201c\u00bfpor qu\u00e9 creemos en el \u2018pecado original\u2019?\u201d y \u201c\u00bfpor qu\u00e9 los hijos de Ad\u00e1n fueron forzados a aceptar sus \u2018pecados\u2019 y por consiguiente ser castigados para siempre?\u201d Si le preguntaras a alguien acerca de esto seguramente te responder\u00edan que deber\u00edas creer sin preguntar, probablemente te dir\u00edan que es un \u201cmisterio\u201d: \u201cTan s\u00f3lo ten fe, hermano\u201d.<\/span><\/span><\/p>\n<p style=\"text-align: justify;\"><span style=\"font-family: times new roman,times;\"><span style=\"font-size: large;\"><br \/><span style=\"color: #0000ff;\">El concepto de la Trinidad<\/span><\/p>\n<p>Aunque resulte extraordinario, la palabra Trinidad no se encuentra en la Biblia. Su inexistencia es motivo de inquietud para los eruditos religiosos desde 200 a\u00f1os luego de que Jes\u00fas fuera elevado hacia Dios Todopoderoso. Le ped\u00ed a predicadores y ministros que me dieran alguna idea, cualquiera fuere su especie, de c\u00f3mo \u201cuno\u201d podr\u00eda convertirse en \u201ctres\u201d o de c\u00f3mo y por qu\u00e9 es posible que Dios, Quien lleva a cabo Su Voluntad sin condicionamientos, simplemente no perdon\u00f3 los pecados de la humanidad, sino que en vez de eso descendi\u00f3 a la Tierra volvi\u00e9ndose una persona y asumiendo los pecados de todo el mundo. Ello, teniendo en cuenta que este proceso transcurri\u00f3 mientras \u00c9l permanec\u00eda siendo Dios de todo el universo, cuya Voluntad se cumple cuando y como \u00c9l quiere. Aparentemente jam\u00e1s tuvieron la capacidad de crear una respuesta, sino que se limitaron a expresar opiniones o extra\u00f1as analog\u00edas al respecto.<br \/>Su padre, ordenado como Ministro sin denominaci\u00f3n<\/p>\n<p>Mi padre era un activo partidario del trabajo de la iglesia, especialmente de los programas de la escuela eclesi\u00e1stica. En 1970 fue ordenado ministro. \u00c9l y su esposa (mi madrastra) conoc\u00edan a muchos de los pastores y evangelistas de la TV, incluso visitaron a Oral Roberts y ayudaron a la construcci\u00f3n de la \u201cTorre de Oraci\u00f3n\u201d situada en Tulsa, Oklahoma. Adem\u00e1s, fueron importantes defensores de Jimmy Swaggart, Jim y Tammy Fae Baker, Jerry Fallwell, John Haggi y el principal enemigo del Islam en los Estados Unidos de Am\u00e9rica: Pat Robertson.<\/span><\/span><\/p>\n<p style=\"text-align: justify;\"><span style=\"font-family: times new roman,times;\"><span style=\"font-size: large;\"><br \/><span style=\"color: #0000ff;\">Distribuci\u00f3n de audios de \u201coraci\u00f3n\u201d para Jes\u00fas<\/span><\/p>\n<p>A comienzos de la d\u00e9cada de1980 mi padre y su esposa trabajaron conjunta y activamente en la grabaci\u00f3n y distribuci\u00f3n de audios de \u201coraci\u00f3n\u201d gratuitos a hogares para jubilados, hospitales y asilos para ancianos. De verdad consegu\u00edamos \u201creclutar almas para el Se\u00f1or Jes\u00fas\u201d d\u00eda tras d\u00eda.<br \/>Conoc\u00ed a un egipcio<\/p>\n<p>A comienzos de 1991 mi padre empez\u00f3 a comerciar con un egipcio y me dijo que deseaba que yo lo conociera. Esta idea me result\u00f3 atractiva al pensar en la posibilidad de degustar cierto sabor internacional. Ustedes saben, pir\u00e1mides, esfinge, R\u00edo Nilo y todo eso.<\/span><\/span><\/p>\n<p style=\"text-align: justify;\"><span style=\"font-family: times new roman,times;\"><span style=\"font-size: large;\"><br \/><span style=\"color: #0000ff;\">Era un \u201cMuslem\u201d<\/span><\/p>\n<p> Luego mi padre mencion\u00f3 que este hombre era musulm\u00e1n\u2026 Secuestradores, pone bombas, terroristas y qui\u00e9n sabe qu\u00e9 m\u00e1s. Ante todo, odiaba la idea de conocer a un \u201cinfiel, secuestrador, terrorista, incr\u00e9dulo\u201d. A cualquier persona normal le parecer\u00eda repulsiva dicha idea, no pod\u00eda creer lo que escuchaba. \u00bfUn musulm\u00e1n? \u00a1De ninguna manera! Le record\u00e9 a mi padre diversas cosas que hab\u00edamos escuchado acerca de estas personas.<\/span><\/span><\/p>\n<p style=\"text-align: justify;\"><span style=\"font-family: times new roman,times;\"><span style=\"font-size: large;\"><br \/><span style=\"color: #0000ff;\">Mentiras que nos contaban acerca de los musulmanes y el Islam:<\/span><\/p>\n<p>No creen en Dios, veneran una caja negra en el desierto y besan el suelo cinco veces al d\u00eda. \u00a1De ninguna manera! No quer\u00eda conocer a ese musulm\u00e1n\u2026\u00a0 \u00a1De ninguna manera! Mi padre insisti\u00f3 en que lo conociera y me asegur\u00f3 que era una persona muy agradable. Esto era demasiado para m\u00ed; especialmente ya que todos los evang\u00e9licos con los que sol\u00edamos viajar odiaban de sobre manera a los musulmanes y al Islam. De hecho nos ment\u00edan para asustarnos y para que las personas temieran al Islam. As\u00ed que, \u00bfpor qu\u00e9 querr\u00eda conocer a estas personas?<\/span><\/span><\/p>\n<p style=\"text-align: justify;\"><span style=\"font-family: times new roman,times;\"><span style=\"font-size: large;\"><br \/><span style=\"color: #0000ff;\">Idea: \u201cConvirt\u00e1moslo en cristiano\u201d<\/span><\/p>\n<p>Entonces se me ocurri\u00f3 una idea: \u201cpodemos convertir a este hombre en un\u00a0 cristiano\u201d. Por ende, me rend\u00ed y acced\u00ed a la reuni\u00f3n, aunque de acuerdo a mis t\u00e9rminos. Acept\u00e9 conocerlo un domingo despu\u00e9s de la iglesia ya que habr\u00edamos rezado y estar\u00edamos en buenos t\u00e9rminos con el Se\u00f1or. Llevar\u00eda mi Biblia bajo mi brazo como de costumbre, mi cruz grande y brillante colgando y mi gorra que dice: \u201cJes\u00fas es el Se\u00f1or\u201d. Mi esposa y mis dos j\u00f3venes hijas llegaron, est\u00e1bamos preparados para nuestro primer encuentro con los musulmanes.<\/span><\/span><\/p>\n<p style=\"text-align: justify;\"><span style=\"font-family: times new roman,times;\"><span style=\"font-size: large;\"><br \/><span style=\"color: #0000ff;\">\u00bfD\u00f3nde est\u00e1?<\/span><\/p>\n<p>Cuando entr\u00e9 a la tienda y le pregunt\u00e9 a mi padre d\u00f3nde estaba el musulm\u00e1n, apunt\u00f3 y dijo: \u201cSe encuentra justo all\u00ed\u201d. Estaba confundido. Ese no pod\u00eda ser el musulm\u00e1n. De ninguna manera.<\/span><\/span><\/p>\n<p style=\"text-align: justify;\"><span style=\"font-family: times new roman,times;\"><span style=\"font-size: large;\"><br \/><span style=\"color: #0000ff;\">\u00bfTurbante y barba?<\/span><\/p>\n<p>Esperaba encontrar un hombre inmenso con t\u00fanica y batas ondeando, un gran turbante sobre su cabeza, una barba larga que llegar\u00eda a su pecho, cejas que atravesar\u00edan su frente de lado a lado y una espada o una bomba bajo su abrigo.<br \/>Ni barba ni turbante [\u00a1de hecho no ten\u00eda cabello alguno!]\n<p>Este hombre no usaba barba, a decir verdad, no ten\u00eda cabello alguno en su cabeza, era pr\u00e1cticamente calvo. Lo mejor de todo es que era muy agradable, saludaba con una calurosa bienvenida y apret\u00f3n de manos. Esto no ten\u00eda sentido; pensaba que eran terroristas y pone bombas. \u00bfDe qu\u00e9 se trataba todo esto?<\/span><\/span><\/p>\n<p style=\"text-align: justify;\"><span style=\"font-family: times new roman,times;\"><span style=\"font-size: large;\"><br \/><span style=\"color: #0000ff;\">Necesita a Jes\u00fas<\/span><\/p>\n<p>No hay problema. Me pondr\u00e9 a trabajar inmediatamente con este tipo. \u201cEn nombre de Jes\u00fas\u201d necesita ser \u201csalvado\u201d; el Se\u00f1or y yo lograremos hacerlo.<\/span><\/span><\/p>\n<p style=\"text-align: justify;\"><span style=\"font-family: times new roman,times;\"><span style=\"font-size: large;\"><br \/><span style=\"color: #0000ff;\">Introducci\u00f3n e interrogatorio<\/span><\/p>\n<p>Luego de una r\u00e1pida introducci\u00f3n, le pregunt\u00e9:<\/p>\n<p>\u201c\u00bfUsted cree en Dios?\u201d<\/p>\n<p>Dijo: \u201cS\u00ed\u201d. &#8211; (\u00a1Bien!)<\/p>\n<p>Entonces pregunt\u00e9: \u201c\u00bfCree en Ad\u00e1n y Eva?\u201d<\/p>\n<p>Dijo: \u201cS\u00ed\u201d. &#8211; (\u00a1Muy bien!)<\/p>\n<p>Otra vez pregunt\u00e9: \u201c\u00bfQu\u00e9 me dice de Abraham, cree en \u00e9l y en c\u00f3mo trat\u00f3 de sacrificar a su hijo por Dios?\u201d<\/p>\n<p>Respondi\u00f3: \u201cS\u00ed\u201d. \u2013 (\u00a1A\u00fan mejor!)<\/p>\n<p>Nuevamente pregunt\u00e9: \u201c\u00bfY Mois\u00e9s, los diez mandamientos, la separaci\u00f3n del Mar Rojo?\u201d<\/p>\n<p>Nuevamente respondi\u00f3: \u201cS\u00ed\u201d. \u2013 (\u00a1Mejor todav\u00eda!)<\/p>\n<p>Luego inquir\u00ed otra vez: \u201c\u00bfY los dem\u00e1s profetas, David, Salom\u00f3n y Juan el Bautista?\u201d<\/p>\n<p>Dijo: \u201cS\u00ed\u201d. \u2013 (\u00a1Genial!)<\/p>\n<p>Volv\u00ed a preguntar: \u201c\u00bfCree en la Biblia?\u201d<\/p>\n<p>Volvi\u00f3 a responder: \u201cS\u00ed\u201d. \u2013 (\u00a1Bien!)<\/p>\n<p>Finalmente, le lleg\u00f3 el momento a la gran pregunta: \u201c\u00bfCree en Jes\u00fas, y en que fue el Mes\u00edas (Cristo) de Dios?\u201d \u00a0<\/p>\n<p>Y nuevamente me respondi\u00f3: \u201cS\u00ed\u201d. \u2013 (\u00a1Fant\u00e1stico!)<\/p>\n<p>En fin, esto ser\u00eda m\u00e1s f\u00e1cil de lo que pensaba, \u00e9l estaba pr\u00e1cticamente listo para ser bautizado, s\u00f3lo que no lo sab\u00eda. \u00a1Y yo era justamente el indicado para llevarlo a cabo!<\/span><\/span><\/p>\n<p style=\"text-align: justify;\"><span style=\"color: #0000ff;\"><span style=\"font-family: times new roman,times;\"><span style=\"font-size: medium;\">http:\/\/www.islamreligion.com<\/span><\/span><\/span><\/p>\n","protected":false},"excerpt":{"rendered":"<p>Proyectos comerciales en Texas, Oklahoma y Florida Durante los siguientes 30 a\u00f1os mi padre y yo trabajamos conjuntamente en diversos proyectos comerciales. Tuvimos programas de entretenimiento, espect\u00e1culos y atracciones. Abrimos tiendas de pianos y \u00f3rganos en Texas y Oklahoma hasta Florida. Generamos millones de d\u00f3lares durante esos a\u00f1os, pero no hall\u00e1bamos la paz interior que &hellip;<\/p>\n","protected":false},"author":23,"featured_media":714,"comment_status":"open","ping_status":"open","sticky":false,"template":"","format":"standard","meta":{"_monsterinsights_skip_tracking":false,"_monsterinsights_sitenote_active":false,"_monsterinsights_sitenote_note":"","_monsterinsights_sitenote_category":0,"footnotes":""},"categories":[12],"tags":[],"class_list":["post-715","post","type-post","status-publish","format-standard","has-post-thumbnail","hentry","category-famoso"],"yoast_head":"<!-- This site is optimized with the Yoast SEO plugin v27.5 - https:\/\/yoast.com\/product\/yoast-seo-wordpress\/ -->\n<title>Yusuf Estes, ex capell\u00e1n cristiano de una prisi\u00f3n federal (parte 2 de 5) - El Islam Verdadero<\/title>\n<meta name=\"robots\" content=\"index, follow, max-snippet:-1, max-image-preview:large, max-video-preview:-1\" \/>\n<link rel=\"canonical\" href=\"https:\/\/r-islam.com\/sp\/yusuf-estes-ex-capellan-cristiano-de-una-prision-federal-parte-2-de-5\/\" \/>\n<meta property=\"og:locale\" content=\"es_ES\" \/>\n<meta property=\"og:type\" content=\"article\" \/>\n<meta property=\"og:title\" content=\"Yusuf Estes, ex capell\u00e1n cristiano de una prisi\u00f3n federal (parte 2 de 5) - El Islam Verdadero\" \/>\n<meta property=\"og:description\" content=\"Proyectos comerciales en Texas, Oklahoma y Florida Durante los siguientes 30 a\u00f1os mi padre y yo trabajamos conjuntamente en diversos proyectos comerciales. Tuvimos programas de entretenimiento, espect\u00e1culos y atracciones. Abrimos tiendas de pianos y \u00f3rganos en Texas y Oklahoma hasta Florida. Generamos millones de d\u00f3lares durante esos a\u00f1os, pero no hall\u00e1bamos la paz interior que &hellip;\" \/>\n<meta property=\"og:url\" content=\"https:\/\/r-islam.com\/sp\/yusuf-estes-ex-capellan-cristiano-de-una-prision-federal-parte-2-de-5\/\" \/>\n<meta property=\"og:site_name\" content=\"El Islam Verdadero\" \/>\n<meta property=\"article:publisher\" content=\"https:\/\/www.facebook.com\/TheRightislam.SP\/\" \/>\n<meta property=\"article:published_time\" content=\"2012-08-06T13:03:48+00:00\" \/>\n<meta property=\"og:image\" content=\"https:\/\/r-islam.com\/sp\/wp-content\/uploads\/sites\/9\/2012\/08\/232.jpg\" \/>\n\t<meta property=\"og:image:width\" content=\"425\" \/>\n\t<meta property=\"og:image:height\" content=\"283\" \/>\n\t<meta property=\"og:image:type\" content=\"image\/jpeg\" \/>\n<meta name=\"author\" content=\"sp\" \/>\n<meta name=\"twitter:card\" content=\"summary_large_image\" \/>\n<meta name=\"twitter:creator\" content=\"@verdadeiroIslam\" \/>\n<meta name=\"twitter:site\" content=\"@verdadeiroIslam\" \/>\n<meta name=\"twitter:label1\" content=\"Escrito por\" \/>\n\t<meta name=\"twitter:data1\" content=\"sp\" \/>\n\t<meta name=\"twitter:label2\" content=\"Tiempo de lectura\" \/>\n\t<meta name=\"twitter:data2\" content=\"6 minutos\" \/>\n<script type=\"application\/ld+json\" class=\"yoast-schema-graph\">{\"@context\":\"https:\\\/\\\/schema.org\",\"@graph\":[{\"@type\":\"Article\",\"@id\":\"https:\\\/\\\/r-islam.com\\\/sp\\\/yusuf-estes-ex-capellan-cristiano-de-una-prision-federal-parte-2-de-5\\\/#article\",\"isPartOf\":{\"@id\":\"https:\\\/\\\/r-islam.com\\\/sp\\\/yusuf-estes-ex-capellan-cristiano-de-una-prision-federal-parte-2-de-5\\\/\"},\"author\":{\"name\":\"sp\",\"@id\":\"https:\\\/\\\/r-islam.com\\\/sp\\\/#\\\/schema\\\/person\\\/27d7a6ebd29567e21a88298ba498a922\"},\"headline\":\"Yusuf Estes, ex capell\u00e1n cristiano de una prisi\u00f3n federal (parte 2 de 5)\",\"datePublished\":\"2012-08-06T13:03:48+00:00\",\"mainEntityOfPage\":{\"@id\":\"https:\\\/\\\/r-islam.com\\\/sp\\\/yusuf-estes-ex-capellan-cristiano-de-una-prision-federal-parte-2-de-5\\\/\"},\"wordCount\":1224,\"commentCount\":0,\"publisher\":{\"@id\":\"https:\\\/\\\/r-islam.com\\\/sp\\\/#organization\"},\"image\":{\"@id\":\"https:\\\/\\\/r-islam.com\\\/sp\\\/yusuf-estes-ex-capellan-cristiano-de-una-prision-federal-parte-2-de-5\\\/#primaryimage\"},\"thumbnailUrl\":\"https:\\\/\\\/r-islam.com\\\/sp\\\/wp-content\\\/uploads\\\/sites\\\/9\\\/2012\\\/08\\\/232.jpg\",\"articleSection\":[\"Famoso\"],\"inLanguage\":\"es\",\"potentialAction\":[{\"@type\":\"CommentAction\",\"name\":\"Comment\",\"target\":[\"https:\\\/\\\/r-islam.com\\\/sp\\\/yusuf-estes-ex-capellan-cristiano-de-una-prision-federal-parte-2-de-5\\\/#respond\"]}]},{\"@type\":\"WebPage\",\"@id\":\"https:\\\/\\\/r-islam.com\\\/sp\\\/yusuf-estes-ex-capellan-cristiano-de-una-prision-federal-parte-2-de-5\\\/\",\"url\":\"https:\\\/\\\/r-islam.com\\\/sp\\\/yusuf-estes-ex-capellan-cristiano-de-una-prision-federal-parte-2-de-5\\\/\",\"name\":\"Yusuf Estes, ex capell\u00e1n cristiano de una prisi\u00f3n federal (parte 2 de 5) - El Islam Verdadero\",\"isPartOf\":{\"@id\":\"https:\\\/\\\/r-islam.com\\\/sp\\\/#website\"},\"primaryImageOfPage\":{\"@id\":\"https:\\\/\\\/r-islam.com\\\/sp\\\/yusuf-estes-ex-capellan-cristiano-de-una-prision-federal-parte-2-de-5\\\/#primaryimage\"},\"image\":{\"@id\":\"https:\\\/\\\/r-islam.com\\\/sp\\\/yusuf-estes-ex-capellan-cristiano-de-una-prision-federal-parte-2-de-5\\\/#primaryimage\"},\"thumbnailUrl\":\"https:\\\/\\\/r-islam.com\\\/sp\\\/wp-content\\\/uploads\\\/sites\\\/9\\\/2012\\\/08\\\/232.jpg\",\"datePublished\":\"2012-08-06T13:03:48+00:00\",\"breadcrumb\":{\"@id\":\"https:\\\/\\\/r-islam.com\\\/sp\\\/yusuf-estes-ex-capellan-cristiano-de-una-prision-federal-parte-2-de-5\\\/#breadcrumb\"},\"inLanguage\":\"es\",\"potentialAction\":[{\"@type\":\"ReadAction\",\"target\":[\"https:\\\/\\\/r-islam.com\\\/sp\\\/yusuf-estes-ex-capellan-cristiano-de-una-prision-federal-parte-2-de-5\\\/\"]}]},{\"@type\":\"ImageObject\",\"inLanguage\":\"es\",\"@id\":\"https:\\\/\\\/r-islam.com\\\/sp\\\/yusuf-estes-ex-capellan-cristiano-de-una-prision-federal-parte-2-de-5\\\/#primaryimage\",\"url\":\"https:\\\/\\\/r-islam.com\\\/sp\\\/wp-content\\\/uploads\\\/sites\\\/9\\\/2012\\\/08\\\/232.jpg\",\"contentUrl\":\"https:\\\/\\\/r-islam.com\\\/sp\\\/wp-content\\\/uploads\\\/sites\\\/9\\\/2012\\\/08\\\/232.jpg\",\"width\":425,\"height\":283},{\"@type\":\"BreadcrumbList\",\"@id\":\"https:\\\/\\\/r-islam.com\\\/sp\\\/yusuf-estes-ex-capellan-cristiano-de-una-prision-federal-parte-2-de-5\\\/#breadcrumb\",\"itemListElement\":[{\"@type\":\"ListItem\",\"position\":1,\"name\":\"Home\",\"item\":\"https:\\\/\\\/r-islam.com\\\/sp\\\/\"},{\"@type\":\"ListItem\",\"position\":2,\"name\":\"Yusuf Estes, ex capell\u00e1n cristiano de una prisi\u00f3n federal (parte 2 de 5)\"}]},{\"@type\":\"WebSite\",\"@id\":\"https:\\\/\\\/r-islam.com\\\/sp\\\/#website\",\"url\":\"https:\\\/\\\/r-islam.com\\\/sp\\\/\",\"name\":\"El Islam Verdadero\",\"description\":\"\",\"publisher\":{\"@id\":\"https:\\\/\\\/r-islam.com\\\/sp\\\/#organization\"},\"potentialAction\":[{\"@type\":\"SearchAction\",\"target\":{\"@type\":\"EntryPoint\",\"urlTemplate\":\"https:\\\/\\\/r-islam.com\\\/sp\\\/?s={search_term_string}\"},\"query-input\":{\"@type\":\"PropertyValueSpecification\",\"valueRequired\":true,\"valueName\":\"search_term_string\"}}],\"inLanguage\":\"es\"},{\"@type\":\"Organization\",\"@id\":\"https:\\\/\\\/r-islam.com\\\/sp\\\/#organization\",\"name\":\"El Islam Verdadero\",\"url\":\"https:\\\/\\\/r-islam.com\\\/sp\\\/\",\"logo\":{\"@type\":\"ImageObject\",\"inLanguage\":\"es\",\"@id\":\"https:\\\/\\\/r-islam.com\\\/sp\\\/#\\\/schema\\\/logo\\\/image\\\/\",\"url\":\"https:\\\/\\\/r-islam.com\\\/sp\\\/wp-content\\\/uploads\\\/sites\\\/9\\\/2024\\\/03\\\/logo-small.jpg\",\"contentUrl\":\"https:\\\/\\\/r-islam.com\\\/sp\\\/wp-content\\\/uploads\\\/sites\\\/9\\\/2024\\\/03\\\/logo-small.jpg\",\"width\":180,\"height\":180,\"caption\":\"El Islam Verdadero\"},\"image\":{\"@id\":\"https:\\\/\\\/r-islam.com\\\/sp\\\/#\\\/schema\\\/logo\\\/image\\\/\"},\"sameAs\":[\"https:\\\/\\\/www.facebook.com\\\/TheRightislam.SP\\\/\",\"https:\\\/\\\/x.com\\\/verdadeiroIslam\"]},{\"@type\":\"Person\",\"@id\":\"https:\\\/\\\/r-islam.com\\\/sp\\\/#\\\/schema\\\/person\\\/27d7a6ebd29567e21a88298ba498a922\",\"name\":\"sp\",\"image\":{\"@type\":\"ImageObject\",\"inLanguage\":\"es\",\"@id\":\"https:\\\/\\\/secure.gravatar.com\\\/avatar\\\/f61fc72462f61f91519b0686a40a060c567ab920120bf4873ac1ae0b034ffe99?s=96&d=mm&r=g\",\"url\":\"https:\\\/\\\/secure.gravatar.com\\\/avatar\\\/f61fc72462f61f91519b0686a40a060c567ab920120bf4873ac1ae0b034ffe99?s=96&d=mm&r=g\",\"contentUrl\":\"https:\\\/\\\/secure.gravatar.com\\\/avatar\\\/f61fc72462f61f91519b0686a40a060c567ab920120bf4873ac1ae0b034ffe99?s=96&d=mm&r=g\",\"caption\":\"sp\"},\"url\":\"https:\\\/\\\/r-islam.com\\\/sp\\\/author\\\/sp\\\/\"}]}<\/script>\n<!-- \/ Yoast SEO plugin. -->","yoast_head_json":{"title":"Yusuf Estes, ex capell\u00e1n cristiano de una prisi\u00f3n federal (parte 2 de 5) - El Islam Verdadero","robots":{"index":"index","follow":"follow","max-snippet":"max-snippet:-1","max-image-preview":"max-image-preview:large","max-video-preview":"max-video-preview:-1"},"canonical":"https:\/\/r-islam.com\/sp\/yusuf-estes-ex-capellan-cristiano-de-una-prision-federal-parte-2-de-5\/","og_locale":"es_ES","og_type":"article","og_title":"Yusuf Estes, ex capell\u00e1n cristiano de una prisi\u00f3n federal (parte 2 de 5) - El Islam Verdadero","og_description":"Proyectos comerciales en Texas, Oklahoma y Florida Durante los siguientes 30 a\u00f1os mi padre y yo trabajamos conjuntamente en diversos proyectos comerciales. Tuvimos programas de entretenimiento, espect\u00e1culos y atracciones. Abrimos tiendas de pianos y \u00f3rganos en Texas y Oklahoma hasta Florida. Generamos millones de d\u00f3lares durante esos a\u00f1os, pero no hall\u00e1bamos la paz interior que &hellip;","og_url":"https:\/\/r-islam.com\/sp\/yusuf-estes-ex-capellan-cristiano-de-una-prision-federal-parte-2-de-5\/","og_site_name":"El Islam Verdadero","article_publisher":"https:\/\/www.facebook.com\/TheRightislam.SP\/","article_published_time":"2012-08-06T13:03:48+00:00","og_image":[{"width":425,"height":283,"url":"https:\/\/r-islam.com\/sp\/wp-content\/uploads\/sites\/9\/2012\/08\/232.jpg","type":"image\/jpeg"}],"author":"sp","twitter_card":"summary_large_image","twitter_creator":"@verdadeiroIslam","twitter_site":"@verdadeiroIslam","twitter_misc":{"Escrito por":"sp","Tiempo de lectura":"6 minutos"},"schema":{"@context":"https:\/\/schema.org","@graph":[{"@type":"Article","@id":"https:\/\/r-islam.com\/sp\/yusuf-estes-ex-capellan-cristiano-de-una-prision-federal-parte-2-de-5\/#article","isPartOf":{"@id":"https:\/\/r-islam.com\/sp\/yusuf-estes-ex-capellan-cristiano-de-una-prision-federal-parte-2-de-5\/"},"author":{"name":"sp","@id":"https:\/\/r-islam.com\/sp\/#\/schema\/person\/27d7a6ebd29567e21a88298ba498a922"},"headline":"Yusuf Estes, ex capell\u00e1n cristiano de una prisi\u00f3n federal (parte 2 de 5)","datePublished":"2012-08-06T13:03:48+00:00","mainEntityOfPage":{"@id":"https:\/\/r-islam.com\/sp\/yusuf-estes-ex-capellan-cristiano-de-una-prision-federal-parte-2-de-5\/"},"wordCount":1224,"commentCount":0,"publisher":{"@id":"https:\/\/r-islam.com\/sp\/#organization"},"image":{"@id":"https:\/\/r-islam.com\/sp\/yusuf-estes-ex-capellan-cristiano-de-una-prision-federal-parte-2-de-5\/#primaryimage"},"thumbnailUrl":"https:\/\/r-islam.com\/sp\/wp-content\/uploads\/sites\/9\/2012\/08\/232.jpg","articleSection":["Famoso"],"inLanguage":"es","potentialAction":[{"@type":"CommentAction","name":"Comment","target":["https:\/\/r-islam.com\/sp\/yusuf-estes-ex-capellan-cristiano-de-una-prision-federal-parte-2-de-5\/#respond"]}]},{"@type":"WebPage","@id":"https:\/\/r-islam.com\/sp\/yusuf-estes-ex-capellan-cristiano-de-una-prision-federal-parte-2-de-5\/","url":"https:\/\/r-islam.com\/sp\/yusuf-estes-ex-capellan-cristiano-de-una-prision-federal-parte-2-de-5\/","name":"Yusuf Estes, ex capell\u00e1n cristiano de una prisi\u00f3n federal (parte 2 de 5) - El Islam Verdadero","isPartOf":{"@id":"https:\/\/r-islam.com\/sp\/#website"},"primaryImageOfPage":{"@id":"https:\/\/r-islam.com\/sp\/yusuf-estes-ex-capellan-cristiano-de-una-prision-federal-parte-2-de-5\/#primaryimage"},"image":{"@id":"https:\/\/r-islam.com\/sp\/yusuf-estes-ex-capellan-cristiano-de-una-prision-federal-parte-2-de-5\/#primaryimage"},"thumbnailUrl":"https:\/\/r-islam.com\/sp\/wp-content\/uploads\/sites\/9\/2012\/08\/232.jpg","datePublished":"2012-08-06T13:03:48+00:00","breadcrumb":{"@id":"https:\/\/r-islam.com\/sp\/yusuf-estes-ex-capellan-cristiano-de-una-prision-federal-parte-2-de-5\/#breadcrumb"},"inLanguage":"es","potentialAction":[{"@type":"ReadAction","target":["https:\/\/r-islam.com\/sp\/yusuf-estes-ex-capellan-cristiano-de-una-prision-federal-parte-2-de-5\/"]}]},{"@type":"ImageObject","inLanguage":"es","@id":"https:\/\/r-islam.com\/sp\/yusuf-estes-ex-capellan-cristiano-de-una-prision-federal-parte-2-de-5\/#primaryimage","url":"https:\/\/r-islam.com\/sp\/wp-content\/uploads\/sites\/9\/2012\/08\/232.jpg","contentUrl":"https:\/\/r-islam.com\/sp\/wp-content\/uploads\/sites\/9\/2012\/08\/232.jpg","width":425,"height":283},{"@type":"BreadcrumbList","@id":"https:\/\/r-islam.com\/sp\/yusuf-estes-ex-capellan-cristiano-de-una-prision-federal-parte-2-de-5\/#breadcrumb","itemListElement":[{"@type":"ListItem","position":1,"name":"Home","item":"https:\/\/r-islam.com\/sp\/"},{"@type":"ListItem","position":2,"name":"Yusuf Estes, ex capell\u00e1n cristiano de una prisi\u00f3n federal (parte 2 de 5)"}]},{"@type":"WebSite","@id":"https:\/\/r-islam.com\/sp\/#website","url":"https:\/\/r-islam.com\/sp\/","name":"El Islam Verdadero","description":"","publisher":{"@id":"https:\/\/r-islam.com\/sp\/#organization"},"potentialAction":[{"@type":"SearchAction","target":{"@type":"EntryPoint","urlTemplate":"https:\/\/r-islam.com\/sp\/?s={search_term_string}"},"query-input":{"@type":"PropertyValueSpecification","valueRequired":true,"valueName":"search_term_string"}}],"inLanguage":"es"},{"@type":"Organization","@id":"https:\/\/r-islam.com\/sp\/#organization","name":"El Islam Verdadero","url":"https:\/\/r-islam.com\/sp\/","logo":{"@type":"ImageObject","inLanguage":"es","@id":"https:\/\/r-islam.com\/sp\/#\/schema\/logo\/image\/","url":"https:\/\/r-islam.com\/sp\/wp-content\/uploads\/sites\/9\/2024\/03\/logo-small.jpg","contentUrl":"https:\/\/r-islam.com\/sp\/wp-content\/uploads\/sites\/9\/2024\/03\/logo-small.jpg","width":180,"height":180,"caption":"El Islam Verdadero"},"image":{"@id":"https:\/\/r-islam.com\/sp\/#\/schema\/logo\/image\/"},"sameAs":["https:\/\/www.facebook.com\/TheRightislam.SP\/","https:\/\/x.com\/verdadeiroIslam"]},{"@type":"Person","@id":"https:\/\/r-islam.com\/sp\/#\/schema\/person\/27d7a6ebd29567e21a88298ba498a922","name":"sp","image":{"@type":"ImageObject","inLanguage":"es","@id":"https:\/\/secure.gravatar.com\/avatar\/f61fc72462f61f91519b0686a40a060c567ab920120bf4873ac1ae0b034ffe99?s=96&d=mm&r=g","url":"https:\/\/secure.gravatar.com\/avatar\/f61fc72462f61f91519b0686a40a060c567ab920120bf4873ac1ae0b034ffe99?s=96&d=mm&r=g","contentUrl":"https:\/\/secure.gravatar.com\/avatar\/f61fc72462f61f91519b0686a40a060c567ab920120bf4873ac1ae0b034ffe99?s=96&d=mm&r=g","caption":"sp"},"url":"https:\/\/r-islam.com\/sp\/author\/sp\/"}]}},"_links":{"self":[{"href":"https:\/\/r-islam.com\/sp\/wp-json\/wp\/v2\/posts\/715","targetHints":{"allow":["GET"]}}],"collection":[{"href":"https:\/\/r-islam.com\/sp\/wp-json\/wp\/v2\/posts"}],"about":[{"href":"https:\/\/r-islam.com\/sp\/wp-json\/wp\/v2\/types\/post"}],"author":[{"embeddable":true,"href":"https:\/\/r-islam.com\/sp\/wp-json\/wp\/v2\/users\/23"}],"replies":[{"embeddable":true,"href":"https:\/\/r-islam.com\/sp\/wp-json\/wp\/v2\/comments?post=715"}],"version-history":[{"count":0,"href":"https:\/\/r-islam.com\/sp\/wp-json\/wp\/v2\/posts\/715\/revisions"}],"wp:featuredmedia":[{"embeddable":true,"href":"https:\/\/r-islam.com\/sp\/wp-json\/wp\/v2\/media\/714"}],"wp:attachment":[{"href":"https:\/\/r-islam.com\/sp\/wp-json\/wp\/v2\/media?parent=715"}],"wp:term":[{"taxonomy":"category","embeddable":true,"href":"https:\/\/r-islam.com\/sp\/wp-json\/wp\/v2\/categories?post=715"},{"taxonomy":"post_tag","embeddable":true,"href":"https:\/\/r-islam.com\/sp\/wp-json\/wp\/v2\/tags?post=715"}],"curies":[{"name":"wp","href":"https:\/\/api.w.org\/{rel}","templated":true}]}}