{"id":717,"date":"2012-08-06T13:03:50","date_gmt":"2012-08-06T13:03:50","guid":{"rendered":"http:\/\/localhost\/rs\/sp\/2012\/08\/06\/yusuf-estes-ex-capellan-cristiano-de-una-prision-federal-parte-1-de-5\/"},"modified":"2012-08-06T13:03:50","modified_gmt":"2012-08-06T13:03:50","slug":"yusuf-estes-ex-capellan-cristiano-de-una-prision-federal-parte-1-de-5","status":"publish","type":"post","link":"https:\/\/r-islam.com\/sp\/yusuf-estes-ex-capellan-cristiano-de-una-prision-federal-parte-1-de-5\/","title":{"rendered":"Yusuf Estes, ex capell\u00e1n cristiano de una prisi\u00f3n federal (parte 1 de 5)"},"content":{"rendered":"<p style=\"text-align: center;\"><span style=\"font-family: times new roman,times;\"><span style=\"font-size: large;\"><img loading=\"lazy\" decoding=\"async\" class=\" size-full wp-image-716\" src=\"http:\/\/localhost\/rs\/sp\/wp-content\/uploads\/sites\/9\/2012\/08\/231.jpg\" border=\"0\" width=\"425\" height=\"283\" srcset=\"https:\/\/r-islam.com\/sp\/wp-content\/uploads\/sites\/9\/2012\/08\/231.jpg 425w, https:\/\/r-islam.com\/sp\/wp-content\/uploads\/sites\/9\/2012\/08\/231-300x200.jpg 300w\" sizes=\"auto, (max-width: 425px) 100vw, 425px\" \/><br \/><\/span><\/span><\/p>\n<p style=\"text-align: justify;\"><span style=\"font-family: times new roman,times;\"><span style=\"font-size: large;\"><span style=\"color: #0000ff;\">Muchas personas me preguntan c\u00f3mo un pastor o sacerdote perteneciente al cristianismo puede convertirse al Islam<span style=\"color: #0000ff;\">; <\/span><\/span><span style=\"color: #0000ff;\">especialmente considerando todos los comentarios negativos que escuchamos a diario acerca de los musulmanes y el Islam.<\/span><\/span><\/span><\/p>\n<p style=\"text-align: justify;\"><span style=\"font-family: times new roman,times;\"><span style=\"font-size: large;\"> Algunas personas son simplemente curiosas, mientras que otras cuestionan profundamente mi <span style=\"color: #800080;\">\u201cconversi\u00f3n\u201d<\/span> al Islam.\u00a0 Algunos me han preguntado c\u00f3mo pude darle la espalda a Jes\u00fas, que si de verdad comprend\u00eda al Esp\u00edritu Santo, y algunos inclusive cuestionaron si me consideraba <span style=\"color: #800080;\">\u201cnacido de nuevo\u201d<\/span>, si es que siquiera hab\u00eda sido salvado. Todas estas son preguntas interesantes a las cuales ofrecer\u00e9 respuestas al final de \u00e9ste escrito. Quisiera agradecer a todos por su inter\u00e9s y, Dios mediante, brindarles mi humilde experiencia.<\/p>\n<p>Un caballero muy amable me pregunt\u00f3 a trav\u00e9s de un correo electr\u00f3nico c\u00f3mo y porqu\u00e9 dej\u00e9 el cristianismo por el Islam. \u00c9sta es m\u00e1s o menos una copia de la carta que le envi\u00e9.<\/span><\/span><\/p>\n<p style=\"text-align: justify;\"><span style=\"font-family: times new roman,times;\"><span style=\"font-size: large;\"><br \/><span style=\"color: #0000ff;\">Introducci\u00f3n<\/span><\/p>\n<p>En el presente mi nombre es Yusuf Estes, sin embargo, en a\u00f1os pasados mis amigos sol\u00edan llamarme Skip. He predicado el cristianismo y trabajado en la industria musical y del espect\u00e1culo desde que era ni\u00f1o, en la d\u00e9cada de los cincuenta. Mi padre y yo establecimos tiendas de m\u00fasica, programas de radio y televisi\u00f3n y produjimos espect\u00e1culos al aire libre por gusto (y r\u00e9dito). Fui ministro de m\u00fasica e incluso usaba un pony para entretener a los ni\u00f1os personificando a \u201cSkippy el Payaso\u201d.<\/p>\n<p>Me he desempe\u00f1ado como Delegado en la Conferencia de Paz de las Naciones Unidas para L\u00edderes Religiosos. Actualmente soy un capell\u00e1n musulm\u00e1n jubilado de la Oficina de Prisiones de los Estados Unidos, Washington DC., y me re\u00fano con muchos musulmanes estadounidenses, trabajando con estudiantes y organizaciones juveniles musulmanas, as\u00ed como escuelas para ni\u00f1os musulmanes. Como tal viajo por todo el mundo dictando conferencias y predicando el mensaje del Cristo del Cor\u00e1n en el Islam. Entablamos di\u00e1logos y grupos de debate con todos los credos y disfrutamos de la oportunidad de trabajar junto a rabinos, ministros, predicadores y sacerdotes en todo el planeta. Parte de nuestro trabajo se lleva a cabo en el \u00e1rea institucional, militares, universidades y c\u00e1rceles. Nuestro principal objetivo es educar y comunicar correctamente el mensaje del Islam y aclarar qui\u00e9nes realmente son los musulmanes. A pesar de que el Islam ha crecido de un modo que pr\u00e1cticamente se equipara al Cristianismo en n\u00fameros como la m\u00e1s grande de las religiones en la Tierra, muchos de los que se dicen a s\u00ed mismo musulmanes no comprenden ni representan apropiadamente el mensaje de \u201cpaz, entrega y obediencia a Dios\u201d [\u00e1rabe = \u2018Islam\u2019].<\/p>\n<p>Disc\u00falpenme, temo haberme adelantado demasiado. Trataba de\u00a0 explicar parte de los antecedentes de nuestro trabajo, de modo que quiz\u00e1s pudiera ser provechoso para aquellos que est\u00e9n pasando por lo mismo que experiment\u00e9 mientras pretend\u00eda resolver algunos asuntos relacionados al cristianismo.<\/span><\/span><\/p>\n<p style=\"text-align: justify;\"><span style=\"font-family: times new roman,times;\"><span style=\"font-size: large;\"><br \/><span style=\"color: #0000ff;\">C\u00f3mo sucedi\u00f3<\/span><\/p>\n<p>Esto podr\u00e1 parecer muy extra\u00f1o, aunque compartamos algunas perspectivas y conceptos distintos acerca de Dios, Jes\u00fas, profec\u00edas, el pecado y la salvaci\u00f3n. Ver\u00e1 usted, hubo un tiempo en el que fui un pasajero a bordo del mismo barco en que se encuentran muchas personas hoy en d\u00eda. Realmente, lo fui.\u00a0 D\u00e9jeme explicar.<\/span><\/span><\/p>\n<p style=\"text-align: justify;\"><span style=\"color: #0000ff;\"><span style=\"font-family: times new roman,times;\"><span style=\"font-size: large;\">Nacido como un cristiano fuerte<\/span><\/span><\/span><\/p>\n<p style=\"text-align: justify;\"><span style=\"font-family: times new roman,times;\"><span style=\"font-size: large;\"><br \/>Nac\u00ed en una familia de or\u00edgenes fuertemente cristianos en el medio oeste de los Estados Unidos. Nuestra familia y antepasados no s\u00f3lo construyeron las iglesias y escuelas a trav\u00e9s de esta regi\u00f3n, sino que adem\u00e1s fueron los primeros en llegar a publicar estos sitios. Mientras a\u00fan cursaba la escuela primaria nos trasladamos a Houston, Texas, en 1949 (s\u00ed, estoy viejo). Asistimos a la iglesia regularmente y fui bautizado en Pasadena, Texas, a los 12 a\u00f1os de edad. En la adolescencia mi inter\u00e9s era visitar otras iglesias para aprender m\u00e1s sobre sus ense\u00f1anzas y sus creencias. Los bautistas, metodistas, episcopales, sectas religiosas, nazarenos, La Iglesia de Cristo, La Iglesia de Dios, La Iglesia de Dios en Cristo, la evang\u00e9lica, la cat\u00f3lica, la presbiteriana y muchas otras. Desarroll\u00e9 gran inter\u00e9s respecto al evangelio o, como tambi\u00e9n le decimos, \u201cLas Buenas Nuevas\u201d. Mi investigaci\u00f3n religiosa no ces\u00f3 en absoluto con el cristianismo. La metaf\u00edsica, el hinduismo, el juda\u00edsmo, el budismo y las creencias estadounidenses nativas formaron parte de mis estudios. La \u00fanica a la que pr\u00e1cticamente no investigu\u00e9 seriamente fue \u201cel Islam\u201d. \u00bfPor qu\u00e9?&#8230; Buena pregunta.<\/span><\/span><\/p>\n<p style=\"text-align: justify;\"><span style=\"font-family: times new roman,times;\"><span style=\"font-size: large;\"><br \/><span style=\"color: #0000ff;\">Ministro de m\u00fasica<\/span><\/p>\n<p>Debido a que toda mi familia era religiosa y musical era de esperarse que tambi\u00e9n seguir\u00eda mis estudios en ambas \u00e1reas. En fin, me interes\u00e9 en diversas clases de m\u00fasica, especialmente la cl\u00e1sica y la \u201cGospel\u201d. L\u00f3gicamente, ello dispuso que me asignaran la posici\u00f3n de Ministro de M\u00fasica en muchas de las iglesias a las que estuve afiliado con el paso de los a\u00f1os. En 1960 comenc\u00e9 mi docencia ense\u00f1ando instrumentos de teclado, y antes de 1963 ya pose\u00eda mis propios estudios llamados \u201cEstes Music Studios\u201d, en Laurel, Maryland.<\/span><\/span><\/p>\n<p style=\"text-align: justify;\"><span style=\"color: #0000ff;\"><span style=\"font-family: times new roman,times;\"><span style=\"font-size: medium;\">http:\/\/www.islamreligion.com<\/span><\/span><\/span><\/p>\n","protected":false},"excerpt":{"rendered":"<p>Muchas personas me preguntan c\u00f3mo un pastor o sacerdote perteneciente al cristianismo puede convertirse al Islam; especialmente considerando todos los comentarios negativos que escuchamos a diario acerca de los musulmanes y el Islam. Algunas personas son simplemente curiosas, mientras que otras cuestionan profundamente mi \u201cconversi\u00f3n\u201d al Islam.\u00a0 Algunos me han preguntado c\u00f3mo pude darle la &hellip;<\/p>\n","protected":false},"author":23,"featured_media":716,"comment_status":"open","ping_status":"open","sticky":false,"template":"","format":"standard","meta":{"_monsterinsights_skip_tracking":false,"_monsterinsights_sitenote_active":false,"_monsterinsights_sitenote_note":"","_monsterinsights_sitenote_category":0,"footnotes":""},"categories":[12],"tags":[],"class_list":["post-717","post","type-post","status-publish","format-standard","has-post-thumbnail","hentry","category-famoso"],"yoast_head":"<!-- This site is optimized with the Yoast SEO plugin v27.5 - https:\/\/yoast.com\/product\/yoast-seo-wordpress\/ -->\n<title>Yusuf Estes, ex capell\u00e1n cristiano de una prisi\u00f3n federal (parte 1 de 5) - El Islam Verdadero<\/title>\n<meta name=\"robots\" content=\"index, follow, max-snippet:-1, max-image-preview:large, max-video-preview:-1\" \/>\n<link rel=\"canonical\" href=\"https:\/\/r-islam.com\/sp\/yusuf-estes-ex-capellan-cristiano-de-una-prision-federal-parte-1-de-5\/\" \/>\n<meta property=\"og:locale\" content=\"es_ES\" \/>\n<meta property=\"og:type\" content=\"article\" \/>\n<meta property=\"og:title\" content=\"Yusuf Estes, ex capell\u00e1n cristiano de una prisi\u00f3n federal (parte 1 de 5) - El Islam Verdadero\" \/>\n<meta property=\"og:description\" content=\"Muchas personas me preguntan c\u00f3mo un pastor o sacerdote perteneciente al cristianismo puede convertirse al Islam; especialmente considerando todos los comentarios negativos que escuchamos a diario acerca de los musulmanes y el Islam. Algunas personas son simplemente curiosas, mientras que otras cuestionan profundamente mi \u201cconversi\u00f3n\u201d al Islam.\u00a0 Algunos me han preguntado c\u00f3mo pude darle la &hellip;\" \/>\n<meta property=\"og:url\" content=\"https:\/\/r-islam.com\/sp\/yusuf-estes-ex-capellan-cristiano-de-una-prision-federal-parte-1-de-5\/\" \/>\n<meta property=\"og:site_name\" content=\"El Islam Verdadero\" \/>\n<meta property=\"article:publisher\" content=\"https:\/\/www.facebook.com\/TheRightislam.SP\/\" \/>\n<meta property=\"article:published_time\" content=\"2012-08-06T13:03:50+00:00\" \/>\n<meta property=\"og:image\" content=\"https:\/\/r-islam.com\/sp\/wp-content\/uploads\/sites\/9\/2012\/08\/231.jpg\" \/>\n\t<meta property=\"og:image:width\" content=\"425\" \/>\n\t<meta property=\"og:image:height\" content=\"283\" \/>\n\t<meta property=\"og:image:type\" content=\"image\/jpeg\" \/>\n<meta name=\"author\" content=\"sp\" \/>\n<meta name=\"twitter:card\" content=\"summary_large_image\" \/>\n<meta name=\"twitter:creator\" content=\"@verdadeiroIslam\" \/>\n<meta name=\"twitter:site\" content=\"@verdadeiroIslam\" \/>\n<meta name=\"twitter:label1\" content=\"Escrito por\" \/>\n\t<meta name=\"twitter:data1\" content=\"sp\" \/>\n\t<meta name=\"twitter:label2\" content=\"Tiempo de lectura\" \/>\n\t<meta name=\"twitter:data2\" content=\"4 minutos\" \/>\n<script type=\"application\/ld+json\" class=\"yoast-schema-graph\">{\"@context\":\"https:\\\/\\\/schema.org\",\"@graph\":[{\"@type\":\"Article\",\"@id\":\"https:\\\/\\\/r-islam.com\\\/sp\\\/yusuf-estes-ex-capellan-cristiano-de-una-prision-federal-parte-1-de-5\\\/#article\",\"isPartOf\":{\"@id\":\"https:\\\/\\\/r-islam.com\\\/sp\\\/yusuf-estes-ex-capellan-cristiano-de-una-prision-federal-parte-1-de-5\\\/\"},\"author\":{\"name\":\"sp\",\"@id\":\"https:\\\/\\\/r-islam.com\\\/sp\\\/#\\\/schema\\\/person\\\/27d7a6ebd29567e21a88298ba498a922\"},\"headline\":\"Yusuf Estes, ex capell\u00e1n cristiano de una prisi\u00f3n federal (parte 1 de 5)\",\"datePublished\":\"2012-08-06T13:03:50+00:00\",\"mainEntityOfPage\":{\"@id\":\"https:\\\/\\\/r-islam.com\\\/sp\\\/yusuf-estes-ex-capellan-cristiano-de-una-prision-federal-parte-1-de-5\\\/\"},\"wordCount\":886,\"commentCount\":0,\"publisher\":{\"@id\":\"https:\\\/\\\/r-islam.com\\\/sp\\\/#organization\"},\"image\":{\"@id\":\"https:\\\/\\\/r-islam.com\\\/sp\\\/yusuf-estes-ex-capellan-cristiano-de-una-prision-federal-parte-1-de-5\\\/#primaryimage\"},\"thumbnailUrl\":\"https:\\\/\\\/r-islam.com\\\/sp\\\/wp-content\\\/uploads\\\/sites\\\/9\\\/2012\\\/08\\\/231.jpg\",\"articleSection\":[\"Famoso\"],\"inLanguage\":\"es\",\"potentialAction\":[{\"@type\":\"CommentAction\",\"name\":\"Comment\",\"target\":[\"https:\\\/\\\/r-islam.com\\\/sp\\\/yusuf-estes-ex-capellan-cristiano-de-una-prision-federal-parte-1-de-5\\\/#respond\"]}]},{\"@type\":\"WebPage\",\"@id\":\"https:\\\/\\\/r-islam.com\\\/sp\\\/yusuf-estes-ex-capellan-cristiano-de-una-prision-federal-parte-1-de-5\\\/\",\"url\":\"https:\\\/\\\/r-islam.com\\\/sp\\\/yusuf-estes-ex-capellan-cristiano-de-una-prision-federal-parte-1-de-5\\\/\",\"name\":\"Yusuf Estes, ex capell\u00e1n cristiano de una prisi\u00f3n federal (parte 1 de 5) - El Islam Verdadero\",\"isPartOf\":{\"@id\":\"https:\\\/\\\/r-islam.com\\\/sp\\\/#website\"},\"primaryImageOfPage\":{\"@id\":\"https:\\\/\\\/r-islam.com\\\/sp\\\/yusuf-estes-ex-capellan-cristiano-de-una-prision-federal-parte-1-de-5\\\/#primaryimage\"},\"image\":{\"@id\":\"https:\\\/\\\/r-islam.com\\\/sp\\\/yusuf-estes-ex-capellan-cristiano-de-una-prision-federal-parte-1-de-5\\\/#primaryimage\"},\"thumbnailUrl\":\"https:\\\/\\\/r-islam.com\\\/sp\\\/wp-content\\\/uploads\\\/sites\\\/9\\\/2012\\\/08\\\/231.jpg\",\"datePublished\":\"2012-08-06T13:03:50+00:00\",\"breadcrumb\":{\"@id\":\"https:\\\/\\\/r-islam.com\\\/sp\\\/yusuf-estes-ex-capellan-cristiano-de-una-prision-federal-parte-1-de-5\\\/#breadcrumb\"},\"inLanguage\":\"es\",\"potentialAction\":[{\"@type\":\"ReadAction\",\"target\":[\"https:\\\/\\\/r-islam.com\\\/sp\\\/yusuf-estes-ex-capellan-cristiano-de-una-prision-federal-parte-1-de-5\\\/\"]}]},{\"@type\":\"ImageObject\",\"inLanguage\":\"es\",\"@id\":\"https:\\\/\\\/r-islam.com\\\/sp\\\/yusuf-estes-ex-capellan-cristiano-de-una-prision-federal-parte-1-de-5\\\/#primaryimage\",\"url\":\"https:\\\/\\\/r-islam.com\\\/sp\\\/wp-content\\\/uploads\\\/sites\\\/9\\\/2012\\\/08\\\/231.jpg\",\"contentUrl\":\"https:\\\/\\\/r-islam.com\\\/sp\\\/wp-content\\\/uploads\\\/sites\\\/9\\\/2012\\\/08\\\/231.jpg\",\"width\":425,\"height\":283},{\"@type\":\"BreadcrumbList\",\"@id\":\"https:\\\/\\\/r-islam.com\\\/sp\\\/yusuf-estes-ex-capellan-cristiano-de-una-prision-federal-parte-1-de-5\\\/#breadcrumb\",\"itemListElement\":[{\"@type\":\"ListItem\",\"position\":1,\"name\":\"Home\",\"item\":\"https:\\\/\\\/r-islam.com\\\/sp\\\/\"},{\"@type\":\"ListItem\",\"position\":2,\"name\":\"Yusuf Estes, ex capell\u00e1n cristiano de una prisi\u00f3n federal (parte 1 de 5)\"}]},{\"@type\":\"WebSite\",\"@id\":\"https:\\\/\\\/r-islam.com\\\/sp\\\/#website\",\"url\":\"https:\\\/\\\/r-islam.com\\\/sp\\\/\",\"name\":\"El Islam Verdadero\",\"description\":\"\",\"publisher\":{\"@id\":\"https:\\\/\\\/r-islam.com\\\/sp\\\/#organization\"},\"potentialAction\":[{\"@type\":\"SearchAction\",\"target\":{\"@type\":\"EntryPoint\",\"urlTemplate\":\"https:\\\/\\\/r-islam.com\\\/sp\\\/?s={search_term_string}\"},\"query-input\":{\"@type\":\"PropertyValueSpecification\",\"valueRequired\":true,\"valueName\":\"search_term_string\"}}],\"inLanguage\":\"es\"},{\"@type\":\"Organization\",\"@id\":\"https:\\\/\\\/r-islam.com\\\/sp\\\/#organization\",\"name\":\"El Islam Verdadero\",\"url\":\"https:\\\/\\\/r-islam.com\\\/sp\\\/\",\"logo\":{\"@type\":\"ImageObject\",\"inLanguage\":\"es\",\"@id\":\"https:\\\/\\\/r-islam.com\\\/sp\\\/#\\\/schema\\\/logo\\\/image\\\/\",\"url\":\"https:\\\/\\\/r-islam.com\\\/sp\\\/wp-content\\\/uploads\\\/sites\\\/9\\\/2024\\\/03\\\/logo-small.jpg\",\"contentUrl\":\"https:\\\/\\\/r-islam.com\\\/sp\\\/wp-content\\\/uploads\\\/sites\\\/9\\\/2024\\\/03\\\/logo-small.jpg\",\"width\":180,\"height\":180,\"caption\":\"El Islam Verdadero\"},\"image\":{\"@id\":\"https:\\\/\\\/r-islam.com\\\/sp\\\/#\\\/schema\\\/logo\\\/image\\\/\"},\"sameAs\":[\"https:\\\/\\\/www.facebook.com\\\/TheRightislam.SP\\\/\",\"https:\\\/\\\/x.com\\\/verdadeiroIslam\"]},{\"@type\":\"Person\",\"@id\":\"https:\\\/\\\/r-islam.com\\\/sp\\\/#\\\/schema\\\/person\\\/27d7a6ebd29567e21a88298ba498a922\",\"name\":\"sp\",\"image\":{\"@type\":\"ImageObject\",\"inLanguage\":\"es\",\"@id\":\"https:\\\/\\\/secure.gravatar.com\\\/avatar\\\/f61fc72462f61f91519b0686a40a060c567ab920120bf4873ac1ae0b034ffe99?s=96&d=mm&r=g\",\"url\":\"https:\\\/\\\/secure.gravatar.com\\\/avatar\\\/f61fc72462f61f91519b0686a40a060c567ab920120bf4873ac1ae0b034ffe99?s=96&d=mm&r=g\",\"contentUrl\":\"https:\\\/\\\/secure.gravatar.com\\\/avatar\\\/f61fc72462f61f91519b0686a40a060c567ab920120bf4873ac1ae0b034ffe99?s=96&d=mm&r=g\",\"caption\":\"sp\"},\"url\":\"https:\\\/\\\/r-islam.com\\\/sp\\\/author\\\/sp\\\/\"}]}<\/script>\n<!-- \/ Yoast SEO plugin. -->","yoast_head_json":{"title":"Yusuf Estes, ex capell\u00e1n cristiano de una prisi\u00f3n federal (parte 1 de 5) - El Islam Verdadero","robots":{"index":"index","follow":"follow","max-snippet":"max-snippet:-1","max-image-preview":"max-image-preview:large","max-video-preview":"max-video-preview:-1"},"canonical":"https:\/\/r-islam.com\/sp\/yusuf-estes-ex-capellan-cristiano-de-una-prision-federal-parte-1-de-5\/","og_locale":"es_ES","og_type":"article","og_title":"Yusuf Estes, ex capell\u00e1n cristiano de una prisi\u00f3n federal (parte 1 de 5) - El Islam Verdadero","og_description":"Muchas personas me preguntan c\u00f3mo un pastor o sacerdote perteneciente al cristianismo puede convertirse al Islam; especialmente considerando todos los comentarios negativos que escuchamos a diario acerca de los musulmanes y el Islam. Algunas personas son simplemente curiosas, mientras que otras cuestionan profundamente mi \u201cconversi\u00f3n\u201d al Islam.\u00a0 Algunos me han preguntado c\u00f3mo pude darle la &hellip;","og_url":"https:\/\/r-islam.com\/sp\/yusuf-estes-ex-capellan-cristiano-de-una-prision-federal-parte-1-de-5\/","og_site_name":"El Islam Verdadero","article_publisher":"https:\/\/www.facebook.com\/TheRightislam.SP\/","article_published_time":"2012-08-06T13:03:50+00:00","og_image":[{"width":425,"height":283,"url":"https:\/\/r-islam.com\/sp\/wp-content\/uploads\/sites\/9\/2012\/08\/231.jpg","type":"image\/jpeg"}],"author":"sp","twitter_card":"summary_large_image","twitter_creator":"@verdadeiroIslam","twitter_site":"@verdadeiroIslam","twitter_misc":{"Escrito por":"sp","Tiempo de lectura":"4 minutos"},"schema":{"@context":"https:\/\/schema.org","@graph":[{"@type":"Article","@id":"https:\/\/r-islam.com\/sp\/yusuf-estes-ex-capellan-cristiano-de-una-prision-federal-parte-1-de-5\/#article","isPartOf":{"@id":"https:\/\/r-islam.com\/sp\/yusuf-estes-ex-capellan-cristiano-de-una-prision-federal-parte-1-de-5\/"},"author":{"name":"sp","@id":"https:\/\/r-islam.com\/sp\/#\/schema\/person\/27d7a6ebd29567e21a88298ba498a922"},"headline":"Yusuf Estes, ex capell\u00e1n cristiano de una prisi\u00f3n federal (parte 1 de 5)","datePublished":"2012-08-06T13:03:50+00:00","mainEntityOfPage":{"@id":"https:\/\/r-islam.com\/sp\/yusuf-estes-ex-capellan-cristiano-de-una-prision-federal-parte-1-de-5\/"},"wordCount":886,"commentCount":0,"publisher":{"@id":"https:\/\/r-islam.com\/sp\/#organization"},"image":{"@id":"https:\/\/r-islam.com\/sp\/yusuf-estes-ex-capellan-cristiano-de-una-prision-federal-parte-1-de-5\/#primaryimage"},"thumbnailUrl":"https:\/\/r-islam.com\/sp\/wp-content\/uploads\/sites\/9\/2012\/08\/231.jpg","articleSection":["Famoso"],"inLanguage":"es","potentialAction":[{"@type":"CommentAction","name":"Comment","target":["https:\/\/r-islam.com\/sp\/yusuf-estes-ex-capellan-cristiano-de-una-prision-federal-parte-1-de-5\/#respond"]}]},{"@type":"WebPage","@id":"https:\/\/r-islam.com\/sp\/yusuf-estes-ex-capellan-cristiano-de-una-prision-federal-parte-1-de-5\/","url":"https:\/\/r-islam.com\/sp\/yusuf-estes-ex-capellan-cristiano-de-una-prision-federal-parte-1-de-5\/","name":"Yusuf Estes, ex capell\u00e1n cristiano de una prisi\u00f3n federal (parte 1 de 5) - El Islam Verdadero","isPartOf":{"@id":"https:\/\/r-islam.com\/sp\/#website"},"primaryImageOfPage":{"@id":"https:\/\/r-islam.com\/sp\/yusuf-estes-ex-capellan-cristiano-de-una-prision-federal-parte-1-de-5\/#primaryimage"},"image":{"@id":"https:\/\/r-islam.com\/sp\/yusuf-estes-ex-capellan-cristiano-de-una-prision-federal-parte-1-de-5\/#primaryimage"},"thumbnailUrl":"https:\/\/r-islam.com\/sp\/wp-content\/uploads\/sites\/9\/2012\/08\/231.jpg","datePublished":"2012-08-06T13:03:50+00:00","breadcrumb":{"@id":"https:\/\/r-islam.com\/sp\/yusuf-estes-ex-capellan-cristiano-de-una-prision-federal-parte-1-de-5\/#breadcrumb"},"inLanguage":"es","potentialAction":[{"@type":"ReadAction","target":["https:\/\/r-islam.com\/sp\/yusuf-estes-ex-capellan-cristiano-de-una-prision-federal-parte-1-de-5\/"]}]},{"@type":"ImageObject","inLanguage":"es","@id":"https:\/\/r-islam.com\/sp\/yusuf-estes-ex-capellan-cristiano-de-una-prision-federal-parte-1-de-5\/#primaryimage","url":"https:\/\/r-islam.com\/sp\/wp-content\/uploads\/sites\/9\/2012\/08\/231.jpg","contentUrl":"https:\/\/r-islam.com\/sp\/wp-content\/uploads\/sites\/9\/2012\/08\/231.jpg","width":425,"height":283},{"@type":"BreadcrumbList","@id":"https:\/\/r-islam.com\/sp\/yusuf-estes-ex-capellan-cristiano-de-una-prision-federal-parte-1-de-5\/#breadcrumb","itemListElement":[{"@type":"ListItem","position":1,"name":"Home","item":"https:\/\/r-islam.com\/sp\/"},{"@type":"ListItem","position":2,"name":"Yusuf Estes, ex capell\u00e1n cristiano de una prisi\u00f3n federal (parte 1 de 5)"}]},{"@type":"WebSite","@id":"https:\/\/r-islam.com\/sp\/#website","url":"https:\/\/r-islam.com\/sp\/","name":"El Islam Verdadero","description":"","publisher":{"@id":"https:\/\/r-islam.com\/sp\/#organization"},"potentialAction":[{"@type":"SearchAction","target":{"@type":"EntryPoint","urlTemplate":"https:\/\/r-islam.com\/sp\/?s={search_term_string}"},"query-input":{"@type":"PropertyValueSpecification","valueRequired":true,"valueName":"search_term_string"}}],"inLanguage":"es"},{"@type":"Organization","@id":"https:\/\/r-islam.com\/sp\/#organization","name":"El Islam Verdadero","url":"https:\/\/r-islam.com\/sp\/","logo":{"@type":"ImageObject","inLanguage":"es","@id":"https:\/\/r-islam.com\/sp\/#\/schema\/logo\/image\/","url":"https:\/\/r-islam.com\/sp\/wp-content\/uploads\/sites\/9\/2024\/03\/logo-small.jpg","contentUrl":"https:\/\/r-islam.com\/sp\/wp-content\/uploads\/sites\/9\/2024\/03\/logo-small.jpg","width":180,"height":180,"caption":"El Islam Verdadero"},"image":{"@id":"https:\/\/r-islam.com\/sp\/#\/schema\/logo\/image\/"},"sameAs":["https:\/\/www.facebook.com\/TheRightislam.SP\/","https:\/\/x.com\/verdadeiroIslam"]},{"@type":"Person","@id":"https:\/\/r-islam.com\/sp\/#\/schema\/person\/27d7a6ebd29567e21a88298ba498a922","name":"sp","image":{"@type":"ImageObject","inLanguage":"es","@id":"https:\/\/secure.gravatar.com\/avatar\/f61fc72462f61f91519b0686a40a060c567ab920120bf4873ac1ae0b034ffe99?s=96&d=mm&r=g","url":"https:\/\/secure.gravatar.com\/avatar\/f61fc72462f61f91519b0686a40a060c567ab920120bf4873ac1ae0b034ffe99?s=96&d=mm&r=g","contentUrl":"https:\/\/secure.gravatar.com\/avatar\/f61fc72462f61f91519b0686a40a060c567ab920120bf4873ac1ae0b034ffe99?s=96&d=mm&r=g","caption":"sp"},"url":"https:\/\/r-islam.com\/sp\/author\/sp\/"}]}},"_links":{"self":[{"href":"https:\/\/r-islam.com\/sp\/wp-json\/wp\/v2\/posts\/717","targetHints":{"allow":["GET"]}}],"collection":[{"href":"https:\/\/r-islam.com\/sp\/wp-json\/wp\/v2\/posts"}],"about":[{"href":"https:\/\/r-islam.com\/sp\/wp-json\/wp\/v2\/types\/post"}],"author":[{"embeddable":true,"href":"https:\/\/r-islam.com\/sp\/wp-json\/wp\/v2\/users\/23"}],"replies":[{"embeddable":true,"href":"https:\/\/r-islam.com\/sp\/wp-json\/wp\/v2\/comments?post=717"}],"version-history":[{"count":0,"href":"https:\/\/r-islam.com\/sp\/wp-json\/wp\/v2\/posts\/717\/revisions"}],"wp:featuredmedia":[{"embeddable":true,"href":"https:\/\/r-islam.com\/sp\/wp-json\/wp\/v2\/media\/716"}],"wp:attachment":[{"href":"https:\/\/r-islam.com\/sp\/wp-json\/wp\/v2\/media?parent=717"}],"wp:term":[{"taxonomy":"category","embeddable":true,"href":"https:\/\/r-islam.com\/sp\/wp-json\/wp\/v2\/categories?post=717"},{"taxonomy":"post_tag","embeddable":true,"href":"https:\/\/r-islam.com\/sp\/wp-json\/wp\/v2\/tags?post=717"}],"curies":[{"name":"wp","href":"https:\/\/api.w.org\/{rel}","templated":true}]}}