{"id":73,"date":"2012-01-31T08:46:57","date_gmt":"2012-01-31T08:46:57","guid":{"rendered":"http:\/\/localhost\/rs\/sp\/2012\/01\/31\/muhammad-en-la-biblia\/"},"modified":"2012-01-31T08:46:57","modified_gmt":"2012-01-31T08:46:57","slug":"muhammad-en-la-biblia","status":"publish","type":"post","link":"https:\/\/r-islam.com\/sp\/muhammad-en-la-biblia\/","title":{"rendered":"MUHAMMAD EN LA BIBLIA"},"content":{"rendered":"<p style=\"text-align: center;\"><img loading=\"lazy\" decoding=\"async\" class=\" size-full wp-image-72\" src=\"http:\/\/localhost\/rs\/sp\/wp-content\/uploads\/sites\/9\/2012\/01\/2012.png\" border=\"0\" width=\"273\" height=\"161\" \/><\/p>\n<p style=\"text-align: justify;\"><span style=\"color: #0000ff;\"><span style=\"font-family: times new roman,times;\"><span style=\"font-size: large;\">Muhammad en La Biblia<\/span><\/span><\/span><\/p>\n<p style=\"text-align: justify;\"><span style=\"font-family: times new roman,times;\"><span style=\"font-size: large;\"> <\/span><\/span><\/p>\n<p style=\"text-align: justify;\"><span style=\"font-family: times new roman,times;\"><span style=\"font-size: large;\">El Profeta Muhammad (la paz y las bendiciones de Al-lah sean con \u00e9l) es el Sello de los Profetas, el \u00faltimo enviado de Dios para la humanidad\u2026 Como tal, ha sido anunciado por Profetas anteriores (la paz sea con ellos), tal menci\u00f3n figura en la Biblia, a pesar de que no existe una versi\u00f3n original del texto b\u00edblico.<\/span><\/span><\/p>\n<p style=\"text-align: justify;\"><span style=\"font-family: times new roman,times;\"><span style=\"font-size: large;\"> <\/span><\/span><\/p>\n<p style=\"text-align: justify;\"><span style=\"font-family: times new roman,times;\"><span style=\"font-size: large;\">Pero, \u00bfExiste alguna base cor\u00e1nica conclusiva para postular que la Biblia conten\u00eda profec\u00edas acerca del advenimiento del Profeta Muhammad?<\/span><\/span><\/p>\n<p style=\"text-align: justify;\"><span style=\"font-family: times new roman,times;\"><span style=\"font-size: large;\"> <\/span><\/span><\/p>\n<p style=\"text-align: justify;\"><span style=\"font-family: times new roman,times;\"><span style=\"font-size: large;\">Las revelaciones originales a profetas del pasado conten\u00edan un completo y claro perfil del advenimiento del Profeta Muhammad (la paz y las bendiciones de Al-lah sean con \u00e9l). Aun en su forma presente la  Biblia contiene varias de tales profec\u00edas como se demostrara posteriormente.<\/span><\/span><\/p>\n<p style=\"text-align: justify;\"><span style=\"font-family: times new roman,times;\"><span style=\"font-size: large;\"> <\/span><\/span><\/p>\n<p style=\"text-align: justify;\"><span style=\"font-family: times new roman,times;\"><span style=\"font-size: large;\">Vale la pena, sin embargo, empezar por documentar la declaraci\u00f3n anterior.<\/span><\/span><\/p>\n<p style=\"text-align: justify;\"><span style=\"font-family: times new roman,times;\"><span style=\"font-size: large;\"> <\/span><\/span><\/p>\n<p style=\"text-align: justify;\"><span style=\"font-family: times new roman,times;\"><span style=\"font-size: large;\">a. Describiendo a los verdaderos creyentes, el Cor\u00e1n dice:<\/span><\/span><\/p>\n<p style=\"text-align: justify;\"><span style=\"font-family: times new roman,times;\"><span style=\"font-size: large;\"> <\/span><\/span><\/p>\n<p style=\"text-align: justify;\"><span style=\"font-family: times new roman,times;\"><span style=\"font-size: large;\">\u201c<span style=\"color: #008000;\">Aquellos que siguen al Mensajero y Profeta iletrado [Muhammad], quien se encontraba mencionado en la Tora y el Evangelio, que les ordena el bien y les proh\u00edbe el mal, les permite todo lo beneficioso y les proh\u00edbe lo perjudicial, y les abroga los preceptos dif\u00edciles que pesaban sobre ellos [la Gente del Libro]; y quienes crean en \u00e9l, lo secunden, defiendan y sigan la luz que le ha sido revelada [el Cor\u00e1n] ser\u00e1n quienes tengan \u00e9xito<\/span>.\u201d <span style=\"color: #000000;\">(El Cor\u00e1n 7:157).<\/span><\/span><\/span><\/p>\n<p style=\"text-align: justify;\"><span style=\"font-family: times new roman,times;\"><span style=\"font-size: large;\"> <\/span><\/span><\/p>\n<p style=\"text-align: justify;\"><span style=\"font-family: times new roman,times;\"><span style=\"font-size: large;\">Alguien puede f\u00e1cilmente decir: \u00abHe le\u00eddo la Biblia varias veces, pero nunca he visto el nombre de Muhammad; \u00bfEntonces cual es la justificaci\u00f3n para \u00e9l titulo \u00abMuhammad en la  Biblia?\u00bb<\/span><\/span><\/p>\n<p style=\"text-align: justify;\"><span style=\"font-family: times new roman,times;\"><span style=\"font-size: large;\"> <\/span><\/span><\/p>\n<p style=\"text-align: justify;\"><span style=\"font-family: times new roman,times;\"><span style=\"font-size: large;\">Muchos te\u00f3logos Cristianos no tienen la menor dificultad en demostrar lo que ellos consideran claras profec\u00edas del advenimiento de Jes\u00fas. Entonces la pregunta a esta declaraci\u00f3n es: \u00bfEn que parte del Antiguo Testamento aparece el nombre de Jes\u00fas? \u00a1En ninguna! La pregunta principal es si el perfil de <span style=\"color: #800080;\">\u00abese profeta\u00bb<\/span> que vendr\u00eda se materializ\u00f3, y qui\u00e9n est\u00e1 calificado para asumir ese perfil.<\/span><\/span><\/p>\n<p style=\"text-align: justify;\"><span style=\"font-family: times new roman,times;\"><span style=\"font-size: large;\"> <\/span><\/span><\/p>\n<p style=\"text-align: justify;\"><span style=\"font-family: times new roman,times;\"><span style=\"font-size: large;\">El perfil del Profeta Muhammad era tan claro a muchos jud\u00edos y cristianos entre sus contempor\u00e1neos, que muchos de ellos abrazaron el Islam y lo aceptaron como el cumplimiento de las profec\u00edas b\u00edblicas. Desde entonces ha habido muchos otros que llegaron a la misma conclusi\u00f3n. M\u00e1s aun, preguntas acerca de la posibilidad que el mismo nombre de Muhammad se mencionara en La Biblia ser\u00e1 analizado minuciosamente m\u00e1s adelante.<\/span><\/span><\/p>\n<p style=\"text-align: justify;\"><span style=\"font-family: times new roman,times;\"><span style=\"font-size: large;\"> <\/span><\/span><\/p>\n<p style=\"text-align: justify;\"><span style=\"font-family: times new roman,times;\"><span style=\"font-size: large;\"> <\/span><\/span><\/p>\n<p style=\"text-align: justify;\"><span style=\"color: #0000ff;\"><span style=\"font-family: times new roman,times;\"><span style=\"font-size: large;\"> <\/span><\/span><\/span><\/p>\n<p style=\"text-align: justify;\"><span style=\"font-family: times new roman,times;\"><span style=\"font-size: large;\"><span style=\"color: #0000ff;\">Un reconocimiento del Islam y del Profeta Muhammad<\/span> <\/span><\/span><\/p>\n<p style=\"text-align: justify;\"><span style=\"font-family: times new roman,times;\"><span style=\"font-size: large;\"> <\/span><\/span><\/p>\n<p style=\"text-align: justify;\"><span style=\"font-family: times new roman,times;\"><span style=\"font-size: large;\">Algunas denominaciones cristianas est\u00e1n haciendo progresos tremendos al reconocer por primera vez en la historia que Muhammad (la paz y las bendiciones de Dios sean con \u00e9l) descendi\u00f3 de Ismael a trav\u00e9s de su segundo hijo Cedar. El Diccionario Davis de la Biblia, de 1980, editado bajo los auspicios del Consejo de Educaci\u00f3n Cristiana de la Iglesia Presbiteriana de EE.UU., escribe en el articulo sobre Ceder: <span style=\"color: #0000ff;\">\u00ab&#8230;Una tribu descendiente de Ismael (G\u00e9nesis 25:13)&#8230; La gente de Cedar eran los Cedrai de Plinio, y de su tribu descendi\u00f3 m\u00e1s adelante Muhammad\u00bb<\/span>. La Enciclopedia B\u00edblica Internacional cita lo siguiente de A.S. Fufton: \u00ab&#8230;De las tribus ismaelitas, Cedar debe haber sido una de las m\u00e1s importantes, y por ello en tiempos posteriores el nombre se termin\u00f3 aplicando a todas las tribus del desierto. Es a trav\u00e9s de Cedar (En \u00e1rabe Keidar) que los genealogistas musulmanes trazan la genealog\u00eda de Muhammad desde Ismael.\u00bb<\/span><\/span><\/p>\n<p style=\"text-align: justify;\"><span style=\"font-family: times new roman,times;\"><span style=\"font-size: large;\"> <\/span><\/span><\/p>\n<p style=\"text-align: justify;\"><span style=\"font-family: times new roman,times;\"><span style=\"color: #800080;\"><span style=\"font-size: large;\">Asimismo, el Diccionario Smith de la Biblia no se queda corto y dice lo siguiente:<\/span><\/span><\/span><\/p>\n<p style=\"text-align: justify;\"><span style=\"font-family: times new roman,times;\"><span style=\"font-size: large;\"> <\/span><\/span><\/p>\n<p style=\"text-align: justify;\"><span style=\"font-family: times new roman,times;\"><span style=\"font-size: large;\">&#8216;Cedar, segundo hijo de Ismael (G\u00e9nesis 25:13)&#8230; Muhammad desciende de Abraham a trav\u00e9s de la famosa tribu Quraish, que viene de Cedar. Los \u00e1rabes de la Pen\u00ednsula Ar\u00e1biga son llamados Beni Harb (hombres de guerra), y son ismaelitas desde su principio. Palgrave afirma que \u00absu lenguaje es tan puro ahora como cuando se escribi\u00f3 el Cor\u00e1n (610 D.C.), habiendo permanecido sin cambio por m\u00e1s de 1200 a\u00f1os; una buena prueba de la permanencia de las instituciones orientales\u00bb. Hoy m\u00e1s de 1400 a\u00f1os.<\/span><\/span><\/p>\n<p style=\"text-align: justify;\"><span style=\"font-family: times new roman,times;\"><span style=\"font-size: large;\"> <\/span><\/span><\/p>\n<p style=\"text-align: justify;\"><span style=\"font-family: times new roman,times;\"><span style=\"font-size: large;\">Este reconocimiento tanto del Profeta Muhammad (la paz y las bendiciones de Dios sean con \u00e9l), \u00fanico Profeta cuya existencia est\u00e1 corroborada por pruebas hist\u00f3ricas, y del Islam como religi\u00f3n, la de mayor crecimiento en los \u00faltimos tiempos, no es en s\u00ed necesario para la existencia de la religi\u00f3n isl\u00e1mica. Pero es importante para quien desee acercarse a la verdad, porque el primer paso para esto es vencer y superar los prejuicios, y el mayor de los prejuicios que los occidentales tienen respecto del Islam es no reconocer al Profeta Muhammad (la paz y las bendiciones de Dios sean con \u00e9l) como Enviado de Dios ni al Cor\u00e1n como un aut\u00e9ntico Libro Sagrado revelado. Y no decimos que esto deba ser aceptado sin pruebas. No. En el Islam, la fe no es un dogma que hay que seguir y creer ciegamente. Este trabajo y otros similares publicados apuntan a exponer las pruebas y argumentos para quien desee buscar la verdad con sinceridad.<\/span><\/span><\/p>\n<p style=\"text-align: justify;\"><span style=\"font-family: times new roman,times;\"><span style=\"font-size: large;\"> <\/span><\/span><\/p>\n<p style=\"text-align: justify;\"><span style=\"font-family: times new roman,times;\"><span style=\"font-size: large;\"> <\/span><\/span><\/p>\n<p style=\"text-align: justify;\"><span style=\"font-family: times new roman,times;\"><span style=\"font-size: large;\"> <\/span><\/span><\/p>\n<p style=\"text-align: justify;\"><span style=\"color: #0000ff;\"><span style=\"font-family: times new roman,times;\"><span style=\"font-size: large;\">El Profeta Muhammad fue prometido por Dios a los creyentes <\/span><\/span><\/span><\/p>\n<p style=\"text-align: justify;\"><span style=\"font-family: times new roman,times;\"><span style=\"font-size: large;\"> <\/span><\/span><\/p>\n<p style=\"text-align: justify;\"><span style=\"font-family: times new roman,times;\"><span style=\"font-size: large;\">Dice el Antiguo Testamento:<\/span><\/span><\/p>\n<p style=\"text-align: justify;\"><span style=\"font-family: times new roman,times;\"><span style=\"font-size: large;\"> <\/span><\/span><\/p>\n<p style=\"text-align: justify;\"><span style=\"font-family: times new roman,times;\"><span style=\"font-size: large;\"><span style=\"color: #008000;\">\u00abProfeta les levantar\u00e9 desde en medio de sus hermanos, como t\u00fa (Mois\u00e9s); y pondr\u00e9 Mis Palabras en su boca y \u00e9l les hablara todo lo que Yo le mandare. Mas a cualquiera que no oyere Mis Palabras que \u00e9l hablare en Mi Nombre, Yo le pedir\u00e9 cuenta.\u00bb<\/span> <span style=\"color: #000000;\">(Deuteronomio 18: 17-18)<\/span>.<\/span><\/span><\/p>\n<p style=\"text-align: justify;\"><span style=\"font-family: times new roman,times;\"><span style=\"font-size: large;\"> <\/span><\/span><\/p>\n<p style=\"text-align: justify;\"><span style=\"font-family: times new roman,times;\"><span style=\"font-size: large;\">El Profeta de entre tus hermanos no es Jes\u00fas (la paz sea con \u00e9l) que sali\u00f3 del mismo pueblo de Israel sino Muhammad (la paz y las bendiciones de Dios sean con \u00e9l) que sali\u00f3 de entre los Ismaelitas, hermanos de los Israelitas.<\/span><\/span><\/p>\n<p style=\"text-align: justify;\"><span style=\"font-family: times new roman,times;\"><span style=\"font-size: large;\"> <\/span><\/span><\/p>\n<p style=\"text-align: justify;\"><span style=\"font-family: times new roman,times;\"><span style=\"font-size: large;\">El Profeta Muhammad (la paz y las bendiciones de Dios sean con \u00e9l) desciende de Ismael a trav\u00e9s de su segundo hijo Cedar, siendo esto algo que los mismos eruditos cristianos hoy admiten y reconocen, como ya mencionamos antes. El Diccionario Davis de la Biblia, de 1980, editado bajo los auspicios del Consejo de Educaci\u00f3n Cristiana de la Iglesia Presbiteriana de EE.UU., menciona esto as\u00ed como el Diccionario Smith de la Biblia tambi\u00e9n lo hace.<\/span><\/span><\/p>\n<p style=\"text-align: justify;\"><span style=\"font-family: times new roman,times;\"><span style=\"font-size: large;\"> <\/span><\/span><\/p>\n<p style=\"text-align: justify;\"><span style=\"font-family: times new roman,times;\"><span style=\"font-size: large;\">Esta promesa de Dios hacia los creyentes implica la aparici\u00f3n de un Profeta de entre los hermanos de los israel\u00edes, es decir de entre los ismaelitas, que ser\u00eda \u00absimilar a Mois\u00e9s (la paz sea con \u00e9l)\u00bb, es decir que compartir\u00eda algunas de sus caracter\u00edsticas. Una de las cuales es la caracter\u00edstica de legislador, al traer una Ley revelada por Dios. Mois\u00e9s (la paz sea con \u00e9l) trajo la Tora y Muhammad (la paz y las bendiciones de Dios sean con \u00e9l) la  Shariah. Otros Profetas, incluido Jes\u00fas (la paz sea con \u00e9l), no vinieron a traer una Ley nueva ni a cambiar nada, sino a respetar la Ley vigente. S\u00f3lo Muhammad (la paz y las bendiciones de Dios sean con \u00e9l) trajo de parte de Dios una nueva legislaci\u00f3n.<\/span><\/span><\/p>\n<p style=\"text-align: justify;\"><span style=\"font-family: times new roman,times;\"><span style=\"font-size: large;\"> <\/span><\/span><\/p>\n<p style=\"text-align: justify;\"><span style=\"font-family: times new roman,times;\"><span style=\"font-size: large;\">Este es el principal argumento por el cual se rechaza la suposici\u00f3n de que el Profeta anunciado y prometido en Deuteronomio 18 sea Jes\u00fas (la paz sea con \u00e9l). Los cristianos que apoyan y sostienen tal argumento deber\u00edan recapacitar primero en el hecho de que ellos no consideran a Jes\u00fas (la paz sea con \u00e9l) como un Profeta (s\u00f3lo los musulmanes lo consideramos de tal manera); segundo, que Jes\u00fas (la paz sea con \u00e9l) claramente dijo venir a respetar y cumplir la Ley, no a cambiarla; tercero, que Jes\u00fas (la paz sea con \u00e9l) proven\u00eda del mismo tronco de los israel\u00edes, no de sus hermanos los ismaelitas.<\/span><\/span><\/p>\n<p style=\"text-align: justify;\"><span style=\"font-family: times new roman,times;\"><span style=\"font-size: large;\"> <\/span><\/span><\/p>\n<p style=\"text-align: justify;\"><span style=\"font-family: times new roman,times;\"><span style=\"font-size: large;\"> <\/span><\/span><\/p>\n<p style=\"text-align: justify;\"><span style=\"color: #0000ff;\"><span style=\"font-family: times new roman,times;\"><span style=\"font-size: large;\"> <\/span><\/span><\/span><\/p>\n<p style=\"text-align: justify;\"><span style=\"color: #0000ff;\"><span style=\"font-family: times new roman,times;\"><span style=\"font-size: large;\">La llegada de un nuevo Profeta era algo conocido<\/span><\/span><\/span><\/p>\n<p style=\"text-align: justify;\"><span style=\"font-family: times new roman,times;\"><span style=\"font-size: large;\"> <\/span><\/span><\/p>\n<p style=\"text-align: justify;\"><span style=\"font-family: times new roman,times;\"><span style=\"font-size: large;\">Los jud\u00edos enviaron sacerdotes y levitas a Juan el Bautista para averiguar realmente qui\u00e9n era \u00e9l. Juan 1:20-21:<\/span><\/span><\/p>\n<p style=\"text-align: justify;\"><span style=\"font-family: times new roman,times;\"><span style=\"font-size: large;\"> <\/span><\/span><\/p>\n<p style=\"text-align: justify;\"><span style=\"font-family: times new roman,times;\"><span style=\"font-size: large;\"><span style=\"color: #000000;\">\u00abY (Juan Bautista) confes\u00f3, y no neg\u00f3; m\u00e1s declar\u00f3: No soy yo el Cristo. Y le preguntaron: \u00bfQu\u00e9 pues? \u00bfEres t\u00fa El\u00edas? Dijo: No soy. \u00bfEres t\u00fa el profeta? Y respondi\u00f3: No\u00bb<\/span>.<\/span><\/span><\/p>\n<p style=\"text-align: justify;\"><span style=\"font-family: times new roman,times;\"><span style=\"font-size: large;\"> <\/span><\/span><\/p>\n<p style=\"text-align: justify;\"><span style=\"font-family: times new roman,times;\"><span style=\"font-size: large;\">Vemos que los jud\u00edos aguardaban la llegada de El\u00edas (la paz sea con \u00e9l), de Jes\u00fas (la paz sea con \u00e9l) el Mes\u00edas o Cristo, y de un Profeta&#8230;<\/span><\/span><\/p>\n<p style=\"text-align: justify;\"><span style=\"font-family: times new roman,times;\"><span style=\"font-size: large;\"> <\/span><\/span><\/p>\n<p style=\"text-align: justify;\"><span style=\"font-family: times new roman,times;\"><span style=\"font-size: large;\">La pregunta crucial aqu\u00ed es: \u00bfEres t\u00fa el Profeta? \u00bfQui\u00e9n era sino el tan ansiado Profeta tras la venida de Jes\u00fas y de Juan el Bautista? Si buscamos en una Biblia con concordancias cruzadas encontraremos que el Profeta que se hace menci\u00f3n aqu\u00ed, es el Profeta prometido en el Deuteronomio 18:18, y que ser\u00eda como Mois\u00e9s que surgir\u00eda de entre los hermanos de los israelitas: los ismaelitas o \u00e1rabes. Por lo tanto se hace alusi\u00f3n aqu\u00ed al Profeta Muhammad (la paz y las bendiciones de Dios sean con \u00e9l) quien descend\u00eda de Ismael.<\/span><\/span><\/p>\n<p style=\"text-align: justify;\"><span style=\"font-family: times new roman,times;\"><span style=\"font-size: large;\"> <\/span><\/span><\/p>\n<p style=\"text-align: justify;\"><span style=\"color: #0000ff;\"><span style=\"font-family: times new roman,times;\"><span style=\"font-size: large;\"> <\/span><\/span><\/span><\/p>\n<p style=\"text-align: justify;\"><span style=\"color: #0000ff;\"><span style=\"font-family: times new roman,times;\"><span style=\"font-size: large;\"> <\/span><\/span><\/span><\/p>\n<p style=\"text-align: justify;\"><span style=\"color: #0000ff;\"><span style=\"font-family: times new roman,times;\"><span style=\"font-size: large;\">Jes\u00fas anuncia al Profeta Muhammad<\/span><\/span><\/span><\/p>\n<p style=\"text-align: justify;\"><span style=\"font-family: times new roman,times;\"><span style=\"font-size: large;\"> <\/span><\/span><\/p>\n<p style=\"text-align: justify;\"><span style=\"font-family: times new roman,times;\"><span style=\"font-size: large;\">En el Nuevo Testamento dice: \u00abY yo rogar\u00e9 al Padre y os dar\u00e1 un &#8216;Par\u00e1clito&#8217; para que est\u00e9 entre vosotros para siempre, el Esp\u00edritu de verdad&#8230;\u00bb (Juan 14:16). Idiom\u00e1ticamente el \u00abPar\u00e1clito\u00bb es Ahmad o Muhammad, en griego \u00abPericlito\u00bb, nombre que los escribas cambiaron alterando dos letras. Para confirmar esto, habr\u00eda que tener el texto original en arameo, el idioma que habl\u00f3 Jes\u00fas (la paz sea con \u00e9l), que no existe. El Evangelio de Juan fue escrito originalmente en griego, y ya tuvieron que traducir al griego las palabras de Jes\u00fas (la paz sea con \u00e9l), que eran en arameo. Pero si buscan el Evangelio de Bernab\u00e9, podr\u00e1n ver otra versi\u00f3n de esto. Los musulmanes tenemos base b\u00edblica.<\/span><\/span><\/p>\n<p style=\"text-align: justify;\"><span style=\"font-family: times new roman,times;\"><span style=\"font-size: large;\"> <\/span><\/span><\/p>\n<p style=\"text-align: justify;\"><span style=\"font-family: times new roman,times;\"><span style=\"font-size: large;\"> <\/span><\/span><\/p>\n<p style=\"text-align: justify;\"><span style=\"font-family: times new roman,times;\"><span style=\"font-size: large;\"> <\/span><\/span><\/p>\n<p style=\"text-align: justify;\"><span style=\"color: #0000ff;\"><span style=\"font-family: times new roman,times;\"><span style=\"font-size: large;\">Muhammad es el \u00abPar\u00e1clito\u00bb anunciado<\/span><\/span><\/span><\/p>\n<p style=\"text-align: justify;\"><span style=\"font-family: times new roman,times;\"><span style=\"font-size: large;\"> <\/span><\/span><\/p>\n<p style=\"text-align: justify;\"><span style=\"font-family: times new roman,times;\"><span style=\"font-size: large;\">En la Biblia podemos encontrar cuatro pasajes donde Jes\u00fas predice un gran evento:<\/span><\/span><\/p>\n<p style=\"text-align: justify;\"><span style=\"font-family: times new roman,times;\"><span style=\"font-size: large;\"> <\/span><\/span><\/p>\n<p style=\"text-align: justify;\"><span style=\"font-family: times new roman,times;\"><span style=\"font-size: large;\">Juan 14:16<\/span><\/span><\/p>\n<p style=\"text-align: justify;\"><span style=\"font-family: times new roman,times;\"><span style=\"font-size: large;\"> <\/span><\/span><\/p>\n<p style=\"text-align: justify;\"><span style=\"font-family: times new roman,times;\"><span style=\"font-size: large;\">\u00abY yo pedir\u00e9 al Padre y os dar\u00e1 otro Consolador (Par\u00e1clito), para que est\u00e9 con vosotros para siempre\u00bb.<\/span><\/span><\/p>\n<p style=\"text-align: justify;\"><span style=\"font-family: times new roman,times;\"><span style=\"font-size: large;\"> <\/span><\/span><\/p>\n<p style=\"text-align: justify;\"><span style=\"font-family: times new roman,times;\"><span style=\"font-size: large;\">En Juan 15:26<\/span><\/span><\/p>\n<p style=\"text-align: justify;\"><span style=\"font-family: times new roman,times;\"><span style=\"font-size: large;\"> <\/span><\/span><\/p>\n<p style=\"text-align: justify;\"><span style=\"font-family: times new roman,times;\"><span style=\"font-size: large;\">\u00abCuando venga el Consolador (Par\u00e1clito) que yo os enviar\u00e9 de junto al Padre, el esp\u00edritu de la verdad que procede del Padre, El dar\u00e1 testimonio de m\u00ed\u00bb.<\/span><\/span><\/p>\n<p style=\"text-align: justify;\"><span style=\"font-family: times new roman,times;\"><span style=\"font-size: large;\"> <\/span><\/span><\/p>\n<p style=\"text-align: justify;\"><span style=\"font-family: times new roman,times;\"><span style=\"font-size: large;\">En Juan 14:26<\/span><\/span><\/p>\n<p style=\"text-align: justify;\"><span style=\"font-family: times new roman,times;\"><span style=\"font-size: large;\"> <\/span><\/span><\/p>\n<p style=\"text-align: justify;\"><span style=\"font-family: times new roman,times;\"><span style=\"font-size: large;\">\u00abPero el Consolador (Par\u00e1clito), el Esp\u00edritu Santo, que el Padre enviar\u00e1 en mi nombre, os lo ense\u00f1ar\u00e1 todo y os recordar\u00e1 todo lo que yo os he dicho\u00bb.<\/span><\/span><\/p>\n<p style=\"text-align: justify;\"><span style=\"font-family: times new roman,times;\"><span style=\"font-size: large;\"> <\/span><\/span><\/p>\n<p style=\"text-align: justify;\"><span style=\"font-family: times new roman,times;\"><span style=\"font-size: large;\">Finalmente, en Juan 16:7-14<\/span><\/span><\/p>\n<p style=\"text-align: justify;\"><span style=\"font-family: times new roman,times;\"><span style=\"font-size: large;\"> <\/span><\/span><\/p>\n<p style=\"text-align: justify;\"><span style=\"font-family: times new roman,times;\"><span style=\"font-size: large;\">\u00abPero yo os digo la verdad: os conviene que yo me vaya; porque si no me voy, no vendr\u00e1 a vosotros el Consolador(Par\u00e1clito); pero si me voy, os lo enviar\u00e9; y cuando \u00e9l venga, convencer\u00e1 al mundo en lo referente al pecado, en lo referente a la justicia y en lo referente al juicio; en lo referente al pecado: porque no creen en m\u00ed; en lo referente a la justicia porque me voy al Padre, y ya no me ver\u00e9is; en lo referente al juicio, porque el Pr\u00edncipe de este mundo est\u00e1 juzgado. Mucho tengo que deciros, pero ahora no pod\u00e9is con ello. Cuando venga \u00e9l, el Esp\u00edritu de la  Verdad, os guiar\u00e1 hacia toda la verdad; pues no hablar\u00e1 por su cuenta, sino que hablar\u00e1 lo que oiga, y os explicar\u00e1 lo que ha de venir. El me dar\u00e1 gloria, porque recibir\u00e1 de lo m\u00edo y os lo explicar\u00e1 a vosotros\u00bb.<\/span><\/span><\/p>\n<p style=\"text-align: justify;\"><span style=\"font-family: times new roman,times;\"><span style=\"font-size: large;\"> <\/span><\/span><\/p>\n<p style=\"text-align: justify;\"><span style=\"font-family: times new roman,times;\"><span style=\"font-size: large;\">En estos cuatro pasajes la palabra \u00abConsolador\u00bb es traducida de la palabra \u00abPar\u00e1clito\u00bb (\u00abHo Parakletos\u00bb en griego). Parakletos en griego es interpretado como \u00abdefensor o \u00ababogado\u00bb, es decir uno que intercede por la causa de otro, uno que aconseja con gran preocupaci\u00f3n por el bienestar de otro (Comentario de la Biblia de Beacon Vol. VII, p\u00e1g. 168). En estos versos se nos dice que una vez que Jes\u00fas (la paz sea con \u00e9l) se haya marchado, un Par\u00e1clito vendr\u00e1. \u00c9ste glorificar\u00e1 a Jes\u00fas y guiar\u00e1 a la humanidad a la verdad. Este \u00abPar\u00e1clito\u00bb es identificado en Juan 14:26 como el Esp\u00edritu Santo. Este es el \u00daNICO verso de la Biblia que asocia al Parakletos con el Esp\u00edritu Santo. Pero si volvemos a los \u00abmanuscritos antiguos\u00bb, encontraremos que no todos ellos est\u00e1n de acuerdo en que el \u00abParakletos\u00bb es el Esp\u00edritu Santo. Por ejemplo, en el famoso C\u00f3dice Sir\u00edaco, escrito alrededor del siglo V, y descubierto en 1812 en el Monte Sina\u00ed por la Sra. Agnes S. Lewis y la Sra.  Bensley, el texto de Juan 14:26 se lee: \u00abPar\u00e1clito, el Esp\u00edritu\u00bb; y no \u00abPar\u00e1clito, el Esp\u00edritu Santo\u00bb<\/span><\/span><\/p>\n<p style=\"text-align: justify;\"><span style=\"font-family: times new roman,times;\"><span style=\"font-size: large;\"> <\/span><\/span><\/p>\n<p style=\"text-align: justify;\"><span style=\"font-family: times new roman,times;\"><span style=\"font-size: large;\">\u00abPar\u00e1clito, el Esp\u00edritu\u00bb y no \u00abPar\u00e1clito, el Esp\u00edritu Santo\u00bb. \u00bfEs esto solo una diferencia menor? \u00abEsp\u00edritu\u00bb o Esp\u00edritu Santo\u00bb \u00bfCual es la diferencia? Dir\u00e1n que ambos se refieren a la misma cosa. \u00bfCierto? \u00a1Incorrecto! Hay una gran diferencia. Un \u00abesp\u00edritu\u00bb de acuerdo al lenguaje de la Biblia significa espec\u00edficamente \u00abun profeta\u00bb.<\/span><\/span><\/p>\n<p style=\"text-align: justify;\"><span style=\"font-family: times new roman,times;\"><span style=\"font-size: large;\"> <\/span><\/span><\/p>\n<p style=\"text-align: justify;\"><span style=\"font-family: times new roman,times;\"><span style=\"font-size: large;\">Veamos por ejemplo en 1 Juan 4:1-3<\/span><\/span><\/p>\n<p style=\"text-align: justify;\"><span style=\"font-family: times new roman,times;\"><span style=\"font-size: large;\"> <\/span><\/span><\/p>\n<p style=\"text-align: justify;\"><span style=\"font-family: times new roman,times;\"><span style=\"font-size: large;\">\u00abQueridos, no os fi\u00e9is de cualquier esp\u00edritu, antes bien, examinad si los esp\u00edritus son de Dios, pues muchos falsos profetas han venido al mundo\u00bb.<\/span><\/span><\/p>\n<p style=\"text-align: justify;\"><span style=\"font-family: times new roman,times;\"><span style=\"font-size: large;\"> <\/span><\/span><\/p>\n<p style=\"text-align: justify;\"><span style=\"font-family: times new roman,times;\"><span style=\"font-size: large;\">Esto lo podemos ver tambi\u00e9n en 1 Juan 4:6.<\/span><\/span><\/p>\n<p style=\"text-align: justify;\"><span style=\"font-family: times new roman,times;\"><span style=\"font-size: large;\"> <\/span><\/span><\/p>\n<p style=\"text-align: justify;\"><span style=\"font-family: times new roman,times;\"><span style=\"font-size: large;\">Para llegar a la respuesta debemos hacer el mismo trabajo de detective que realizan los eruditos b\u00edblicos. Debemos estudiar las caracter\u00edsticas del \u00abPar\u00e1clito\u00bb y compararlas con el \u00abEsp\u00edritu Santo\u00bb y con un \u00abEsp\u00edritu\u00bb. Los musulmanes afirmamos que el Profeta Muhammad (la paz y las bendiciones de Dios sean con \u00e9l) es el profetizado y no el Esp\u00edritu Santo. En el mismo Evangelio de Bernab\u00e9 Muhammad (la paz y las bendiciones de Dios sean con \u00e9l) es mencionado POR SU NOMBRE.<\/span><\/span><\/p>\n<p style=\"text-align: justify;\"><span style=\"font-family: times new roman,times;\"><span style=\"font-size: large;\"> <\/span><\/span><\/p>\n<p style=\"text-align: justify;\"><span style=\"font-family: times new roman,times;\"><span style=\"font-size: large;\">No conocemos exactamente la palabra original en arameo empleada por Jes\u00fas para \u2018Consolador\u2019. Otras Biblias usan Consejero, Abogado, Socorro, y en las Biblias griegas la palabra Par\u00e1clito. Hay diferentes explicaciones de esta palabra: Esp\u00edritu Santo, el Verbo, una persona, etc. El Santo Cor\u00e1n afirma que Jes\u00fas mencion\u00f3 expl\u00edcitamente el nombre <em>Ahmad<\/em>:<\/span><\/span><\/p>\n<p style=\"text-align: justify;\"><span style=\"font-family: times new roman,times;\"><span style=\"font-size: large;\"> <\/span><\/span><\/p>\n<p style=\"text-align: justify;\"><span style=\"font-family: times new roman,times;\"><span style=\"font-size: large;\">\u00abRecuerda cuando Jes\u00fas, hijo de Mar\u00eda, dijo: \u00ab\u00a1Hijos de Israel! Yo soy el Enviado que Dios les ha mandado para confirmar el Tora (Antiguo Testamento), que me precedi\u00f3, y para darles las buenas noticias de un Enviado que vendr\u00e1 despu\u00e9s de m\u00ed. Su nombre ser\u00e1 Ahmad\u00bb. (61:6) (Ahmad es otro nombre usado por el Profeta Muhammad)<\/span><\/span><\/p>\n<p style=\"text-align: justify;\"><span style=\"font-family: times new roman,times;\"><span style=\"font-size: large;\"> <\/span><\/span><\/p>\n<p style=\"text-align: justify;\"><span style=\"font-family: times new roman,times;\"><span style=\"font-size: large;\">El Evangelio de Juan, al ser escrito en griego usa el nombre \u00abPar\u00e1clitos. Pero \u00abPericlitos\u00bb, que corresponde exactamente a \u00abAhmad\u00bb en su significado de \u00abpreclaro\u00bb, \u00abglorioso\u00bb, \u00abalabado\u00bb, en un grado superlativo, debe haber sido la traducci\u00f3n en griego de \u00abHimda\u00bb o probablemente de la forma \u00e1rabe (o aramea) \u00abHemida\u00bb, como fue pronunciada por Jes\u00fas (la paz sea con \u00e9l).<\/span><\/span><\/p>\n<p style=\"text-align: justify;\"><span style=\"font-family: times new roman,times;\"><span style=\"font-size: large;\"> <\/span><\/span><\/p>\n<p style=\"text-align: justify;\"><span style=\"font-family: times new roman,times;\"><span style=\"font-size: large;\">Sea cual fuera la explicaci\u00f3n del Consolador, concluimos que Jes\u00fas no termin\u00f3 su misi\u00f3n y que alguien ven\u00eda a completar su misi\u00f3n. Examinemos a la luz de la Biblia si este Consolador coincide con el car\u00e1cter del Profeta Muhammad (la paz y las bendiciones de Dios sean con \u00e9l):<\/span><\/span><\/p>\n<p style=\"text-align: justify;\"><span style=\"font-family: times new roman,times;\"><span style=\"font-size: large;\"> <\/span><\/span><\/p>\n<p style=\"text-align: justify;\"><span style=\"font-family: times new roman,times;\"><span style=\"font-size: large;\">1. \u00abOtro Consolador\u00bb: as\u00ed que ya hab\u00edan venido muchos \u00abConsoladores\u00bb y otro m\u00e1s hab\u00eda de venir.<\/span><\/span><\/p>\n<p style=\"text-align: justify;\"><span style=\"font-family: times new roman,times;\"><span style=\"font-size: large;\"> <\/span><\/span><\/p>\n<p style=\"text-align: justify;\"><span style=\"font-family: times new roman,times;\"><span style=\"font-size: large;\">2. \u00ab\u00c9l permanecer\u00e1 con ustedes para siempre\u00bb. Como no hab\u00eda necesidad de que viniera otro m\u00e1s tras \u00e9l, y \u00e9l era el (sello) \u00faltimo Profeta. La ense\u00f1anza permanecer\u00e1 para siempre, quedar\u00e1 intacta. De hecho el Sagrado Cor\u00e1n y sus ense\u00f1anzas permanecen intactas desde hace 1.400 a\u00f1os.<\/span><\/span><\/p>\n<p style=\"text-align: justify;\"><span style=\"font-family: times new roman,times;\"><span style=\"font-size: large;\"> <\/span><\/span><\/p>\n<p style=\"text-align: justify;\"><span style=\"font-family: times new roman,times;\"><span style=\"font-size: large;\">3. \u00abReprender\u00e1 al mundo del pecado\u00bb (Juan 16:8): todos los otros Profetas, incluso Abraham, Mois\u00e9s, David y Salom\u00f3n, reprendieron a su gente de sus pecados, pero no a todo el mundo como hizo Muhammad (la paz y las bendiciones de Dios sean con \u00e9l). No s\u00f3lo elimin\u00f3 la idolatr\u00eda de Arabia en 23 a\u00f1os, sino que adem\u00e1s envi\u00f3 mensajeros a Her\u00e1clito, los soberanos de los imperios de Persia y Roma; a Nayashi, el Rey de Etiop\u00eda; y a Mucauquis, el Gobernador de Egipto.<\/span><\/span><\/p>\n<p style=\"text-align: justify;\"><span style=\"font-family: times new roman,times;\"><span style=\"font-size: large;\"> <\/span><\/span><\/p>\n<p style=\"text-align: justify;\"><span style=\"font-family: times new roman,times;\"><span style=\"font-size: large;\">4. \u00abEl pr\u00edncipe de este mundo es juzgado\u00bb (Juan 16:1 l). Este es Sat\u00e1n seg\u00fan se explica en Juan 12:31 y 14:30. As\u00ed que el Profeta Muhammad (la paz y las bendiciones de Dios sean con \u00e9l) vino a reprender al mundo a cuenta de justicia.<\/span><\/span><\/p>\n<p style=\"text-align: justify;\"><span style=\"font-family: times new roman,times;\"><span style=\"font-size: large;\"> <\/span><\/span><\/p>\n<p style=\"text-align: justify;\"><span style=\"font-family: times new roman,times;\"><span style=\"font-size: large;\">5. \u00abEl esp\u00edritu de verdad\u00bb (Juan 16:13). Desde su infancia el Profeta Muhammad (la paz y las bendiciones de Dios sean con \u00e9l) fue llamado <em>Al-Amin<\/em> que significa &#8216;el Honesto&#8217;, &#8216;el Ver\u00eddico&#8217;, y &#8216;el que los guiar\u00e1 a la verdad&#8217;. (Juan 16:13).<\/span><\/span><\/p>\n<p style=\"text-align: justify;\"><span style=\"font-family: times new roman,times;\"><span style=\"font-size: large;\"> <\/span><\/span><\/p>\n<p style=\"text-align: justify;\"><span style=\"font-family: times new roman,times;\"><span style=\"font-size: large;\">6. \u00ab\u2026porque no hablar\u00e1 por si mismo, sino que todo lo que oir\u00e1, \u00e9l hablar\u00e1\u00bb (Juan 16:13). El Sagrado Cor\u00e1n es la palabra de Dios. Ni una sola palabra del Profeta Muhammad (la paz y las bendiciones de Dios sean con \u00e9l) o sus compa\u00f1eros fue incluida. El \u00e1ngel Gabriel se lo dict\u00f3, \u00e9l lo memoriz\u00f3 y fue escrito por sus fieles escritores. Sus propios dichos y ense\u00f1anzas fueron recogidos aparte de las palabras del Sagrado Cor\u00e1n en la Sunnah (lo cual significa &#8216;Tradici\u00f3n&#8217;).<\/span><\/span><\/p>\n<p style=\"text-align: justify;\"><span style=\"font-family: times new roman,times;\"><span style=\"font-size: large;\"> <\/span><\/span><\/p>\n<p style=\"text-align: justify;\"><span style=\"font-family: times new roman,times;\"><span style=\"font-size: large;\">Comp\u00e1rese con Deuteronomio 18:18: \u00aby pondr\u00e9 mis palabras en su boca, y \u00e9l les hablar\u00e1 todo lo que yo le mande\u00bb. Esto corresponde con las palabras del Cor\u00e1n:<\/span><\/span><\/p>\n<p style=\"text-align: justify;\"><span style=\"font-family: times new roman,times;\"><span style=\"font-size: large;\"> <\/span><\/span><\/p>\n<p style=\"text-align: justify;\"><span style=\"font-family: times new roman,times;\"><span style=\"font-size: large;\">\u00ab\u00a1Que vuestro compa\u00f1ero [Muhammad] no est\u00e1 extraviado ni en un error! Ni habla movido por el deseo. No es sino una revelaci\u00f3n inspirada\u00bb. (53:2-4)<\/span><\/span><\/p>\n<p style=\"text-align: justify;\"><span style=\"font-family: times new roman,times;\"><span style=\"font-size: large;\"> <\/span><\/span><\/p>\n<p style=\"text-align: justify;\"><span style=\"font-family: times new roman,times;\"><span style=\"font-size: large;\">7. \u00aby les har\u00e1 saber las cosas que han de venir&#8217; (Juan 16:13). La mayor\u00eda de las profec\u00edas anunciadas por el Profeta Muhammad (la paz y las bendiciones de Dios sean con \u00e9l) ya han ocurrido.<\/span><\/span><\/p>\n<p style=\"text-align: justify;\"><span style=\"font-family: times new roman,times;\"><span style=\"font-size: large;\"> <\/span><\/span><\/p>\n<p style=\"text-align: justify;\"><span style=\"font-family: times new roman,times;\"><span style=\"font-size: large;\">8. \u00ab\u00c9l me glorificar\u00e1\u00bb (Juan 16:14). De hecho el Sagrado Cor\u00e1n y el Profeta Muhammad (la paz y las bendiciones de Dios sean con \u00e9l) muestras profundo respeto y elogio hacia la persona de Jes\u00fas.<\/span><\/span><\/p>\n<p style=\"text-align: justify;\"><span style=\"font-family: times new roman,times;\"><span style=\"font-size: large;\"> <\/span><\/span><\/p>\n<p style=\"text-align: justify;\"><span style=\"font-family: times new roman,times;\"><span style=\"font-size: large;\"> <\/span><\/span><\/p>\n<p style=\"text-align: justify;\"><span style=\"font-family: times new roman,times;\"><span style=\"font-size: large;\"> <\/span><\/span><\/p>\n<p style=\"text-align: justify;\"><span style=\"color: #0000ff;\"><span style=\"font-family: times new roman,times;\"><span style=\"font-size: large;\">ERUDITOS CRISTIANOS VEN EVIDENCIA DE ALTERACION<\/span><\/span><\/span><\/p>\n<p style=\"text-align: justify;\"><span style=\"font-family: times new roman,times;\"><span style=\"font-size: large;\"> <\/span><\/span><\/p>\n<p style=\"text-align: justify;\"><span style=\"font-family: times new roman,times;\"><span style=\"font-size: large;\">En el mundialmente famoso \u00abAnchor Bible\u00bb publicado por Doubleday &#038; Company, Inc. Garden City, N.Y.1970, Volumen 29, p\u00e1g. 1135 encontramos la siguiente cita: \u00abLa palabra parakletos es extra\u00f1a en el Nuevo Testamento de la literatura de Juan. En 1 Juan 2:1 Jes\u00fas es un parakletos (no es un t\u00edtulo), sirviendo como un intercesor celestial con el Padre&#8230;La tradici\u00f3n cristiana ha identificado esta figura (Par\u00e1clito) como el Esp\u00edritu Santo, pero eruditos como Spitta, Delafosse, Windisch, Sasse, Bultman y Betz han dudado de si esta identificaci\u00f3n es fiel al retrato original y han sugerido que el Par\u00e1clito fue una vez una figura salvadora independiente, posteriormente confundida con el Esp\u00edritu Santo\u00bb.<\/span><\/span><\/p>\n<p style=\"text-align: justify;\"><span style=\"font-family: times new roman,times;\"><span style=\"font-size: large;\"> <\/span><\/span><\/p>\n<p style=\"text-align: justify;\"><span style=\"font-family: times new roman,times;\"><span style=\"font-size: large;\"> <\/span><\/span><\/p>\n<p style=\"text-align: justify;\"><span style=\"color: #0000ff;\"><span style=\"font-family: times new roman,times;\"><span style=\"font-size: large;\"> <\/span><\/span><\/span><\/p>\n<p style=\"text-align: justify;\"><span style=\"color: #0000ff;\"><span style=\"font-family: times new roman,times;\"><span style=\"font-size: large;\">EL PROFETA MUHAMMAD MENCIONADO POR SU NOMBRE EN LA BIBLIA <\/span><\/span><\/span><\/p>\n<p style=\"text-align: justify;\"><span style=\"font-family: times new roman,times;\"><span style=\"font-size: large;\"> <\/span><\/span><\/p>\n<p style=\"text-align: justify;\"><span style=\"font-family: times new roman,times;\"><span style=\"font-size: large;\">Si bien tal afirmaci\u00f3n parece dif\u00edcil de creer, veamos qu\u00e9 dice el Cantar de los Cantares (en hebreo con caracteres romanos) 5:16<\/span><\/span><\/p>\n<p style=\"text-align: justify;\"><span style=\"font-family: times new roman,times;\"><span style=\"font-size: large;\"> <\/span><\/span><\/p>\n<p style=\"text-align: justify;\"><span style=\"font-family: times new roman,times;\"><span style=\"font-size: large;\">\u00abHIKKO MAHITTADIM VIKULLO MUHAMADIM ZEHDUDI VEZEM RAAI BENUTE YAPUS HALAM\u00bb.<\/span><\/span><\/p>\n<p style=\"text-align: justify;\"><span style=\"font-family: times new roman,times;\"><span style=\"font-size: large;\"> <\/span><\/span><\/p>\n<p style=\"text-align: justify;\"><span style=\"font-family: times new roman,times;\"><span style=\"font-size: large;\">En la traducci\u00f3n al espa\u00f1ol: \u00abSu hablar es lo m\u00e1s suave que hay y \u00e9l es Muhammad (toda su persona es un encanto). Hijas de Jerusal\u00e9n, as\u00ed es mi amado, as\u00ed es mi amigo\u00bb.<\/span><\/span><\/p>\n<p style=\"text-align: justify;\"><span style=\"font-family: times new roman,times;\"><span style=\"font-size: large;\"> <\/span><\/span><\/p>\n<p style=\"text-align: justify;\"><span style=\"font-family: times new roman,times;\"><span style=\"font-size: large;\">Aqu\u00ed el Rey Salom\u00f3n ha nombrado al profeta por venir como \u00abMuhammadim\u00bb. En Hebreo el sufijo \u00abim\u00bb expresa respeto y majestuosidad, como lo podemos ver en el t\u00e9rmino \u00abEloha\u00bb que significa \u00abDios\u00bb y aparece en la Biblia como \u00abElohim\u00bb. Por lo tanto es claro aqu\u00ed que el nombre del Profeta por venir es \u00abMuhammad\u00bb que lo han traducido como \u00abToda su persona es un encanto\u00bb en espa\u00f1ol o en las biblias inglesas como \u00abAltogether lovely\u00bb, en \u00e1rabe \u00abel alabado o digno de toda alabanza\u00bb<\/span><\/span><\/p>\n<p style=\"text-align: justify;\"><span style=\"font-family: times new roman,times;\"><span style=\"font-size: large;\"> <\/span><\/span><\/p>\n<p style=\"text-align: justify;\"><span style=\"font-family: times new roman,times;\"><span style=\"font-size: large;\"> <\/span><\/span><\/p>\n<p style=\"text-align: justify;\"><span style=\"font-family: times new roman,times;\"><span style=\"font-size: large;\"> <\/span><\/span><\/p>\n<p style=\"text-align: justify;\"><span style=\"color: #0000ff;\"><span style=\"font-family: times new roman,times;\"><span style=\"font-size: large;\">La Profec\u00eda de Isa\u00edas <\/span><\/span><\/span><\/p>\n<p style=\"text-align: justify;\"><span style=\"font-family: times new roman,times;\"><span style=\"font-size: large;\"> <\/span><\/span><\/p>\n<p style=\"text-align: justify;\"><span style=\"font-family: times new roman,times;\"><span style=\"font-size: large;\">En el Cap\u00edtulo 42 de Isa\u00edas se presenta una clara descripci\u00f3n que coincide letra por letra con la figura del Profeta Muhammad (la paz y las bendiciones de Dios sean con \u00e9l). Veamos los vers\u00edculos:<\/span><\/span><\/p>\n<p style=\"text-align: justify;\"><span style=\"font-family: times new roman,times;\"><span style=\"font-size: large;\"> <\/span><\/span><\/p>\n<p style=\"text-align: justify;\"><span style=\"font-family: times new roman,times;\"><span style=\"font-size: large;\">Vers\u00edculo 1.-\u00abHe aqu\u00ed a mi siervo a quien yo sostengo, mi elegido en quien se complace mi alma. He puesto mi esp\u00edritu sobre \u00e9l: dictar\u00e1 ley a las naciones\u00bb.<\/span><\/span><\/p>\n<p style=\"text-align: justify;\"><span style=\"font-family: times new roman,times;\"><span style=\"font-size: large;\"> <\/span><\/span><\/p>\n<p style=\"text-align: justify;\"><span style=\"font-family: times new roman,times;\"><span style=\"font-size: large;\">Tambi\u00e9n es llamado \u00abmi mensajero\u00bb en el verso 19. Sin duda todos los profetas eran siervos, mensajeros y elegidos de Dios. Pero ning\u00fan Profeta es universalmente conocido por estos t\u00edtulos espec\u00edficos como Muhammad (la paz y las bendiciones de Dios sean con \u00e9l) en \u00e1rabe \u00ab<em>Abduhu wa Rasuluhu<\/em>\u00ab, es decir Su siervo y Su Mensajero Elegido.<\/span><\/span><\/p>\n<p style=\"text-align: justify;\"><span style=\"font-family: times new roman,times;\"><span style=\"font-size: large;\"> <\/span><\/span><\/p>\n<p style=\"text-align: justify;\"><span style=\"font-family: times new roman,times;\"><span style=\"font-size: large;\">Vers\u00edculo 2.- \u00abNo vociferar\u00e1 ni alzar\u00e1 el tono, ni har\u00e1 o\u00edr en la calle su voz\u00bb.<\/span><\/span><\/p>\n<p style=\"text-align: justify;\"><span style=\"font-family: times new roman,times;\"><span style=\"font-size: large;\"> <\/span><\/span><\/p>\n<p style=\"text-align: justify;\"><span style=\"font-family: times new roman,times;\"><span style=\"font-size: large;\">Aqu\u00ed se describe la decencia del Profeta Muhammad (la paz y las bendiciones de Dios sean con \u00e9l) con palabras que coinciden exactamente con las tradiciones sobre su caracter.<\/span><\/span><\/p>\n<p style=\"text-align: justify;\"><span style=\"font-family: times new roman,times;\"><span style=\"font-size: large;\"> <\/span><\/span><\/p>\n<p style=\"text-align: justify;\"><span style=\"font-family: times new roman,times;\"><span style=\"font-size: large;\">Vers\u00edculo 3.-\u00abCa\u00f1a quebrada no partir\u00e1, y mecha mortecina no apagar\u00e1. Lealmente har\u00e1 justicia\u00bb<\/span><\/span><\/p>\n<p style=\"text-align: justify;\"><span style=\"font-family: times new roman,times;\"><span style=\"font-size: large;\"> <\/span><\/span><\/p>\n<p style=\"text-align: justify;\"><span style=\"font-family: times new roman,times;\"><span style=\"font-size: large;\">El grado de justicia y equidad del Profeta (la paz y las bendiciones de Dios sean con \u00e9l) era incomparable.<\/span><\/span><\/p>\n<p style=\"text-align: justify;\"><span style=\"font-family: times new roman,times;\"><span style=\"font-size: large;\"> <\/span><\/span><\/p>\n<p style=\"text-align: justify;\"><span style=\"font-family: times new roman,times;\"><span style=\"font-size: large;\">Vers\u00edculo 4.-\u00abNo desmayar\u00e1 ni se quebrar\u00e1 hasta implantar en la tierra el derecho, y su instrucci\u00f3n atender\u00e1n las islas\u00bb<\/span><\/span><\/p>\n<p style=\"text-align: justify;\"><span style=\"font-family: times new roman,times;\"><span style=\"font-size: large;\"> <\/span><\/span><\/p>\n<p style=\"text-align: justify;\"><span style=\"font-family: times new roman,times;\"><span style=\"font-size: large;\">El rechazo por su propio pueblo fue uno de los signos de un Profeta, pues eso le ocurri\u00f3 a Muhammad (la paz y las bendiciones de Dios sean con \u00e9l), que soport\u00f3 con paciencia y tes\u00f3n diez a\u00f1os de persecuciones y atropellos en la Meca hasta que finalmente tuvo que emigrar a Medina ante el inminente peligro de muerte que corr\u00edan todos los musulmanes. Su constancia y perseverancia le permitieron ver al Islam extenderse por toda la pen\u00ednsula \u00e1rabe en los pr\u00f3ximos diez a\u00f1os de un modo como ninguna otra religi\u00f3n se hab\u00eda extendido antes.<\/span><\/span><\/p>\n<p style=\"text-align: justify;\"><span style=\"font-family: times new roman,times;\"><span style=\"font-size: large;\"> <\/span><\/span><\/p>\n<p style=\"text-align: justify;\"><span style=\"font-family: times new roman,times;\"><span style=\"font-size: large;\">Vers\u00edculo 8.- \u201c\u00a1Yo soy Yahv\u00e9! \u00a1Ese es mi Nombre!, no dar\u00e9 mi gloria a otros ni mi honor a los \u00eddolos\u00bb.<\/span><\/span><\/p>\n<p style=\"text-align: justify;\"><span style=\"font-family: times new roman,times;\"><span style=\"font-size: large;\"> <\/span><\/span><\/p>\n<p style=\"text-align: justify;\"><span style=\"font-family: times new roman,times;\"><span style=\"font-size: large;\">El Profeta Muhammad (la paz y las bendiciones de Dios sean con \u00e9l) es \u00fanico entre todos los profetas por ser el \u00faltimo Profeta y sus ense\u00f1anzas permanecen sin distorsi\u00f3n hasta el d\u00eda de hoy, en contraste con el cristianismo y el juda\u00edsmo.<\/span><\/span><\/p>\n<p style=\"text-align: justify;\"><span style=\"font-family: times new roman,times;\"><span style=\"font-size: large;\"> <\/span><\/span><\/p>\n<p style=\"text-align: justify;\"><span style=\"font-family: times new roman,times;\"><span style=\"font-size: large;\">Vers\u00edculo 10.- \u00abCantad a Yahv\u00e9 un c\u00e1ntico nuevo, su loor desde los confines de la tierra. Que le cante el mar y cuanto contiene, las islas y sus habitantes\u00bb.<\/span><\/span><\/p>\n<p style=\"text-align: justify;\"><span style=\"font-family: times new roman,times;\"><span style=\"font-size: large;\"> <\/span><\/span><\/p>\n<p style=\"text-align: justify;\"><span style=\"font-family: times new roman,times;\"><span style=\"font-size: large;\">Un nuevo c\u00e1ntico porque no es hebreo ni arameo sino \u00e1rabe. Las alabanzas a Dios y su mensajero Muhammad es cantado cinco veces al d\u00eda desde los minaretes de millones de mezquitas en todo el mundo.<\/span><\/span><\/p>\n<p style=\"text-align: justify;\"><span style=\"font-family: times new roman,times;\"><span style=\"font-size: large;\"> <\/span><\/span><\/p>\n<p style=\"text-align: justify;\"><span style=\"font-family: times new roman,times;\"><span style=\"font-size: large;\">Vers\u00edculo 11.- \u00abAlcen la voz el desierto y sus ciudades, las explanadas donde habita Cedar. Aclamen los habitantes de la Piedra, desde la cima de los montes vociferen\u00bb.<\/span><\/span><\/p>\n<p style=\"text-align: justify;\"><span style=\"font-family: times new roman,times;\"><span style=\"font-size: large;\"> <\/span><\/span><\/p>\n<p style=\"text-align: justify;\"><span style=\"font-family: times new roman,times;\"><span style=\"font-size: large;\">Desde el Monte Arafat junto a La  Meca los peregrinos entonan cada a\u00f1o lo siguiente: \u00abAqu\u00ed estoy (a tu servicio), Oh Allah, aqu\u00ed estoy. No tienes asociado ni par. Aqu\u00ed estoy. En verdad tuya es la alabanza y la soberan\u00eda. No hay asociado que tengas junto a Ti.<\/span><\/span><\/p>\n<p style=\"text-align: justify;\"><span style=\"font-family: times new roman,times;\"><span style=\"font-size: large;\"> <\/span><\/span><\/p>\n<p style=\"text-align: justify;\"><span style=\"font-family: times new roman,times;\"><span style=\"font-size: large;\">Isa\u00edas 42 no se puede aplicar nunca a un profeta israelita puesto que Quedar es el segundo hijo de Ismael. V\u00e9ase G\u00e9nesis 25:13.<\/span><\/span><\/p>\n<p style=\"text-align: justify;\"><span style=\"font-family: times new roman,times;\"><span style=\"font-size: large;\"> <\/span><\/span><\/p>\n<p style=\"text-align: justify;\"><span style=\"font-family: times new roman,times;\"><span style=\"font-size: large;\">Vers\u00edculo 12.- \u00abDen gloria a Yahv\u00e9, su loor en las islas publiquen\u00bb.<\/span><\/span><\/p>\n<p style=\"text-align: justify;\"><span style=\"font-family: times new roman,times;\"><span style=\"font-size: large;\"> <\/span><\/span><\/p>\n<p style=\"text-align: justify;\"><span style=\"font-family: times new roman,times;\"><span style=\"font-size: large;\">Y el Islam se extendi\u00f3 por las islas peque\u00f1as hasta Indonesia y el Caribe.<\/span><\/span><\/p>\n<p style=\"text-align: justify;\"><span style=\"font-family: times new roman,times;\"><span style=\"font-size: large;\"> <\/span><\/span><\/p>\n<p style=\"text-align: justify;\"><span style=\"font-family: times new roman,times;\"><span style=\"font-size: large;\">Como podemos apreciar, este cap\u00edtulo de Isa\u00edas 42 coincide perfectamente con el car\u00e1cter del Profeta Muhammad (la paz y las bendiciones de Dios sean con \u00e9l). La visi\u00f3n de los dos jinetes de Isa\u00edas 21:7<\/span><\/span><\/p>\n<p style=\"text-align: justify;\"><span style=\"font-family: times new roman,times;\"><span style=\"font-size: large;\"> <\/span><\/span><\/p>\n<p style=\"text-align: justify;\"><span style=\"font-family: times new roman,times;\"><span style=\"font-size: large;\">Figura en Isa\u00edas 21:7:<\/span><\/span><\/p>\n<p style=\"text-align: justify;\"><span style=\"font-family: times new roman,times;\"><span style=\"font-size: large;\"> <\/span><\/span><\/p>\n<p style=\"text-align: justify;\"><span style=\"font-family: times new roman,times;\"><span style=\"font-size: large;\">\u00abY \u00e9l vio un carro con un par de caballeros, un carro de asnos y un carro de camellos\u00bb.<\/span><\/span><\/p>\n<p style=\"text-align: justify;\"><span style=\"font-family: times new roman,times;\"><span style=\"font-size: large;\"> <\/span><\/span><\/p>\n<p style=\"text-align: justify;\"><span style=\"font-family: times new roman,times;\"><span style=\"font-size: large;\">\u00bfQui\u00e9n era el jinete del asno? Sin duda alguna que se trata de Jes\u00fas (la paz sea con \u00e9l). Dice Juan 12:14 describiendo el ingreso de Jes\u00fas (la paz sea con \u00e9l) a Jerusal\u00e9n:<\/span><\/span><\/p>\n<p style=\"text-align: justify;\"><span style=\"font-family: times new roman,times;\"><span style=\"font-size: large;\"> <\/span><\/span><\/p>\n<p style=\"text-align: justify;\"><span style=\"font-family: times new roman,times;\"><span style=\"font-size: large;\">\u00abY hall\u00f3 Jes\u00fas un asnillo, y se sent\u00f3 sobre \u00e9l; como esta escrito\u00bb.<\/span><\/span><\/p>\n<p style=\"text-align: justify;\"><span style=\"font-family: times new roman,times;\"><span style=\"font-size: large;\"> <\/span><\/span><\/p>\n<p style=\"text-align: justify;\"><span style=\"font-family: times new roman,times;\"><span style=\"font-size: large;\">\u00bfQui\u00e9n era entonces el jinete prometido del camello? es el Profeta Muhammad (la paz y las bendiciones de Dios sean con \u00e9l) que surgi\u00f3 entre los \u00e1rabes, entre los hijos de Cedar, entre los descendientes de Ismael, hermano de Isaac (la paz sea con \u00e9l). No puede haber dudas sobre que la menci\u00f3n de los camellos alude al pueblo \u00e1rabe. Es por eso que Isa\u00edas menciona en el mismo cap\u00edtulo 21:13:<\/span><\/span><\/p>\n<p style=\"text-align: justify;\"><span style=\"font-family: times new roman,times;\"><span style=\"font-size: large;\"> <\/span><\/span><\/p>\n<p style=\"text-align: justify;\"><span style=\"font-family: times new roman,times;\"><span style=\"font-size: large;\">\u00abProfec\u00eda sobre Arabia\u00bb<\/span><\/span><\/p>\n<p style=\"text-align: justify;\"><span style=\"font-family: times new roman,times;\"><span style=\"font-size: large;\"> <\/span><\/span><\/p>\n<p style=\"text-align: justify;\"><span style=\"font-family: times new roman,times;\"><span style=\"font-size: large;\">Lo cual se refiere a la responsabilidad de los musulmanes \u00e1rabes, y por supuesto de todos los musulmanes hoy en d\u00eda, de propagar el mensaje del Islam.<\/span><\/span><\/p>\n<p style=\"text-align: justify;\"><span style=\"font-family: times new roman,times;\"><span style=\"font-size: large;\"> <\/span><\/span><\/p>\n<p style=\"text-align: justify;\"><span style=\"font-family: times new roman,times;\"><span style=\"font-size: large;\">En Isa\u00edas 21:14 contin\u00faa esta menci\u00f3n:<\/span><\/span><\/p>\n<p style=\"text-align: justify;\"><span style=\"font-family: times new roman,times;\"><span style=\"font-size: large;\"> <\/span><\/span><\/p>\n<p style=\"text-align: justify;\"><span style=\"font-family: times new roman,times;\"><span style=\"font-size: large;\">\u00abLos habitantes de <em>Tema<\/em> le trajeron agua al sediento\u00bb.<\/span><\/span><\/p>\n<p style=\"text-align: justify;\"><span style=\"font-family: times new roman,times;\"><span style=\"font-size: large;\"> <\/span><\/span><\/p>\n<p style=\"text-align: justify;\"><span style=\"font-family: times new roman,times;\"><span style=\"font-size: large;\"><em>Tema<\/em> es probablemente Medina en donde el Profeta Muhammad (la paz y las bendiciones de Dios sean con \u00e9l) y sus compa\u00f1eros encontraron refugio. Cada inmigrante fue recibido por un habitante de Medina y recibi\u00f3 casa y comida.<\/span><\/span><\/p>\n<p style=\"text-align: justify;\"><span style=\"font-family: times new roman,times;\"><span style=\"font-size: large;\"> <\/span><\/span><\/p>\n<p style=\"text-align: justify;\"><span style=\"font-family: times new roman,times;\"><span style=\"font-size: large;\">En Isa\u00edas 21:15 se menciona:<\/span><\/span><\/p>\n<p style=\"text-align: justify;\"><span style=\"font-family: times new roman,times;\"><span style=\"font-size: large;\"> <\/span><\/span><\/p>\n<p style=\"text-align: justify;\"><span style=\"font-family: times new roman,times;\"><span style=\"font-size: large;\">\u00abPorque de la presencia de las espadas huyen, de la presencia de la espada desnuda, de la presencia del arco entesado, de la presencia del peso de la batalla\u00bb.<\/span><\/span><\/p>\n<p style=\"text-align: justify;\"><span style=\"font-family: times new roman,times;\"><span style=\"font-size: large;\"> <\/span><\/span><\/p>\n<p style=\"text-align: justify;\"><span style=\"font-family: times new roman,times;\"><span style=\"font-size: large;\">Esto ocurri\u00f3 cuando el Profeta Muhammad (la paz y las bendiciones de Dios sean con \u00e9l) y sus compa\u00f1eros fueron perseguidos y dejaron La Meca para refugiarse en Medina.<\/span><\/span><\/p>\n<p style=\"text-align: justify;\"><span style=\"font-family: times new roman,times;\"><span style=\"font-size: large;\"> <\/span><\/span><\/p>\n<p style=\"text-align: justify;\"><span style=\"font-family: times new roman,times;\"><span style=\"font-size: large;\">En Isa\u00edas 21:16 dice:<\/span><\/span><\/p>\n<p style=\"text-align: justify;\"><span style=\"font-family: times new roman,times;\"><span style=\"font-size: large;\"> <\/span><\/span><\/p>\n<p style=\"text-align: justify;\"><span style=\"font-family: times new roman,times;\"><span style=\"font-size: large;\">\u00abPorque as\u00ed me ha dicho Jehov\u00e1: De aqu\u00ed a un a\u00f1o, seg\u00fan los a\u00f1os de jornalero, toda la gloria de Cedar caer\u00e1\u00bb.<\/span><\/span><\/p>\n<p style=\"text-align: justify;\"><span style=\"font-family: times new roman,times;\"><span style=\"font-size: large;\"> <\/span><\/span><\/p>\n<p style=\"text-align: justify;\"><span style=\"font-family: times new roman,times;\"><span style=\"font-size: large;\">Exactamente en el segundo a\u00f1o de la H\u00e9gira, los paganos fueron derrotados en la batalla de Badr.<\/span><\/span><\/p>\n<p style=\"text-align: justify;\"><span style=\"font-family: times new roman,times;\"><span style=\"font-size: large;\"> <\/span><\/span><\/p>\n<p style=\"text-align: justify;\"><span style=\"font-family: times new roman,times;\"><span style=\"font-size: large;\">Finalmente Isa\u00edas 21:17 concluye con:<\/span><\/span><\/p>\n<p style=\"text-align: justify;\"><span style=\"font-family: times new roman,times;\"><span style=\"font-size: large;\"> <\/span><\/span><\/p>\n<p style=\"text-align: justify;\"><span style=\"font-family: times new roman,times;\"><span style=\"font-size: large;\">\u00abY a los que queden del n\u00famero de los valientes flecheros, hijos de Cedar, ser\u00e1n pocos: porque Jehov\u00e1 Dios de Israel, lo ha dicho\u00bb.<\/span><\/span><\/p>\n<p style=\"text-align: justify;\"><span style=\"font-family: times new roman,times;\"><span style=\"font-size: large;\"> <\/span><\/span><\/p>\n<p style=\"text-align: justify;\"><span style=\"font-family: times new roman,times;\"><span style=\"font-size: large;\">Como ya mencionamos antes, Cedar es el segundo hijo de Ismael (G\u00e9nesis 25:13), de quien Muhammad (la paz y las bendiciones de Dios sean con \u00e9l) desciende. Al principio los hijos de Cedar atacaron a Muhammad (la paz y las bendiciones de Dios sean con \u00e9l) y a sus compa\u00f1eros. Pero a medida que muchos de ellos aceptaron el Islam, el n\u00famero de los hijos de Cedar que resist\u00edan disminuy\u00f3.<\/span><\/span><\/p>\n<p style=\"text-align: justify;\"><span style=\"font-family: times new roman,times;\"><span style=\"font-size: large;\"> <\/span><\/span><\/p>\n<p style=\"text-align: justify;\"><span style=\"font-family: times new roman,times;\"><span style=\"font-size: large;\">En algunos versos de la  Biblia Cedar es sin\u00f3nimo de \u00e1rabe en general, como en Ezequiel 27:21 \u00abArabia y todos los pr\u00edncipes de Cedar\u00bb.<\/span><\/span><\/p>\n<p style=\"text-align: justify;\"><span style=\"font-family: times new roman,times;\"><span style=\"font-size: large;\"> <\/span><\/span><\/p>\n<p style=\"text-align: justify;\"><span style=\"font-family: times new roman,times;\"><span style=\"font-size: large;\"> <\/span><\/span><\/p>\n<p style=\"text-align: justify;\"><span style=\"font-family: times new roman,times;\"><span style=\"font-size: large;\"> <\/span><\/span><\/p>\n<p style=\"text-align: justify;\"><span style=\"color: #0000ff;\"><span style=\"font-family: times new roman,times;\"><span style=\"font-size: large;\">Descripci\u00f3n del Profeta Muhammad seg\u00fan Jerem\u00edas<\/span><\/span><\/span><\/p>\n<p style=\"text-align: justify;\"><span style=\"font-family: times new roman,times;\"><span style=\"font-size: large;\"> <\/span><\/span><\/p>\n<p style=\"text-align: justify;\"><span style=\"font-family: times new roman,times;\"><span style=\"font-size: large;\">En Jerem\u00edas 28:9 figura lo siguiente:<\/span><\/span><\/p>\n<p style=\"text-align: justify;\"><span style=\"font-family: times new roman,times;\"><span style=\"font-size: large;\"> <\/span><\/span><\/p>\n<p style=\"text-align: justify;\"><span style=\"font-family: times new roman,times;\"><span style=\"font-size: large;\">\u00abEl profeta que profetiza de paz, cuando sobreviniera la palabra del profeta, ser\u00e1 conocido como el profeta que el Se\u00f1or en verdad envi\u00f3\u00bb.<\/span><\/span><\/p>\n<p style=\"text-align: justify;\"><span style=\"font-family: times new roman,times;\"><span style=\"font-size: large;\"> <\/span><\/span><\/p>\n<p style=\"text-align: justify;\"><span style=\"font-family: times new roman,times;\"><span style=\"font-size: large;\">\u00bfNo es esto v\u00e1lido para Muhammad (la paz y las bendiciones de Dios sean con \u00e9l)? Como ya mencionamos antes, la palabra Islam significa \u00abentrega a la Voluntad Divina\u00bb, pero tambi\u00e9n significa tranquilidad, paz (de la misma ra\u00edz que <em>salam<\/em> <em>s \u2013l\u2013m<\/em>).<\/span><\/span><\/p>\n<p style=\"text-align: justify;\"><span style=\"font-family: times new roman,times;\"><span style=\"font-size: large;\"> <\/span><\/span><\/p>\n<p style=\"text-align: justify;\"><span style=\"font-family: times new roman,times;\"><span style=\"font-size: large;\">La profec\u00eda de Jerem\u00edas no puede ser aplicada a Jes\u00fas (la paz sea con \u00e9l), puesto que \u00e9l mismo dijo que no ven\u00eda a traer la paz (Lucas 12:51-53):<\/span><\/span><\/p>\n<p style=\"text-align: justify;\"><span style=\"font-family: times new roman,times;\"><span style=\"font-size: large;\"> <\/span><\/span><\/p>\n<p style=\"text-align: justify;\"><span style=\"font-family: times new roman,times;\"><span style=\"font-size: large;\">\u00ab\u00bfPiensan que he venido a la tierra a traer paz? No, les digo; m\u00e1s divisi\u00f3n. Porque estar\u00e1n de aqu\u00ed en adelante cinco en una casa divididos; tres contra dos, y dos contra tres. El padre estar\u00e1 dividido contra el hijo, y el hijo contra el padre; la madre contra la hija, y la hija contra la madre, la suegra contra su nuera, y la nuera contra su suegra\u00bb. V\u00e9ase tambi\u00e9n Mateo 10:34-36<\/span><\/span><\/p>\n<p style=\"text-align: justify;\"><span style=\"font-family: times new roman,times;\"><span style=\"font-size: large;\"> <\/span><\/span><\/p>\n<p style=\"text-align: justify;\"><span style=\"font-family: times new roman,times;\"><span style=\"font-size: large;\">Esta menci\u00f3n de Jerem\u00edas usando la palabra \u00abPaz\u00bb y \u00abProfeta\u00bb tampoco deja lugar a dudas respecto de una clara menci\u00f3n al Profeta del Islam, Muhammad (la paz y las bendiciones de Dios sean con \u00e9l), quien a lo largo de la historia es conocido con el t\u00edtulo de \u00abProfeta\u00bb m\u00e1s que cualquier otro. El mismo Jes\u00fas (la paz sea con \u00e9l) no es conocido como \u00abProfeta\u00bb sino como \u00abMes\u00edas\u00bb (\u00abUngido\u00bb o \u00abCristo\u00bb).<\/span><\/span><\/p>\n<p style=\"text-align: justify;\"><span style=\"font-family: times new roman,times;\"><span style=\"font-size: large;\"> <\/span><\/span><\/p>\n<p style=\"text-align: justify;\"><span style=\"font-family: times new roman,times;\"><span style=\"font-size: large;\"> <\/span><\/span><\/p>\n<p style=\"text-align: justify;\"><span style=\"font-family: times new roman,times;\"><span style=\"font-size: large;\"> <\/span><\/span><\/p>\n<p style=\"text-align: justify;\"><span style=\"color: #0000ff;\"><span style=\"font-family: times new roman,times;\"><span style=\"font-size: large;\">Para reconocer al Profeta Muhammad&#8230; <\/span><\/span><\/span><\/p>\n<p style=\"text-align: justify;\"><span style=\"font-family: times new roman,times;\"><span style=\"font-size: large;\"> <\/span><\/span><\/p>\n<p style=\"text-align: justify;\"><span style=\"font-family: times new roman,times;\"><span style=\"font-size: large;\">Es evidente que no es posible reconocer a Muhammad (la paz y las bendiciones de Dios sean con \u00e9l) en La  Biblia mientras no se sepa como era \u00e9l: analfabeto o iletrado (\u00abummi\u00bb), llamado Al-Am\u00edn (el Ver\u00eddico), Al-Mustaf\u00e1 (el Elegido), EL Mensajero de Allah (la paz y las bendiciones de Dios sean con \u00e9l) sin mencionar a\u00fan su nombre Muhammad (alabad\u00edsimo: \u00abPeriklito\u00bb o \u00abHimda\u00bb). \u00c9l era el jinete del camello y no el del asno. Debe conocerse la Piedra Negra de la Ka&#8217;bah con el famoso pozo de Zamzam y la mezquita que rodea la Ka&#8217;bah. Debe saberse que \u00e9l es quien fue enviado despu\u00e9s de Jes\u00fas (la paz sea con \u00e9l) como \u00e9l predijo (el Par\u00e1clito en la traducci\u00f3n griega). La expansi\u00f3n del Islam que garantiz\u00f3 Dios mismo. La responsabilidad de los musulmanes y no de los jud\u00edos de extender la \u00faltima revelaci\u00f3n de Dios, es decir el Islam. \u00abEn Su nombre\u00bb, es decir en el nombre de Dios solo y no \u00aben el nombre del Padre, del Hijo y del Esp\u00edritu Santo\u00bb. \u00bfComo puede reconocerse a Muhammad (la paz y las bendiciones de Dios sean con \u00e9l), al Islam, a los musulmanes, etc., en la  Biblia sin tener la m\u00e1s m\u00ednima idea al respecto? Debe tenerse un m\u00ednimo de conocimiento de lo que se busca, una mente sin prejuicios y abierta al estudio cr\u00edtico de lo que se lee.<\/span><\/span><\/p>\n<p style=\"text-align: justify;\"><span style=\"font-family: times new roman,times;\"><span style=\"font-size: large;\"> <\/span><\/span><\/p>\n<p style=\"text-align: justify;\"><span style=\"font-family: times new roman,times;\"><span style=\"font-size: large;\">El Islam est\u00e1 basado en la raz\u00f3n y es una ense\u00f1anza pura de todos los Profetas de Dios no contaminada con el paganismo y la superstici\u00f3n.\u00ab 0<\/span><\/span><\/p>\n<p style=\"text-align: justify;\"><span style=\"font-family: times new roman,times;\"><span style=\"color: #0000ff;\"><span style=\"font-size: medium;\">http:\/\/www.islamreligion.com<\/span><\/span><\/span><\/p>\n<p style=\"text-align: justify;\"><span style=\"font-family: times new roman,times;\"><span style=\"font-size: large;\"> <\/span><\/span><\/p>\n<p style=\"text-align: justify;\"><span style=\"font-family: times new roman,times;\"><span style=\"font-size: large;\"> <\/span><\/span><\/p>\n","protected":false},"excerpt":{"rendered":"<p>Muhammad en La Biblia El Profeta Muhammad (la paz y las bendiciones de Al-lah sean con \u00e9l) es el Sello de los Profetas, el \u00faltimo enviado de Dios para la humanidad\u2026 Como tal, ha sido anunciado por Profetas anteriores (la paz sea con ellos), tal menci\u00f3n figura en la Biblia, a pesar de que no &hellip;<\/p>\n","protected":false},"author":23,"featured_media":72,"comment_status":"open","ping_status":"open","sticky":false,"template":"","format":"standard","meta":{"_monsterinsights_skip_tracking":false,"_monsterinsights_sitenote_active":false,"_monsterinsights_sitenote_note":"","_monsterinsights_sitenote_category":0,"footnotes":""},"categories":[9],"tags":[],"class_list":["post-73","post","type-post","status-publish","format-standard","has-post-thumbnail","hentry","category-bibel"],"yoast_head":"<!-- This site is optimized with the Yoast SEO plugin v27.4 - https:\/\/yoast.com\/product\/yoast-seo-wordpress\/ -->\n<title>MUHAMMAD EN LA BIBLIA - El Islam Verdadero<\/title>\n<meta name=\"robots\" content=\"index, follow, max-snippet:-1, max-image-preview:large, max-video-preview:-1\" \/>\n<link rel=\"canonical\" href=\"https:\/\/r-islam.com\/sp\/muhammad-en-la-biblia\/\" \/>\n<meta property=\"og:locale\" content=\"es_ES\" \/>\n<meta property=\"og:type\" content=\"article\" \/>\n<meta property=\"og:title\" content=\"MUHAMMAD EN LA BIBLIA - El Islam Verdadero\" \/>\n<meta property=\"og:description\" content=\"Muhammad en La Biblia El Profeta Muhammad (la paz y las bendiciones de Al-lah sean con \u00e9l) es el Sello de los Profetas, el \u00faltimo enviado de Dios para la humanidad\u2026 Como tal, ha sido anunciado por Profetas anteriores (la paz sea con ellos), tal menci\u00f3n figura en la Biblia, a pesar de que no &hellip;\" \/>\n<meta property=\"og:url\" content=\"https:\/\/r-islam.com\/sp\/muhammad-en-la-biblia\/\" \/>\n<meta property=\"og:site_name\" content=\"El Islam Verdadero\" \/>\n<meta property=\"article:publisher\" content=\"https:\/\/www.facebook.com\/TheRightislam.SP\/\" \/>\n<meta property=\"article:published_time\" content=\"2012-01-31T08:46:57+00:00\" \/>\n<meta property=\"og:image\" content=\"https:\/\/r-islam.com\/sp\/wp-content\/uploads\/sites\/9\/2012\/01\/2012.png\" \/>\n\t<meta property=\"og:image:width\" content=\"155\" \/>\n\t<meta property=\"og:image:height\" content=\"114\" \/>\n\t<meta property=\"og:image:type\" content=\"image\/png\" \/>\n<meta name=\"author\" content=\"sp\" \/>\n<meta name=\"twitter:card\" content=\"summary_large_image\" \/>\n<meta name=\"twitter:creator\" content=\"@verdadeiroIslam\" \/>\n<meta name=\"twitter:site\" content=\"@verdadeiroIslam\" \/>\n<meta name=\"twitter:label1\" content=\"Escrito por\" \/>\n\t<meta name=\"twitter:data1\" content=\"sp\" \/>\n\t<meta name=\"twitter:label2\" content=\"Tiempo de lectura\" \/>\n\t<meta name=\"twitter:data2\" content=\"25 minutos\" \/>\n<script type=\"application\/ld+json\" class=\"yoast-schema-graph\">{\"@context\":\"https:\\\/\\\/schema.org\",\"@graph\":[{\"@type\":\"Article\",\"@id\":\"https:\\\/\\\/r-islam.com\\\/sp\\\/muhammad-en-la-biblia\\\/#article\",\"isPartOf\":{\"@id\":\"https:\\\/\\\/r-islam.com\\\/sp\\\/muhammad-en-la-biblia\\\/\"},\"author\":{\"name\":\"sp\",\"@id\":\"https:\\\/\\\/r-islam.com\\\/sp\\\/#\\\/schema\\\/person\\\/27d7a6ebd29567e21a88298ba498a922\"},\"headline\":\"MUHAMMAD EN LA BIBLIA\",\"datePublished\":\"2012-01-31T08:46:57+00:00\",\"mainEntityOfPage\":{\"@id\":\"https:\\\/\\\/r-islam.com\\\/sp\\\/muhammad-en-la-biblia\\\/\"},\"wordCount\":4943,\"commentCount\":0,\"publisher\":{\"@id\":\"https:\\\/\\\/r-islam.com\\\/sp\\\/#organization\"},\"image\":{\"@id\":\"https:\\\/\\\/r-islam.com\\\/sp\\\/muhammad-en-la-biblia\\\/#primaryimage\"},\"thumbnailUrl\":\"https:\\\/\\\/r-islam.com\\\/sp\\\/wp-content\\\/uploads\\\/sites\\\/9\\\/2012\\\/01\\\/2012.png\",\"articleSection\":[\"Biblia\"],\"inLanguage\":\"es\",\"potentialAction\":[{\"@type\":\"CommentAction\",\"name\":\"Comment\",\"target\":[\"https:\\\/\\\/r-islam.com\\\/sp\\\/muhammad-en-la-biblia\\\/#respond\"]}]},{\"@type\":\"WebPage\",\"@id\":\"https:\\\/\\\/r-islam.com\\\/sp\\\/muhammad-en-la-biblia\\\/\",\"url\":\"https:\\\/\\\/r-islam.com\\\/sp\\\/muhammad-en-la-biblia\\\/\",\"name\":\"MUHAMMAD EN LA BIBLIA - El Islam Verdadero\",\"isPartOf\":{\"@id\":\"https:\\\/\\\/r-islam.com\\\/sp\\\/#website\"},\"primaryImageOfPage\":{\"@id\":\"https:\\\/\\\/r-islam.com\\\/sp\\\/muhammad-en-la-biblia\\\/#primaryimage\"},\"image\":{\"@id\":\"https:\\\/\\\/r-islam.com\\\/sp\\\/muhammad-en-la-biblia\\\/#primaryimage\"},\"thumbnailUrl\":\"https:\\\/\\\/r-islam.com\\\/sp\\\/wp-content\\\/uploads\\\/sites\\\/9\\\/2012\\\/01\\\/2012.png\",\"datePublished\":\"2012-01-31T08:46:57+00:00\",\"breadcrumb\":{\"@id\":\"https:\\\/\\\/r-islam.com\\\/sp\\\/muhammad-en-la-biblia\\\/#breadcrumb\"},\"inLanguage\":\"es\",\"potentialAction\":[{\"@type\":\"ReadAction\",\"target\":[\"https:\\\/\\\/r-islam.com\\\/sp\\\/muhammad-en-la-biblia\\\/\"]}]},{\"@type\":\"ImageObject\",\"inLanguage\":\"es\",\"@id\":\"https:\\\/\\\/r-islam.com\\\/sp\\\/muhammad-en-la-biblia\\\/#primaryimage\",\"url\":\"https:\\\/\\\/r-islam.com\\\/sp\\\/wp-content\\\/uploads\\\/sites\\\/9\\\/2012\\\/01\\\/2012.png\",\"contentUrl\":\"https:\\\/\\\/r-islam.com\\\/sp\\\/wp-content\\\/uploads\\\/sites\\\/9\\\/2012\\\/01\\\/2012.png\",\"width\":155,\"height\":114},{\"@type\":\"BreadcrumbList\",\"@id\":\"https:\\\/\\\/r-islam.com\\\/sp\\\/muhammad-en-la-biblia\\\/#breadcrumb\",\"itemListElement\":[{\"@type\":\"ListItem\",\"position\":1,\"name\":\"Home\",\"item\":\"https:\\\/\\\/r-islam.com\\\/sp\\\/\"},{\"@type\":\"ListItem\",\"position\":2,\"name\":\"MUHAMMAD EN LA BIBLIA\"}]},{\"@type\":\"WebSite\",\"@id\":\"https:\\\/\\\/r-islam.com\\\/sp\\\/#website\",\"url\":\"https:\\\/\\\/r-islam.com\\\/sp\\\/\",\"name\":\"El Islam Verdadero\",\"description\":\"\",\"publisher\":{\"@id\":\"https:\\\/\\\/r-islam.com\\\/sp\\\/#organization\"},\"potentialAction\":[{\"@type\":\"SearchAction\",\"target\":{\"@type\":\"EntryPoint\",\"urlTemplate\":\"https:\\\/\\\/r-islam.com\\\/sp\\\/?s={search_term_string}\"},\"query-input\":{\"@type\":\"PropertyValueSpecification\",\"valueRequired\":true,\"valueName\":\"search_term_string\"}}],\"inLanguage\":\"es\"},{\"@type\":\"Organization\",\"@id\":\"https:\\\/\\\/r-islam.com\\\/sp\\\/#organization\",\"name\":\"El Islam Verdadero\",\"url\":\"https:\\\/\\\/r-islam.com\\\/sp\\\/\",\"logo\":{\"@type\":\"ImageObject\",\"inLanguage\":\"es\",\"@id\":\"https:\\\/\\\/r-islam.com\\\/sp\\\/#\\\/schema\\\/logo\\\/image\\\/\",\"url\":\"https:\\\/\\\/r-islam.com\\\/sp\\\/wp-content\\\/uploads\\\/sites\\\/9\\\/2024\\\/03\\\/logo-small.jpg\",\"contentUrl\":\"https:\\\/\\\/r-islam.com\\\/sp\\\/wp-content\\\/uploads\\\/sites\\\/9\\\/2024\\\/03\\\/logo-small.jpg\",\"width\":180,\"height\":180,\"caption\":\"El Islam Verdadero\"},\"image\":{\"@id\":\"https:\\\/\\\/r-islam.com\\\/sp\\\/#\\\/schema\\\/logo\\\/image\\\/\"},\"sameAs\":[\"https:\\\/\\\/www.facebook.com\\\/TheRightislam.SP\\\/\",\"https:\\\/\\\/x.com\\\/verdadeiroIslam\"]},{\"@type\":\"Person\",\"@id\":\"https:\\\/\\\/r-islam.com\\\/sp\\\/#\\\/schema\\\/person\\\/27d7a6ebd29567e21a88298ba498a922\",\"name\":\"sp\",\"image\":{\"@type\":\"ImageObject\",\"inLanguage\":\"es\",\"@id\":\"https:\\\/\\\/secure.gravatar.com\\\/avatar\\\/f61fc72462f61f91519b0686a40a060c567ab920120bf4873ac1ae0b034ffe99?s=96&d=mm&r=g\",\"url\":\"https:\\\/\\\/secure.gravatar.com\\\/avatar\\\/f61fc72462f61f91519b0686a40a060c567ab920120bf4873ac1ae0b034ffe99?s=96&d=mm&r=g\",\"contentUrl\":\"https:\\\/\\\/secure.gravatar.com\\\/avatar\\\/f61fc72462f61f91519b0686a40a060c567ab920120bf4873ac1ae0b034ffe99?s=96&d=mm&r=g\",\"caption\":\"sp\"},\"url\":\"https:\\\/\\\/r-islam.com\\\/sp\\\/author\\\/sp\\\/\"}]}<\/script>\n<!-- \/ Yoast SEO plugin. -->","yoast_head_json":{"title":"MUHAMMAD EN LA BIBLIA - El Islam Verdadero","robots":{"index":"index","follow":"follow","max-snippet":"max-snippet:-1","max-image-preview":"max-image-preview:large","max-video-preview":"max-video-preview:-1"},"canonical":"https:\/\/r-islam.com\/sp\/muhammad-en-la-biblia\/","og_locale":"es_ES","og_type":"article","og_title":"MUHAMMAD EN LA BIBLIA - El Islam Verdadero","og_description":"Muhammad en La Biblia El Profeta Muhammad (la paz y las bendiciones de Al-lah sean con \u00e9l) es el Sello de los Profetas, el \u00faltimo enviado de Dios para la humanidad\u2026 Como tal, ha sido anunciado por Profetas anteriores (la paz sea con ellos), tal menci\u00f3n figura en la Biblia, a pesar de que no &hellip;","og_url":"https:\/\/r-islam.com\/sp\/muhammad-en-la-biblia\/","og_site_name":"El Islam Verdadero","article_publisher":"https:\/\/www.facebook.com\/TheRightislam.SP\/","article_published_time":"2012-01-31T08:46:57+00:00","og_image":[{"width":155,"height":114,"url":"https:\/\/r-islam.com\/sp\/wp-content\/uploads\/sites\/9\/2012\/01\/2012.png","type":"image\/png"}],"author":"sp","twitter_card":"summary_large_image","twitter_creator":"@verdadeiroIslam","twitter_site":"@verdadeiroIslam","twitter_misc":{"Escrito por":"sp","Tiempo de lectura":"25 minutos"},"schema":{"@context":"https:\/\/schema.org","@graph":[{"@type":"Article","@id":"https:\/\/r-islam.com\/sp\/muhammad-en-la-biblia\/#article","isPartOf":{"@id":"https:\/\/r-islam.com\/sp\/muhammad-en-la-biblia\/"},"author":{"name":"sp","@id":"https:\/\/r-islam.com\/sp\/#\/schema\/person\/27d7a6ebd29567e21a88298ba498a922"},"headline":"MUHAMMAD EN LA BIBLIA","datePublished":"2012-01-31T08:46:57+00:00","mainEntityOfPage":{"@id":"https:\/\/r-islam.com\/sp\/muhammad-en-la-biblia\/"},"wordCount":4943,"commentCount":0,"publisher":{"@id":"https:\/\/r-islam.com\/sp\/#organization"},"image":{"@id":"https:\/\/r-islam.com\/sp\/muhammad-en-la-biblia\/#primaryimage"},"thumbnailUrl":"https:\/\/r-islam.com\/sp\/wp-content\/uploads\/sites\/9\/2012\/01\/2012.png","articleSection":["Biblia"],"inLanguage":"es","potentialAction":[{"@type":"CommentAction","name":"Comment","target":["https:\/\/r-islam.com\/sp\/muhammad-en-la-biblia\/#respond"]}]},{"@type":"WebPage","@id":"https:\/\/r-islam.com\/sp\/muhammad-en-la-biblia\/","url":"https:\/\/r-islam.com\/sp\/muhammad-en-la-biblia\/","name":"MUHAMMAD EN LA BIBLIA - El Islam Verdadero","isPartOf":{"@id":"https:\/\/r-islam.com\/sp\/#website"},"primaryImageOfPage":{"@id":"https:\/\/r-islam.com\/sp\/muhammad-en-la-biblia\/#primaryimage"},"image":{"@id":"https:\/\/r-islam.com\/sp\/muhammad-en-la-biblia\/#primaryimage"},"thumbnailUrl":"https:\/\/r-islam.com\/sp\/wp-content\/uploads\/sites\/9\/2012\/01\/2012.png","datePublished":"2012-01-31T08:46:57+00:00","breadcrumb":{"@id":"https:\/\/r-islam.com\/sp\/muhammad-en-la-biblia\/#breadcrumb"},"inLanguage":"es","potentialAction":[{"@type":"ReadAction","target":["https:\/\/r-islam.com\/sp\/muhammad-en-la-biblia\/"]}]},{"@type":"ImageObject","inLanguage":"es","@id":"https:\/\/r-islam.com\/sp\/muhammad-en-la-biblia\/#primaryimage","url":"https:\/\/r-islam.com\/sp\/wp-content\/uploads\/sites\/9\/2012\/01\/2012.png","contentUrl":"https:\/\/r-islam.com\/sp\/wp-content\/uploads\/sites\/9\/2012\/01\/2012.png","width":155,"height":114},{"@type":"BreadcrumbList","@id":"https:\/\/r-islam.com\/sp\/muhammad-en-la-biblia\/#breadcrumb","itemListElement":[{"@type":"ListItem","position":1,"name":"Home","item":"https:\/\/r-islam.com\/sp\/"},{"@type":"ListItem","position":2,"name":"MUHAMMAD EN LA BIBLIA"}]},{"@type":"WebSite","@id":"https:\/\/r-islam.com\/sp\/#website","url":"https:\/\/r-islam.com\/sp\/","name":"El Islam Verdadero","description":"","publisher":{"@id":"https:\/\/r-islam.com\/sp\/#organization"},"potentialAction":[{"@type":"SearchAction","target":{"@type":"EntryPoint","urlTemplate":"https:\/\/r-islam.com\/sp\/?s={search_term_string}"},"query-input":{"@type":"PropertyValueSpecification","valueRequired":true,"valueName":"search_term_string"}}],"inLanguage":"es"},{"@type":"Organization","@id":"https:\/\/r-islam.com\/sp\/#organization","name":"El Islam Verdadero","url":"https:\/\/r-islam.com\/sp\/","logo":{"@type":"ImageObject","inLanguage":"es","@id":"https:\/\/r-islam.com\/sp\/#\/schema\/logo\/image\/","url":"https:\/\/r-islam.com\/sp\/wp-content\/uploads\/sites\/9\/2024\/03\/logo-small.jpg","contentUrl":"https:\/\/r-islam.com\/sp\/wp-content\/uploads\/sites\/9\/2024\/03\/logo-small.jpg","width":180,"height":180,"caption":"El Islam Verdadero"},"image":{"@id":"https:\/\/r-islam.com\/sp\/#\/schema\/logo\/image\/"},"sameAs":["https:\/\/www.facebook.com\/TheRightislam.SP\/","https:\/\/x.com\/verdadeiroIslam"]},{"@type":"Person","@id":"https:\/\/r-islam.com\/sp\/#\/schema\/person\/27d7a6ebd29567e21a88298ba498a922","name":"sp","image":{"@type":"ImageObject","inLanguage":"es","@id":"https:\/\/secure.gravatar.com\/avatar\/f61fc72462f61f91519b0686a40a060c567ab920120bf4873ac1ae0b034ffe99?s=96&d=mm&r=g","url":"https:\/\/secure.gravatar.com\/avatar\/f61fc72462f61f91519b0686a40a060c567ab920120bf4873ac1ae0b034ffe99?s=96&d=mm&r=g","contentUrl":"https:\/\/secure.gravatar.com\/avatar\/f61fc72462f61f91519b0686a40a060c567ab920120bf4873ac1ae0b034ffe99?s=96&d=mm&r=g","caption":"sp"},"url":"https:\/\/r-islam.com\/sp\/author\/sp\/"}]}},"_links":{"self":[{"href":"https:\/\/r-islam.com\/sp\/wp-json\/wp\/v2\/posts\/73","targetHints":{"allow":["GET"]}}],"collection":[{"href":"https:\/\/r-islam.com\/sp\/wp-json\/wp\/v2\/posts"}],"about":[{"href":"https:\/\/r-islam.com\/sp\/wp-json\/wp\/v2\/types\/post"}],"author":[{"embeddable":true,"href":"https:\/\/r-islam.com\/sp\/wp-json\/wp\/v2\/users\/23"}],"replies":[{"embeddable":true,"href":"https:\/\/r-islam.com\/sp\/wp-json\/wp\/v2\/comments?post=73"}],"version-history":[{"count":0,"href":"https:\/\/r-islam.com\/sp\/wp-json\/wp\/v2\/posts\/73\/revisions"}],"wp:featuredmedia":[{"embeddable":true,"href":"https:\/\/r-islam.com\/sp\/wp-json\/wp\/v2\/media\/72"}],"wp:attachment":[{"href":"https:\/\/r-islam.com\/sp\/wp-json\/wp\/v2\/media?parent=73"}],"wp:term":[{"taxonomy":"category","embeddable":true,"href":"https:\/\/r-islam.com\/sp\/wp-json\/wp\/v2\/categories?post=73"},{"taxonomy":"post_tag","embeddable":true,"href":"https:\/\/r-islam.com\/sp\/wp-json\/wp\/v2\/tags?post=73"}],"curies":[{"name":"wp","href":"https:\/\/api.w.org\/{rel}","templated":true}]}}