{"id":863,"date":"2012-09-26T15:37:32","date_gmt":"2012-09-26T15:37:32","guid":{"rendered":"http:\/\/localhost\/rs\/sp\/2012\/09\/26\/la-victoria-de-los-romanos-y-el-punto-mas-bajo-en-la-tierra\/"},"modified":"2012-09-26T15:37:32","modified_gmt":"2012-09-26T15:37:32","slug":"la-victoria-de-los-romanos-y-el-punto-mas-bajo-en-la-tierra","status":"publish","type":"post","link":"https:\/\/r-islam.com\/sp\/la-victoria-de-los-romanos-y-el-punto-mas-bajo-en-la-tierra\/","title":{"rendered":"La victoria de los romanos y el punto m\u00e1s bajo en la Tierra"},"content":{"rendered":"<p style=\"text-align: center;\"><span style=\"font-family: times new roman,times;\"><span style=\"font-size: large;\"><img loading=\"lazy\" decoding=\"async\" class=\" size-full wp-image-862\" src=\"http:\/\/localhost\/rs\/sp\/wp-content\/uploads\/sites\/9\/2012\/09\/315.jpg\" border=\"0\" width=\"425\" height=\"283\" srcset=\"https:\/\/r-islam.com\/sp\/wp-content\/uploads\/sites\/9\/2012\/09\/315.jpg 425w, https:\/\/r-islam.com\/sp\/wp-content\/uploads\/sites\/9\/2012\/09\/315-300x200.jpg 300w\" sizes=\"auto, (max-width: 425px) 100vw, 425px\" \/><\/span><\/span><\/p>\n<p style=\"text-align: center;\"><span style=\"font-family: times new roman,times;\"><span style=\"font-size: large;\"><br \/><\/span><\/span><\/p>\n<p style=\"text-align: justify;\"><span style=\"font-family: times new roman,times;\"><span style=\"font-size: large;\">A comienzos del siglo VII, los dos imperios m\u00e1s poderosos de la \u00e9poca eran los imperios Bizantino<span style=\"color: #800080;\">[1]<\/span> y Persa. En los a\u00f1os 613 &#8211; 614 d.C. los dos imperios fueron a la guerra. Los bizantinos sufrieron una severa derrota a manos de los persas. <span style=\"color: #0000ff;\">Damasco y Jerusal\u00e9n<\/span> cayeron ante el Imperio Persa. En el cap\u00edtulo Los Bizantinos en el Sagrado Cor\u00e1n, se dice que los bizantinos hab\u00edan sufrido una gran derrota pero pronto alcanzar\u00edan la victoria:<\/p>\n<p><span style=\"color: #008000;\">\u201cLos bizantinos fueron derrotados en el territorio m\u00e1s bajo; pero despu\u00e9s de esta derrota ellos [los bizantinos] les vencer\u00e1n. [Esto suceder\u00e1] dentro de algunos a\u00f1os. Todo ocurre por voluntad de Dios, tanto la anterior derrota [de los bizantinos] como su futuro triunfo. Y cuando eso ocurra, los creyentes se alegrar\u00e1n\u201d.<\/span> <span style=\"color: #0000ff;\">(Cor\u00e1n 30:2-4)<\/span><\/p>\n<p>Estos vers\u00edculos fueron revelados alrededor del a\u00f1o 620 d.C, casi 7 a\u00f1os luego de la severa derrota de los bizantinos cristianos a manos de los id\u00f3latras persas en el 613 &#8211; 614 d. C. Sin embargo, fue relatado en los vers\u00edculos que los bizantinos ser\u00edan victoriosos en poco tiempo. De hecho, los Bizantinos hab\u00eda sido derrotados tan fuertemente que parec\u00eda imposible para el Imperio incluso mantener su mera existencia, menos a\u00fan obtener una victoria.<\/p>\n<p>No s\u00f3lo los persas, sino los \u00e1varos, eslavos y lombardos <span style=\"color: #0000ff;\">(localizados al norte y el occidente del Imperio Bizantino) <\/span>significaban serias amenazas a la soberan\u00eda del Imperio Bizantino. Los \u00e1varos hab\u00edan llegado tan lejos como los muros de Constantinopla y casi hab\u00edan capturado al Emperador en persona. Muchos gobernantes se hab\u00edan levantado en contra del Emperador Heraclio, y el Imperio estaba a punto del colapso. Mesopotamia, Siria, Palestina, Egipto y Armenia, que hab\u00edan pertenecido antes al Imperio Bizantino, fueron invadidos por los persas. En resumen, todos esperaban que el Imperio Bizantino fuera destruido; pero justo en ese momento los primeros vers\u00edculos del cap\u00edtulo Los Bizantinos fueron revelados, anunciando que los bizantinos obtendr\u00edan nuevamente un triunfo en unos pocos a\u00f1os. Poco despu\u00e9s de esta revelaci\u00f3n, el emperador bizantino procedi\u00f3 a ordenar que el oro y la plata de la iglesias fueran derretidos y convertidos en dinero con el fin de hacer frente a los exigentes gastos del ej\u00e9rcito y financiar su campa\u00f1a para reconquistar los territorios perdidos. <\/p>\n<p>Cerca de 7 a\u00f1os despu\u00e9s de la revelaci\u00f3n de los primeros vers\u00edculos de Los Romanos, en diciembre del 627 d.C., una decisiva batalla entre el Imperio Bizantino y el Imperio Persa tuvo lugar alrededor del Mar Muerto<span style=\"color: #800080;\">[2]<\/span>, y esta vez fue el ej\u00e9rcito bizantino el que sorpresivamente derrot\u00f3 a los persas. Unos pocos meses despu\u00e9s, los persas tuvieron que hacer un acuerdo con los bizantinos, el cual los obligaba a devolver los territorios que hab\u00edan tomado. Entonces, al final, la victoria de los romanos proclamada por Dios en el Cor\u00e1n milagrosamente sucedi\u00f3.<\/p>\n<p>Otro milagro revelado en los vers\u00edculos mencionados es el anuncio de un hecho geogr\u00e1fico que nadie habr\u00eda sido capaz de descubrir en ese periodo. En el tercer vers\u00edculo de Los Romanos fue mencionado que ellos ser\u00edan derrotados <span style=\"color: #008000;\">\u201cen el territorio m\u00e1s bajo\u201d<\/span> <span style=\"color: #000000;\">(Cor\u00e1n 30:3)<\/span>.\u00a0 Significativamente, los lugares en donde las principales batallas tuvieron lugar <span style=\"color: #000000;\">(en Damasco y Jerusal<span style=\"color: #000000;\">\u00e9n<\/span><\/span><span style=\"color: #000000;\">)<\/span> yacen en una vasta \u00e1rea de tierra baja llamada el Gran Valle del Rift. El Gran Valle del Rift es una inmensa fractura geol\u00f3gica de 5.000 Km. en la corteza de la tierra, que va desde el norte de Siria en el Oriente Medio hasta Mozambique central en el \u00c1frica Oriental. La extensi\u00f3n m\u00e1s al norte va a trav\u00e9s de Siria, L\u00edbano, Palestina y Jordania. La fractura luego se extiende al sur hasta el Golfo de Ad\u00e9n, se abre paso a trav\u00e9s de \u00c1frica Oriental, y finalmente termina en el valle del bajo R\u00edo Zambezi en Mozambique.<\/p>\n<p>Un hecho interesante que ha sido descubierto recientemente, con la ayuda de im\u00e1genes de sat\u00e9lite, es que el \u00e1rea alrededor del Mar Muerto <span style=\"color: #0000ff;\">(localizado en el Gran Valle del Rift)<\/span> tiene la altitud m\u00e1s baja en la Tierra. De hecho, el punto m\u00e1s bajo en la Tierra es la costa del Mar Muerto, con una altitud cercana a los 400 m<span style=\"color: #800080;\">[3]<\/span> bajo el nivel del mar. El hecho de que \u00e9sta yace en el punto m\u00e1s bajo significa que el agua no drena desde el mar. Ning\u00fan punto en la Tierra tiene una altitud m\u00e1s baja que la l\u00ednea costera del Mar Muerto.<span style=\"color: #800080;\">[4]<\/span> <\/p>\n<p><\/span><span style=\"font-size: large;\"><br \/>Por lo tanto, se vuelve claro que el pa\u00eds o la regi\u00f3n que ocupa el Valle del Rift en la vecindad del Mar Muerto es lo que quiere decir en el Cor\u00e1n por <span style=\"color: #0000ff;\">\u201cel territorio m\u00e1s bajo\u201d<\/span>. Este es un verdadero milagro del Cor\u00e1n porque nadie hubiera podido saber o prever tal hecho en el siglo VII debido a que los sat\u00e9lites y la tecnolog\u00eda moderna no estaban disponibles en ese tiempo. Una vez m\u00e1s, la \u00fanica explicaci\u00f3n posible es que el Profeta <span style=\"color: #000000;\">Muhammad <\/span><span style=\"color: #000000;\"><span style=\"color: #000000;\">(la<\/span> paz y las bendiciones de Al-lah sean con \u00e8l) <\/span>verdaderamente hab\u00eda recibido revelaci\u00f3n divina de Dios, El Creador y Originador del universo.<\/span><\/span><\/p>\n<p style=\"text-align: justify;\"><span style=\"font-family: times new roman,times;\"><span style=\"font-size: large;\"> <\/span> <span style=\"font-size: large;\"> <\/p>\n<hr \/>\n<p><span style=\"color: #0000ff;\">Footnotes:<\/span><\/p>\n<p><span style=\"color: #800080;\">[1]<\/span> Los \u00e1rabes tambi\u00e9n se refer\u00edan a los bizantinos como los romanos.<\/p>\n<p><span style=\"color: #800080;\">[2]<\/span> La Historia de Persia Parte I: Antigua Persia, por Scott Peoples.<\/p>\n<p><span style=\"color: #800080;\">[3]<\/span> (http:\/\/hypertextbook.com\/facts\/2000\/SanjeevMenon.shtml)<\/p>\n<p><span style=\"color: #800080;\">[4]<\/span> (http:\/\/www.elnaggarzr.com\/index.php?l=ar&#038;id=51&#038;cat=6)<br \/><\/span><\/span><br \/><span style=\"font-family: times new roman,times;\"><span style=\"font-size: medium;\"><span style=\"color: #0000ff;\">http:\/\/www.islamreligion.com<\/span><\/span><\/span><\/p>\n","protected":false},"excerpt":{"rendered":"<p>A comienzos del siglo VII, los dos imperios m\u00e1s poderosos de la \u00e9poca eran los imperios Bizantino[1] y Persa. En los a\u00f1os 613 &#8211; 614 d.C. los dos imperios fueron a la guerra. Los bizantinos sufrieron una severa derrota a manos de los persas. Damasco y Jerusal\u00e9n cayeron ante el Imperio Persa. En el cap\u00edtulo &hellip;<\/p>\n","protected":false},"author":23,"featured_media":862,"comment_status":"open","ping_status":"open","sticky":false,"template":"","format":"standard","meta":{"_monsterinsights_skip_tracking":false,"_monsterinsights_sitenote_active":false,"_monsterinsights_sitenote_note":"","_monsterinsights_sitenote_category":0,"footnotes":""},"categories":[10],"tags":[],"class_list":["post-863","post","type-post","status-publish","format-standard","has-post-thumbnail","hentry","category-los-milagros-del-el-coran"],"yoast_head":"<!-- This site is optimized with the Yoast SEO plugin v27.5 - https:\/\/yoast.com\/product\/yoast-seo-wordpress\/ -->\n<title>La victoria de los romanos y el punto m\u00e1s bajo en la Tierra - El Islam Verdadero<\/title>\n<meta name=\"robots\" content=\"index, follow, max-snippet:-1, max-image-preview:large, max-video-preview:-1\" \/>\n<link rel=\"canonical\" href=\"https:\/\/r-islam.com\/sp\/la-victoria-de-los-romanos-y-el-punto-mas-bajo-en-la-tierra\/\" \/>\n<meta property=\"og:locale\" content=\"es_ES\" \/>\n<meta property=\"og:type\" content=\"article\" \/>\n<meta property=\"og:title\" content=\"La victoria de los romanos y el punto m\u00e1s bajo en la Tierra - El Islam Verdadero\" \/>\n<meta property=\"og:description\" content=\"A comienzos del siglo VII, los dos imperios m\u00e1s poderosos de la \u00e9poca eran los imperios Bizantino[1] y Persa. En los a\u00f1os 613 &#8211; 614 d.C. los dos imperios fueron a la guerra. Los bizantinos sufrieron una severa derrota a manos de los persas. Damasco y Jerusal\u00e9n cayeron ante el Imperio Persa. En el cap\u00edtulo &hellip;\" \/>\n<meta property=\"og:url\" content=\"https:\/\/r-islam.com\/sp\/la-victoria-de-los-romanos-y-el-punto-mas-bajo-en-la-tierra\/\" \/>\n<meta property=\"og:site_name\" content=\"El Islam Verdadero\" \/>\n<meta property=\"article:publisher\" content=\"https:\/\/www.facebook.com\/TheRightislam.SP\/\" \/>\n<meta property=\"article:published_time\" content=\"2012-09-26T15:37:32+00:00\" \/>\n<meta property=\"og:image\" content=\"https:\/\/r-islam.com\/sp\/wp-content\/uploads\/sites\/9\/2012\/09\/315.jpg\" \/>\n\t<meta property=\"og:image:width\" content=\"425\" \/>\n\t<meta property=\"og:image:height\" content=\"283\" \/>\n\t<meta property=\"og:image:type\" content=\"image\/jpeg\" \/>\n<meta name=\"author\" content=\"sp\" \/>\n<meta name=\"twitter:card\" content=\"summary_large_image\" \/>\n<meta name=\"twitter:creator\" content=\"@verdadeiroIslam\" \/>\n<meta name=\"twitter:site\" content=\"@verdadeiroIslam\" \/>\n<meta name=\"twitter:label1\" content=\"Escrito por\" \/>\n\t<meta name=\"twitter:data1\" content=\"sp\" \/>\n\t<meta name=\"twitter:label2\" content=\"Tiempo de lectura\" \/>\n\t<meta name=\"twitter:data2\" content=\"5 minutos\" \/>\n<script type=\"application\/ld+json\" class=\"yoast-schema-graph\">{\"@context\":\"https:\\\/\\\/schema.org\",\"@graph\":[{\"@type\":\"Article\",\"@id\":\"https:\\\/\\\/r-islam.com\\\/sp\\\/la-victoria-de-los-romanos-y-el-punto-mas-bajo-en-la-tierra\\\/#article\",\"isPartOf\":{\"@id\":\"https:\\\/\\\/r-islam.com\\\/sp\\\/la-victoria-de-los-romanos-y-el-punto-mas-bajo-en-la-tierra\\\/\"},\"author\":{\"name\":\"sp\",\"@id\":\"https:\\\/\\\/r-islam.com\\\/sp\\\/#\\\/schema\\\/person\\\/27d7a6ebd29567e21a88298ba498a922\"},\"headline\":\"La victoria de los romanos y el punto m\u00e1s bajo en la Tierra\",\"datePublished\":\"2012-09-26T15:37:32+00:00\",\"mainEntityOfPage\":{\"@id\":\"https:\\\/\\\/r-islam.com\\\/sp\\\/la-victoria-de-los-romanos-y-el-punto-mas-bajo-en-la-tierra\\\/\"},\"wordCount\":955,\"commentCount\":0,\"publisher\":{\"@id\":\"https:\\\/\\\/r-islam.com\\\/sp\\\/#organization\"},\"image\":{\"@id\":\"https:\\\/\\\/r-islam.com\\\/sp\\\/la-victoria-de-los-romanos-y-el-punto-mas-bajo-en-la-tierra\\\/#primaryimage\"},\"thumbnailUrl\":\"https:\\\/\\\/r-islam.com\\\/sp\\\/wp-content\\\/uploads\\\/sites\\\/9\\\/2012\\\/09\\\/315.jpg\",\"articleSection\":[\"Los milagros del El Cor\u00e1n\"],\"inLanguage\":\"es\",\"potentialAction\":[{\"@type\":\"CommentAction\",\"name\":\"Comment\",\"target\":[\"https:\\\/\\\/r-islam.com\\\/sp\\\/la-victoria-de-los-romanos-y-el-punto-mas-bajo-en-la-tierra\\\/#respond\"]}]},{\"@type\":\"WebPage\",\"@id\":\"https:\\\/\\\/r-islam.com\\\/sp\\\/la-victoria-de-los-romanos-y-el-punto-mas-bajo-en-la-tierra\\\/\",\"url\":\"https:\\\/\\\/r-islam.com\\\/sp\\\/la-victoria-de-los-romanos-y-el-punto-mas-bajo-en-la-tierra\\\/\",\"name\":\"La victoria de los romanos y el punto m\u00e1s bajo en la Tierra - El Islam Verdadero\",\"isPartOf\":{\"@id\":\"https:\\\/\\\/r-islam.com\\\/sp\\\/#website\"},\"primaryImageOfPage\":{\"@id\":\"https:\\\/\\\/r-islam.com\\\/sp\\\/la-victoria-de-los-romanos-y-el-punto-mas-bajo-en-la-tierra\\\/#primaryimage\"},\"image\":{\"@id\":\"https:\\\/\\\/r-islam.com\\\/sp\\\/la-victoria-de-los-romanos-y-el-punto-mas-bajo-en-la-tierra\\\/#primaryimage\"},\"thumbnailUrl\":\"https:\\\/\\\/r-islam.com\\\/sp\\\/wp-content\\\/uploads\\\/sites\\\/9\\\/2012\\\/09\\\/315.jpg\",\"datePublished\":\"2012-09-26T15:37:32+00:00\",\"breadcrumb\":{\"@id\":\"https:\\\/\\\/r-islam.com\\\/sp\\\/la-victoria-de-los-romanos-y-el-punto-mas-bajo-en-la-tierra\\\/#breadcrumb\"},\"inLanguage\":\"es\",\"potentialAction\":[{\"@type\":\"ReadAction\",\"target\":[\"https:\\\/\\\/r-islam.com\\\/sp\\\/la-victoria-de-los-romanos-y-el-punto-mas-bajo-en-la-tierra\\\/\"]}]},{\"@type\":\"ImageObject\",\"inLanguage\":\"es\",\"@id\":\"https:\\\/\\\/r-islam.com\\\/sp\\\/la-victoria-de-los-romanos-y-el-punto-mas-bajo-en-la-tierra\\\/#primaryimage\",\"url\":\"https:\\\/\\\/r-islam.com\\\/sp\\\/wp-content\\\/uploads\\\/sites\\\/9\\\/2012\\\/09\\\/315.jpg\",\"contentUrl\":\"https:\\\/\\\/r-islam.com\\\/sp\\\/wp-content\\\/uploads\\\/sites\\\/9\\\/2012\\\/09\\\/315.jpg\",\"width\":425,\"height\":283},{\"@type\":\"BreadcrumbList\",\"@id\":\"https:\\\/\\\/r-islam.com\\\/sp\\\/la-victoria-de-los-romanos-y-el-punto-mas-bajo-en-la-tierra\\\/#breadcrumb\",\"itemListElement\":[{\"@type\":\"ListItem\",\"position\":1,\"name\":\"Home\",\"item\":\"https:\\\/\\\/r-islam.com\\\/sp\\\/\"},{\"@type\":\"ListItem\",\"position\":2,\"name\":\"La victoria de los romanos y el punto m\u00e1s bajo en la Tierra\"}]},{\"@type\":\"WebSite\",\"@id\":\"https:\\\/\\\/r-islam.com\\\/sp\\\/#website\",\"url\":\"https:\\\/\\\/r-islam.com\\\/sp\\\/\",\"name\":\"El Islam Verdadero\",\"description\":\"\",\"publisher\":{\"@id\":\"https:\\\/\\\/r-islam.com\\\/sp\\\/#organization\"},\"potentialAction\":[{\"@type\":\"SearchAction\",\"target\":{\"@type\":\"EntryPoint\",\"urlTemplate\":\"https:\\\/\\\/r-islam.com\\\/sp\\\/?s={search_term_string}\"},\"query-input\":{\"@type\":\"PropertyValueSpecification\",\"valueRequired\":true,\"valueName\":\"search_term_string\"}}],\"inLanguage\":\"es\"},{\"@type\":\"Organization\",\"@id\":\"https:\\\/\\\/r-islam.com\\\/sp\\\/#organization\",\"name\":\"El Islam Verdadero\",\"url\":\"https:\\\/\\\/r-islam.com\\\/sp\\\/\",\"logo\":{\"@type\":\"ImageObject\",\"inLanguage\":\"es\",\"@id\":\"https:\\\/\\\/r-islam.com\\\/sp\\\/#\\\/schema\\\/logo\\\/image\\\/\",\"url\":\"https:\\\/\\\/r-islam.com\\\/sp\\\/wp-content\\\/uploads\\\/sites\\\/9\\\/2024\\\/03\\\/logo-small.jpg\",\"contentUrl\":\"https:\\\/\\\/r-islam.com\\\/sp\\\/wp-content\\\/uploads\\\/sites\\\/9\\\/2024\\\/03\\\/logo-small.jpg\",\"width\":180,\"height\":180,\"caption\":\"El Islam Verdadero\"},\"image\":{\"@id\":\"https:\\\/\\\/r-islam.com\\\/sp\\\/#\\\/schema\\\/logo\\\/image\\\/\"},\"sameAs\":[\"https:\\\/\\\/www.facebook.com\\\/TheRightislam.SP\\\/\",\"https:\\\/\\\/x.com\\\/verdadeiroIslam\"]},{\"@type\":\"Person\",\"@id\":\"https:\\\/\\\/r-islam.com\\\/sp\\\/#\\\/schema\\\/person\\\/27d7a6ebd29567e21a88298ba498a922\",\"name\":\"sp\",\"image\":{\"@type\":\"ImageObject\",\"inLanguage\":\"es\",\"@id\":\"https:\\\/\\\/secure.gravatar.com\\\/avatar\\\/f61fc72462f61f91519b0686a40a060c567ab920120bf4873ac1ae0b034ffe99?s=96&d=mm&r=g\",\"url\":\"https:\\\/\\\/secure.gravatar.com\\\/avatar\\\/f61fc72462f61f91519b0686a40a060c567ab920120bf4873ac1ae0b034ffe99?s=96&d=mm&r=g\",\"contentUrl\":\"https:\\\/\\\/secure.gravatar.com\\\/avatar\\\/f61fc72462f61f91519b0686a40a060c567ab920120bf4873ac1ae0b034ffe99?s=96&d=mm&r=g\",\"caption\":\"sp\"},\"url\":\"https:\\\/\\\/r-islam.com\\\/sp\\\/author\\\/sp\\\/\"}]}<\/script>\n<!-- \/ Yoast SEO plugin. -->","yoast_head_json":{"title":"La victoria de los romanos y el punto m\u00e1s bajo en la Tierra - El Islam Verdadero","robots":{"index":"index","follow":"follow","max-snippet":"max-snippet:-1","max-image-preview":"max-image-preview:large","max-video-preview":"max-video-preview:-1"},"canonical":"https:\/\/r-islam.com\/sp\/la-victoria-de-los-romanos-y-el-punto-mas-bajo-en-la-tierra\/","og_locale":"es_ES","og_type":"article","og_title":"La victoria de los romanos y el punto m\u00e1s bajo en la Tierra - El Islam Verdadero","og_description":"A comienzos del siglo VII, los dos imperios m\u00e1s poderosos de la \u00e9poca eran los imperios Bizantino[1] y Persa. En los a\u00f1os 613 &#8211; 614 d.C. los dos imperios fueron a la guerra. Los bizantinos sufrieron una severa derrota a manos de los persas. Damasco y Jerusal\u00e9n cayeron ante el Imperio Persa. En el cap\u00edtulo &hellip;","og_url":"https:\/\/r-islam.com\/sp\/la-victoria-de-los-romanos-y-el-punto-mas-bajo-en-la-tierra\/","og_site_name":"El Islam Verdadero","article_publisher":"https:\/\/www.facebook.com\/TheRightislam.SP\/","article_published_time":"2012-09-26T15:37:32+00:00","og_image":[{"width":425,"height":283,"url":"https:\/\/r-islam.com\/sp\/wp-content\/uploads\/sites\/9\/2012\/09\/315.jpg","type":"image\/jpeg"}],"author":"sp","twitter_card":"summary_large_image","twitter_creator":"@verdadeiroIslam","twitter_site":"@verdadeiroIslam","twitter_misc":{"Escrito por":"sp","Tiempo de lectura":"5 minutos"},"schema":{"@context":"https:\/\/schema.org","@graph":[{"@type":"Article","@id":"https:\/\/r-islam.com\/sp\/la-victoria-de-los-romanos-y-el-punto-mas-bajo-en-la-tierra\/#article","isPartOf":{"@id":"https:\/\/r-islam.com\/sp\/la-victoria-de-los-romanos-y-el-punto-mas-bajo-en-la-tierra\/"},"author":{"name":"sp","@id":"https:\/\/r-islam.com\/sp\/#\/schema\/person\/27d7a6ebd29567e21a88298ba498a922"},"headline":"La victoria de los romanos y el punto m\u00e1s bajo en la Tierra","datePublished":"2012-09-26T15:37:32+00:00","mainEntityOfPage":{"@id":"https:\/\/r-islam.com\/sp\/la-victoria-de-los-romanos-y-el-punto-mas-bajo-en-la-tierra\/"},"wordCount":955,"commentCount":0,"publisher":{"@id":"https:\/\/r-islam.com\/sp\/#organization"},"image":{"@id":"https:\/\/r-islam.com\/sp\/la-victoria-de-los-romanos-y-el-punto-mas-bajo-en-la-tierra\/#primaryimage"},"thumbnailUrl":"https:\/\/r-islam.com\/sp\/wp-content\/uploads\/sites\/9\/2012\/09\/315.jpg","articleSection":["Los milagros del El Cor\u00e1n"],"inLanguage":"es","potentialAction":[{"@type":"CommentAction","name":"Comment","target":["https:\/\/r-islam.com\/sp\/la-victoria-de-los-romanos-y-el-punto-mas-bajo-en-la-tierra\/#respond"]}]},{"@type":"WebPage","@id":"https:\/\/r-islam.com\/sp\/la-victoria-de-los-romanos-y-el-punto-mas-bajo-en-la-tierra\/","url":"https:\/\/r-islam.com\/sp\/la-victoria-de-los-romanos-y-el-punto-mas-bajo-en-la-tierra\/","name":"La victoria de los romanos y el punto m\u00e1s bajo en la Tierra - El Islam Verdadero","isPartOf":{"@id":"https:\/\/r-islam.com\/sp\/#website"},"primaryImageOfPage":{"@id":"https:\/\/r-islam.com\/sp\/la-victoria-de-los-romanos-y-el-punto-mas-bajo-en-la-tierra\/#primaryimage"},"image":{"@id":"https:\/\/r-islam.com\/sp\/la-victoria-de-los-romanos-y-el-punto-mas-bajo-en-la-tierra\/#primaryimage"},"thumbnailUrl":"https:\/\/r-islam.com\/sp\/wp-content\/uploads\/sites\/9\/2012\/09\/315.jpg","datePublished":"2012-09-26T15:37:32+00:00","breadcrumb":{"@id":"https:\/\/r-islam.com\/sp\/la-victoria-de-los-romanos-y-el-punto-mas-bajo-en-la-tierra\/#breadcrumb"},"inLanguage":"es","potentialAction":[{"@type":"ReadAction","target":["https:\/\/r-islam.com\/sp\/la-victoria-de-los-romanos-y-el-punto-mas-bajo-en-la-tierra\/"]}]},{"@type":"ImageObject","inLanguage":"es","@id":"https:\/\/r-islam.com\/sp\/la-victoria-de-los-romanos-y-el-punto-mas-bajo-en-la-tierra\/#primaryimage","url":"https:\/\/r-islam.com\/sp\/wp-content\/uploads\/sites\/9\/2012\/09\/315.jpg","contentUrl":"https:\/\/r-islam.com\/sp\/wp-content\/uploads\/sites\/9\/2012\/09\/315.jpg","width":425,"height":283},{"@type":"BreadcrumbList","@id":"https:\/\/r-islam.com\/sp\/la-victoria-de-los-romanos-y-el-punto-mas-bajo-en-la-tierra\/#breadcrumb","itemListElement":[{"@type":"ListItem","position":1,"name":"Home","item":"https:\/\/r-islam.com\/sp\/"},{"@type":"ListItem","position":2,"name":"La victoria de los romanos y el punto m\u00e1s bajo en la Tierra"}]},{"@type":"WebSite","@id":"https:\/\/r-islam.com\/sp\/#website","url":"https:\/\/r-islam.com\/sp\/","name":"El Islam Verdadero","description":"","publisher":{"@id":"https:\/\/r-islam.com\/sp\/#organization"},"potentialAction":[{"@type":"SearchAction","target":{"@type":"EntryPoint","urlTemplate":"https:\/\/r-islam.com\/sp\/?s={search_term_string}"},"query-input":{"@type":"PropertyValueSpecification","valueRequired":true,"valueName":"search_term_string"}}],"inLanguage":"es"},{"@type":"Organization","@id":"https:\/\/r-islam.com\/sp\/#organization","name":"El Islam Verdadero","url":"https:\/\/r-islam.com\/sp\/","logo":{"@type":"ImageObject","inLanguage":"es","@id":"https:\/\/r-islam.com\/sp\/#\/schema\/logo\/image\/","url":"https:\/\/r-islam.com\/sp\/wp-content\/uploads\/sites\/9\/2024\/03\/logo-small.jpg","contentUrl":"https:\/\/r-islam.com\/sp\/wp-content\/uploads\/sites\/9\/2024\/03\/logo-small.jpg","width":180,"height":180,"caption":"El Islam Verdadero"},"image":{"@id":"https:\/\/r-islam.com\/sp\/#\/schema\/logo\/image\/"},"sameAs":["https:\/\/www.facebook.com\/TheRightislam.SP\/","https:\/\/x.com\/verdadeiroIslam"]},{"@type":"Person","@id":"https:\/\/r-islam.com\/sp\/#\/schema\/person\/27d7a6ebd29567e21a88298ba498a922","name":"sp","image":{"@type":"ImageObject","inLanguage":"es","@id":"https:\/\/secure.gravatar.com\/avatar\/f61fc72462f61f91519b0686a40a060c567ab920120bf4873ac1ae0b034ffe99?s=96&d=mm&r=g","url":"https:\/\/secure.gravatar.com\/avatar\/f61fc72462f61f91519b0686a40a060c567ab920120bf4873ac1ae0b034ffe99?s=96&d=mm&r=g","contentUrl":"https:\/\/secure.gravatar.com\/avatar\/f61fc72462f61f91519b0686a40a060c567ab920120bf4873ac1ae0b034ffe99?s=96&d=mm&r=g","caption":"sp"},"url":"https:\/\/r-islam.com\/sp\/author\/sp\/"}]}},"_links":{"self":[{"href":"https:\/\/r-islam.com\/sp\/wp-json\/wp\/v2\/posts\/863","targetHints":{"allow":["GET"]}}],"collection":[{"href":"https:\/\/r-islam.com\/sp\/wp-json\/wp\/v2\/posts"}],"about":[{"href":"https:\/\/r-islam.com\/sp\/wp-json\/wp\/v2\/types\/post"}],"author":[{"embeddable":true,"href":"https:\/\/r-islam.com\/sp\/wp-json\/wp\/v2\/users\/23"}],"replies":[{"embeddable":true,"href":"https:\/\/r-islam.com\/sp\/wp-json\/wp\/v2\/comments?post=863"}],"version-history":[{"count":0,"href":"https:\/\/r-islam.com\/sp\/wp-json\/wp\/v2\/posts\/863\/revisions"}],"wp:featuredmedia":[{"embeddable":true,"href":"https:\/\/r-islam.com\/sp\/wp-json\/wp\/v2\/media\/862"}],"wp:attachment":[{"href":"https:\/\/r-islam.com\/sp\/wp-json\/wp\/v2\/media?parent=863"}],"wp:term":[{"taxonomy":"category","embeddable":true,"href":"https:\/\/r-islam.com\/sp\/wp-json\/wp\/v2\/categories?post=863"},{"taxonomy":"post_tag","embeddable":true,"href":"https:\/\/r-islam.com\/sp\/wp-json\/wp\/v2\/tags?post=863"}],"curies":[{"name":"wp","href":"https:\/\/api.w.org\/{rel}","templated":true}]}}